{"id":8446,"date":"2021-10-13T22:12:49","date_gmt":"2021-10-13T19:12:49","guid":{"rendered":"https:\/\/www.kolibrifestivaali.org\/?p=8446"},"modified":"2021-10-14T12:30:20","modified_gmt":"2021-10-14T09:30:20","slug":"kolibri-festivaali-for-alla","status":"publish","type":"post","link":"https:\/\/www.kolibrifestivaali.org\/sv\/kolibri-festivaali-for-alla\/","title":{"rendered":"Kolibr\u00ed Festivaali f\u00f6r alla"},"content":{"rendered":"\n<p>Sedan dess b\u00f6rjan \u00e5r 2015 har Kolibr\u00ed-festivalen inspirerats av m\u00e5ngfald. Kolibr\u00ed skapades som en trygg och v\u00e4lkomnande plats f\u00f6r barn och sina familjer, oavsett deras kulturella och spr\u00e5kliga bakgrund, familjens uppbyggnad, ursprung, generation eller tro.<\/p>\n\n\n\n<p>I Norden finns inget som motsvarar v\u00e5rt intergenerationella och m\u00e5ngspr\u00e5kiga program. Till exempel finns allt inneh\u00e5ll p\u00e5 v\u00e5ra webbsidor tillg\u00e4ngligt p\u00e5 fem olika spr\u00e5k: finska, svenska, spanska, portugisiska och engelska. Kolibr\u00ed erbjuder m\u00f6jligheten att uppleva m\u00e5ngfalden av det samtida finska samh\u00e4llet i en trygg och positiv milj\u00f6. D\u00e4rf\u00f6r har vi ocks\u00e5 l\u00e4nge jobbat p\u00e5 att f\u00f6rb\u00e4ttra tillg\u00e4ngligheten f\u00f6r personer med funktionsneds\u00e4ttningar. Trots att vi p\u00e5 Kulturcentret Ninho och Kolibr\u00ed-festivalen vet att det \u00e4nnu finns mycket att g\u00f6ra, \u00e4r vi stolta \u00f6ver vad vi redan har \u00e5stadkommit.<\/p>\n\n\n\n<p>I detta avseende designas v\u00e5ra webbsidor om f\u00f6r att f\u00f6lja WCAG (Web Content Accessibility Guidelines), och blir tillg\u00e4ngliga f\u00f6r personer med funktionsneds\u00e4ttningar, inklusive dem som anv\u00e4nder tekniska hj\u00e4lpmedel. Denna f\u00f6rnyelse sker steg f\u00f6r steg. Det f\u00f6rsta steget f\u00e4rdigst\u00e4lldes i augusti 2021 och omfattade \u00e4ndringar p\u00e5 f\u00e4rger, fonter och bilder f\u00f6r att \u00f6ka kontrasten och l\u00e4sbarheten, f\u00f6rb\u00e4ttring av navigationen p\u00e5 tangentbordet samt anv\u00e4ndningen av r\u00e4tt storleks rubriker osv. Enligt WCAG kontrollverktyg fyller v\u00e5ra webbsidor hittills 87% av kraven.<\/p>\n\n\n\n<p>Vi har ocks\u00e5 h\u00e5llit flera workshoppar d\u00e4r vi presenterar funktionsneds\u00e4ttningar f\u00f6r barn p\u00e5 ett enkelt och lekfullt s\u00e4tt f\u00f6r att redan tidigt l\u00e4ra dem om dessa viktiga teman. Sedan Kolibr\u00ed 2020 har vi utvecklat v\u00e5rt \u00e5rliga s\u00f6kande av konstn\u00e4rer till att tydligt inkludera konstn\u00e4rer och andra upptr\u00e4dande personer med funktionshinder. \u00c5r 2021 ordnade vi en workshop ledd av Jasmiina Sipil\u00e4 och Ida Monkki fr\u00e5n yrkesskolan Live, d\u00e4r deltagarna fick utforska hur man f\u00f6rmedlar k\u00e4nslor genom dans. Verkstaden anv\u00e4nde sig av DanceAbility-metoden, som uppmuntrar deltagandet av personer med eller utan funktionsneds\u00e4ttning, samt minimalt verbalt spr\u00e5k och f\u00f6rmedlar mening genom r\u00f6relse, ljus och bilder.<\/p>\n\n\n\n<div class=\"wp-block-image\"><figure class=\"alignright size-full is-resized\"><img decoding=\"async\" src=\"https:\/\/www.kolibrifestivaali.org\/wp-content\/uploads\/2021\/10\/serenity-corner-andrea-brito-e1634151771479.jpg\" alt=\"\" class=\"wp-image-8424\" width=\"254\" height=\"347\" srcset=\"https:\/\/www.kolibrifestivaali.org\/wp-content\/uploads\/2021\/10\/serenity-corner-andrea-brito-e1634151771479.jpg 1017w, https:\/\/www.kolibrifestivaali.org\/wp-content\/uploads\/2021\/10\/serenity-corner-andrea-brito-e1634151771479-350x477.jpg 350w, https:\/\/www.kolibrifestivaali.org\/wp-content\/uploads\/2021\/10\/serenity-corner-andrea-brito-e1634151771479-768x1047.jpg 768w, https:\/\/www.kolibrifestivaali.org\/wp-content\/uploads\/2021\/10\/serenity-corner-andrea-brito-e1634151771479-500x682.jpg 500w, https:\/\/www.kolibrifestivaali.org\/wp-content\/uploads\/2021\/10\/serenity-corner-andrea-brito-e1634151771479-830x1132.jpg 830w\" sizes=\"(max-width: 254px) 100vw, 254px\" \/><\/figure><\/div>\n\n\n\n<p>F\u00f6r artister har vi i 2021 implementerat tr\u00e4ningssessioner som handlar som inkluderingen av personer med funktionsneds\u00e4ttningar. H\u00f6jdpunkten i v\u00e5r tr\u00e4ning var d\u00e5 Maija Karhunen, en artist och funktionshinders-aktivist, deltog och delade med sig sin syn p\u00e5 konst och funktionsneds\u00e4ttningar.<\/p>\n\n\n\n<p>Kolibr\u00ed erbj\u00f6d ocks\u00e5 alla deltagare, fr\u00e5n publikmedlemmar till artister och volont\u00e4rer, \u201cSerenitetsh\u00f6rnet\u201d. Detta var ett tryggt och lugnt st\u00e4lle f\u00f6r dem som beh\u00f6vde en bekv\u00e4m plats f\u00f6r en sinnespaus. F\u00f6rutom bekv\u00e4ma sittm\u00f6bler och en sensoriskt neutral omgivning, hade platsen leksaker och aktiviteter som hj\u00e4lper att lugna personer som upplever sinnes\u00f6verbelastningar. \u201cSerenitetsh\u00f6rnet\u201d kan upplevas som v\u00e4rdefullt f\u00f6r personer med autism eller med ADHD, men \u00e4ven f\u00f6r personer som beh\u00f6ver en lugn och tyst plats, som till exempel ammande mammor.<\/p>\n","protected":false},"excerpt":{"rendered":"<p>Sedan dess b\u00f6rjan \u00e5r 2015 har Kolibr\u00ed-festivalen inspirerats av m\u00e5ngfald. Kolibr\u00ed skapades som en trygg och v\u00e4lkomnande plats f\u00f6r barn [\u2026] <a href=\"https:\/\/www.kolibrifestivaali.org\/sv\/kolibri-festivaali-for-alla\/\">Lue lis\u00e4\u00e4 &raquo;<\/a><\/p>\n<div class='heateor_sss_sharing_container heateor_sss_vertical_sharing heateor_sss_bottom_sharing' style='width:34px;right: -10px;top: 100px;-webkit-box-shadow:none;box-shadow:none;' data-heateor-sss-href='https:\/\/www.kolibrifestivaali.org\/sv\/wp-json\/wp\/v2\/posts\/8446'><div class=\"heateor_sss_sharing_ul\"><a aria-label=\"Facebook\" class=\"heateor_sss_facebook\" href=\"https:\/\/www.facebook.com\/sharer\/sharer.php?u=https%3A%2F%2Fwww.kolibrifestivaali.org%2Fsv%2Fwp-json%2Fwp%2Fv2%2Fposts%2F8446\" title=\"Facebook\" rel=\"nofollow noopener\" target=\"_blank\" style=\"font-size:32px!important;box-shadow:none;display:inline-block;vertical-align:middle\"><span class=\"heateor_sss_svg\" style=\"background-color:#0765FE;width:30px;height:30px;border-radius:999px;display:inline-block;opacity:1;float:left;font-size:32px;box-shadow:none;display:inline-block;font-size:16px;padding:0 4px;vertical-align:middle;background-repeat:repeat;overflow:hidden;padding:0;cursor:pointer;box-sizing:content-box\"><svg style=\"display:block;border-radius:999px;\" focusable=\"false\" aria-hidden=\"true\" xmlns=\"http:\/\/www.w3.org\/2000\/svg\" width=\"100%\" height=\"100%\" viewBox=\"0 0 32 32\"><path fill=\"#fff\" d=\"M28 16c0-6.627-5.373-12-12-12S4 9.373 4 16c0 5.628 3.875 10.35 9.101 11.647v-7.98h-2.474V16H13.1v-1.58c0-4.085 1.849-5.978 5.859-5.978.76 0 2.072.15 2.608.298v3.325c-.283-.03-.775-.045-1.386-.045-1.967 0-2.728.745-2.728 2.683V16h3.92l-.673 3.667h-3.247v8.245C23.395 27.195 28 22.135 28 16Z\"><\/path><\/svg><\/span><\/a><a aria-label=\"X\" class=\"heateor_sss_button_x\" href=\"https:\/\/twitter.com\/intent\/tweet?text=Kolibri%20Festivaali%20-%20Kolibri%CC%81%20is%20a%20unique%20multicultural%2C%20free%20and%20open%20art%20festival%20for%20children%20and%20their%20families.&url=https%3A%2F%2Fwww.kolibrifestivaali.org%2Fsv%2Fwp-json%2Fwp%2Fv2%2Fposts%2F8446\" title=\"X\" rel=\"nofollow noopener\" target=\"_blank\" style=\"font-size:32px!important;box-shadow:none;display:inline-block;vertical-align:middle\"><span class=\"heateor_sss_svg heateor_sss_s__default heateor_sss_s_x\" style=\"background-color:#2a2a2a;width:30px;height:30px;border-radius:999px;display:inline-block;opacity:1;float:left;font-size:32px;box-shadow:none;display:inline-block;font-size:16px;padding:0 4px;vertical-align:middle;background-repeat:repeat;overflow:hidden;padding:0;cursor:pointer;box-sizing:content-box\"><svg width=\"100%\" height=\"100%\" style=\"display:block;border-radius:999px;\" focusable=\"false\" aria-hidden=\"true\" xmlns=\"http:\/\/www.w3.org\/2000\/svg\" viewBox=\"0 0 32 32\"><path fill=\"#fff\" d=\"M21.751 7h3.067l-6.7 7.658L26 25.078h-6.172l-4.833-6.32-5.531 6.32h-3.07l7.167-8.19L6 7h6.328l4.37 5.777L21.75 7Zm-1.076 16.242h1.7L11.404 8.74H9.58l11.094 14.503Z\"><\/path><\/svg><\/span><\/a><a aria-label=\"Linkedin\" class=\"heateor_sss_button_linkedin\" href=\"https:\/\/www.linkedin.com\/sharing\/share-offsite\/?url=https%3A%2F%2Fwww.kolibrifestivaali.org%2Fsv%2Fwp-json%2Fwp%2Fv2%2Fposts%2F8446\" title=\"Linkedin\" rel=\"nofollow noopener\" target=\"_blank\" style=\"font-size:32px!important;box-shadow:none;display:inline-block;vertical-align:middle\"><span class=\"heateor_sss_svg heateor_sss_s__default heateor_sss_s_linkedin\" style=\"background-color:#0077b5;width:30px;height:30px;border-radius:999px;display:inline-block;opacity:1;float:left;font-size:32px;box-shadow:none;display:inline-block;font-size:16px;padding:0 4px;vertical-align:middle;background-repeat:repeat;overflow:hidden;padding:0;cursor:pointer;box-sizing:content-box\"><svg style=\"display:block;border-radius:999px;\" focusable=\"false\" aria-hidden=\"true\" xmlns=\"http:\/\/www.w3.org\/2000\/svg\" width=\"100%\" height=\"100%\" viewBox=\"0 0 32 32\"><path d=\"M6.227 12.61h4.19v13.48h-4.19V12.61zm2.095-6.7a2.43 2.43 0 0 1 0 4.86c-1.344 0-2.428-1.09-2.428-2.43s1.084-2.43 2.428-2.43m4.72 6.7h4.02v1.84h.058c.56-1.058 1.927-2.176 3.965-2.176 4.238 0 5.02 2.792 5.02 6.42v7.395h-4.183v-6.56c0-1.564-.03-3.574-2.178-3.574-2.18 0-2.514 1.7-2.514 3.46v6.668h-4.187V12.61z\" fill=\"#fff\"><\/path><\/svg><\/span><\/a><a aria-label=\"Instagram\" class=\"heateor_sss_button_instagram\" href=\"https:\/\/www.instagram.com\/\" title=\"Instagram\" rel=\"nofollow noopener\" target=\"_blank\" style=\"font-size:32px!important;box-shadow:none;display:inline-block;vertical-align:middle\"><span class=\"heateor_sss_svg\" style=\"background-color:#53beee;width:30px;height:30px;border-radius:999px;display:inline-block;opacity:1;float:left;font-size:32px;box-shadow:none;display:inline-block;font-size:16px;padding:0 4px;vertical-align:middle;background-repeat:repeat;overflow:hidden;padding:0;cursor:pointer;box-sizing:content-box\"><svg style=\"display:block;border-radius:999px;\" version=\"1.1\" viewBox=\"-10 -10 148 148\" width=\"100%\" height=\"100%\" xml:space=\"preserve\" xmlns=\"http:\/\/www.w3.org\/2000\/svg\" xmlns:xlink=\"http:\/\/www.w3.org\/1999\/xlink\"><g><g><path d=\"M86,112H42c-14.336,0-26-11.663-26-26V42c0-14.337,11.664-26,26-26h44c14.337,0,26,11.663,26,26v44 C112,100.337,100.337,112,86,112z M42,24c-9.925,0-18,8.074-18,18v44c0,9.925,8.075,18,18,18h44c9.926,0,18-8.075,18-18V42 c0-9.926-8.074-18-18-18H42z\" fill=\"#fff\"><\/path><\/g><g><path d=\"M64,88c-13.234,0-24-10.767-24-24c0-13.234,10.766-24,24-24s24,10.766,24,24C88,77.233,77.234,88,64,88z M64,48c-8.822,0-16,7.178-16,16s7.178,16,16,16c8.822,0,16-7.178,16-16S72.822,48,64,48z\" fill=\"#fff\"><\/path><\/g><g><circle cx=\"89.5\" cy=\"38.5\" fill=\"#fff\" r=\"5.5\"><\/circle><\/g><\/g><\/svg><\/span><\/a><\/div><div class=\"heateorSssClear\"><\/div><\/div>","protected":false},"author":3,"featured_media":8422,"comment_status":"closed","ping_status":"closed","sticky":false,"template":"","format":"standard","meta":{"_acf_changed":false,"footnotes":""},"categories":[23],"tags":[],"class_list":["post-8446","post","type-post","status-publish","format-standard","has-post-thumbnail","hentry","category-news-archive-sv"],"acf":[],"yoast_head":"<!-- This site is optimized with the Yoast SEO plugin v27.5 - https:\/\/yoast.com\/product\/yoast-seo-wordpress\/ -->\n<title>Kolibr\u00ed Festivaali f\u00f6r alla - Kolibri Festivaali<\/title>\n<meta name=\"robots\" content=\"noindex, follow\" \/>\n<meta property=\"og:locale\" content=\"sv_SE\" \/>\n<meta property=\"og:type\" content=\"article\" \/>\n<meta property=\"og:title\" content=\"Kolibr\u00ed Festivaali f\u00f6r alla - Kolibri Festivaali\" \/>\n<meta property=\"og:description\" content=\"Sedan dess b\u00f6rjan \u00e5r 2015 har Kolibr\u00ed-festivalen inspirerats av m\u00e5ngfald. Kolibr\u00ed skapades som en trygg och v\u00e4lkomnande plats f\u00f6r barn [\u2026] Lue lis\u00e4\u00e4 &raquo;\" \/>\n<meta property=\"og:url\" content=\"https:\/\/www.kolibrifestivaali.org\/sv\/kolibri-festivaali-for-alla\/\" \/>\n<meta property=\"og:site_name\" content=\"Kolibri Festivaali\" \/>\n<meta property=\"article:published_time\" content=\"2021-10-13T19:12:49+00:00\" \/>\n<meta property=\"article:modified_time\" content=\"2021-10-14T09:30:20+00:00\" \/>\n<meta property=\"og:image\" content=\"https:\/\/www.kolibrifestivaali.org\/wp-content\/uploads\/2021\/10\/serenity-corner1-andrea-brito.jpg\" \/>\n\t<meta property=\"og:image:width\" content=\"1920\" \/>\n\t<meta property=\"og:image:height\" content=\"947\" \/>\n\t<meta property=\"og:image:type\" content=\"image\/jpeg\" \/>\n<meta name=\"author\" content=\"Lau\" \/>\n<meta name=\"twitter:card\" content=\"summary_large_image\" \/>\n<meta name=\"twitter:label1\" content=\"Skriven av\" \/>\n\t<meta name=\"twitter:data1\" content=\"Lau\" \/>\n\t<meta name=\"twitter:label2\" content=\"Ber\u00e4knad l\u00e4stid\" \/>\n\t<meta name=\"twitter:data2\" content=\"3 minuter\" \/>\n<script type=\"application\/ld+json\" class=\"yoast-schema-graph\">{\"@context\":\"https:\\\/\\\/schema.org\",\"@graph\":[{\"@type\":\"Article\",\"@id\":\"https:\\\/\\\/www.kolibrifestivaali.org\\\/sv\\\/kolibri-festivaali-for-alla\\\/#article\",\"isPartOf\":{\"@id\":\"https:\\\/\\\/www.kolibrifestivaali.org\\\/sv\\\/kolibri-festivaali-for-alla\\\/\"},\"author\":{\"name\":\"Lau\",\"@id\":\"https:\\\/\\\/www.kolibrifestivaali.org\\\/sv\\\/#\\\/schema\\\/person\\\/a92cc7d5257a10f417b07f1b5170a0bc\"},\"headline\":\"Kolibr\u00ed Festivaali f\u00f6r alla\",\"datePublished\":\"2021-10-13T19:12:49+00:00\",\"dateModified\":\"2021-10-14T09:30:20+00:00\",\"mainEntityOfPage\":{\"@id\":\"https:\\\/\\\/www.kolibrifestivaali.org\\\/sv\\\/kolibri-festivaali-for-alla\\\/\"},\"wordCount\":510,\"image\":{\"@id\":\"https:\\\/\\\/www.kolibrifestivaali.org\\\/sv\\\/kolibri-festivaali-for-alla\\\/#primaryimage\"},\"thumbnailUrl\":\"https:\\\/\\\/www.kolibrifestivaali.org\\\/wp-content\\\/uploads\\\/2021\\\/10\\\/serenity-corner1-andrea-brito.jpg\",\"articleSection\":[\"News\"],\"inLanguage\":\"sv-SE\"},{\"@type\":\"WebPage\",\"@id\":\"https:\\\/\\\/www.kolibrifestivaali.org\\\/sv\\\/kolibri-festivaali-for-alla\\\/\",\"url\":\"https:\\\/\\\/www.kolibrifestivaali.org\\\/sv\\\/kolibri-festivaali-for-alla\\\/\",\"name\":\"Kolibr\u00ed Festivaali f\u00f6r alla - Kolibri Festivaali\",\"isPartOf\":{\"@id\":\"https:\\\/\\\/www.kolibrifestivaali.org\\\/sv\\\/#website\"},\"primaryImageOfPage\":{\"@id\":\"https:\\\/\\\/www.kolibrifestivaali.org\\\/sv\\\/kolibri-festivaali-for-alla\\\/#primaryimage\"},\"image\":{\"@id\":\"https:\\\/\\\/www.kolibrifestivaali.org\\\/sv\\\/kolibri-festivaali-for-alla\\\/#primaryimage\"},\"thumbnailUrl\":\"https:\\\/\\\/www.kolibrifestivaali.org\\\/wp-content\\\/uploads\\\/2021\\\/10\\\/serenity-corner1-andrea-brito.jpg\",\"datePublished\":\"2021-10-13T19:12:49+00:00\",\"dateModified\":\"2021-10-14T09:30:20+00:00\",\"author\":{\"@id\":\"https:\\\/\\\/www.kolibrifestivaali.org\\\/sv\\\/#\\\/schema\\\/person\\\/a92cc7d5257a10f417b07f1b5170a0bc\"},\"breadcrumb\":{\"@id\":\"https:\\\/\\\/www.kolibrifestivaali.org\\\/sv\\\/kolibri-festivaali-for-alla\\\/#breadcrumb\"},\"inLanguage\":\"sv-SE\",\"potentialAction\":[{\"@type\":\"ReadAction\",\"target\":[\"https:\\\/\\\/www.kolibrifestivaali.org\\\/sv\\\/kolibri-festivaali-for-alla\\\/\"]}]},{\"@type\":\"ImageObject\",\"inLanguage\":\"sv-SE\",\"@id\":\"https:\\\/\\\/www.kolibrifestivaali.org\\\/sv\\\/kolibri-festivaali-for-alla\\\/#primaryimage\",\"url\":\"https:\\\/\\\/www.kolibrifestivaali.org\\\/wp-content\\\/uploads\\\/2021\\\/10\\\/serenity-corner1-andrea-brito.jpg\",\"contentUrl\":\"https:\\\/\\\/www.kolibrifestivaali.org\\\/wp-content\\\/uploads\\\/2021\\\/10\\\/serenity-corner1-andrea-brito.jpg\",\"width\":1920,\"height\":947},{\"@type\":\"BreadcrumbList\",\"@id\":\"https:\\\/\\\/www.kolibrifestivaali.org\\\/sv\\\/kolibri-festivaali-for-alla\\\/#breadcrumb\",\"itemListElement\":[{\"@type\":\"ListItem\",\"position\":1,\"name\":\"Home\",\"item\":\"https:\\\/\\\/www.kolibrifestivaali.org\\\/sv\\\/\"},{\"@type\":\"ListItem\",\"position\":2,\"name\":\"Kolibr\u00ed Festivaali f\u00f6r alla\"}]},{\"@type\":\"WebSite\",\"@id\":\"https:\\\/\\\/www.kolibrifestivaali.org\\\/sv\\\/#website\",\"url\":\"https:\\\/\\\/www.kolibrifestivaali.org\\\/sv\\\/\",\"name\":\"Kolibri Festivaali\",\"description\":\"Kolibri\u0301 is a unique multicultural, free and open art festival for children and their families.\",\"inLanguage\":\"sv-SE\"},{\"@type\":\"Person\",\"@id\":\"https:\\\/\\\/www.kolibrifestivaali.org\\\/sv\\\/#\\\/schema\\\/person\\\/a92cc7d5257a10f417b07f1b5170a0bc\",\"name\":\"Lau\",\"image\":{\"@type\":\"ImageObject\",\"inLanguage\":\"sv-SE\",\"@id\":\"https:\\\/\\\/secure.gravatar.com\\\/avatar\\\/2ee43f6c356b9b7ad7ddf26db92953a090f59b0357aa82d6c566096a261a7e8b?s=96&d=mm&r=g\",\"url\":\"https:\\\/\\\/secure.gravatar.com\\\/avatar\\\/2ee43f6c356b9b7ad7ddf26db92953a090f59b0357aa82d6c566096a261a7e8b?s=96&d=mm&r=g\",\"contentUrl\":\"https:\\\/\\\/secure.gravatar.com\\\/avatar\\\/2ee43f6c356b9b7ad7ddf26db92953a090f59b0357aa82d6c566096a261a7e8b?s=96&d=mm&r=g\",\"caption\":\"Lau\"}}]}<\/script>\n<!-- \/ Yoast SEO plugin. -->","yoast_head_json":{"title":"Kolibr\u00ed Festivaali f\u00f6r alla - Kolibri Festivaali","robots":{"index":"noindex","follow":"follow"},"og_locale":"sv_SE","og_type":"article","og_title":"Kolibr\u00ed Festivaali f\u00f6r alla - Kolibri Festivaali","og_description":"Sedan dess b\u00f6rjan \u00e5r 2015 har Kolibr\u00ed-festivalen inspirerats av m\u00e5ngfald. Kolibr\u00ed skapades som en trygg och v\u00e4lkomnande plats f\u00f6r barn [\u2026] Lue lis\u00e4\u00e4 &raquo;","og_url":"https:\/\/www.kolibrifestivaali.org\/sv\/kolibri-festivaali-for-alla\/","og_site_name":"Kolibri Festivaali","article_published_time":"2021-10-13T19:12:49+00:00","article_modified_time":"2021-10-14T09:30:20+00:00","og_image":[{"width":1920,"height":947,"url":"https:\/\/www.kolibrifestivaali.org\/wp-content\/uploads\/2021\/10\/serenity-corner1-andrea-brito.jpg","type":"image\/jpeg"}],"author":"Lau","twitter_card":"summary_large_image","twitter_misc":{"Skriven av":"Lau","Ber\u00e4knad l\u00e4stid":"3 minuter"},"schema":{"@context":"https:\/\/schema.org","@graph":[{"@type":"Article","@id":"https:\/\/www.kolibrifestivaali.org\/sv\/kolibri-festivaali-for-alla\/#article","isPartOf":{"@id":"https:\/\/www.kolibrifestivaali.org\/sv\/kolibri-festivaali-for-alla\/"},"author":{"name":"Lau","@id":"https:\/\/www.kolibrifestivaali.org\/sv\/#\/schema\/person\/a92cc7d5257a10f417b07f1b5170a0bc"},"headline":"Kolibr\u00ed Festivaali f\u00f6r alla","datePublished":"2021-10-13T19:12:49+00:00","dateModified":"2021-10-14T09:30:20+00:00","mainEntityOfPage":{"@id":"https:\/\/www.kolibrifestivaali.org\/sv\/kolibri-festivaali-for-alla\/"},"wordCount":510,"image":{"@id":"https:\/\/www.kolibrifestivaali.org\/sv\/kolibri-festivaali-for-alla\/#primaryimage"},"thumbnailUrl":"https:\/\/www.kolibrifestivaali.org\/wp-content\/uploads\/2021\/10\/serenity-corner1-andrea-brito.jpg","articleSection":["News"],"inLanguage":"sv-SE"},{"@type":"WebPage","@id":"https:\/\/www.kolibrifestivaali.org\/sv\/kolibri-festivaali-for-alla\/","url":"https:\/\/www.kolibrifestivaali.org\/sv\/kolibri-festivaali-for-alla\/","name":"Kolibr\u00ed Festivaali f\u00f6r alla - Kolibri Festivaali","isPartOf":{"@id":"https:\/\/www.kolibrifestivaali.org\/sv\/#website"},"primaryImageOfPage":{"@id":"https:\/\/www.kolibrifestivaali.org\/sv\/kolibri-festivaali-for-alla\/#primaryimage"},"image":{"@id":"https:\/\/www.kolibrifestivaali.org\/sv\/kolibri-festivaali-for-alla\/#primaryimage"},"thumbnailUrl":"https:\/\/www.kolibrifestivaali.org\/wp-content\/uploads\/2021\/10\/serenity-corner1-andrea-brito.jpg","datePublished":"2021-10-13T19:12:49+00:00","dateModified":"2021-10-14T09:30:20+00:00","author":{"@id":"https:\/\/www.kolibrifestivaali.org\/sv\/#\/schema\/person\/a92cc7d5257a10f417b07f1b5170a0bc"},"breadcrumb":{"@id":"https:\/\/www.kolibrifestivaali.org\/sv\/kolibri-festivaali-for-alla\/#breadcrumb"},"inLanguage":"sv-SE","potentialAction":[{"@type":"ReadAction","target":["https:\/\/www.kolibrifestivaali.org\/sv\/kolibri-festivaali-for-alla\/"]}]},{"@type":"ImageObject","inLanguage":"sv-SE","@id":"https:\/\/www.kolibrifestivaali.org\/sv\/kolibri-festivaali-for-alla\/#primaryimage","url":"https:\/\/www.kolibrifestivaali.org\/wp-content\/uploads\/2021\/10\/serenity-corner1-andrea-brito.jpg","contentUrl":"https:\/\/www.kolibrifestivaali.org\/wp-content\/uploads\/2021\/10\/serenity-corner1-andrea-brito.jpg","width":1920,"height":947},{"@type":"BreadcrumbList","@id":"https:\/\/www.kolibrifestivaali.org\/sv\/kolibri-festivaali-for-alla\/#breadcrumb","itemListElement":[{"@type":"ListItem","position":1,"name":"Home","item":"https:\/\/www.kolibrifestivaali.org\/sv\/"},{"@type":"ListItem","position":2,"name":"Kolibr\u00ed Festivaali f\u00f6r alla"}]},{"@type":"WebSite","@id":"https:\/\/www.kolibrifestivaali.org\/sv\/#website","url":"https:\/\/www.kolibrifestivaali.org\/sv\/","name":"Kolibri Festivaali","description":"Kolibri\u0301 is a unique multicultural, free and open art festival for children and their families.","inLanguage":"sv-SE"},{"@type":"Person","@id":"https:\/\/www.kolibrifestivaali.org\/sv\/#\/schema\/person\/a92cc7d5257a10f417b07f1b5170a0bc","name":"Lau","image":{"@type":"ImageObject","inLanguage":"sv-SE","@id":"https:\/\/secure.gravatar.com\/avatar\/2ee43f6c356b9b7ad7ddf26db92953a090f59b0357aa82d6c566096a261a7e8b?s=96&d=mm&r=g","url":"https:\/\/secure.gravatar.com\/avatar\/2ee43f6c356b9b7ad7ddf26db92953a090f59b0357aa82d6c566096a261a7e8b?s=96&d=mm&r=g","contentUrl":"https:\/\/secure.gravatar.com\/avatar\/2ee43f6c356b9b7ad7ddf26db92953a090f59b0357aa82d6c566096a261a7e8b?s=96&d=mm&r=g","caption":"Lau"}}]}},"_links":{"self":[{"href":"https:\/\/www.kolibrifestivaali.org\/sv\/wp-json\/wp\/v2\/posts\/8446","targetHints":{"allow":["GET"]}}],"collection":[{"href":"https:\/\/www.kolibrifestivaali.org\/sv\/wp-json\/wp\/v2\/posts"}],"about":[{"href":"https:\/\/www.kolibrifestivaali.org\/sv\/wp-json\/wp\/v2\/types\/post"}],"author":[{"embeddable":true,"href":"https:\/\/www.kolibrifestivaali.org\/sv\/wp-json\/wp\/v2\/users\/3"}],"replies":[{"embeddable":true,"href":"https:\/\/www.kolibrifestivaali.org\/sv\/wp-json\/wp\/v2\/comments?post=8446"}],"version-history":[{"count":1,"href":"https:\/\/www.kolibrifestivaali.org\/sv\/wp-json\/wp\/v2\/posts\/8446\/revisions"}],"predecessor-version":[{"id":8447,"href":"https:\/\/www.kolibrifestivaali.org\/sv\/wp-json\/wp\/v2\/posts\/8446\/revisions\/8447"}],"wp:featuredmedia":[{"embeddable":true,"href":"https:\/\/www.kolibrifestivaali.org\/sv\/wp-json\/wp\/v2\/media\/8422"}],"wp:attachment":[{"href":"https:\/\/www.kolibrifestivaali.org\/sv\/wp-json\/wp\/v2\/media?parent=8446"}],"wp:term":[{"taxonomy":"category","embeddable":true,"href":"https:\/\/www.kolibrifestivaali.org\/sv\/wp-json\/wp\/v2\/categories?post=8446"},{"taxonomy":"post_tag","embeddable":true,"href":"https:\/\/www.kolibrifestivaali.org\/sv\/wp-json\/wp\/v2\/tags?post=8446"}],"curies":[{"name":"wp","href":"https:\/\/api.w.org\/{rel}","templated":true}]}}