{"id":328629,"date":"2025-08-19T15:26:17","date_gmt":"2025-08-19T12:26:17","guid":{"rendered":"https:\/\/www.kolibrifestivaali.org\/?p=328629"},"modified":"2025-08-19T15:26:19","modified_gmt":"2025-08-19T12:26:19","slug":"kolibri-festivaali-10-ar","status":"publish","type":"post","link":"https:\/\/www.kolibrifestivaali.org\/sv\/kolibri-festivaali-10-ar\/","title":{"rendered":"Kolibr\u00ed Festivaali firar 10 \u00e5r av m\u00e5ngfald inom barnkulturen"},"content":{"rendered":"\n<ul class=\"wp-block-list\">\n<li>Kolibr\u00ed Festivaali \u00e4r en kostnadsfri, tv\u00e4rkonstn\u00e4rlig och m\u00e5ngkulturell festival f\u00f6r barn och deras familjer.<\/li>\n\n\n\n<li>Under \u00e5rets upplaga medverkar <strong>40 konstn\u00e4rer<\/strong> som bjuder p\u00e5 ett levande program med konstverkst\u00e4der, sagostunder, scenkonst, lekar och konserter \u2013 \u00f6ppet f\u00f6r alla familjer.<\/li>\n\n\n\n<li><strong>Festivalens internationella g\u00e4ster<\/strong> \u00e4r poeten <strong>Mar Benegas<\/strong> och illustrat\u00f6ren och f\u00f6rfattaren Gustavo Ariel Rosemffet Abramovich \u2018<strong>Gusti<\/strong>\u2019.<\/li>\n\n\n\n<li>Sedan f\u00f6rsta Kolibr\u00ed Festivalen <strong>2015 har \u00f6ver 20 000 personer<\/strong> i olika \u00e5ldrar deltagit i festivalens aktiviteter.<\/li>\n\n\n\n<li>V\u00e4lkommen mellan <strong>den 13 och 27 september i Esbo, Vanda <\/strong>och<strong> Helsingfors<\/strong>.<\/li>\n<\/ul>\n\n\n\n<p>I \u00e5r fyller Kolibr\u00ed Festivaali 10 \u00e5r \u2013 och det firas med ett extra inneh\u00e5llsrikt program kring temat &#8221;\u00d6nskningar&#8221;. Under ett decennium har Kolibr\u00ed vuxit till en av Finlands st\u00f6rsta barnkulturfestivaler, och erbjuder flest kostnadsfria och flerspr\u00e5kiga aktiviteter. Festivalen \u00e4r en unik m\u00f6tesplats d\u00e4r gl\u00e4dje, kultur och m\u00e5ngfald st\u00e5r i centrum \u2013 f\u00f6r alla \u00e5ldrar.<\/p>\n\n\n\n<p>Genom \u00e5ren har tusentals familjer tagit del av kulturupplevelser av h\u00f6g kvalit\u00e9 p\u00e5 flera spr\u00e5k.Hundratals verkst\u00e4der och f\u00f6rest\u00e4llningar f\u00f6r barn och deras familjer har ocks\u00e5 gett plats \u00e5t \u00f6ver 200 internationella konstn\u00e4rer och organisationer, och erbjudit kulturella upplevelser i Finlands minoritetsspr\u00e5k.<\/p>\n\n\n\n<h2 class=\"wp-block-heading has-text-align-left\">Internationella g\u00e4ster<\/h2>\n\n\n\n<p>F\u00f6r att uppm\u00e4rksamma jubileet g\u00e4stas festivalen av tv\u00e5 framst\u00e5ende internationella konstn\u00e4rer.<\/p>\n\n\n\n<p>Den 18 september h\u00e5ller den spanska poeten <strong>Mar Benegas <\/strong>tv\u00e5 <strong>f\u00f6rel\u00e4sningar om barnlitteratur<\/strong> \u2013 p\u00e5 <a href=\"https:\/\/www.kolibrifestivaali.org\/sv\/event\/som-ett-korsbar-poesi-och-kreativitet-i-barndomen\/\">Helsingfors universitet<\/a> och <a href=\"https:\/\/www.kolibrifestivaali.org\/sv\/event\/fran-vaggvisa-till-saga-forelasning-med-mar-benegas\/\">Kulttuurikeskus STOA<\/a>. Hon leder \u00e4ven sagostunder f\u00f6r familjer p\u00e5 Lastenkulttuurikeskus Pessi i Vanda den 20 september.<\/p>\n\n\n\n<p>L\u00e4s mer om hennes <a href=\"https:\/\/www.kolibrifestivaali.org\/sv\/mar-benegas-guest-artist-kolibri-2025\/\">arbete och program H\u00c4R<\/a><\/p>\n\n\n\n<p>Den argentinska illustrat\u00f6ren och f\u00f6rfattaren Gustavo Ariel Rosemffet Abramovich \u201c<strong>Gusti<\/strong>\u201d har skapat \u00e5rets officiella festivalbild. Inspirerad av temat &#8221;\u00d6nskningar&#8221; har han formgivit en stj\u00e4rnbild som symboliserar hopp om m\u00e5ngfald, inkludering och flerspr\u00e5kighet.<\/p>\n\n\n\n<p><strong>Gusti<\/strong> bes\u00f6ker Finland f\u00f6r att h\u00e5lla en <strong>yrkesinriktad konstverkstad<\/strong> p\u00e5 <a href=\"https:\/\/www.kolibrifestivaali.org\/sv\/event\/fonster-mot-det-annorlunda-kreativitet-bild-och-uttryckskraft\/\">Ammattiopisto LIVE<\/a> i Esbo den 24 september kl. 9\u201310.30, samt en <strong><a href=\"https:\/\/www.kolibrifestivaali.org\/sv\/event\/leka-och-mala\/\">familjeverkstad<\/a><\/strong> p\u00e5 Annantalo i Helsingfors den 27 september.<\/p>\n\n\n\n<p>L\u00e4s mer om hans <a href=\"https:\/\/www.kolibrifestivaali.org\/sv\/gusti-illustrator-image-kolibri-festivaali-2025\/\">arbete och program H\u00c4R<\/a><\/p>\n\n\n\n<h2 class=\"wp-block-heading has-text-align-left\">Samisk och romsk kultur i fokus<\/h2>\n\n\n\n<p>En av \u00e5rets nyheter \u00e4r att festivalen f\u00f6r f\u00f6rsta g\u00e5ngen erbjuder aktiviteter p\u00e5 nordsamiska och romani.<\/p>\n\n\n\n<p>Den samiska pedagogen och konstn\u00e4ren <strong><a href=\"https:\/\/www.kolibrifestivaali.org\/sv\/artist\/petra-biret-magga-vars\/\">Petra Biret Magga-Vars<\/a><\/strong> leder en verkstad med jojk och hantverk p\u00e5 Annantalo den 27 september. Den romska artisten <strong>Anette \u00c5kerlund<\/strong> upptr\u00e4der med <a href=\"https:\/\/www.kolibrifestivaali.org\/sv\/event\/loolo-dzii-rott-hjarta\/\">flamenco och romsk musik<\/a> f\u00f6r familjer p\u00e5 Sellobiblioteket den 13 september.<\/p>\n\n\n\n<p>Aktiviteterna genomf\u00f6rs med st\u00f6d fr\u00e5n Suomen Kulttuurirahasto och ger familjer m\u00f6jlighet att l\u00e4ra k\u00e4nna dessa kulturer \u2013 samtidigt som de skapar utrymme f\u00f6r b\u00e5da kulturerna att fira deras spr\u00e5k och kulturarv.<\/p>\n\n\n\n<p>Festivalen samlar <strong>40 konstn\u00e4rer fr\u00e5n 20 olika l\u00e4nder och erbjuder 53 programpunkter p\u00e5 20 spr\u00e5k<\/strong> \u2013 med konstverkst\u00e4der, sagostunder, scenkonst, lekar och konserter f\u00f6r hela familjen.<\/p>\n\n\n\n<h2 class=\"wp-block-heading has-text-align-left\">Familjedagarna \u00e4ger rum:<\/h2>\n\n\n\n<ul class=\"wp-block-list\">\n<li>13 september \u2013 Sellobiblioteket, Esbo kl. 11\u201317<\/li>\n\n\n\n<li>20 september \u2013 Lastenkulttuurikeskus Pessi, Vanda kl. 11\u201317<\/li>\n\n\n\n<li>27 september \u2013 Annantalo, Helsingfors kl. 11\u201317<\/li>\n<\/ul>\n\n\n\n<p>P\u00e5 Pessi och Annantalo h\u00e5lls \u00e4ven en<strong> <a href=\"https:\/\/www.kolibrifestivaali.org\/sv\/kolibri-2025-childrens-book-fair\/\">barnboksm\u00e4ssa p\u00e5 spanska och portugisiska<\/a><\/strong>, med nya och begagnade b\u00f6cker \u2013 inklusive signerade exemplar av Mar Benegas och Gusti.<\/p>\n\n\n\n<p><strong>Festivalen inleds<\/strong> med en<strong> <a href=\"https:\/\/www.kolibrifestivaali.org\/sv\/event\/kolibri-festivalens-invigning-2025\/\">konsert<\/a> <\/strong>f\u00f6r hela familjen med det <strong>m\u00e5ngkulturella bandet KA\u00d4S<\/strong> p\u00e5 Kulttuurikeskus Caisa den 23 augusti kl. 16\u201317.<\/p>\n\n\n\n<p>Fullst\u00e4ndiga programmet finns p\u00e5 <a href=\"https:\/\/www.kolibrifestivaali.org\/sv\/program\/\">www.kolibrifestivaali.org<\/a><\/p>\n\n\n\n<p>F\u00f6lj oss p\u00e5 Instagram, Facebook och YouTube: @kolibrifestivaali<\/p>\n\n\n\n<div style=\"height:36px\" aria-hidden=\"true\" class=\"wp-block-spacer\"><\/div>\n\n\n\n<p>Kontakt f\u00f6r press och intervjuer:<\/p>\n\n\n\n<p>Marta Berm\u00fadez, kommunikationskoordinator: <a href=\"mailto:marta.bermudez@ninho.fi\">marta.bermudez@ninho.fi<\/a><br><\/p>\n\n\n\n<p>Kolibr\u00ed produceras av Kulttuurikeskus Ninho ry, en m\u00e5ngkulturell finsk f\u00f6rening som arbetar f\u00f6r att fr\u00e4mja en mer inkluderande och flerspr\u00e5kig barnkultur i Finland.<\/p>\n\n\n\n<p>Festivalen m\u00f6jligg\u00f6rs tack vare st\u00f6d fr\u00e5n: Helsingfors stad, TAIKE, Svenska Kulturfonden, Suomen Kulttuurirahasto, Spaniens kulturministerium, Esbo stad, Otto A. Malm Foundation, William Thurings Stiftelse, Vanda stad, Helmet Esbo, Vantaan Kulttuurilapset, Iberoamerikanska institutet i Finland, ambassaderna f\u00f6r Argentina, Brasilien, Colombia, Chile, Spanien, Mexiko, Peru, Uruguay och Portugal, Aalto University Wood Program, LIVE, Kuvittajat ry, Peque\u00f1o Mundo, Helsingfors Festspel, Helsingfors universitet, Globe Art Point, F\u00f6reningen f\u00f6r portugisiska l\u00e4rare i Finland, A buen paso Editorial.<\/p>\n","protected":false},"excerpt":{"rendered":"<p>I \u00e5r fyller Kolibr\u00ed Festivaali 10 \u00e5r \u2013 och det firas med ett extra inneh\u00e5llsrikt program kring temat &#8221;\u00d6nskningar&#8221;. Under [\u2026] <a href=\"https:\/\/www.kolibrifestivaali.org\/sv\/kolibri-festivaali-10-ar\/\">Lue lis\u00e4\u00e4 &raquo;<\/a><\/p>\n<div class='heateor_sss_sharing_container heateor_sss_vertical_sharing heateor_sss_bottom_sharing' style='width:34px;right: -10px;top: 100px;-webkit-box-shadow:none;box-shadow:none;' data-heateor-sss-href='https:\/\/www.kolibrifestivaali.org\/sv\/wp-json\/wp\/v2\/posts\/328629'><div class=\"heateor_sss_sharing_ul\"><a aria-label=\"Facebook\" class=\"heateor_sss_facebook\" href=\"https:\/\/www.facebook.com\/sharer\/sharer.php?u=https%3A%2F%2Fwww.kolibrifestivaali.org%2Fsv%2Fwp-json%2Fwp%2Fv2%2Fposts%2F328629\" title=\"Facebook\" rel=\"nofollow noopener\" target=\"_blank\" style=\"font-size:32px!important;box-shadow:none;display:inline-block;vertical-align:middle\"><span class=\"heateor_sss_svg\" style=\"background-color:#0765FE;width:30px;height:30px;border-radius:999px;display:inline-block;opacity:1;float:left;font-size:32px;box-shadow:none;display:inline-block;font-size:16px;padding:0 4px;vertical-align:middle;background-repeat:repeat;overflow:hidden;padding:0;cursor:pointer;box-sizing:content-box\"><svg style=\"display:block;border-radius:999px;\" focusable=\"false\" aria-hidden=\"true\" xmlns=\"http:\/\/www.w3.org\/2000\/svg\" width=\"100%\" height=\"100%\" viewBox=\"0 0 32 32\"><path fill=\"#fff\" d=\"M28 16c0-6.627-5.373-12-12-12S4 9.373 4 16c0 5.628 3.875 10.35 9.101 11.647v-7.98h-2.474V16H13.1v-1.58c0-4.085 1.849-5.978 5.859-5.978.76 0 2.072.15 2.608.298v3.325c-.283-.03-.775-.045-1.386-.045-1.967 0-2.728.745-2.728 2.683V16h3.92l-.673 3.667h-3.247v8.245C23.395 27.195 28 22.135 28 16Z\"><\/path><\/svg><\/span><\/a><a aria-label=\"X\" class=\"heateor_sss_button_x\" href=\"https:\/\/twitter.com\/intent\/tweet?text=Kolibri%20Festivaali%20-%20Kolibri%CC%81%20is%20a%20unique%20multicultural%2C%20free%20and%20open%20art%20festival%20for%20children%20and%20their%20families.&url=https%3A%2F%2Fwww.kolibrifestivaali.org%2Fsv%2Fwp-json%2Fwp%2Fv2%2Fposts%2F328629\" title=\"X\" rel=\"nofollow noopener\" target=\"_blank\" style=\"font-size:32px!important;box-shadow:none;display:inline-block;vertical-align:middle\"><span class=\"heateor_sss_svg heateor_sss_s__default heateor_sss_s_x\" style=\"background-color:#2a2a2a;width:30px;height:30px;border-radius:999px;display:inline-block;opacity:1;float:left;font-size:32px;box-shadow:none;display:inline-block;font-size:16px;padding:0 4px;vertical-align:middle;background-repeat:repeat;overflow:hidden;padding:0;cursor:pointer;box-sizing:content-box\"><svg width=\"100%\" height=\"100%\" style=\"display:block;border-radius:999px;\" focusable=\"false\" aria-hidden=\"true\" xmlns=\"http:\/\/www.w3.org\/2000\/svg\" viewBox=\"0 0 32 32\"><path fill=\"#fff\" d=\"M21.751 7h3.067l-6.7 7.658L26 25.078h-6.172l-4.833-6.32-5.531 6.32h-3.07l7.167-8.19L6 7h6.328l4.37 5.777L21.75 7Zm-1.076 16.242h1.7L11.404 8.74H9.58l11.094 14.503Z\"><\/path><\/svg><\/span><\/a><a aria-label=\"Linkedin\" class=\"heateor_sss_button_linkedin\" href=\"https:\/\/www.linkedin.com\/sharing\/share-offsite\/?url=https%3A%2F%2Fwww.kolibrifestivaali.org%2Fsv%2Fwp-json%2Fwp%2Fv2%2Fposts%2F328629\" title=\"Linkedin\" rel=\"nofollow noopener\" target=\"_blank\" style=\"font-size:32px!important;box-shadow:none;display:inline-block;vertical-align:middle\"><span class=\"heateor_sss_svg heateor_sss_s__default heateor_sss_s_linkedin\" style=\"background-color:#0077b5;width:30px;height:30px;border-radius:999px;display:inline-block;opacity:1;float:left;font-size:32px;box-shadow:none;display:inline-block;font-size:16px;padding:0 4px;vertical-align:middle;background-repeat:repeat;overflow:hidden;padding:0;cursor:pointer;box-sizing:content-box\"><svg style=\"display:block;border-radius:999px;\" focusable=\"false\" aria-hidden=\"true\" xmlns=\"http:\/\/www.w3.org\/2000\/svg\" width=\"100%\" height=\"100%\" viewBox=\"0 0 32 32\"><path d=\"M6.227 12.61h4.19v13.48h-4.19V12.61zm2.095-6.7a2.43 2.43 0 0 1 0 4.86c-1.344 0-2.428-1.09-2.428-2.43s1.084-2.43 2.428-2.43m4.72 6.7h4.02v1.84h.058c.56-1.058 1.927-2.176 3.965-2.176 4.238 0 5.02 2.792 5.02 6.42v7.395h-4.183v-6.56c0-1.564-.03-3.574-2.178-3.574-2.18 0-2.514 1.7-2.514 3.46v6.668h-4.187V12.61z\" fill=\"#fff\"><\/path><\/svg><\/span><\/a><a aria-label=\"Instagram\" class=\"heateor_sss_button_instagram\" href=\"https:\/\/www.instagram.com\/\" title=\"Instagram\" rel=\"nofollow noopener\" target=\"_blank\" style=\"font-size:32px!important;box-shadow:none;display:inline-block;vertical-align:middle\"><span class=\"heateor_sss_svg\" style=\"background-color:#53beee;width:30px;height:30px;border-radius:999px;display:inline-block;opacity:1;float:left;font-size:32px;box-shadow:none;display:inline-block;font-size:16px;padding:0 4px;vertical-align:middle;background-repeat:repeat;overflow:hidden;padding:0;cursor:pointer;box-sizing:content-box\"><svg style=\"display:block;border-radius:999px;\" version=\"1.1\" viewBox=\"-10 -10 148 148\" width=\"100%\" height=\"100%\" xml:space=\"preserve\" xmlns=\"http:\/\/www.w3.org\/2000\/svg\" xmlns:xlink=\"http:\/\/www.w3.org\/1999\/xlink\"><g><g><path d=\"M86,112H42c-14.336,0-26-11.663-26-26V42c0-14.337,11.664-26,26-26h44c14.337,0,26,11.663,26,26v44 C112,100.337,100.337,112,86,112z M42,24c-9.925,0-18,8.074-18,18v44c0,9.925,8.075,18,18,18h44c9.926,0,18-8.075,18-18V42 c0-9.926-8.074-18-18-18H42z\" fill=\"#fff\"><\/path><\/g><g><path d=\"M64,88c-13.234,0-24-10.767-24-24c0-13.234,10.766-24,24-24s24,10.766,24,24C88,77.233,77.234,88,64,88z M64,48c-8.822,0-16,7.178-16,16s7.178,16,16,16c8.822,0,16-7.178,16-16S72.822,48,64,48z\" fill=\"#fff\"><\/path><\/g><g><circle cx=\"89.5\" cy=\"38.5\" fill=\"#fff\" r=\"5.5\"><\/circle><\/g><\/g><\/svg><\/span><\/a><\/div><div class=\"heateorSssClear\"><\/div><\/div>","protected":false},"author":13,"featured_media":328429,"comment_status":"closed","ping_status":"closed","sticky":false,"template":"","format":"standard","meta":{"_acf_changed":false,"footnotes":""},"categories":[23],"tags":[941],"class_list":["post-328629","post","type-post","status-publish","format-standard","has-post-thumbnail","hentry","category-news-archive-sv","tag-kolibri-festivaali-2025-sv"],"acf":[],"yoast_head":"<!-- This site is optimized with the Yoast SEO plugin v27.5 - https:\/\/yoast.com\/product\/yoast-seo-wordpress\/ -->\n<title>Kolibr\u00ed Festivaali firar 10 \u00e5r av m\u00e5ngfald inom barnkulturen - Kolibri Festivaali<\/title>\n<meta name=\"description\" content=\"Festivalen samlar 40 konstn\u00e4rer fr\u00e5n 20 olika l\u00e4nder och erbjuder 53 programpunkter. V\u00e4lkommen mellan den 13.-27.9. i Esbo, Vanda och Helsingfors.\" \/>\n<meta name=\"robots\" content=\"index, follow, max-snippet:-1, max-image-preview:large, max-video-preview:-1\" \/>\n<link rel=\"canonical\" href=\"https:\/\/www.kolibrifestivaali.org\/sv\/kolibri-festivaali-10-ar\/\" \/>\n<meta property=\"og:locale\" content=\"sv_SE\" \/>\n<meta property=\"og:type\" content=\"article\" \/>\n<meta property=\"og:title\" content=\"Kolibr\u00ed Festivaali firar 10 \u00e5r av m\u00e5ngfald inom barnkulturen - Kolibri Festivaali\" \/>\n<meta property=\"og:description\" content=\"Festivalen samlar 40 konstn\u00e4rer fr\u00e5n 20 olika l\u00e4nder och erbjuder 53 programpunkter. V\u00e4lkommen mellan den 13.-27.9. i Esbo, Vanda och Helsingfors.\" \/>\n<meta property=\"og:url\" content=\"https:\/\/www.kolibrifestivaali.org\/sv\/kolibri-festivaali-10-ar\/\" \/>\n<meta property=\"og:site_name\" content=\"Kolibri Festivaali\" \/>\n<meta property=\"article:published_time\" content=\"2025-08-19T12:26:17+00:00\" \/>\n<meta property=\"article:modified_time\" content=\"2025-08-19T12:26:19+00:00\" \/>\n<meta property=\"og:image\" content=\"https:\/\/www.kolibrifestivaali.org\/wp-content\/uploads\/2025\/08\/kolibri-2025-web-snippet.jpg\" \/>\n\t<meta property=\"og:image:width\" content=\"1920\" \/>\n\t<meta property=\"og:image:height\" content=\"1080\" \/>\n\t<meta property=\"og:image:type\" content=\"image\/jpeg\" \/>\n<meta name=\"author\" content=\"Marta Berm\u00fadez\" \/>\n<meta name=\"twitter:card\" content=\"summary_large_image\" \/>\n<meta name=\"twitter:label1\" content=\"Skriven av\" \/>\n\t<meta name=\"twitter:data1\" content=\"Marta Berm\u00fadez\" \/>\n\t<meta name=\"twitter:label2\" content=\"Ber\u00e4knad l\u00e4stid\" \/>\n\t<meta name=\"twitter:data2\" content=\"3 minuter\" \/>\n<script type=\"application\/ld+json\" class=\"yoast-schema-graph\">{\"@context\":\"https:\\\/\\\/schema.org\",\"@graph\":[{\"@type\":\"Article\",\"@id\":\"https:\\\/\\\/www.kolibrifestivaali.org\\\/sv\\\/kolibri-festivaali-10-ar\\\/#article\",\"isPartOf\":{\"@id\":\"https:\\\/\\\/www.kolibrifestivaali.org\\\/sv\\\/kolibri-festivaali-10-ar\\\/\"},\"author\":{\"name\":\"Marta Berm\u00fadez\",\"@id\":\"https:\\\/\\\/www.kolibrifestivaali.org\\\/sv\\\/#\\\/schema\\\/person\\\/a4d882046c0f7b03960be07d8b5713ba\"},\"headline\":\"Kolibr\u00ed Festivaali firar 10 \u00e5r av m\u00e5ngfald inom barnkulturen\",\"datePublished\":\"2025-08-19T12:26:17+00:00\",\"dateModified\":\"2025-08-19T12:26:19+00:00\",\"mainEntityOfPage\":{\"@id\":\"https:\\\/\\\/www.kolibrifestivaali.org\\\/sv\\\/kolibri-festivaali-10-ar\\\/\"},\"wordCount\":683,\"image\":{\"@id\":\"https:\\\/\\\/www.kolibrifestivaali.org\\\/sv\\\/kolibri-festivaali-10-ar\\\/#primaryimage\"},\"thumbnailUrl\":\"https:\\\/\\\/www.kolibrifestivaali.org\\\/wp-content\\\/uploads\\\/2025\\\/08\\\/kolibri-2025-web-snippet.jpg\",\"keywords\":[\"kolibri festivaali 2025\"],\"articleSection\":[\"News\"],\"inLanguage\":\"sv-SE\"},{\"@type\":\"WebPage\",\"@id\":\"https:\\\/\\\/www.kolibrifestivaali.org\\\/sv\\\/kolibri-festivaali-10-ar\\\/\",\"url\":\"https:\\\/\\\/www.kolibrifestivaali.org\\\/sv\\\/kolibri-festivaali-10-ar\\\/\",\"name\":\"Kolibr\u00ed Festivaali firar 10 \u00e5r av m\u00e5ngfald inom barnkulturen - Kolibri Festivaali\",\"isPartOf\":{\"@id\":\"https:\\\/\\\/www.kolibrifestivaali.org\\\/sv\\\/#website\"},\"primaryImageOfPage\":{\"@id\":\"https:\\\/\\\/www.kolibrifestivaali.org\\\/sv\\\/kolibri-festivaali-10-ar\\\/#primaryimage\"},\"image\":{\"@id\":\"https:\\\/\\\/www.kolibrifestivaali.org\\\/sv\\\/kolibri-festivaali-10-ar\\\/#primaryimage\"},\"thumbnailUrl\":\"https:\\\/\\\/www.kolibrifestivaali.org\\\/wp-content\\\/uploads\\\/2025\\\/08\\\/kolibri-2025-web-snippet.jpg\",\"datePublished\":\"2025-08-19T12:26:17+00:00\",\"dateModified\":\"2025-08-19T12:26:19+00:00\",\"author\":{\"@id\":\"https:\\\/\\\/www.kolibrifestivaali.org\\\/sv\\\/#\\\/schema\\\/person\\\/a4d882046c0f7b03960be07d8b5713ba\"},\"description\":\"Festivalen samlar 40 konstn\u00e4rer fr\u00e5n 20 olika l\u00e4nder och erbjuder 53 programpunkter. V\u00e4lkommen mellan den 13.-27.9. i Esbo, Vanda och Helsingfors.\",\"breadcrumb\":{\"@id\":\"https:\\\/\\\/www.kolibrifestivaali.org\\\/sv\\\/kolibri-festivaali-10-ar\\\/#breadcrumb\"},\"inLanguage\":\"sv-SE\",\"potentialAction\":[{\"@type\":\"ReadAction\",\"target\":[\"https:\\\/\\\/www.kolibrifestivaali.org\\\/sv\\\/kolibri-festivaali-10-ar\\\/\"]}]},{\"@type\":\"ImageObject\",\"inLanguage\":\"sv-SE\",\"@id\":\"https:\\\/\\\/www.kolibrifestivaali.org\\\/sv\\\/kolibri-festivaali-10-ar\\\/#primaryimage\",\"url\":\"https:\\\/\\\/www.kolibrifestivaali.org\\\/wp-content\\\/uploads\\\/2025\\\/08\\\/kolibri-2025-web-snippet.jpg\",\"contentUrl\":\"https:\\\/\\\/www.kolibrifestivaali.org\\\/wp-content\\\/uploads\\\/2025\\\/08\\\/kolibri-2025-web-snippet.jpg\",\"width\":1920,\"height\":1080,\"caption\":\"The image shows the official artwork for Kolibr\u00ed Festivaali 2025: a starry sky, with a hummingbird formed by a constellation, and the festival dates\"},{\"@type\":\"BreadcrumbList\",\"@id\":\"https:\\\/\\\/www.kolibrifestivaali.org\\\/sv\\\/kolibri-festivaali-10-ar\\\/#breadcrumb\",\"itemListElement\":[{\"@type\":\"ListItem\",\"position\":1,\"name\":\"Home\",\"item\":\"https:\\\/\\\/www.kolibrifestivaali.org\\\/sv\\\/\"},{\"@type\":\"ListItem\",\"position\":2,\"name\":\"Kolibr\u00ed Festivaali firar 10 \u00e5r av m\u00e5ngfald inom barnkulturen\"}]},{\"@type\":\"WebSite\",\"@id\":\"https:\\\/\\\/www.kolibrifestivaali.org\\\/sv\\\/#website\",\"url\":\"https:\\\/\\\/www.kolibrifestivaali.org\\\/sv\\\/\",\"name\":\"Kolibri Festivaali\",\"description\":\"Kolibri\u0301 is a unique multicultural, free and open art festival for children and their families.\",\"inLanguage\":\"sv-SE\"},{\"@type\":\"Person\",\"@id\":\"https:\\\/\\\/www.kolibrifestivaali.org\\\/sv\\\/#\\\/schema\\\/person\\\/a4d882046c0f7b03960be07d8b5713ba\",\"name\":\"Marta Berm\u00fadez\",\"image\":{\"@type\":\"ImageObject\",\"inLanguage\":\"sv-SE\",\"@id\":\"https:\\\/\\\/secure.gravatar.com\\\/avatar\\\/35700c2014d565cf72e89c0e712b6bc70303de9d0796b72a069bbd235e79a7b5?s=96&d=mm&r=g\",\"url\":\"https:\\\/\\\/secure.gravatar.com\\\/avatar\\\/35700c2014d565cf72e89c0e712b6bc70303de9d0796b72a069bbd235e79a7b5?s=96&d=mm&r=g\",\"contentUrl\":\"https:\\\/\\\/secure.gravatar.com\\\/avatar\\\/35700c2014d565cf72e89c0e712b6bc70303de9d0796b72a069bbd235e79a7b5?s=96&d=mm&r=g\",\"caption\":\"Marta Berm\u00fadez\"}}]}<\/script>\n<!-- \/ Yoast SEO plugin. -->","yoast_head_json":{"title":"Kolibr\u00ed Festivaali firar 10 \u00e5r av m\u00e5ngfald inom barnkulturen - Kolibri Festivaali","description":"Festivalen samlar 40 konstn\u00e4rer fr\u00e5n 20 olika l\u00e4nder och erbjuder 53 programpunkter. V\u00e4lkommen mellan den 13.-27.9. i Esbo, Vanda och Helsingfors.","robots":{"index":"index","follow":"follow","max-snippet":"max-snippet:-1","max-image-preview":"max-image-preview:large","max-video-preview":"max-video-preview:-1"},"canonical":"https:\/\/www.kolibrifestivaali.org\/sv\/kolibri-festivaali-10-ar\/","og_locale":"sv_SE","og_type":"article","og_title":"Kolibr\u00ed Festivaali firar 10 \u00e5r av m\u00e5ngfald inom barnkulturen - Kolibri Festivaali","og_description":"Festivalen samlar 40 konstn\u00e4rer fr\u00e5n 20 olika l\u00e4nder och erbjuder 53 programpunkter. V\u00e4lkommen mellan den 13.-27.9. i Esbo, Vanda och Helsingfors.","og_url":"https:\/\/www.kolibrifestivaali.org\/sv\/kolibri-festivaali-10-ar\/","og_site_name":"Kolibri Festivaali","article_published_time":"2025-08-19T12:26:17+00:00","article_modified_time":"2025-08-19T12:26:19+00:00","og_image":[{"width":1920,"height":1080,"url":"https:\/\/www.kolibrifestivaali.org\/wp-content\/uploads\/2025\/08\/kolibri-2025-web-snippet.jpg","type":"image\/jpeg"}],"author":"Marta Berm\u00fadez","twitter_card":"summary_large_image","twitter_misc":{"Skriven av":"Marta Berm\u00fadez","Ber\u00e4knad l\u00e4stid":"3 minuter"},"schema":{"@context":"https:\/\/schema.org","@graph":[{"@type":"Article","@id":"https:\/\/www.kolibrifestivaali.org\/sv\/kolibri-festivaali-10-ar\/#article","isPartOf":{"@id":"https:\/\/www.kolibrifestivaali.org\/sv\/kolibri-festivaali-10-ar\/"},"author":{"name":"Marta Berm\u00fadez","@id":"https:\/\/www.kolibrifestivaali.org\/sv\/#\/schema\/person\/a4d882046c0f7b03960be07d8b5713ba"},"headline":"Kolibr\u00ed Festivaali firar 10 \u00e5r av m\u00e5ngfald inom barnkulturen","datePublished":"2025-08-19T12:26:17+00:00","dateModified":"2025-08-19T12:26:19+00:00","mainEntityOfPage":{"@id":"https:\/\/www.kolibrifestivaali.org\/sv\/kolibri-festivaali-10-ar\/"},"wordCount":683,"image":{"@id":"https:\/\/www.kolibrifestivaali.org\/sv\/kolibri-festivaali-10-ar\/#primaryimage"},"thumbnailUrl":"https:\/\/www.kolibrifestivaali.org\/wp-content\/uploads\/2025\/08\/kolibri-2025-web-snippet.jpg","keywords":["kolibri festivaali 2025"],"articleSection":["News"],"inLanguage":"sv-SE"},{"@type":"WebPage","@id":"https:\/\/www.kolibrifestivaali.org\/sv\/kolibri-festivaali-10-ar\/","url":"https:\/\/www.kolibrifestivaali.org\/sv\/kolibri-festivaali-10-ar\/","name":"Kolibr\u00ed Festivaali firar 10 \u00e5r av m\u00e5ngfald inom barnkulturen - Kolibri Festivaali","isPartOf":{"@id":"https:\/\/www.kolibrifestivaali.org\/sv\/#website"},"primaryImageOfPage":{"@id":"https:\/\/www.kolibrifestivaali.org\/sv\/kolibri-festivaali-10-ar\/#primaryimage"},"image":{"@id":"https:\/\/www.kolibrifestivaali.org\/sv\/kolibri-festivaali-10-ar\/#primaryimage"},"thumbnailUrl":"https:\/\/www.kolibrifestivaali.org\/wp-content\/uploads\/2025\/08\/kolibri-2025-web-snippet.jpg","datePublished":"2025-08-19T12:26:17+00:00","dateModified":"2025-08-19T12:26:19+00:00","author":{"@id":"https:\/\/www.kolibrifestivaali.org\/sv\/#\/schema\/person\/a4d882046c0f7b03960be07d8b5713ba"},"description":"Festivalen samlar 40 konstn\u00e4rer fr\u00e5n 20 olika l\u00e4nder och erbjuder 53 programpunkter. V\u00e4lkommen mellan den 13.-27.9. i Esbo, Vanda och Helsingfors.","breadcrumb":{"@id":"https:\/\/www.kolibrifestivaali.org\/sv\/kolibri-festivaali-10-ar\/#breadcrumb"},"inLanguage":"sv-SE","potentialAction":[{"@type":"ReadAction","target":["https:\/\/www.kolibrifestivaali.org\/sv\/kolibri-festivaali-10-ar\/"]}]},{"@type":"ImageObject","inLanguage":"sv-SE","@id":"https:\/\/www.kolibrifestivaali.org\/sv\/kolibri-festivaali-10-ar\/#primaryimage","url":"https:\/\/www.kolibrifestivaali.org\/wp-content\/uploads\/2025\/08\/kolibri-2025-web-snippet.jpg","contentUrl":"https:\/\/www.kolibrifestivaali.org\/wp-content\/uploads\/2025\/08\/kolibri-2025-web-snippet.jpg","width":1920,"height":1080,"caption":"The image shows the official artwork for Kolibr\u00ed Festivaali 2025: a starry sky, with a hummingbird formed by a constellation, and the festival dates"},{"@type":"BreadcrumbList","@id":"https:\/\/www.kolibrifestivaali.org\/sv\/kolibri-festivaali-10-ar\/#breadcrumb","itemListElement":[{"@type":"ListItem","position":1,"name":"Home","item":"https:\/\/www.kolibrifestivaali.org\/sv\/"},{"@type":"ListItem","position":2,"name":"Kolibr\u00ed Festivaali firar 10 \u00e5r av m\u00e5ngfald inom barnkulturen"}]},{"@type":"WebSite","@id":"https:\/\/www.kolibrifestivaali.org\/sv\/#website","url":"https:\/\/www.kolibrifestivaali.org\/sv\/","name":"Kolibri Festivaali","description":"Kolibri\u0301 is a unique multicultural, free and open art festival for children and their families.","inLanguage":"sv-SE"},{"@type":"Person","@id":"https:\/\/www.kolibrifestivaali.org\/sv\/#\/schema\/person\/a4d882046c0f7b03960be07d8b5713ba","name":"Marta Berm\u00fadez","image":{"@type":"ImageObject","inLanguage":"sv-SE","@id":"https:\/\/secure.gravatar.com\/avatar\/35700c2014d565cf72e89c0e712b6bc70303de9d0796b72a069bbd235e79a7b5?s=96&d=mm&r=g","url":"https:\/\/secure.gravatar.com\/avatar\/35700c2014d565cf72e89c0e712b6bc70303de9d0796b72a069bbd235e79a7b5?s=96&d=mm&r=g","contentUrl":"https:\/\/secure.gravatar.com\/avatar\/35700c2014d565cf72e89c0e712b6bc70303de9d0796b72a069bbd235e79a7b5?s=96&d=mm&r=g","caption":"Marta Berm\u00fadez"}}]}},"_links":{"self":[{"href":"https:\/\/www.kolibrifestivaali.org\/sv\/wp-json\/wp\/v2\/posts\/328629","targetHints":{"allow":["GET"]}}],"collection":[{"href":"https:\/\/www.kolibrifestivaali.org\/sv\/wp-json\/wp\/v2\/posts"}],"about":[{"href":"https:\/\/www.kolibrifestivaali.org\/sv\/wp-json\/wp\/v2\/types\/post"}],"author":[{"embeddable":true,"href":"https:\/\/www.kolibrifestivaali.org\/sv\/wp-json\/wp\/v2\/users\/13"}],"replies":[{"embeddable":true,"href":"https:\/\/www.kolibrifestivaali.org\/sv\/wp-json\/wp\/v2\/comments?post=328629"}],"version-history":[{"count":1,"href":"https:\/\/www.kolibrifestivaali.org\/sv\/wp-json\/wp\/v2\/posts\/328629\/revisions"}],"predecessor-version":[{"id":328630,"href":"https:\/\/www.kolibrifestivaali.org\/sv\/wp-json\/wp\/v2\/posts\/328629\/revisions\/328630"}],"wp:featuredmedia":[{"embeddable":true,"href":"https:\/\/www.kolibrifestivaali.org\/sv\/wp-json\/wp\/v2\/media\/328429"}],"wp:attachment":[{"href":"https:\/\/www.kolibrifestivaali.org\/sv\/wp-json\/wp\/v2\/media?parent=328629"}],"wp:term":[{"taxonomy":"category","embeddable":true,"href":"https:\/\/www.kolibrifestivaali.org\/sv\/wp-json\/wp\/v2\/categories?post=328629"},{"taxonomy":"post_tag","embeddable":true,"href":"https:\/\/www.kolibrifestivaali.org\/sv\/wp-json\/wp\/v2\/tags?post=328629"}],"curies":[{"name":"wp","href":"https:\/\/api.w.org\/{rel}","templated":true}]}}