{"id":327392,"date":"2025-06-16T09:58:59","date_gmt":"2025-06-16T06:58:59","guid":{"rendered":"https:\/\/www.kolibrifestivaali.org\/news-archive-sv\/kolibri-2025-childrens-book-fair\/"},"modified":"2025-06-16T10:31:59","modified_gmt":"2025-06-16T07:31:59","slug":"kolibri-2025-childrens-book-fair","status":"publish","type":"post","link":"https:\/\/www.kolibrifestivaali.org\/sv\/kolibri-2025-childrens-book-fair\/","title":{"rendered":"Kolibr\u00ed Festivaali 2025 Barnbokm\u00e4ssa: Fira m\u00e5ngfald och poesi\u00a0"},"content":{"rendered":"\n<p>Kolibr\u00ed Festivaali 2025 kommer att h\u00e5lla sin traditionella barnbokm\u00e4ssa p\u00e5 spanska och portugisiska. I \u00e5r firar vi v\u00e5rt \u00e4lskade festivals tio\u00e5rsjubileum, vilket g\u00f6r denna bokm\u00e4ssa \u00e4nnu mer speciell!&nbsp;<\/p>\n\n\n\n<p>Kolibr\u00ed Barnbokm\u00e4ssa kommer att lyfta fram verk av illustrat\u00f6ren och f\u00f6rfattaren <strong>Gusti<\/strong> (AR), skaparen av bilden f\u00f6r Kolibr\u00ed 2025, och poeten <strong>Mar Benegas<\/strong> (ES), v\u00e5r g\u00e4stkonstn\u00e4r f\u00f6r 2025. <strong>Du kommer att ha m\u00f6jlighet att k\u00f6pa deras b\u00f6cker p\u00e5 m\u00e4ssan och f\u00e5 dem signerade av b\u00e5da f\u00f6rfattarna!\u00a0<\/strong><\/p>\n\n\n\n<p>V\u00e5r Barnboksm\u00e4ssa \u00e4r en av v\u00e5ra mest traditionella evenemang och den ger en unik m\u00f6jlighet att ta hem med sig begagnade barnb\u00f6cker p\u00e5 spanska och portugisiska. Som varje \u00e5r omfamnar vi barnlitteratur med ett brett urval av titlar fr\u00e5n f\u00f6rlag \u00f6ver hela Iberoamerika, <strong>s\u00e5 missa inte chansen att ut\u00f6ka ditt hembibliotek med begagnade och nya barnb\u00f6cker som du kan avnjuta med dina sm\u00e5<\/strong> \ud83d\ude09.\u00a0\u00a0<\/p>\n\n\n\n<h2 class=\"wp-block-heading has-text-align-left\">L\u00e4gg datumet i kalender f\u00f6r Kolibr\u00ed 2025 Barnboksm\u00e4ssa\u00a0\u00a0\u00a0\u00a0\u00a0\u00a0\u00a0<\/h2>\n\n\n\n<ul class=\"wp-block-list\">\n<li><strong>20.9.2025 <\/strong>| Barnens kulturcentrum Pessi (Vanda) | kl. 11.00 till 16.00 | <strong>Boksignering med Mar Benegas<\/strong>: kl. 12.00 till 13.00 + kl. 15.00 till 16.30.\u00a0<\/li>\n<\/ul>\n\n\n\n<ul class=\"wp-block-list\">\n<li><strong>27.9.2025<\/strong> | Annantalo (Helsingfors) | kl. 11.00 till 16.00 | <strong>Boksignering med Gusti<\/strong>: kl. 12.30 till 13.30 + kl. 15.00 till 16.00.\u00a0\u00a0<\/li>\n<\/ul>\n\n\n\n<h2 class=\"wp-block-heading has-text-align-left\">Kom ih\u00e5g att vi tar emot bokdonationer!\u00a0\u00a0\u00a0\u00a0\u00a0\u00a0<\/h2>\n\n\n\n<p>Om du har b\u00f6cker p\u00e5 spanska eller portugisiska, i gott skick, som dina sm\u00e5 inte l\u00e4ngre l\u00e4ser kan vi hitta ett nytt hem \u00e5t dem! F\u00f6rs\u00e4ljningar hj\u00e4lper oss att h\u00e5lla Kolibr\u00ed vid liv, ditt bidrag kan mycket v\u00e4l vara en bok. \ud83d\udc99 Vi kan inte t\u00e4nka oss ett b\u00e4ttre s\u00e4tt att samarbeta.\u00a0\u00a0\u00a0\u00a0<\/p>\n\n\n\n<h3 class=\"wp-block-heading has-text-align-left\">Bokinsamlingspunkter 2025:<\/h3>\n\n\n\n<div class=\"wp-block-columns is-layout-flex wp-container-core-columns-is-layout-9d6595d7 wp-block-columns-is-layout-flex\">\n<div class=\"wp-block-column is-layout-flow wp-block-column-is-layout-flow\">\n<figure class=\"wp-block-image size-full\"><img decoding=\"async\" width=\"1080\" height=\"1350\" src=\"https:\/\/www.kolibrifestivaali.org\/wp-content\/uploads\/2025\/06\/children-books-donation-finland.png\" alt=\"A picture indicating the book collection points of Kolibr\u00ed Children's Book Fair 2025\" class=\"wp-image-327369\" srcset=\"https:\/\/www.kolibrifestivaali.org\/wp-content\/uploads\/2025\/06\/children-books-donation-finland.png 1080w, https:\/\/www.kolibrifestivaali.org\/wp-content\/uploads\/2025\/06\/children-books-donation-finland-350x438.png 350w, https:\/\/www.kolibrifestivaali.org\/wp-content\/uploads\/2025\/06\/children-books-donation-finland-768x960.png 768w, https:\/\/www.kolibrifestivaali.org\/wp-content\/uploads\/2025\/06\/children-books-donation-finland-500x625.png 500w, https:\/\/www.kolibrifestivaali.org\/wp-content\/uploads\/2025\/06\/children-books-donation-finland-830x1038.png 830w\" sizes=\"(max-width: 1080px) 100vw, 1080px\" \/><\/figure>\n<\/div>\n\n\n\n<div class=\"wp-block-column is-layout-flow wp-block-column-is-layout-flow\">\n<p><strong>27.7 | Viva la Fiesta<\/strong>: CoolHead Brew, Helsingfors | 26.7.: kl. 13.00 till 17.00 | 27.7.: kl. 12.00 till 14.00 + kl. 15 till 17.\u00a0<\/p>\n\n\n\n<p><strong>6.9. | Sellobiblioteket (Esbo)<\/strong> | kl. 11.00 till 14.00 | Sello biblioteks huvudentr\u00e9.\u00a0<\/p>\n\n\n\n<p><strong>23.8. | Kolibr\u00ed 2025 Invigning<\/strong> | Kulturcentret Caisa (Helsingfors) | kl. 16.00 till 17.00.\u00a0<\/p>\n\n\n\n<p><strong>13.9. | Sellobiblioteket<\/strong> (Esbo) | kl. 11.00 till 17.00: under den f\u00f6rsta Kolibr\u00ed Familjedagen (Infopiste).\u00a0<\/p>\n\n\n\n<p>Varje m\u00e5ndag fr\u00e5n och med den 4.8 p\u00e5 <strong>Globe Art Point<\/strong> (Malminkatu 5, Helsingfors) | kl. 9:00 till 15.00.\u00a0<\/p>\n<\/div>\n<\/div>\n\n\n\n<p>Kontakta oss p\u00e5 <a href=\"mailto:info@ninho.fi\" target=\"_blank\" rel=\"noreferrer noopener\">info@ninho.fi<\/a> \u00a0<\/p>\n\n\n\n<h2 class=\"wp-block-heading has-text-align-left\">Kom ih\u00e5g att du ocks\u00e5 kan bli en del av Bokm\u00e4ssans familj!\u00a0\u00a0\u00a0\u00a0\u00a0\u00a0<\/h2>\n\n\n\n<p>Ett underbart och roligt team av volont\u00e4rer organiserar Kolibr\u00ed Bokm\u00e4ssa, du kan hj\u00e4lpa dem att samla in och organisera b\u00f6cker f\u00f6r f\u00f6rs\u00e4ljning, eller under m\u00e4ssdagarna p\u00e5 Pessi och Annantalo.&nbsp;&nbsp;<\/p>\n\n\n\n<p>Anslut dig genom att skriva till <a href=\"mailto:info@ninho.fi\" target=\"_blank\" rel=\"noreferrer noopener\">info@ninho.fi<\/a> eller genom att fylla i v\u00e5rt kontaktformul\u00e4r.\u00a0\u00a0<\/p>\n\n\n\n<p>Vi ser fram emot att tr\u00e4ffa dig!&nbsp;\u00a0\u00a0<\/p>\n","protected":false},"excerpt":{"rendered":"<p>Kolibr\u00ed Festivaali 2025 kommer att h\u00e5lla sin traditionella barnbokm\u00e4ssa p\u00e5 spanska och portugisiska. I \u00e5r firar vi v\u00e5rt \u00e4lskade festivals [\u2026] <a href=\"https:\/\/www.kolibrifestivaali.org\/sv\/kolibri-2025-childrens-book-fair\/\">Lue lis\u00e4\u00e4 &raquo;<\/a><\/p>\n<div class='heateor_sss_sharing_container heateor_sss_vertical_sharing heateor_sss_bottom_sharing' style='width:34px;right: -10px;top: 100px;-webkit-box-shadow:none;box-shadow:none;' data-heateor-sss-href='https:\/\/www.kolibrifestivaali.org\/sv\/wp-json\/wp\/v2\/posts\/327392'><div class=\"heateor_sss_sharing_ul\"><a aria-label=\"Facebook\" class=\"heateor_sss_facebook\" href=\"https:\/\/www.facebook.com\/sharer\/sharer.php?u=https%3A%2F%2Fwww.kolibrifestivaali.org%2Fsv%2Fwp-json%2Fwp%2Fv2%2Fposts%2F327392\" title=\"Facebook\" rel=\"nofollow noopener\" target=\"_blank\" style=\"font-size:32px!important;box-shadow:none;display:inline-block;vertical-align:middle\"><span class=\"heateor_sss_svg\" style=\"background-color:#0765FE;width:30px;height:30px;border-radius:999px;display:inline-block;opacity:1;float:left;font-size:32px;box-shadow:none;display:inline-block;font-size:16px;padding:0 4px;vertical-align:middle;background-repeat:repeat;overflow:hidden;padding:0;cursor:pointer;box-sizing:content-box\"><svg style=\"display:block;border-radius:999px;\" focusable=\"false\" aria-hidden=\"true\" xmlns=\"http:\/\/www.w3.org\/2000\/svg\" width=\"100%\" height=\"100%\" viewBox=\"0 0 32 32\"><path fill=\"#fff\" d=\"M28 16c0-6.627-5.373-12-12-12S4 9.373 4 16c0 5.628 3.875 10.35 9.101 11.647v-7.98h-2.474V16H13.1v-1.58c0-4.085 1.849-5.978 5.859-5.978.76 0 2.072.15 2.608.298v3.325c-.283-.03-.775-.045-1.386-.045-1.967 0-2.728.745-2.728 2.683V16h3.92l-.673 3.667h-3.247v8.245C23.395 27.195 28 22.135 28 16Z\"><\/path><\/svg><\/span><\/a><a aria-label=\"X\" class=\"heateor_sss_button_x\" href=\"https:\/\/twitter.com\/intent\/tweet?text=Kolibri%20Festivaali%20-%20Kolibri%CC%81%20is%20a%20unique%20multicultural%2C%20free%20and%20open%20art%20festival%20for%20children%20and%20their%20families.&url=https%3A%2F%2Fwww.kolibrifestivaali.org%2Fsv%2Fwp-json%2Fwp%2Fv2%2Fposts%2F327392\" title=\"X\" rel=\"nofollow noopener\" target=\"_blank\" style=\"font-size:32px!important;box-shadow:none;display:inline-block;vertical-align:middle\"><span class=\"heateor_sss_svg heateor_sss_s__default heateor_sss_s_x\" style=\"background-color:#2a2a2a;width:30px;height:30px;border-radius:999px;display:inline-block;opacity:1;float:left;font-size:32px;box-shadow:none;display:inline-block;font-size:16px;padding:0 4px;vertical-align:middle;background-repeat:repeat;overflow:hidden;padding:0;cursor:pointer;box-sizing:content-box\"><svg width=\"100%\" height=\"100%\" style=\"display:block;border-radius:999px;\" focusable=\"false\" aria-hidden=\"true\" xmlns=\"http:\/\/www.w3.org\/2000\/svg\" viewBox=\"0 0 32 32\"><path fill=\"#fff\" d=\"M21.751 7h3.067l-6.7 7.658L26 25.078h-6.172l-4.833-6.32-5.531 6.32h-3.07l7.167-8.19L6 7h6.328l4.37 5.777L21.75 7Zm-1.076 16.242h1.7L11.404 8.74H9.58l11.094 14.503Z\"><\/path><\/svg><\/span><\/a><a aria-label=\"Linkedin\" class=\"heateor_sss_button_linkedin\" href=\"https:\/\/www.linkedin.com\/sharing\/share-offsite\/?url=https%3A%2F%2Fwww.kolibrifestivaali.org%2Fsv%2Fwp-json%2Fwp%2Fv2%2Fposts%2F327392\" title=\"Linkedin\" rel=\"nofollow noopener\" target=\"_blank\" style=\"font-size:32px!important;box-shadow:none;display:inline-block;vertical-align:middle\"><span class=\"heateor_sss_svg heateor_sss_s__default heateor_sss_s_linkedin\" style=\"background-color:#0077b5;width:30px;height:30px;border-radius:999px;display:inline-block;opacity:1;float:left;font-size:32px;box-shadow:none;display:inline-block;font-size:16px;padding:0 4px;vertical-align:middle;background-repeat:repeat;overflow:hidden;padding:0;cursor:pointer;box-sizing:content-box\"><svg style=\"display:block;border-radius:999px;\" focusable=\"false\" aria-hidden=\"true\" xmlns=\"http:\/\/www.w3.org\/2000\/svg\" width=\"100%\" height=\"100%\" viewBox=\"0 0 32 32\"><path d=\"M6.227 12.61h4.19v13.48h-4.19V12.61zm2.095-6.7a2.43 2.43 0 0 1 0 4.86c-1.344 0-2.428-1.09-2.428-2.43s1.084-2.43 2.428-2.43m4.72 6.7h4.02v1.84h.058c.56-1.058 1.927-2.176 3.965-2.176 4.238 0 5.02 2.792 5.02 6.42v7.395h-4.183v-6.56c0-1.564-.03-3.574-2.178-3.574-2.18 0-2.514 1.7-2.514 3.46v6.668h-4.187V12.61z\" fill=\"#fff\"><\/path><\/svg><\/span><\/a><a aria-label=\"Instagram\" class=\"heateor_sss_button_instagram\" href=\"https:\/\/www.instagram.com\/\" title=\"Instagram\" rel=\"nofollow noopener\" target=\"_blank\" style=\"font-size:32px!important;box-shadow:none;display:inline-block;vertical-align:middle\"><span class=\"heateor_sss_svg\" style=\"background-color:#53beee;width:30px;height:30px;border-radius:999px;display:inline-block;opacity:1;float:left;font-size:32px;box-shadow:none;display:inline-block;font-size:16px;padding:0 4px;vertical-align:middle;background-repeat:repeat;overflow:hidden;padding:0;cursor:pointer;box-sizing:content-box\"><svg style=\"display:block;border-radius:999px;\" version=\"1.1\" viewBox=\"-10 -10 148 148\" width=\"100%\" height=\"100%\" xml:space=\"preserve\" xmlns=\"http:\/\/www.w3.org\/2000\/svg\" xmlns:xlink=\"http:\/\/www.w3.org\/1999\/xlink\"><g><g><path d=\"M86,112H42c-14.336,0-26-11.663-26-26V42c0-14.337,11.664-26,26-26h44c14.337,0,26,11.663,26,26v44 C112,100.337,100.337,112,86,112z M42,24c-9.925,0-18,8.074-18,18v44c0,9.925,8.075,18,18,18h44c9.926,0,18-8.075,18-18V42 c0-9.926-8.074-18-18-18H42z\" fill=\"#fff\"><\/path><\/g><g><path d=\"M64,88c-13.234,0-24-10.767-24-24c0-13.234,10.766-24,24-24s24,10.766,24,24C88,77.233,77.234,88,64,88z M64,48c-8.822,0-16,7.178-16,16s7.178,16,16,16c8.822,0,16-7.178,16-16S72.822,48,64,48z\" fill=\"#fff\"><\/path><\/g><g><circle cx=\"89.5\" cy=\"38.5\" fill=\"#fff\" r=\"5.5\"><\/circle><\/g><\/g><\/svg><\/span><\/a><\/div><div class=\"heateorSssClear\"><\/div><\/div>","protected":false},"author":13,"featured_media":327367,"comment_status":"closed","ping_status":"closed","sticky":false,"template":"","format":"standard","meta":{"_acf_changed":false,"footnotes":""},"categories":[23],"tags":[754,941],"class_list":["post-327392","post","type-post","status-publish","format-standard","has-post-thumbnail","hentry","category-news-archive-sv","tag-children-book-fair-sv","tag-kolibri-festivaali-2025-sv"],"acf":[],"yoast_head":"<!-- This site is optimized with the Yoast SEO plugin v27.5 - https:\/\/yoast.com\/product\/yoast-seo-wordpress\/ -->\n<title>Kolibr\u00ed Festivaali 2025 Barnbokm\u00e4ssa: Fira m\u00e5ngfald och poesi\u00a0 - Kolibri Festivaali<\/title>\n<meta name=\"description\" content=\"I \u00e5r firar vi v\u00e5rt \u00e4lskade festivals tio\u00e5rsjubileum, vilket g\u00f6r denna bokm\u00e4ssa \u00e4nnu mer speciell!\u00a0L\u00e4gg datumet i kalender!\" \/>\n<meta name=\"robots\" content=\"index, follow, max-snippet:-1, max-image-preview:large, max-video-preview:-1\" \/>\n<link rel=\"canonical\" href=\"https:\/\/www.kolibrifestivaali.org\/sv\/kolibri-2025-childrens-book-fair\/\" \/>\n<meta property=\"og:locale\" content=\"sv_SE\" \/>\n<meta property=\"og:type\" content=\"article\" \/>\n<meta property=\"og:title\" content=\"Kolibr\u00ed Festivaali 2025 Barnbokm\u00e4ssa: Fira m\u00e5ngfald och poesi\u00a0 - Kolibri Festivaali\" \/>\n<meta property=\"og:description\" content=\"I \u00e5r firar vi v\u00e5rt \u00e4lskade festivals tio\u00e5rsjubileum, vilket g\u00f6r denna bokm\u00e4ssa \u00e4nnu mer speciell!\u00a0L\u00e4gg datumet i kalender!\" \/>\n<meta property=\"og:url\" content=\"https:\/\/www.kolibrifestivaali.org\/sv\/kolibri-2025-childrens-book-fair\/\" \/>\n<meta property=\"og:site_name\" content=\"Kolibri Festivaali\" \/>\n<meta property=\"article:published_time\" content=\"2025-06-16T06:58:59+00:00\" \/>\n<meta property=\"article:modified_time\" content=\"2025-06-16T07:31:59+00:00\" \/>\n<meta property=\"og:image\" content=\"https:\/\/www.kolibrifestivaali.org\/wp-content\/uploads\/2025\/06\/children-book-fair-kolibri-2025.png\" \/>\n\t<meta property=\"og:image:width\" content=\"1920\" \/>\n\t<meta property=\"og:image:height\" content=\"1080\" \/>\n\t<meta property=\"og:image:type\" content=\"image\/png\" \/>\n<meta name=\"author\" content=\"Marta Berm\u00fadez\" \/>\n<meta name=\"twitter:card\" content=\"summary_large_image\" \/>\n<meta name=\"twitter:label1\" content=\"Skriven av\" \/>\n\t<meta name=\"twitter:data1\" content=\"Marta Berm\u00fadez\" \/>\n\t<meta name=\"twitter:label2\" content=\"Ber\u00e4knad l\u00e4stid\" \/>\n\t<meta name=\"twitter:data2\" content=\"3 minuter\" \/>\n<script type=\"application\/ld+json\" class=\"yoast-schema-graph\">{\"@context\":\"https:\\\/\\\/schema.org\",\"@graph\":[{\"@type\":\"Article\",\"@id\":\"https:\\\/\\\/www.kolibrifestivaali.org\\\/sv\\\/kolibri-2025-childrens-book-fair\\\/#article\",\"isPartOf\":{\"@id\":\"https:\\\/\\\/www.kolibrifestivaali.org\\\/sv\\\/kolibri-2025-childrens-book-fair\\\/\"},\"author\":{\"name\":\"Marta Berm\u00fadez\",\"@id\":\"https:\\\/\\\/www.kolibrifestivaali.org\\\/sv\\\/#\\\/schema\\\/person\\\/a4d882046c0f7b03960be07d8b5713ba\"},\"headline\":\"Kolibr\u00ed Festivaali 2025 Barnbokm\u00e4ssa: Fira m\u00e5ngfald och poesi\u00a0\",\"datePublished\":\"2025-06-16T06:58:59+00:00\",\"dateModified\":\"2025-06-16T07:31:59+00:00\",\"mainEntityOfPage\":{\"@id\":\"https:\\\/\\\/www.kolibrifestivaali.org\\\/sv\\\/kolibri-2025-childrens-book-fair\\\/\"},\"wordCount\":418,\"image\":{\"@id\":\"https:\\\/\\\/www.kolibrifestivaali.org\\\/sv\\\/kolibri-2025-childrens-book-fair\\\/#primaryimage\"},\"thumbnailUrl\":\"https:\\\/\\\/www.kolibrifestivaali.org\\\/wp-content\\\/uploads\\\/2025\\\/06\\\/children-book-fair-kolibri-2025.png\",\"keywords\":[\"children book fair\",\"kolibri festivaali 2025\"],\"articleSection\":[\"News\"],\"inLanguage\":\"sv-SE\"},{\"@type\":\"WebPage\",\"@id\":\"https:\\\/\\\/www.kolibrifestivaali.org\\\/sv\\\/kolibri-2025-childrens-book-fair\\\/\",\"url\":\"https:\\\/\\\/www.kolibrifestivaali.org\\\/sv\\\/kolibri-2025-childrens-book-fair\\\/\",\"name\":\"Kolibr\u00ed Festivaali 2025 Barnbokm\u00e4ssa: Fira m\u00e5ngfald och poesi\u00a0 - Kolibri Festivaali\",\"isPartOf\":{\"@id\":\"https:\\\/\\\/www.kolibrifestivaali.org\\\/sv\\\/#website\"},\"primaryImageOfPage\":{\"@id\":\"https:\\\/\\\/www.kolibrifestivaali.org\\\/sv\\\/kolibri-2025-childrens-book-fair\\\/#primaryimage\"},\"image\":{\"@id\":\"https:\\\/\\\/www.kolibrifestivaali.org\\\/sv\\\/kolibri-2025-childrens-book-fair\\\/#primaryimage\"},\"thumbnailUrl\":\"https:\\\/\\\/www.kolibrifestivaali.org\\\/wp-content\\\/uploads\\\/2025\\\/06\\\/children-book-fair-kolibri-2025.png\",\"datePublished\":\"2025-06-16T06:58:59+00:00\",\"dateModified\":\"2025-06-16T07:31:59+00:00\",\"author\":{\"@id\":\"https:\\\/\\\/www.kolibrifestivaali.org\\\/sv\\\/#\\\/schema\\\/person\\\/a4d882046c0f7b03960be07d8b5713ba\"},\"description\":\"I \u00e5r firar vi v\u00e5rt \u00e4lskade festivals tio\u00e5rsjubileum, vilket g\u00f6r denna bokm\u00e4ssa \u00e4nnu mer speciell!\u00a0L\u00e4gg datumet i kalender!\",\"breadcrumb\":{\"@id\":\"https:\\\/\\\/www.kolibrifestivaali.org\\\/sv\\\/kolibri-2025-childrens-book-fair\\\/#breadcrumb\"},\"inLanguage\":\"sv-SE\",\"potentialAction\":[{\"@type\":\"ReadAction\",\"target\":[\"https:\\\/\\\/www.kolibrifestivaali.org\\\/sv\\\/kolibri-2025-childrens-book-fair\\\/\"]}]},{\"@type\":\"ImageObject\",\"inLanguage\":\"sv-SE\",\"@id\":\"https:\\\/\\\/www.kolibrifestivaali.org\\\/sv\\\/kolibri-2025-childrens-book-fair\\\/#primaryimage\",\"url\":\"https:\\\/\\\/www.kolibrifestivaali.org\\\/wp-content\\\/uploads\\\/2025\\\/06\\\/children-book-fair-kolibri-2025.png\",\"contentUrl\":\"https:\\\/\\\/www.kolibrifestivaali.org\\\/wp-content\\\/uploads\\\/2025\\\/06\\\/children-book-fair-kolibri-2025.png\",\"width\":1920,\"height\":1080,\"caption\":\"The image shows the poster of Kolibr\u00ed Children's Book Fair 2025\"},{\"@type\":\"BreadcrumbList\",\"@id\":\"https:\\\/\\\/www.kolibrifestivaali.org\\\/sv\\\/kolibri-2025-childrens-book-fair\\\/#breadcrumb\",\"itemListElement\":[{\"@type\":\"ListItem\",\"position\":1,\"name\":\"Home\",\"item\":\"https:\\\/\\\/www.kolibrifestivaali.org\\\/sv\\\/\"},{\"@type\":\"ListItem\",\"position\":2,\"name\":\"Kolibr\u00ed Festivaali 2025 Barnbokm\u00e4ssa: Fira m\u00e5ngfald och poesi\u00a0\"}]},{\"@type\":\"WebSite\",\"@id\":\"https:\\\/\\\/www.kolibrifestivaali.org\\\/sv\\\/#website\",\"url\":\"https:\\\/\\\/www.kolibrifestivaali.org\\\/sv\\\/\",\"name\":\"Kolibri Festivaali\",\"description\":\"Kolibri\u0301 is a unique multicultural, free and open art festival for children and their families.\",\"inLanguage\":\"sv-SE\"},{\"@type\":\"Person\",\"@id\":\"https:\\\/\\\/www.kolibrifestivaali.org\\\/sv\\\/#\\\/schema\\\/person\\\/a4d882046c0f7b03960be07d8b5713ba\",\"name\":\"Marta Berm\u00fadez\",\"image\":{\"@type\":\"ImageObject\",\"inLanguage\":\"sv-SE\",\"@id\":\"https:\\\/\\\/secure.gravatar.com\\\/avatar\\\/35700c2014d565cf72e89c0e712b6bc70303de9d0796b72a069bbd235e79a7b5?s=96&d=mm&r=g\",\"url\":\"https:\\\/\\\/secure.gravatar.com\\\/avatar\\\/35700c2014d565cf72e89c0e712b6bc70303de9d0796b72a069bbd235e79a7b5?s=96&d=mm&r=g\",\"contentUrl\":\"https:\\\/\\\/secure.gravatar.com\\\/avatar\\\/35700c2014d565cf72e89c0e712b6bc70303de9d0796b72a069bbd235e79a7b5?s=96&d=mm&r=g\",\"caption\":\"Marta Berm\u00fadez\"}}]}<\/script>\n<!-- \/ Yoast SEO plugin. -->","yoast_head_json":{"title":"Kolibr\u00ed Festivaali 2025 Barnbokm\u00e4ssa: Fira m\u00e5ngfald och poesi\u00a0 - Kolibri Festivaali","description":"I \u00e5r firar vi v\u00e5rt \u00e4lskade festivals tio\u00e5rsjubileum, vilket g\u00f6r denna bokm\u00e4ssa \u00e4nnu mer speciell!\u00a0L\u00e4gg datumet i kalender!","robots":{"index":"index","follow":"follow","max-snippet":"max-snippet:-1","max-image-preview":"max-image-preview:large","max-video-preview":"max-video-preview:-1"},"canonical":"https:\/\/www.kolibrifestivaali.org\/sv\/kolibri-2025-childrens-book-fair\/","og_locale":"sv_SE","og_type":"article","og_title":"Kolibr\u00ed Festivaali 2025 Barnbokm\u00e4ssa: Fira m\u00e5ngfald och poesi\u00a0 - Kolibri Festivaali","og_description":"I \u00e5r firar vi v\u00e5rt \u00e4lskade festivals tio\u00e5rsjubileum, vilket g\u00f6r denna bokm\u00e4ssa \u00e4nnu mer speciell!\u00a0L\u00e4gg datumet i kalender!","og_url":"https:\/\/www.kolibrifestivaali.org\/sv\/kolibri-2025-childrens-book-fair\/","og_site_name":"Kolibri Festivaali","article_published_time":"2025-06-16T06:58:59+00:00","article_modified_time":"2025-06-16T07:31:59+00:00","og_image":[{"width":1920,"height":1080,"url":"https:\/\/www.kolibrifestivaali.org\/wp-content\/uploads\/2025\/06\/children-book-fair-kolibri-2025.png","type":"image\/png"}],"author":"Marta Berm\u00fadez","twitter_card":"summary_large_image","twitter_misc":{"Skriven av":"Marta Berm\u00fadez","Ber\u00e4knad l\u00e4stid":"3 minuter"},"schema":{"@context":"https:\/\/schema.org","@graph":[{"@type":"Article","@id":"https:\/\/www.kolibrifestivaali.org\/sv\/kolibri-2025-childrens-book-fair\/#article","isPartOf":{"@id":"https:\/\/www.kolibrifestivaali.org\/sv\/kolibri-2025-childrens-book-fair\/"},"author":{"name":"Marta Berm\u00fadez","@id":"https:\/\/www.kolibrifestivaali.org\/sv\/#\/schema\/person\/a4d882046c0f7b03960be07d8b5713ba"},"headline":"Kolibr\u00ed Festivaali 2025 Barnbokm\u00e4ssa: Fira m\u00e5ngfald och poesi\u00a0","datePublished":"2025-06-16T06:58:59+00:00","dateModified":"2025-06-16T07:31:59+00:00","mainEntityOfPage":{"@id":"https:\/\/www.kolibrifestivaali.org\/sv\/kolibri-2025-childrens-book-fair\/"},"wordCount":418,"image":{"@id":"https:\/\/www.kolibrifestivaali.org\/sv\/kolibri-2025-childrens-book-fair\/#primaryimage"},"thumbnailUrl":"https:\/\/www.kolibrifestivaali.org\/wp-content\/uploads\/2025\/06\/children-book-fair-kolibri-2025.png","keywords":["children book fair","kolibri festivaali 2025"],"articleSection":["News"],"inLanguage":"sv-SE"},{"@type":"WebPage","@id":"https:\/\/www.kolibrifestivaali.org\/sv\/kolibri-2025-childrens-book-fair\/","url":"https:\/\/www.kolibrifestivaali.org\/sv\/kolibri-2025-childrens-book-fair\/","name":"Kolibr\u00ed Festivaali 2025 Barnbokm\u00e4ssa: Fira m\u00e5ngfald och poesi\u00a0 - Kolibri Festivaali","isPartOf":{"@id":"https:\/\/www.kolibrifestivaali.org\/sv\/#website"},"primaryImageOfPage":{"@id":"https:\/\/www.kolibrifestivaali.org\/sv\/kolibri-2025-childrens-book-fair\/#primaryimage"},"image":{"@id":"https:\/\/www.kolibrifestivaali.org\/sv\/kolibri-2025-childrens-book-fair\/#primaryimage"},"thumbnailUrl":"https:\/\/www.kolibrifestivaali.org\/wp-content\/uploads\/2025\/06\/children-book-fair-kolibri-2025.png","datePublished":"2025-06-16T06:58:59+00:00","dateModified":"2025-06-16T07:31:59+00:00","author":{"@id":"https:\/\/www.kolibrifestivaali.org\/sv\/#\/schema\/person\/a4d882046c0f7b03960be07d8b5713ba"},"description":"I \u00e5r firar vi v\u00e5rt \u00e4lskade festivals tio\u00e5rsjubileum, vilket g\u00f6r denna bokm\u00e4ssa \u00e4nnu mer speciell!\u00a0L\u00e4gg datumet i kalender!","breadcrumb":{"@id":"https:\/\/www.kolibrifestivaali.org\/sv\/kolibri-2025-childrens-book-fair\/#breadcrumb"},"inLanguage":"sv-SE","potentialAction":[{"@type":"ReadAction","target":["https:\/\/www.kolibrifestivaali.org\/sv\/kolibri-2025-childrens-book-fair\/"]}]},{"@type":"ImageObject","inLanguage":"sv-SE","@id":"https:\/\/www.kolibrifestivaali.org\/sv\/kolibri-2025-childrens-book-fair\/#primaryimage","url":"https:\/\/www.kolibrifestivaali.org\/wp-content\/uploads\/2025\/06\/children-book-fair-kolibri-2025.png","contentUrl":"https:\/\/www.kolibrifestivaali.org\/wp-content\/uploads\/2025\/06\/children-book-fair-kolibri-2025.png","width":1920,"height":1080,"caption":"The image shows the poster of Kolibr\u00ed Children's Book Fair 2025"},{"@type":"BreadcrumbList","@id":"https:\/\/www.kolibrifestivaali.org\/sv\/kolibri-2025-childrens-book-fair\/#breadcrumb","itemListElement":[{"@type":"ListItem","position":1,"name":"Home","item":"https:\/\/www.kolibrifestivaali.org\/sv\/"},{"@type":"ListItem","position":2,"name":"Kolibr\u00ed Festivaali 2025 Barnbokm\u00e4ssa: Fira m\u00e5ngfald och poesi\u00a0"}]},{"@type":"WebSite","@id":"https:\/\/www.kolibrifestivaali.org\/sv\/#website","url":"https:\/\/www.kolibrifestivaali.org\/sv\/","name":"Kolibri Festivaali","description":"Kolibri\u0301 is a unique multicultural, free and open art festival for children and their families.","inLanguage":"sv-SE"},{"@type":"Person","@id":"https:\/\/www.kolibrifestivaali.org\/sv\/#\/schema\/person\/a4d882046c0f7b03960be07d8b5713ba","name":"Marta Berm\u00fadez","image":{"@type":"ImageObject","inLanguage":"sv-SE","@id":"https:\/\/secure.gravatar.com\/avatar\/35700c2014d565cf72e89c0e712b6bc70303de9d0796b72a069bbd235e79a7b5?s=96&d=mm&r=g","url":"https:\/\/secure.gravatar.com\/avatar\/35700c2014d565cf72e89c0e712b6bc70303de9d0796b72a069bbd235e79a7b5?s=96&d=mm&r=g","contentUrl":"https:\/\/secure.gravatar.com\/avatar\/35700c2014d565cf72e89c0e712b6bc70303de9d0796b72a069bbd235e79a7b5?s=96&d=mm&r=g","caption":"Marta Berm\u00fadez"}}]}},"_links":{"self":[{"href":"https:\/\/www.kolibrifestivaali.org\/sv\/wp-json\/wp\/v2\/posts\/327392","targetHints":{"allow":["GET"]}}],"collection":[{"href":"https:\/\/www.kolibrifestivaali.org\/sv\/wp-json\/wp\/v2\/posts"}],"about":[{"href":"https:\/\/www.kolibrifestivaali.org\/sv\/wp-json\/wp\/v2\/types\/post"}],"author":[{"embeddable":true,"href":"https:\/\/www.kolibrifestivaali.org\/sv\/wp-json\/wp\/v2\/users\/13"}],"replies":[{"embeddable":true,"href":"https:\/\/www.kolibrifestivaali.org\/sv\/wp-json\/wp\/v2\/comments?post=327392"}],"version-history":[{"count":1,"href":"https:\/\/www.kolibrifestivaali.org\/sv\/wp-json\/wp\/v2\/posts\/327392\/revisions"}],"predecessor-version":[{"id":327394,"href":"https:\/\/www.kolibrifestivaali.org\/sv\/wp-json\/wp\/v2\/posts\/327392\/revisions\/327394"}],"wp:featuredmedia":[{"embeddable":true,"href":"https:\/\/www.kolibrifestivaali.org\/sv\/wp-json\/wp\/v2\/media\/327367"}],"wp:attachment":[{"href":"https:\/\/www.kolibrifestivaali.org\/sv\/wp-json\/wp\/v2\/media?parent=327392"}],"wp:term":[{"taxonomy":"category","embeddable":true,"href":"https:\/\/www.kolibrifestivaali.org\/sv\/wp-json\/wp\/v2\/categories?post=327392"},{"taxonomy":"post_tag","embeddable":true,"href":"https:\/\/www.kolibrifestivaali.org\/sv\/wp-json\/wp\/v2\/tags?post=327392"}],"curies":[{"name":"wp","href":"https:\/\/api.w.org\/{rel}","templated":true}]}}