{"id":327124,"date":"2025-05-12T14:27:08","date_gmt":"2025-05-12T11:27:08","guid":{"rendered":"https:\/\/www.kolibrifestivaali.org\/news-archive-sv\/gusti-illustrator-image-kolibri-festivaali-2025\/"},"modified":"2025-08-15T17:48:53","modified_gmt":"2025-08-15T14:48:53","slug":"gusti-illustrator-image-kolibri-festivaali-2025","status":"publish","type":"post","link":"https:\/\/www.kolibrifestivaali.org\/sv\/gusti-illustrator-image-kolibri-festivaali-2025\/","title":{"rendered":"Gusti, Illustrat\u00f6r av Kolibr\u00ed Festivaali 2025 10-\u00e5rsjubileumbilden\u00a0\u00a0\u00a0"},"content":{"rendered":"\n<p>N\u00e4r vi ber\u00e4ttar att <strong>illustrat\u00f6ren bakom den officiella bilden f\u00f6r Kolibr\u00eds 10-\u00e5rsjubileum \u00e4r Gustavo Ariel Rosemffet Abramovich<\/strong> (AR), kanske du inte k\u00e4nner igen namnet. Men om vi f\u00f6rklarar att det \u00e4r Gusti, \u00e4r vi s\u00e4kra p\u00e5 att vi f\u00e5r dig att le.&nbsp;<\/p>\n\n\n\n<p>I denna speciella upplaga, d\u00e4r v\u00e5r <strong>Kolibr\u00ed har fladdrat runt i 10 \u00e5r f\u00f6r att uppn\u00e5 mer m\u00e5ngfald inom barnkultursektorn<\/strong>, kunde vi inte l\u00e4mna v\u00e5r \u00e4lskade lilla f\u00e5gel i b\u00e4ttre h\u00e4nder och penslar.&nbsp;&nbsp;<\/p>\n\n\n\n<p>Det \u00e4r en \u00e4ra f\u00f6r Kolibr\u00ed festivalen att ha Gusti som illustrat\u00f6r f\u00f6r den officiella bilden av v\u00e5rt tio\u00e5rsjubileum. <strong>Vi uppmuntrar dig att l\u00e4ra k\u00e4nna honom lite b\u00e4ttre, uppt\u00e4cka hans verk och sj\u00e4lvklart delta i hans paneler och workshops under festivalen<\/strong>!&nbsp;&nbsp;<\/p>\n\n\n\n<h2 class=\"wp-block-heading has-text-align-left\">\u00d6ver 40 \u00e5r med att illustrera litteratur och inkludering&nbsp;<\/h2>\n\n\n\n<p>Efter att ha f\u00e5tt sin examen i design och reklamfr\u00e4mjande fr\u00e5n Argentinas School od Art Fernando Fader (konstskola Fernando Fader), b\u00f6rjade han arbeta i v\u00e4lk\u00e4nda animationsstudior s\u00e5 som Catu och Hanna Barbera. Han jobbade ocks\u00e5 med att illustrera teckningar till olika tidningar.&nbsp;<\/p>\n\n\n\n<p>Men snart best\u00e4mde han sig f\u00f6r att fokusera p\u00e5 litter\u00e4r skapelse, och b\u00f6rjade skriva och illustrera barn- och ungdomsb\u00f6cker.&nbsp;<\/p>\n\n\n\n<p>Under sin 40-\u00e5riga karri\u00e4r har Gusti redan \u00f6verstigit milstenen av att <strong>publicera 150 b\u00f6cker p\u00e5 mer \u00e4n 20 spr\u00e5k via f\u00f6rlag i Japan, Taiwan, Schweiz, Frankrike, Spanien, Argentina, Tyskland och USA<\/strong>.&nbsp;&nbsp;<\/p>\n\n\n\n<p>Tack vare sitt omfattande arbete har han f\u00e5tt prestigefyllda utm\u00e4rkelser som Bratislava Golden Apple Prix, National Illustration Award i Spanien, Lazarillo-prisets JUNCEDA-kategori som tilldelas av Professional Association of Illustrators of Catalonia (Spanien), d\u00e4r han har bott i m\u00e5nga \u00e5r.&nbsp;<\/p>\n\n\n\n<p>\u00c5r 2016 vann han <a href=\"https:\/\/www.bolognachildrensbookfair.com\/media\/libro\/press_release\/2016\/ENNNCs_BRAW_2016.pdf\" target=\"_blank\" rel=\"noreferrer noopener\">Bologna Ragazzi-priset<\/a> i kategorin funktionshinder f\u00f6r sitt intima verk <strong>&#8221;Mallko y pap\u00e1&#8221; <\/strong>(Oc\u00e9ano Traves\u00eda), d\u00e4r han visar oss hur det \u00e4r att vara pappa, mamma eller syskon till Mallko, hans son som har Downs syndrom.&nbsp;&nbsp;<\/p>\n\n\n\n<p>Det temat som tydligt utm\u00e4rker sig i b\u00f6ckerna som Gusti har skrivit och illustrerat \u00e4r utan tvekan inkludering och lika m\u00f6jligheter f\u00f6r alla.&nbsp;<\/p>\n\n\n\n<p>En verklighet som han ocks\u00e5 skildrar med naturlighet och n\u00f6dv\u00e4ndig humor i hans andra verk, som&nbsp; <strong>&#8221;No somos angelitos&#8221; <\/strong>(Oc\u00e9ano Traves\u00eda).&nbsp;<\/p>\n\n\n\n<p>Jos on olemassa yksi teema, joka korostuu Gustin kirjoittamissa ja kuvittamissa teoksissa ylitse muiden, niin se on ep\u00e4ilem\u00e4tt\u00e4 inkluusio ja yht\u00e4l\u00e4iset mahdollisuudet kaikille. T\u00e4t\u00e4 todellisuutta h\u00e4n kuvaa luonnollisella ja tarpeellisella huumorilla h\u00f6ystettyn\u00e4 monissa muissakin teoksissaan, kuten <strong>\u201cNo somos angelitos\u201d <\/strong>(Oc\u00e9ano Traves\u00eda).&nbsp;<\/p>\n\n\n\n<blockquote class=\"wp-block-quote is-layout-flow wp-block-quote-is-layout-flow\">\n<p>&#8221;Funktionshinder skr\u00e4mmer. Dessa \u00e4mnen hanteras med silkesvantar. Varf\u00f6r \u00e4r vi s\u00e5 r\u00e4dda f\u00f6r att prata om det? Jag \u00e4r en b\u00e4ttre person sedan min son f\u00f6ddes, och jag skulle inte byta det mot n\u00e5got, men det finns ocks\u00e5 dagar d\u00e5 v\u00e4rlden faller samman,&#8221; f\u00f6rklarar han.&nbsp;&nbsp;<\/p>\n<\/blockquote>\n\n\n\n<p>Han h\u00e5ller f\u00f6r n\u00e4rvarande p\u00e5 att avsluta <strong>sitt n\u00e4sta verk, &#8221;Es muy f\u00e1cil viajar con un oso&#8221;<\/strong>. Det \u00e4r en bok full av humor inspirerad av de anekdoter som Gusti och hans son Mallko upplevt p\u00e5 flygplatser.&nbsp;<\/p>\n\n\n\n<p>Och som Gusti h\u00e4vdar, &#8221;Barn med funktionshinder har ocks\u00e5 r\u00e4tt att vara busiga och g\u00f6ra dumma saker.&#8221;&nbsp;<\/p>\n\n\n\n<div class=\"wp-block-columns is-layout-flex wp-container-core-columns-is-layout-9d6595d7 wp-block-columns-is-layout-flex\">\n<div class=\"wp-block-column is-layout-flow wp-block-column-is-layout-flow\" style=\"flex-basis:66.66%\">\n<figure class=\"wp-block-image size-large\"><img decoding=\"async\" width=\"1280\" height=\"1570\" src=\"https:\/\/www.kolibrifestivaali.org\/wp-content\/uploads\/2025\/05\/img-20221019-090152-1280x1570.jpg\" alt=\"\" class=\"wp-image-327089\" srcset=\"https:\/\/www.kolibrifestivaali.org\/wp-content\/uploads\/2025\/05\/img-20221019-090152-1280x1570.jpg 1280w, https:\/\/www.kolibrifestivaali.org\/wp-content\/uploads\/2025\/05\/img-20221019-090152-350x429.jpg 350w, https:\/\/www.kolibrifestivaali.org\/wp-content\/uploads\/2025\/05\/img-20221019-090152-768x942.jpg 768w, https:\/\/www.kolibrifestivaali.org\/wp-content\/uploads\/2025\/05\/img-20221019-090152-1252x1536.jpg 1252w, https:\/\/www.kolibrifestivaali.org\/wp-content\/uploads\/2025\/05\/img-20221019-090152-500x613.jpg 500w, https:\/\/www.kolibrifestivaali.org\/wp-content\/uploads\/2025\/05\/img-20221019-090152-830x1018.jpg 830w, https:\/\/www.kolibrifestivaali.org\/wp-content\/uploads\/2025\/05\/img-20221019-090152.jpg 1565w\" sizes=\"(max-width: 1280px) 100vw, 1280px\" \/><\/figure>\n<\/div>\n\n\n\n<div class=\"wp-block-column is-layout-flow wp-block-column-is-layout-flow\" style=\"flex-basis:33.33%\">\n<p><\/p>\n\n\n\n<p class=\"has-text-align-left\">Ett inkluderande perspektiv som han sprider med sina konstverkst\u00e4der och kollektiva verk, s\u00e5 som konstn\u00e4rliga v\u00e4ggm\u00e5lningar, d\u00e4r han skapar utrymmen d\u00e4r alla \u00e4r v\u00e4lkomna att l\u00e4ra sig och ha kul.&nbsp;<\/p>\n<\/div>\n<\/div>\n\n\n\n<p>\u00c5r 2014 var han med och grundade <a href=\"https:\/\/www.windown.org\/\" target=\"_blank\" rel=\"noreferrer noopener\">f\u00f6reningen Windown<\/a>, d\u00e4r han fr\u00e4mjar inkluderande konstverkst\u00e4der fr\u00e5n den katalanska staden Sant Cugat del Vall\u00e8s. Om du vill st\u00f6dja detta projekt kan du k\u00f6pa de m\u00e5lningar som skapats av konstn\u00e4rerna i verkst\u00e4derna p\u00e5 f\u00f6reningens webbplats.&nbsp;&nbsp;<\/p>\n\n\n\n<p>F\u00f6rutom att vara f\u00f6rfattare, illustrat\u00f6r och aktivist f\u00f6r r\u00e4ttigheter f\u00f6r personer med funktionshinder, f\u00e5r vi inte gl\u00f6mma hans <strong>\u00e5tervinningsprojekt i Mexiko och Colombia,<\/strong> eller hans arbete f\u00f6r att f\u00f6rsvara Andinsk kondor och andra f\u00e5glar i Sydamerika. Med dessa projekt uppenbaras hans andra stora passion: naturen.&nbsp;&nbsp;<\/p>\n\n\n\n<h2 class=\"wp-block-heading\">Andra prisbel\u00f6nta titlar:<\/h2>\n\n\n\n<ul class=\"wp-block-list\">\n<li>&#8221;Mallko y pap\u00e1&#8221;.&nbsp;<\/li>\n\n\n\n<li>&#8221;Pap\u00e1 se fue a la selva&#8221;.&nbsp;<\/li>\n\n\n\n<li>&#8221;El elefante encadenado&#8221;.&nbsp;<\/li>\n\n\n\n<li>&#8221;Medio Elefante&#8221;.&nbsp;<\/li>\n\n\n\n<li>&#8221;La mosca&#8221;.&nbsp;<\/li>\n\n\n\n<li>&#8221;Ernesto el le\u00f3n hambriento&#8221;.&nbsp;<\/li>\n\n\n\n<li>&#8221;La peque\u00f1a Wu-li&#8221; (Lazarillo Awar).&nbsp;<\/li>\n\n\n\n<li>&#8221;El pirata valiente&#8221; (National Illustration Award).&nbsp;<\/li>\n\n\n\n<li>&#8221;U\u00f1a y carne&#8221; (Apelles Mestres Award).&nbsp;<\/li>\n\n\n\n<li>&#8221;Pip i el color&#8221; (Pomme d&#8217;Or de Bratislava Award).&nbsp;<\/li>\n\n\n\n<li>&#8221;Un cabello azul&#8221; (Espasa Calpe).&nbsp;<\/li>\n<\/ul>\n\n\n\n<p>Gl\u00f6m inte att du kan hitta m\u00e5nga av Gustis verk i <a href=\"https:\/\/helmet.finna.fi\/Search\/\" target=\"_blank\" rel=\"noreferrer noopener\">Helmet-biblioteken<\/a>, tillsammans med andra b\u00f6cker d\u00e4r han har bidragit som illustrat\u00f6r.\u00a0\u00a0\u00a0<\/p>\n\n\n\n<h2 class=\"wp-block-heading has-text-align-left\">Missa inte de aktiviteter som Gusti kommer att leda p\u00e5 Kolibr\u00ed Festivaali 2025<\/h2>\n\n\n\n<ul class=\"wp-block-list\">\n<li>24.9.2025 | 9:00 am | Ammatiopisto LIVE |\u00a0<a href=\"https:\/\/www.kolibrifestivaali.org\/sv\/event\/fonster-mot-det-annorlunda-kreativitet-bild-och-uttryckskraft\/\">F\u00f6nster mot det annorlunda: kreativitet, bild och uttryckskraft<\/a>: Gusti h\u00e5ller en yrkesinriktad workshop f\u00f6r pedagoger som arbetar med personer med funktionsvariationer.\u00a0\u00a0\u00a0<\/li>\n\n\n\n<li>27.9.2025 | 11 am + 2 pm| Annantalo |\u00a0<a href=\"https:\/\/www.kolibrifestivaali.org\/sv\/event\/leka-och-mala\/\">Leka och m\u00e5la!<\/a>: en workshop f\u00f6r att njuta, skapa och uttrycka sig fritt.\u00a0\u00a0\u00a0\u00a0<\/li>\n\n\n\n<li>27.9.2025 | 12:30 pm + 3:30 pm | Annantalo |\u00a0<a href=\"https:\/\/www.kolibrifestivaali.org\/sv\/event\/gusti-boksignering-pa-barnboksmassan\/\">Boksignering p\u00e5 barnboksm\u00e4ssan<\/a>: Gusti kommer att signera b\u00f6cker p\u00e5 v\u00e5r m\u00e4ssa \u2013 missa inte det!<\/li>\n<\/ul>\n\n\n\n<p><a href=\"https:\/\/www.kolibrifestivaali.org\/sv\/program\/\">Programmet<\/a> \u00a0<\/p>\n\n\n\n<p>Du kan f\u00f6lja hans arbete p\u00e5 Instagram (@gusti.rosemffet), Facebook (<a href=\"mailto:@gusti.rosemffet\" target=\"_blank\" rel=\"noreferrer noopener\">@gusti.rosemffet<\/a>) och X (@gustillimpi). #gustillimpi\u00a0<\/p>\n\n\n\n<p>Gustis deltagande i Kolibr\u00ed Festivaali \u00e4r tack vare <a href=\"https:\/\/www.cultura.gob.es\/cultura\/libro-bibliotecas.html\" target=\"_blank\" rel=\"noreferrer noopener\">Direcci\u00f3n General del Libro, del C\u00f3mic y de la Lectura<\/a> av Ministerio de Cultura y Deportes i Spanien, \u00a0<a href=\"https:\/\/efinl.cancilleria.gob.ar\/\" target=\"_blank\" rel=\"noreferrer noopener\">Argentinas ambassad i Finland<\/a> och \u00a0<a href=\"https:\/\/www.livesaatio.fi\/opisto\/hakijalle\/telma-koulutus\/toimipaikat\/leppavaara\" target=\"_blank\" rel=\"noreferrer noopener\">Ammattiopisto LIVE<\/a>.<\/p>\n","protected":false},"excerpt":{"rendered":"<p>N\u00e4r vi ber\u00e4ttar att illustrat\u00f6ren bakom den officiella bilden f\u00f6r Kolibr\u00eds 10-\u00e5rsjubileum \u00e4r Gustavo Ariel Rosemffet Abramovich (AR), kanske du [\u2026] <a href=\"https:\/\/www.kolibrifestivaali.org\/sv\/gusti-illustrator-image-kolibri-festivaali-2025\/\">Lue lis\u00e4\u00e4 &raquo;<\/a><\/p>\n<div class='heateor_sss_sharing_container heateor_sss_vertical_sharing heateor_sss_bottom_sharing' style='width:34px;right: -10px;top: 100px;-webkit-box-shadow:none;box-shadow:none;' data-heateor-sss-href='https:\/\/www.kolibrifestivaali.org\/sv\/wp-json\/wp\/v2\/posts\/327124'><div class=\"heateor_sss_sharing_ul\"><a aria-label=\"Facebook\" class=\"heateor_sss_facebook\" href=\"https:\/\/www.facebook.com\/sharer\/sharer.php?u=https%3A%2F%2Fwww.kolibrifestivaali.org%2Fsv%2Fwp-json%2Fwp%2Fv2%2Fposts%2F327124\" title=\"Facebook\" rel=\"nofollow noopener\" target=\"_blank\" style=\"font-size:32px!important;box-shadow:none;display:inline-block;vertical-align:middle\"><span class=\"heateor_sss_svg\" style=\"background-color:#0765FE;width:30px;height:30px;border-radius:999px;display:inline-block;opacity:1;float:left;font-size:32px;box-shadow:none;display:inline-block;font-size:16px;padding:0 4px;vertical-align:middle;background-repeat:repeat;overflow:hidden;padding:0;cursor:pointer;box-sizing:content-box\"><svg style=\"display:block;border-radius:999px;\" focusable=\"false\" aria-hidden=\"true\" xmlns=\"http:\/\/www.w3.org\/2000\/svg\" width=\"100%\" height=\"100%\" viewBox=\"0 0 32 32\"><path fill=\"#fff\" d=\"M28 16c0-6.627-5.373-12-12-12S4 9.373 4 16c0 5.628 3.875 10.35 9.101 11.647v-7.98h-2.474V16H13.1v-1.58c0-4.085 1.849-5.978 5.859-5.978.76 0 2.072.15 2.608.298v3.325c-.283-.03-.775-.045-1.386-.045-1.967 0-2.728.745-2.728 2.683V16h3.92l-.673 3.667h-3.247v8.245C23.395 27.195 28 22.135 28 16Z\"><\/path><\/svg><\/span><\/a><a aria-label=\"X\" class=\"heateor_sss_button_x\" href=\"https:\/\/twitter.com\/intent\/tweet?text=Kolibri%20Festivaali%20-%20Kolibri%CC%81%20is%20a%20unique%20multicultural%2C%20free%20and%20open%20art%20festival%20for%20children%20and%20their%20families.&url=https%3A%2F%2Fwww.kolibrifestivaali.org%2Fsv%2Fwp-json%2Fwp%2Fv2%2Fposts%2F327124\" title=\"X\" rel=\"nofollow noopener\" target=\"_blank\" style=\"font-size:32px!important;box-shadow:none;display:inline-block;vertical-align:middle\"><span class=\"heateor_sss_svg heateor_sss_s__default heateor_sss_s_x\" style=\"background-color:#2a2a2a;width:30px;height:30px;border-radius:999px;display:inline-block;opacity:1;float:left;font-size:32px;box-shadow:none;display:inline-block;font-size:16px;padding:0 4px;vertical-align:middle;background-repeat:repeat;overflow:hidden;padding:0;cursor:pointer;box-sizing:content-box\"><svg width=\"100%\" height=\"100%\" style=\"display:block;border-radius:999px;\" focusable=\"false\" aria-hidden=\"true\" xmlns=\"http:\/\/www.w3.org\/2000\/svg\" viewBox=\"0 0 32 32\"><path fill=\"#fff\" d=\"M21.751 7h3.067l-6.7 7.658L26 25.078h-6.172l-4.833-6.32-5.531 6.32h-3.07l7.167-8.19L6 7h6.328l4.37 5.777L21.75 7Zm-1.076 16.242h1.7L11.404 8.74H9.58l11.094 14.503Z\"><\/path><\/svg><\/span><\/a><a aria-label=\"Linkedin\" class=\"heateor_sss_button_linkedin\" href=\"https:\/\/www.linkedin.com\/sharing\/share-offsite\/?url=https%3A%2F%2Fwww.kolibrifestivaali.org%2Fsv%2Fwp-json%2Fwp%2Fv2%2Fposts%2F327124\" title=\"Linkedin\" rel=\"nofollow noopener\" target=\"_blank\" style=\"font-size:32px!important;box-shadow:none;display:inline-block;vertical-align:middle\"><span class=\"heateor_sss_svg heateor_sss_s__default heateor_sss_s_linkedin\" style=\"background-color:#0077b5;width:30px;height:30px;border-radius:999px;display:inline-block;opacity:1;float:left;font-size:32px;box-shadow:none;display:inline-block;font-size:16px;padding:0 4px;vertical-align:middle;background-repeat:repeat;overflow:hidden;padding:0;cursor:pointer;box-sizing:content-box\"><svg style=\"display:block;border-radius:999px;\" focusable=\"false\" aria-hidden=\"true\" xmlns=\"http:\/\/www.w3.org\/2000\/svg\" width=\"100%\" height=\"100%\" viewBox=\"0 0 32 32\"><path d=\"M6.227 12.61h4.19v13.48h-4.19V12.61zm2.095-6.7a2.43 2.43 0 0 1 0 4.86c-1.344 0-2.428-1.09-2.428-2.43s1.084-2.43 2.428-2.43m4.72 6.7h4.02v1.84h.058c.56-1.058 1.927-2.176 3.965-2.176 4.238 0 5.02 2.792 5.02 6.42v7.395h-4.183v-6.56c0-1.564-.03-3.574-2.178-3.574-2.18 0-2.514 1.7-2.514 3.46v6.668h-4.187V12.61z\" fill=\"#fff\"><\/path><\/svg><\/span><\/a><a aria-label=\"Instagram\" class=\"heateor_sss_button_instagram\" href=\"https:\/\/www.instagram.com\/\" title=\"Instagram\" rel=\"nofollow noopener\" target=\"_blank\" style=\"font-size:32px!important;box-shadow:none;display:inline-block;vertical-align:middle\"><span class=\"heateor_sss_svg\" style=\"background-color:#53beee;width:30px;height:30px;border-radius:999px;display:inline-block;opacity:1;float:left;font-size:32px;box-shadow:none;display:inline-block;font-size:16px;padding:0 4px;vertical-align:middle;background-repeat:repeat;overflow:hidden;padding:0;cursor:pointer;box-sizing:content-box\"><svg style=\"display:block;border-radius:999px;\" version=\"1.1\" viewBox=\"-10 -10 148 148\" width=\"100%\" height=\"100%\" xml:space=\"preserve\" xmlns=\"http:\/\/www.w3.org\/2000\/svg\" xmlns:xlink=\"http:\/\/www.w3.org\/1999\/xlink\"><g><g><path d=\"M86,112H42c-14.336,0-26-11.663-26-26V42c0-14.337,11.664-26,26-26h44c14.337,0,26,11.663,26,26v44 C112,100.337,100.337,112,86,112z M42,24c-9.925,0-18,8.074-18,18v44c0,9.925,8.075,18,18,18h44c9.926,0,18-8.075,18-18V42 c0-9.926-8.074-18-18-18H42z\" fill=\"#fff\"><\/path><\/g><g><path d=\"M64,88c-13.234,0-24-10.767-24-24c0-13.234,10.766-24,24-24s24,10.766,24,24C88,77.233,77.234,88,64,88z M64,48c-8.822,0-16,7.178-16,16s7.178,16,16,16c8.822,0,16-7.178,16-16S72.822,48,64,48z\" fill=\"#fff\"><\/path><\/g><g><circle cx=\"89.5\" cy=\"38.5\" fill=\"#fff\" r=\"5.5\"><\/circle><\/g><\/g><\/svg><\/span><\/a><\/div><div class=\"heateorSssClear\"><\/div><\/div>","protected":false},"author":13,"featured_media":327082,"comment_status":"closed","ping_status":"closed","sticky":false,"template":"","format":"standard","meta":{"_acf_changed":false,"footnotes":""},"categories":[23],"tags":[941],"class_list":["post-327124","post","type-post","status-publish","format-standard","has-post-thumbnail","hentry","category-news-archive-sv","tag-kolibri-festivaali-2025-sv"],"acf":[],"yoast_head":"<!-- This site is optimized with the Yoast SEO plugin v27.5 - https:\/\/yoast.com\/product\/yoast-seo-wordpress\/ -->\n<title>Gusti, Illustrat\u00f6r av Kolibr\u00ed Festivaali 2025 10-\u00e5rsjubileumbilden\u00a0\u00a0\u00a0 - Kolibri Festivaali<\/title>\n<meta name=\"description\" content=\"Vi uppmuntrar dig att l\u00e4ra k\u00e4nna honom lite b\u00e4ttre, uppt\u00e4cka hans verk och sj\u00e4lvklart delta i hans paneler och workshops under festivalen!\u00a0\" \/>\n<meta name=\"robots\" content=\"index, follow, max-snippet:-1, max-image-preview:large, max-video-preview:-1\" \/>\n<link rel=\"canonical\" href=\"https:\/\/www.kolibrifestivaali.org\/sv\/gusti-illustrator-image-kolibri-festivaali-2025\/\" \/>\n<meta property=\"og:locale\" content=\"sv_SE\" \/>\n<meta property=\"og:type\" content=\"article\" \/>\n<meta property=\"og:title\" content=\"Gusti, Illustrat\u00f6r av Kolibr\u00ed Festivaali 2025 10-\u00e5rsjubileumbilden\u00a0\u00a0\u00a0 - Kolibri Festivaali\" \/>\n<meta property=\"og:description\" content=\"Vi uppmuntrar dig att l\u00e4ra k\u00e4nna honom lite b\u00e4ttre, uppt\u00e4cka hans verk och sj\u00e4lvklart delta i hans paneler och workshops under festivalen!\u00a0\" \/>\n<meta property=\"og:url\" content=\"https:\/\/www.kolibrifestivaali.org\/sv\/gusti-illustrator-image-kolibri-festivaali-2025\/\" \/>\n<meta property=\"og:site_name\" content=\"Kolibri Festivaali\" \/>\n<meta property=\"article:published_time\" content=\"2025-05-12T11:27:08+00:00\" \/>\n<meta property=\"article:modified_time\" content=\"2025-08-15T14:48:53+00:00\" \/>\n<meta property=\"og:image\" content=\"https:\/\/www.kolibrifestivaali.org\/wp-content\/uploads\/2025\/05\/gusti-kolibri-2025-guest-illustrator.jpg\" \/>\n\t<meta property=\"og:image:width\" content=\"1920\" \/>\n\t<meta property=\"og:image:height\" content=\"1440\" \/>\n\t<meta property=\"og:image:type\" content=\"image\/jpeg\" \/>\n<meta name=\"author\" content=\"Marta Berm\u00fadez\" \/>\n<meta name=\"twitter:card\" content=\"summary_large_image\" \/>\n<meta name=\"twitter:label1\" content=\"Skriven av\" \/>\n\t<meta name=\"twitter:data1\" content=\"Marta Berm\u00fadez\" \/>\n\t<meta name=\"twitter:label2\" content=\"Ber\u00e4knad l\u00e4stid\" \/>\n\t<meta name=\"twitter:data2\" content=\"4 minuter\" \/>\n<script type=\"application\/ld+json\" class=\"yoast-schema-graph\">{\"@context\":\"https:\\\/\\\/schema.org\",\"@graph\":[{\"@type\":\"Article\",\"@id\":\"https:\\\/\\\/www.kolibrifestivaali.org\\\/sv\\\/gusti-illustrator-image-kolibri-festivaali-2025\\\/#article\",\"isPartOf\":{\"@id\":\"https:\\\/\\\/www.kolibrifestivaali.org\\\/sv\\\/gusti-illustrator-image-kolibri-festivaali-2025\\\/\"},\"author\":{\"name\":\"Marta Berm\u00fadez\",\"@id\":\"https:\\\/\\\/www.kolibrifestivaali.org\\\/sv\\\/#\\\/schema\\\/person\\\/a4d882046c0f7b03960be07d8b5713ba\"},\"headline\":\"Gusti, Illustrat\u00f6r av Kolibr\u00ed Festivaali 2025 10-\u00e5rsjubileumbilden\u00a0\u00a0\u00a0\",\"datePublished\":\"2025-05-12T11:27:08+00:00\",\"dateModified\":\"2025-08-15T14:48:53+00:00\",\"mainEntityOfPage\":{\"@id\":\"https:\\\/\\\/www.kolibrifestivaali.org\\\/sv\\\/gusti-illustrator-image-kolibri-festivaali-2025\\\/\"},\"wordCount\":969,\"image\":{\"@id\":\"https:\\\/\\\/www.kolibrifestivaali.org\\\/sv\\\/gusti-illustrator-image-kolibri-festivaali-2025\\\/#primaryimage\"},\"thumbnailUrl\":\"https:\\\/\\\/www.kolibrifestivaali.org\\\/wp-content\\\/uploads\\\/2025\\\/05\\\/gusti-kolibri-2025-guest-illustrator.jpg\",\"keywords\":[\"kolibri festivaali 2025\"],\"articleSection\":[\"News\"],\"inLanguage\":\"sv-SE\"},{\"@type\":\"WebPage\",\"@id\":\"https:\\\/\\\/www.kolibrifestivaali.org\\\/sv\\\/gusti-illustrator-image-kolibri-festivaali-2025\\\/\",\"url\":\"https:\\\/\\\/www.kolibrifestivaali.org\\\/sv\\\/gusti-illustrator-image-kolibri-festivaali-2025\\\/\",\"name\":\"Gusti, Illustrat\u00f6r av Kolibr\u00ed Festivaali 2025 10-\u00e5rsjubileumbilden\u00a0\u00a0\u00a0 - Kolibri Festivaali\",\"isPartOf\":{\"@id\":\"https:\\\/\\\/www.kolibrifestivaali.org\\\/sv\\\/#website\"},\"primaryImageOfPage\":{\"@id\":\"https:\\\/\\\/www.kolibrifestivaali.org\\\/sv\\\/gusti-illustrator-image-kolibri-festivaali-2025\\\/#primaryimage\"},\"image\":{\"@id\":\"https:\\\/\\\/www.kolibrifestivaali.org\\\/sv\\\/gusti-illustrator-image-kolibri-festivaali-2025\\\/#primaryimage\"},\"thumbnailUrl\":\"https:\\\/\\\/www.kolibrifestivaali.org\\\/wp-content\\\/uploads\\\/2025\\\/05\\\/gusti-kolibri-2025-guest-illustrator.jpg\",\"datePublished\":\"2025-05-12T11:27:08+00:00\",\"dateModified\":\"2025-08-15T14:48:53+00:00\",\"author\":{\"@id\":\"https:\\\/\\\/www.kolibrifestivaali.org\\\/sv\\\/#\\\/schema\\\/person\\\/a4d882046c0f7b03960be07d8b5713ba\"},\"description\":\"Vi uppmuntrar dig att l\u00e4ra k\u00e4nna honom lite b\u00e4ttre, uppt\u00e4cka hans verk och sj\u00e4lvklart delta i hans paneler och workshops under festivalen!\u00a0\",\"breadcrumb\":{\"@id\":\"https:\\\/\\\/www.kolibrifestivaali.org\\\/sv\\\/gusti-illustrator-image-kolibri-festivaali-2025\\\/#breadcrumb\"},\"inLanguage\":\"sv-SE\",\"potentialAction\":[{\"@type\":\"ReadAction\",\"target\":[\"https:\\\/\\\/www.kolibrifestivaali.org\\\/sv\\\/gusti-illustrator-image-kolibri-festivaali-2025\\\/\"]}]},{\"@type\":\"ImageObject\",\"inLanguage\":\"sv-SE\",\"@id\":\"https:\\\/\\\/www.kolibrifestivaali.org\\\/sv\\\/gusti-illustrator-image-kolibri-festivaali-2025\\\/#primaryimage\",\"url\":\"https:\\\/\\\/www.kolibrifestivaali.org\\\/wp-content\\\/uploads\\\/2025\\\/05\\\/gusti-kolibri-2025-guest-illustrator.jpg\",\"contentUrl\":\"https:\\\/\\\/www.kolibrifestivaali.org\\\/wp-content\\\/uploads\\\/2025\\\/05\\\/gusti-kolibri-2025-guest-illustrator.jpg\",\"width\":1920,\"height\":1440},{\"@type\":\"BreadcrumbList\",\"@id\":\"https:\\\/\\\/www.kolibrifestivaali.org\\\/sv\\\/gusti-illustrator-image-kolibri-festivaali-2025\\\/#breadcrumb\",\"itemListElement\":[{\"@type\":\"ListItem\",\"position\":1,\"name\":\"Home\",\"item\":\"https:\\\/\\\/www.kolibrifestivaali.org\\\/sv\\\/\"},{\"@type\":\"ListItem\",\"position\":2,\"name\":\"Gusti, Illustrat\u00f6r av Kolibr\u00ed Festivaali 2025 10-\u00e5rsjubileumbilden\u00a0\u00a0\u00a0\"}]},{\"@type\":\"WebSite\",\"@id\":\"https:\\\/\\\/www.kolibrifestivaali.org\\\/sv\\\/#website\",\"url\":\"https:\\\/\\\/www.kolibrifestivaali.org\\\/sv\\\/\",\"name\":\"Kolibri Festivaali\",\"description\":\"Kolibri\u0301 is a unique multicultural, free and open art festival for children and their families.\",\"inLanguage\":\"sv-SE\"},{\"@type\":\"Person\",\"@id\":\"https:\\\/\\\/www.kolibrifestivaali.org\\\/sv\\\/#\\\/schema\\\/person\\\/a4d882046c0f7b03960be07d8b5713ba\",\"name\":\"Marta Berm\u00fadez\",\"image\":{\"@type\":\"ImageObject\",\"inLanguage\":\"sv-SE\",\"@id\":\"https:\\\/\\\/secure.gravatar.com\\\/avatar\\\/35700c2014d565cf72e89c0e712b6bc70303de9d0796b72a069bbd235e79a7b5?s=96&d=mm&r=g\",\"url\":\"https:\\\/\\\/secure.gravatar.com\\\/avatar\\\/35700c2014d565cf72e89c0e712b6bc70303de9d0796b72a069bbd235e79a7b5?s=96&d=mm&r=g\",\"contentUrl\":\"https:\\\/\\\/secure.gravatar.com\\\/avatar\\\/35700c2014d565cf72e89c0e712b6bc70303de9d0796b72a069bbd235e79a7b5?s=96&d=mm&r=g\",\"caption\":\"Marta Berm\u00fadez\"}}]}<\/script>\n<!-- \/ Yoast SEO plugin. -->","yoast_head_json":{"title":"Gusti, Illustrat\u00f6r av Kolibr\u00ed Festivaali 2025 10-\u00e5rsjubileumbilden\u00a0\u00a0\u00a0 - Kolibri Festivaali","description":"Vi uppmuntrar dig att l\u00e4ra k\u00e4nna honom lite b\u00e4ttre, uppt\u00e4cka hans verk och sj\u00e4lvklart delta i hans paneler och workshops under festivalen!\u00a0","robots":{"index":"index","follow":"follow","max-snippet":"max-snippet:-1","max-image-preview":"max-image-preview:large","max-video-preview":"max-video-preview:-1"},"canonical":"https:\/\/www.kolibrifestivaali.org\/sv\/gusti-illustrator-image-kolibri-festivaali-2025\/","og_locale":"sv_SE","og_type":"article","og_title":"Gusti, Illustrat\u00f6r av Kolibr\u00ed Festivaali 2025 10-\u00e5rsjubileumbilden\u00a0\u00a0\u00a0 - Kolibri Festivaali","og_description":"Vi uppmuntrar dig att l\u00e4ra k\u00e4nna honom lite b\u00e4ttre, uppt\u00e4cka hans verk och sj\u00e4lvklart delta i hans paneler och workshops under festivalen!\u00a0","og_url":"https:\/\/www.kolibrifestivaali.org\/sv\/gusti-illustrator-image-kolibri-festivaali-2025\/","og_site_name":"Kolibri Festivaali","article_published_time":"2025-05-12T11:27:08+00:00","article_modified_time":"2025-08-15T14:48:53+00:00","og_image":[{"width":1920,"height":1440,"url":"https:\/\/www.kolibrifestivaali.org\/wp-content\/uploads\/2025\/05\/gusti-kolibri-2025-guest-illustrator.jpg","type":"image\/jpeg"}],"author":"Marta Berm\u00fadez","twitter_card":"summary_large_image","twitter_misc":{"Skriven av":"Marta Berm\u00fadez","Ber\u00e4knad l\u00e4stid":"4 minuter"},"schema":{"@context":"https:\/\/schema.org","@graph":[{"@type":"Article","@id":"https:\/\/www.kolibrifestivaali.org\/sv\/gusti-illustrator-image-kolibri-festivaali-2025\/#article","isPartOf":{"@id":"https:\/\/www.kolibrifestivaali.org\/sv\/gusti-illustrator-image-kolibri-festivaali-2025\/"},"author":{"name":"Marta Berm\u00fadez","@id":"https:\/\/www.kolibrifestivaali.org\/sv\/#\/schema\/person\/a4d882046c0f7b03960be07d8b5713ba"},"headline":"Gusti, Illustrat\u00f6r av Kolibr\u00ed Festivaali 2025 10-\u00e5rsjubileumbilden\u00a0\u00a0\u00a0","datePublished":"2025-05-12T11:27:08+00:00","dateModified":"2025-08-15T14:48:53+00:00","mainEntityOfPage":{"@id":"https:\/\/www.kolibrifestivaali.org\/sv\/gusti-illustrator-image-kolibri-festivaali-2025\/"},"wordCount":969,"image":{"@id":"https:\/\/www.kolibrifestivaali.org\/sv\/gusti-illustrator-image-kolibri-festivaali-2025\/#primaryimage"},"thumbnailUrl":"https:\/\/www.kolibrifestivaali.org\/wp-content\/uploads\/2025\/05\/gusti-kolibri-2025-guest-illustrator.jpg","keywords":["kolibri festivaali 2025"],"articleSection":["News"],"inLanguage":"sv-SE"},{"@type":"WebPage","@id":"https:\/\/www.kolibrifestivaali.org\/sv\/gusti-illustrator-image-kolibri-festivaali-2025\/","url":"https:\/\/www.kolibrifestivaali.org\/sv\/gusti-illustrator-image-kolibri-festivaali-2025\/","name":"Gusti, Illustrat\u00f6r av Kolibr\u00ed Festivaali 2025 10-\u00e5rsjubileumbilden\u00a0\u00a0\u00a0 - Kolibri Festivaali","isPartOf":{"@id":"https:\/\/www.kolibrifestivaali.org\/sv\/#website"},"primaryImageOfPage":{"@id":"https:\/\/www.kolibrifestivaali.org\/sv\/gusti-illustrator-image-kolibri-festivaali-2025\/#primaryimage"},"image":{"@id":"https:\/\/www.kolibrifestivaali.org\/sv\/gusti-illustrator-image-kolibri-festivaali-2025\/#primaryimage"},"thumbnailUrl":"https:\/\/www.kolibrifestivaali.org\/wp-content\/uploads\/2025\/05\/gusti-kolibri-2025-guest-illustrator.jpg","datePublished":"2025-05-12T11:27:08+00:00","dateModified":"2025-08-15T14:48:53+00:00","author":{"@id":"https:\/\/www.kolibrifestivaali.org\/sv\/#\/schema\/person\/a4d882046c0f7b03960be07d8b5713ba"},"description":"Vi uppmuntrar dig att l\u00e4ra k\u00e4nna honom lite b\u00e4ttre, uppt\u00e4cka hans verk och sj\u00e4lvklart delta i hans paneler och workshops under festivalen!\u00a0","breadcrumb":{"@id":"https:\/\/www.kolibrifestivaali.org\/sv\/gusti-illustrator-image-kolibri-festivaali-2025\/#breadcrumb"},"inLanguage":"sv-SE","potentialAction":[{"@type":"ReadAction","target":["https:\/\/www.kolibrifestivaali.org\/sv\/gusti-illustrator-image-kolibri-festivaali-2025\/"]}]},{"@type":"ImageObject","inLanguage":"sv-SE","@id":"https:\/\/www.kolibrifestivaali.org\/sv\/gusti-illustrator-image-kolibri-festivaali-2025\/#primaryimage","url":"https:\/\/www.kolibrifestivaali.org\/wp-content\/uploads\/2025\/05\/gusti-kolibri-2025-guest-illustrator.jpg","contentUrl":"https:\/\/www.kolibrifestivaali.org\/wp-content\/uploads\/2025\/05\/gusti-kolibri-2025-guest-illustrator.jpg","width":1920,"height":1440},{"@type":"BreadcrumbList","@id":"https:\/\/www.kolibrifestivaali.org\/sv\/gusti-illustrator-image-kolibri-festivaali-2025\/#breadcrumb","itemListElement":[{"@type":"ListItem","position":1,"name":"Home","item":"https:\/\/www.kolibrifestivaali.org\/sv\/"},{"@type":"ListItem","position":2,"name":"Gusti, Illustrat\u00f6r av Kolibr\u00ed Festivaali 2025 10-\u00e5rsjubileumbilden\u00a0\u00a0\u00a0"}]},{"@type":"WebSite","@id":"https:\/\/www.kolibrifestivaali.org\/sv\/#website","url":"https:\/\/www.kolibrifestivaali.org\/sv\/","name":"Kolibri Festivaali","description":"Kolibri\u0301 is a unique multicultural, free and open art festival for children and their families.","inLanguage":"sv-SE"},{"@type":"Person","@id":"https:\/\/www.kolibrifestivaali.org\/sv\/#\/schema\/person\/a4d882046c0f7b03960be07d8b5713ba","name":"Marta Berm\u00fadez","image":{"@type":"ImageObject","inLanguage":"sv-SE","@id":"https:\/\/secure.gravatar.com\/avatar\/35700c2014d565cf72e89c0e712b6bc70303de9d0796b72a069bbd235e79a7b5?s=96&d=mm&r=g","url":"https:\/\/secure.gravatar.com\/avatar\/35700c2014d565cf72e89c0e712b6bc70303de9d0796b72a069bbd235e79a7b5?s=96&d=mm&r=g","contentUrl":"https:\/\/secure.gravatar.com\/avatar\/35700c2014d565cf72e89c0e712b6bc70303de9d0796b72a069bbd235e79a7b5?s=96&d=mm&r=g","caption":"Marta Berm\u00fadez"}}]}},"_links":{"self":[{"href":"https:\/\/www.kolibrifestivaali.org\/sv\/wp-json\/wp\/v2\/posts\/327124","targetHints":{"allow":["GET"]}}],"collection":[{"href":"https:\/\/www.kolibrifestivaali.org\/sv\/wp-json\/wp\/v2\/posts"}],"about":[{"href":"https:\/\/www.kolibrifestivaali.org\/sv\/wp-json\/wp\/v2\/types\/post"}],"author":[{"embeddable":true,"href":"https:\/\/www.kolibrifestivaali.org\/sv\/wp-json\/wp\/v2\/users\/13"}],"replies":[{"embeddable":true,"href":"https:\/\/www.kolibrifestivaali.org\/sv\/wp-json\/wp\/v2\/comments?post=327124"}],"version-history":[{"count":6,"href":"https:\/\/www.kolibrifestivaali.org\/sv\/wp-json\/wp\/v2\/posts\/327124\/revisions"}],"predecessor-version":[{"id":328539,"href":"https:\/\/www.kolibrifestivaali.org\/sv\/wp-json\/wp\/v2\/posts\/327124\/revisions\/328539"}],"wp:featuredmedia":[{"embeddable":true,"href":"https:\/\/www.kolibrifestivaali.org\/sv\/wp-json\/wp\/v2\/media\/327082"}],"wp:attachment":[{"href":"https:\/\/www.kolibrifestivaali.org\/sv\/wp-json\/wp\/v2\/media?parent=327124"}],"wp:term":[{"taxonomy":"category","embeddable":true,"href":"https:\/\/www.kolibrifestivaali.org\/sv\/wp-json\/wp\/v2\/categories?post=327124"},{"taxonomy":"post_tag","embeddable":true,"href":"https:\/\/www.kolibrifestivaali.org\/sv\/wp-json\/wp\/v2\/tags?post=327124"}],"curies":[{"name":"wp","href":"https:\/\/api.w.org\/{rel}","templated":true}]}}