{"id":326855,"date":"2024-10-11T11:31:04","date_gmt":"2024-10-11T08:31:04","guid":{"rendered":"https:\/\/www.kolibrifestivaali.org\/news-archive-sv\/kolibri-2024-results\/"},"modified":"2024-10-22T14:21:20","modified_gmt":"2024-10-22T11:21:20","slug":"kolibri-2024-results","status":"publish","type":"post","link":"https:\/\/www.kolibrifestivaali.org\/sv\/kolibri-2024-results\/","title":{"rendered":"Resultat fr\u00e5n Kolibr\u00ed 2024: Kaleidoskopet ger nya publiker och fler gemenskaper\u00a0"},"content":{"rendered":"\n<p>Kolibr\u00ed Festivaali 2024 har avslutats, och som alltid \u00e4r det dags att g\u00e5 igenom resultaten, lyssna p\u00e5 feedback fr\u00e5n v\u00e5r publik, v\u00e5ra konstn\u00e4rer, volont\u00e4rer och alla inblandade, samt analysera hur vi ska g\u00e5 vidare och var vi kan f\u00f6rb\u00e4ttra oss.&nbsp;<\/p>\n\n\n\n<p>I \u00e5r skapades programmet utifr\u00e5n f\u00f6rslag fr\u00e5n 37 kulturarbetare som valdes ut genom v\u00e5r \u00e5rliga <a href=\"https:\/\/www.kolibrifestivaali.org\/news-archive\/kolibri-festivaali-2024-final-selection\/\">Open Call<\/a>. Bland de deltagande konstn\u00e4rerna och kreat\u00f6rerna fanns musiker, designers, illustrat\u00f6rer, f\u00f6rfattare, ber\u00e4ttare, forskare och kulturanimat\u00f6rer fr\u00e5n 15 nationaliteter.\u00a0 <\/p>\n\n\n\n<p>Den chilenska illustrat\u00f6ren <a href=\"https:\/\/www.kolibrifestivaali.org\/sv\/news-archive-sv\/javiera-mac-lean-illustrator-kolibri-festivaali-2024\/\">Javiera Mac-lean<\/a> skapade den officiella bilden f\u00f6r Kolibr\u00ed Festivaali 2024, och det portugisiska f\u00f6retaget <a href=\"https:\/\/www.kolibrifestivaali.org\/sv\/news-archive-sv\/o-som-do-algodao-guest-company-kolibri-2024\/\">O Som do Algod\u00e3o<\/a>, som \u00e4r specialiserat p\u00e5 sm\u00e5 barn, var G\u00e4stf\u00f6retaget.\u00a0 <\/p>\n\n\n\n<p>Kolibr\u00ed erbj\u00f6d <strong>43 olika aktiviteter<\/strong> under de 6 festivaldagarna. Trots att vi hade 3 f\u00e4rre dagar \u00e4n f\u00f6rra upplagan har vi f\u00f6rnyat v\u00e5r publik och n\u00e5tt fler gemenskaper!\u00a0<\/p>\n\n\n\n<p>Vi var s\u00e4rskilt glada \u00f6ver att fira v\u00e5r <strong>f\u00f6rsta stora invigning p\u00e5 STOA Kulturcentrum<\/strong>, tack vare samarbetet med KOTO-projektteamet, lett av Ahmed Al-Nawas. Denna invigning, d\u00e4r vi nj\u00f6t av INDABA-f\u00f6rest\u00e4llningen, gjorde det m\u00f6jligt f\u00f6r oss att ta Kolibr\u00ed till It\u00e4keskus (Helsingfors).\u00a0<\/p>\n\n\n\n<p>Totalt var antalet deltagare vid aktiviteterna <strong>2 644 personer<\/strong>:<\/p>\n\n\n\n<ul class=\"wp-block-list\">\n<li>24.9. Invigning &#8211; <strong>STOA<\/strong> Kulturcentrum (Helsingfors): <strong>175 deltagare.\u00a0<\/strong><\/li>\n\n\n\n<li>14.9. Familjedag \u2013 <strong>Sello<\/strong> Bibliotek (Espoo): <strong>950<\/strong> deltagare. J\u00e4mf\u00f6rt med f\u00f6rra \u00e5ret drog den f\u00f6rsta Familjedagen 534 fler personer.\u00a0<\/li>\n\n\n\n<li>21.9. Familjedag &#8211; Lastenkulttuurikeskus <strong>Pessi<\/strong> (Vantaa): <strong>525<\/strong> deltagare.\u00a0<\/li>\n\n\n\n<li>26.9. <strong>O Som do Algod\u00e3o-m\u00f6te med Assitej<\/strong>: <strong>10<\/strong> deltagare.\u00a0<\/li>\n\n\n\n<li>28.9. Familjedag &#8211; <strong>Vuotalo och Vuosaari Bibliotek<\/strong> (Helsingfors): <strong>942<\/strong> deltagare. Den senaste Familjedagen s\u00e5g upp till 618 fler personer delta i alla aktiviteter.\u00a0<\/li>\n\n\n\n<li>30.9. <strong>O Som do Algod\u00e3o professionell utbildning<\/strong> p\u00e5 Lastenkulttuurikeskus <strong>Pessi<\/strong> (Vantaa): <strong>12<\/strong> deltagare.\u00a0<\/li>\n\n\n\n<li>30.9. <strong>Ny finskhet nu! <\/strong>Mailmaan Kuvalehti <strong>Debatt + INDABA<\/strong>-f\u00f6rest\u00e4llning: <strong>30<\/strong> deltagare.\u00a0<\/li>\n<\/ul>\n\n\n\n<p>Vi f\u00e5r inte gl\u00f6mma den traditionella <a href=\"https:\/\/www.kolibrifestivaali.org\/sv\/news-archive-sv\/kolibri-2024-barnboksmassa\/\">Barnbokm\u00e4ssan p\u00e5 spanska och portugisiska<\/a>, som h\u00f6lls p\u00e5 Lastenkulttuurikeskus Pessi och Vuotalo. M\u00e5nga familjer kom f\u00f6r att skaffa nya och begagnade barnb\u00f6cker.\u00a0<\/p>\n\n\n\n<p>Denna 13 upplaga introducerade ett nytt utrymme kallat <strong>\u00c4t H\u00f6rnan<\/strong>, d\u00e4r familjer kan \u00e4ta tillsammans och ladda om f\u00f6r att njuta av hela Familjedagen med full energi, genom att ta med sin egen mat eller lunchl\u00e5dor.\u00a0<\/p>\n\n\n\n<p>Detta har varit ett nytt tillskott till Kolibr\u00eds <a href=\"https:\/\/www.kolibrifestivaali.org\/sv\/news-archive-sv\/kolibri-festivaali-for-alla\/\">tillg\u00e4nglighetsutrymmen<\/a>, som v\u00e5rt traditionella Serenity Corner, och inslag som kartor eller publicering av programmet p\u00e5 5 spr\u00e5k.\u00a0<\/p>\n\n\n\n<p>Stort tack till alla m\u00e4nniskor, f\u00f6reningar och sponsorer som gjorde Kolibr\u00ed Festivaali 2024 m\u00f6jligt!&nbsp;<\/p>\n\n\n\n<p>Speciell n\u00e4mning av v\u00e5ra fantastiska volont\u00e4rer. <strong>I \u00e5r hade volont\u00e4rteamet 51 personer<\/strong> som hj\u00e4lpte till att \u00f6vers\u00e4tta texter, kommunicera festivalen, ta bilder, designa, samla in feedback och hj\u00e4lpa konstn\u00e4rer och alla familjer som deltog i festivalen. Kolibr\u00ed skulle inte vara m\u00f6jligt utan dem.\u00a0  <\/p>\n\n\n\n<h2 class=\"wp-block-heading\"><strong>\u00c5terkomsten av O Som do Algod\u00e3o<\/strong><\/h2>\n\n\n\n<figure class=\"wp-block-image size-large\"><img decoding=\"async\" width=\"1280\" height=\"853\" src=\"https:\/\/www.kolibrifestivaali.org\/wp-content\/uploads\/2024\/10\/kolibri-2024-maikki-kantola-o-som-do-algodao-15-1280x853.jpg\" alt=\"\" class=\"wp-image-326815\" srcset=\"https:\/\/www.kolibrifestivaali.org\/wp-content\/uploads\/2024\/10\/kolibri-2024-maikki-kantola-o-som-do-algodao-15-1280x853.jpg 1280w, https:\/\/www.kolibrifestivaali.org\/wp-content\/uploads\/2024\/10\/kolibri-2024-maikki-kantola-o-som-do-algodao-15-350x233.jpg 350w, https:\/\/www.kolibrifestivaali.org\/wp-content\/uploads\/2024\/10\/kolibri-2024-maikki-kantola-o-som-do-algodao-15-768x512.jpg 768w, https:\/\/www.kolibrifestivaali.org\/wp-content\/uploads\/2024\/10\/kolibri-2024-maikki-kantola-o-som-do-algodao-15-1536x1024.jpg 1536w, https:\/\/www.kolibrifestivaali.org\/wp-content\/uploads\/2024\/10\/kolibri-2024-maikki-kantola-o-som-do-algodao-15-500x333.jpg 500w, https:\/\/www.kolibrifestivaali.org\/wp-content\/uploads\/2024\/10\/kolibri-2024-maikki-kantola-o-som-do-algodao-15-830x553.jpg 830w, https:\/\/www.kolibrifestivaali.org\/wp-content\/uploads\/2024\/10\/kolibri-2024-maikki-kantola-o-som-do-algodao-15.jpg 1920w\" sizes=\"(max-width: 1280px) 100vw, 1280px\" \/><figcaption class=\"wp-element-caption\">Picture: Maikki Kantola<\/figcaption><\/figure>\n\n\n\n<p>Det portugisiska f\u00f6retaget O Som do Algod\u00e3o \u00e5terv\u00e4nde till Kolibr\u00ed f\u00f6r andra g\u00e5ngen, fem \u00e5r efter deras f\u00f6rsta bes\u00f6k 2019. Som G\u00e4stf\u00f6retag 2024 fick Mariana Santos och Dulce Moreira oss att skratta, sjunga och bli r\u00f6rda med sin f\u00f6rest\u00e4llning &#8221;Vilka historier ber\u00e4ttar m\u00e5nen?&#8221;, med tv\u00e5 f\u00f6rest\u00e4llningar p\u00e5 Vuotalo.&nbsp;<\/p>\n\n\n\n<p>\u00c4ven om m\u00e5nga av de n\u00e4stan 100 personer som s\u00e5g deras f\u00f6rest\u00e4llning inte talade portugisiska, skrattade b\u00e5de vuxna och barn, sj\u00f6ng och hade kul i en underh\u00e5llande och sp\u00e4nnande show som uppmuntrade publikens deltagande fr\u00e5n b\u00f6rjan.&nbsp;<\/p>\n\n\n\n<blockquote class=\"wp-block-quote is-layout-flow wp-block-quote-is-layout-flow\">\n<p>Ibland g\u00e5r vi vuxna p\u00e5 f\u00f6rest\u00e4llningar och f\u00f6rst\u00e5r ingenting. Det \u00e4r okej om barn inte f\u00f6rst\u00e5r, men s\u00e4rskilt i unga \u00e5ldrar \u00e4r sp\u00e4dbarn som svampar. De absorberar dessa intryck och det har en stor inverkan p\u00e5 dem. V\u00e5ra f\u00f6rest\u00e4llningar \u00e4r konstn\u00e4rliga upplevelser f\u00f6r familjen.\u201d<\/p>\n<cite>Mariana Santos<\/cite><\/blockquote>\n\n\n\n<p>\u00c5terigen visades det att Kolibr\u00ed, precis som m\u00e5nga av de flerspr\u00e5kiga aktiviteter vi firar p\u00e5 <a href=\"https:\/\/www.ninho.fi\/\">Kulttuurikeskus Ninho<\/a> under hela \u00e5ret, kan njutas av alla, oavsett spr\u00e5k.\u00a0<\/p>\n\n\n\n<p>Under n\u00e4tverksm\u00f6tet som organiserades i samarbete med Assitej hade vi turen att f\u00e5 veta mer om f\u00f6retagets kreativa process, samt reflektera \u00f6ver barnteater och hur man n\u00e5r ut till barn och deras familjer.\u00a0<\/p>\n\n\n\n<div class=\"wp-block-columns is-layout-flex wp-container-core-columns-is-layout-9d6595d7 wp-block-columns-is-layout-flex\">\n<div class=\"wp-block-column is-layout-flow wp-block-column-is-layout-flow\">\n<p>Med <em><strong>Poemario<\/strong><\/em>, deras utbildning f\u00f6r yrkesverksamma, lekte deltagarna med rytmer, s\u00e5nger, improviserade ord, dikter och r\u00f6relse. Det var en intressant workshop d\u00e4r de tv\u00e5 portugisiska konstn\u00e4rerna visade hur de leker med ord, n\u00e5got som \u00e4r mycket n\u00e4rvarande i deras verk, och hur man skapar sceniska milj\u00f6er och s\u00e5nger eller dikter f\u00f6r att engagera publiken.\u00a0<\/p>\n<\/div>\n\n\n\n<div class=\"wp-block-column is-layout-flow wp-block-column-is-layout-flow\">\n<figure class=\"wp-block-image size-large\"><img decoding=\"async\" width=\"1280\" height=\"853\" src=\"https:\/\/www.kolibrifestivaali.org\/wp-content\/uploads\/2024\/10\/img-1570-1280x853.jpg\" alt=\"\" class=\"wp-image-326820\" srcset=\"https:\/\/www.kolibrifestivaali.org\/wp-content\/uploads\/2024\/10\/img-1570-1280x853.jpg 1280w, https:\/\/www.kolibrifestivaali.org\/wp-content\/uploads\/2024\/10\/img-1570-350x233.jpg 350w, https:\/\/www.kolibrifestivaali.org\/wp-content\/uploads\/2024\/10\/img-1570-768x512.jpg 768w, https:\/\/www.kolibrifestivaali.org\/wp-content\/uploads\/2024\/10\/img-1570-1536x1024.jpg 1536w, https:\/\/www.kolibrifestivaali.org\/wp-content\/uploads\/2024\/10\/img-1570-500x333.jpg 500w, https:\/\/www.kolibrifestivaali.org\/wp-content\/uploads\/2024\/10\/img-1570-830x553.jpg 830w, https:\/\/www.kolibrifestivaali.org\/wp-content\/uploads\/2024\/10\/img-1570.jpg 1920w\" sizes=\"(max-width: 1280px) 100vw, 1280px\" \/><figcaption class=\"wp-element-caption\">Poemario. Training for professionals. <\/figcaption><\/figure>\n<\/div>\n<\/div>\n\n\n\n<h2 class=\"wp-block-heading\"><strong>Vad tycker publiken om Kolibr\u00ed 2024?<\/strong><\/h2>\n\n\n\n<p>I \u00e5r nj\u00f6t vi av konstverkst\u00e4der, dans, musik och r\u00f6relseverkst\u00e4der, muskari, INDABA-f\u00f6rest\u00e4llning och konserten Jaranas del Norte, Touch Wood ry, lekfulla erfarenhet och f\u00f6rst\u00e5s v\u00e5ra traditionella flerspr\u00e5kiga ber\u00e4ttarsessioner.&nbsp;<\/p>\n\n\n\n<p>H\u00e4r \u00e4r n\u00e5gra reaktioner fr\u00e5n publiken vid Kolibr\u00ed Festivaali 2024, som svarar p\u00e5 fr\u00e5gan \u201c<strong>Vad gillade du mest?\u201d<\/strong>:\u00a0<\/p>\n\n\n\n<ul class=\"wp-block-list\">\n<li>Lekfullheten\u00a0<\/li>\n\n\n\n<li>Musiken och m\u00e4nniskors interaktion\u00a0<\/li>\n\n\n\n<li>Evenemanget var mycket underh\u00e5llande och intressant\u00a0<\/li>\n\n\n\n<li>Den allm\u00e4nna atmosf\u00e4ren, toleransen f\u00f6r olikheter\u00a0<\/li>\n\n\n\n<li>Atmosf\u00e4ren och gl\u00e4djen av att vara tillsammans med familjen i f\u00f6rest\u00e4llningen Tack s\u00e5 mycket!\u00a0<\/li>\n\n\n\n<li>Musikens kvalitet\u00a0<\/li>\n\n\n\n<li>M\u00e4nniskors v\u00e4nlighet\u00a0<\/li>\n\n\n\n<li>De goda vibbarna!\u00a0<\/li>\n\n\n\n<li>Variation av aktiviteter och den positiva och v\u00e4nliga milj\u00f6n\u00a0<\/li>\n\n\n\n<li>Att dela stunden med mina barn\u00a0<\/li>\n\n\n\n<li>Jag \u00e4lskar id\u00e9n om en v\u00e4rld utan gr\u00e4nser och j\u00e4mlikhet f\u00f6r alla\u00a0<\/li>\n\n\n\n<li>Evenemangets m\u00e5ngkulturalism\u00a0<\/li>\n\n\n\n<li>Att tr\u00e4ffa m\u00e4nniskor\u00a0<\/li>\n\n\n\n<li>M\u00f6jligheten att utforska m\u00e5nga omr\u00e5den som konst och musik och uttrycka oss i en v\u00e4nlig och v\u00e4lkomnande milj\u00f6\u00a0<\/li>\n\n\n\n<li>M\u00e5nga program, v\u00e4nlig atmosf\u00e4r\u00a0<\/li>\n\n\n\n<li>M\u00f6jligheten att delta i ett m\u00e5ngkulturellt evenemang organiserat av en m\u00e5ngkulturell gemenskap\u00a0<\/li>\n\n\n\n<li>M\u00e5nga fantastiska aktiviteter, underbar portugisisk teater (\u00e4ven om vi inte f\u00f6rstod portugisiska) och en fantastisk finalkonsert, \u00e4lskade det verkligen!\u00a0<\/li>\n\n\n\n<li>Atmosf\u00e4ren var fantastisk. Jag \u00e4r spansktalande och \u00e4lskade att tr\u00e4ffa m\u00e5nga spansktalande d\u00e4r\u00a0<\/li>\n\n\n\n<li>Vi \u00e4lskade allt. Vi har deltagit sedan b\u00f6rjan och varje g\u00e5ng blir det b\u00e4ttre och b\u00e4ttre! Tack f\u00f6r ert fantastiska arbete!\u00a0\u00a0\u00a0\u00a0<\/li>\n<\/ul>\n\n\n\n<blockquote class=\"wp-block-quote is-layout-flow wp-block-quote-is-layout-flow\">\n<p>Vi \u00e4lskade allt. Vi har deltagit sedan b\u00f6rjan och varje g\u00e5ng blir det b\u00e4ttre och b\u00e4ttre! Tack f\u00f6r ert fantastiska arbete!\u00a0\u00a0\u00a0<\/p>\n<\/blockquote>\n\n\n\n<h3 class=\"wp-block-heading\">Om du inte har gett din feedback \u00e4n \u00e4r det dags nu!\u00a0<a href=\"https:\/\/forms.office.com\/Pages\/ResponsePage.aspx?id=hALT0TzrCUm4mkUnJpZIP4jl_yve1XVGjdTTnauX0RtUNDFRODVYTEpYVFlFNldXQ0ZZMzJOVTNCRyQlQCN0PWcu\">Ge oss din feedback<\/a>\u00a0\u00a0 <\/h3>\n\n\n\n<h2 class=\"wp-block-heading\"><strong>Vad tycker konstn\u00e4rerna om Kolibr\u00ed 2024?<\/strong>\u00a0<\/h2>\n\n\n\n<p><strong>Konstn\u00e4rerna <\/strong>framh\u00f6ll den varma, inkluderande och m\u00e5ngkulturella atmosf\u00e4ren p\u00e5 Kolibr\u00ed Festivaali. De uppskattade den konstn\u00e4rliga friheten och st\u00f6det som gavs av det v\u00e4lorganiserade, v\u00e4lkomnande teamet, s\u00e4rskilt entusiasmen fr\u00e5n Laura Gazzotti och resten av personalen. De n\u00e4mnde de tydliga instruktionerna f\u00f6r evenemanget och hj\u00e4lpen fr\u00e5n volont\u00e4rerna.\u00a0\u00a0<\/p>\n\n\n\n<blockquote class=\"wp-block-quote is-layout-flow wp-block-quote-is-layout-flow\">\n<p>Det \u00e4r en varm, v\u00e4lkomnande, kreativ, m\u00e5ngsidig och rolig gemenskap och det arbete ni alla g\u00f6r f\u00f6r att f\u00e5 detta att h\u00e4nda \u00e4r fantastiskt. Tack och grattis till \u00e4nnu en underbar Kolibr\u00ed!\u201d\u00a0<\/p>\n<cite>Laura Hytti (Koordinator \u2013 Belingual &#8211; Familia Ry)<\/cite><\/blockquote>\n\n\n\n<h2 class=\"wp-block-heading\"><strong>Ser fram emot 10-\u00e5rsjubileet!\u00a0\u00a0<\/strong><\/h2>\n\n\n\n<p>N\u00e4sta \u00e5r firar Kolibr\u00ed tio \u00e5r! V\u00e5r \u00e4lskade festival har blivit ett m\u00e5ste p\u00e5 den kulturella agendan i Esbo, Vanda och Helsingfors, men vi vill att fler st\u00e4der ska njuta av en m\u00e5ngfaldig och m\u00e5ngkulturell barn.\u00a0<strong>F\u00f6resl\u00e5 huvudtemat f\u00f6r Kolibr\u00ed 2025!<\/strong>\u00a0<\/p>\n\n\n\n<p>Kolibr\u00ed fyller 10 \u00e5r 2025! Eftersom vi vill att hela samh\u00e4llet ska vara en del av det, skicka in dina id\u00e9er! Vad tycker du att huvudtemat ska vara? Fyll i formul\u00e4ret senast den 26 oktober!\u00a0<\/p>\n\n\n\n<iframe width=\"640px\" height=\"480px\" src=\"https:\/\/forms.office.com\/e\/skY6MgMvjX?embed=true\" frameborder=\"0\" marginwidth=\"0\" marginheight=\"0\" style=\"border: none; max-width:100%; max-height:100vh\" allowfullscreen webkitallowfullscreen mozallowfullscreen msallowfullscreen> <\/iframe>\n","protected":false},"excerpt":{"rendered":"<p>Kolibr\u00ed Festivaali 2024 har avslutats, och som alltid \u00e4r det dags att g\u00e5 igenom resultaten, lyssna p\u00e5 feedback fr\u00e5n v\u00e5r [\u2026] <a href=\"https:\/\/www.kolibrifestivaali.org\/sv\/kolibri-2024-results\/\">Lue lis\u00e4\u00e4 &raquo;<\/a><\/p>\n<div class='heateor_sss_sharing_container heateor_sss_vertical_sharing heateor_sss_bottom_sharing' style='width:34px;right: -10px;top: 100px;-webkit-box-shadow:none;box-shadow:none;' data-heateor-sss-href='https:\/\/www.kolibrifestivaali.org\/sv\/wp-json\/wp\/v2\/posts\/326855'><div class=\"heateor_sss_sharing_ul\"><a aria-label=\"Facebook\" class=\"heateor_sss_facebook\" href=\"https:\/\/www.facebook.com\/sharer\/sharer.php?u=https%3A%2F%2Fwww.kolibrifestivaali.org%2Fsv%2Fwp-json%2Fwp%2Fv2%2Fposts%2F326855\" title=\"Facebook\" rel=\"nofollow noopener\" target=\"_blank\" style=\"font-size:32px!important;box-shadow:none;display:inline-block;vertical-align:middle\"><span class=\"heateor_sss_svg\" style=\"background-color:#0765FE;width:30px;height:30px;border-radius:999px;display:inline-block;opacity:1;float:left;font-size:32px;box-shadow:none;display:inline-block;font-size:16px;padding:0 4px;vertical-align:middle;background-repeat:repeat;overflow:hidden;padding:0;cursor:pointer;box-sizing:content-box\"><svg style=\"display:block;border-radius:999px;\" focusable=\"false\" aria-hidden=\"true\" xmlns=\"http:\/\/www.w3.org\/2000\/svg\" width=\"100%\" height=\"100%\" viewBox=\"0 0 32 32\"><path fill=\"#fff\" d=\"M28 16c0-6.627-5.373-12-12-12S4 9.373 4 16c0 5.628 3.875 10.35 9.101 11.647v-7.98h-2.474V16H13.1v-1.58c0-4.085 1.849-5.978 5.859-5.978.76 0 2.072.15 2.608.298v3.325c-.283-.03-.775-.045-1.386-.045-1.967 0-2.728.745-2.728 2.683V16h3.92l-.673 3.667h-3.247v8.245C23.395 27.195 28 22.135 28 16Z\"><\/path><\/svg><\/span><\/a><a aria-label=\"X\" class=\"heateor_sss_button_x\" href=\"https:\/\/twitter.com\/intent\/tweet?text=Kolibri%20Festivaali%20-%20Kolibri%CC%81%20is%20a%20unique%20multicultural%2C%20free%20and%20open%20art%20festival%20for%20children%20and%20their%20families.&url=https%3A%2F%2Fwww.kolibrifestivaali.org%2Fsv%2Fwp-json%2Fwp%2Fv2%2Fposts%2F326855\" title=\"X\" rel=\"nofollow noopener\" target=\"_blank\" style=\"font-size:32px!important;box-shadow:none;display:inline-block;vertical-align:middle\"><span class=\"heateor_sss_svg heateor_sss_s__default heateor_sss_s_x\" style=\"background-color:#2a2a2a;width:30px;height:30px;border-radius:999px;display:inline-block;opacity:1;float:left;font-size:32px;box-shadow:none;display:inline-block;font-size:16px;padding:0 4px;vertical-align:middle;background-repeat:repeat;overflow:hidden;padding:0;cursor:pointer;box-sizing:content-box\"><svg width=\"100%\" height=\"100%\" style=\"display:block;border-radius:999px;\" focusable=\"false\" aria-hidden=\"true\" xmlns=\"http:\/\/www.w3.org\/2000\/svg\" viewBox=\"0 0 32 32\"><path fill=\"#fff\" d=\"M21.751 7h3.067l-6.7 7.658L26 25.078h-6.172l-4.833-6.32-5.531 6.32h-3.07l7.167-8.19L6 7h6.328l4.37 5.777L21.75 7Zm-1.076 16.242h1.7L11.404 8.74H9.58l11.094 14.503Z\"><\/path><\/svg><\/span><\/a><a aria-label=\"Linkedin\" class=\"heateor_sss_button_linkedin\" href=\"https:\/\/www.linkedin.com\/sharing\/share-offsite\/?url=https%3A%2F%2Fwww.kolibrifestivaali.org%2Fsv%2Fwp-json%2Fwp%2Fv2%2Fposts%2F326855\" title=\"Linkedin\" rel=\"nofollow noopener\" target=\"_blank\" style=\"font-size:32px!important;box-shadow:none;display:inline-block;vertical-align:middle\"><span class=\"heateor_sss_svg heateor_sss_s__default heateor_sss_s_linkedin\" style=\"background-color:#0077b5;width:30px;height:30px;border-radius:999px;display:inline-block;opacity:1;float:left;font-size:32px;box-shadow:none;display:inline-block;font-size:16px;padding:0 4px;vertical-align:middle;background-repeat:repeat;overflow:hidden;padding:0;cursor:pointer;box-sizing:content-box\"><svg style=\"display:block;border-radius:999px;\" focusable=\"false\" aria-hidden=\"true\" xmlns=\"http:\/\/www.w3.org\/2000\/svg\" width=\"100%\" height=\"100%\" viewBox=\"0 0 32 32\"><path d=\"M6.227 12.61h4.19v13.48h-4.19V12.61zm2.095-6.7a2.43 2.43 0 0 1 0 4.86c-1.344 0-2.428-1.09-2.428-2.43s1.084-2.43 2.428-2.43m4.72 6.7h4.02v1.84h.058c.56-1.058 1.927-2.176 3.965-2.176 4.238 0 5.02 2.792 5.02 6.42v7.395h-4.183v-6.56c0-1.564-.03-3.574-2.178-3.574-2.18 0-2.514 1.7-2.514 3.46v6.668h-4.187V12.61z\" fill=\"#fff\"><\/path><\/svg><\/span><\/a><a aria-label=\"Instagram\" class=\"heateor_sss_button_instagram\" href=\"https:\/\/www.instagram.com\/\" title=\"Instagram\" rel=\"nofollow noopener\" target=\"_blank\" style=\"font-size:32px!important;box-shadow:none;display:inline-block;vertical-align:middle\"><span class=\"heateor_sss_svg\" style=\"background-color:#53beee;width:30px;height:30px;border-radius:999px;display:inline-block;opacity:1;float:left;font-size:32px;box-shadow:none;display:inline-block;font-size:16px;padding:0 4px;vertical-align:middle;background-repeat:repeat;overflow:hidden;padding:0;cursor:pointer;box-sizing:content-box\"><svg style=\"display:block;border-radius:999px;\" version=\"1.1\" viewBox=\"-10 -10 148 148\" width=\"100%\" height=\"100%\" xml:space=\"preserve\" xmlns=\"http:\/\/www.w3.org\/2000\/svg\" xmlns:xlink=\"http:\/\/www.w3.org\/1999\/xlink\"><g><g><path d=\"M86,112H42c-14.336,0-26-11.663-26-26V42c0-14.337,11.664-26,26-26h44c14.337,0,26,11.663,26,26v44 C112,100.337,100.337,112,86,112z M42,24c-9.925,0-18,8.074-18,18v44c0,9.925,8.075,18,18,18h44c9.926,0,18-8.075,18-18V42 c0-9.926-8.074-18-18-18H42z\" fill=\"#fff\"><\/path><\/g><g><path d=\"M64,88c-13.234,0-24-10.767-24-24c0-13.234,10.766-24,24-24s24,10.766,24,24C88,77.233,77.234,88,64,88z M64,48c-8.822,0-16,7.178-16,16s7.178,16,16,16c8.822,0,16-7.178,16-16S72.822,48,64,48z\" fill=\"#fff\"><\/path><\/g><g><circle cx=\"89.5\" cy=\"38.5\" fill=\"#fff\" r=\"5.5\"><\/circle><\/g><\/g><\/svg><\/span><\/a><\/div><div class=\"heateorSssClear\"><\/div><\/div>","protected":false},"author":13,"featured_media":326810,"comment_status":"closed","ping_status":"closed","sticky":false,"template":"","format":"standard","meta":{"_acf_changed":false,"footnotes":""},"categories":[23],"tags":[869],"class_list":["post-326855","post","type-post","status-publish","format-standard","has-post-thumbnail","hentry","category-news-archive-sv","tag-kolibri-2024-sv"],"acf":[],"yoast_head":"<!-- This site is optimized with the Yoast SEO plugin v27.5 - https:\/\/yoast.com\/product\/yoast-seo-wordpress\/ -->\n<title>Resultat fr\u00e5n Kolibr\u00ed 2024: Kaleidoskopet ger nya publiker och fler gemenskaper<\/title>\n<meta name=\"description\" content=\"Denna 13 Kaleidoskopet ger nya publiker och fler gemenskaper. Totalt var antalet deltagare vid aktiviteterna 2 644 personer\" \/>\n<meta name=\"robots\" content=\"noindex, follow\" \/>\n<meta property=\"og:locale\" content=\"sv_SE\" \/>\n<meta property=\"og:type\" content=\"article\" \/>\n<meta property=\"og:title\" content=\"Resultat fr\u00e5n Kolibr\u00ed 2024: Kaleidoskopet ger nya publiker och fler gemenskaper\" \/>\n<meta property=\"og:description\" content=\"Denna 13 Kaleidoskopet ger nya publiker och fler gemenskaper. Totalt var antalet deltagare vid aktiviteterna 2 644 personer\" \/>\n<meta property=\"og:url\" content=\"https:\/\/www.kolibrifestivaali.org\/sv\/kolibri-2024-results\/\" \/>\n<meta property=\"og:site_name\" content=\"Kolibri Festivaali\" \/>\n<meta property=\"article:published_time\" content=\"2024-10-11T08:31:04+00:00\" \/>\n<meta property=\"article:modified_time\" content=\"2024-10-22T11:21:20+00:00\" \/>\n<meta property=\"og:image\" content=\"https:\/\/www.kolibrifestivaali.org\/wp-content\/uploads\/2024\/10\/foto-agradecimientos-kolibri-2024.jpg\" \/>\n\t<meta property=\"og:image:width\" content=\"1920\" \/>\n\t<meta property=\"og:image:height\" content=\"1280\" \/>\n\t<meta property=\"og:image:type\" content=\"image\/jpeg\" \/>\n<meta name=\"author\" content=\"Marta Berm\u00fadez\" \/>\n<meta name=\"twitter:card\" content=\"summary_large_image\" \/>\n<meta name=\"twitter:label1\" content=\"Skriven av\" \/>\n\t<meta name=\"twitter:data1\" content=\"Marta Berm\u00fadez\" \/>\n\t<meta name=\"twitter:label2\" content=\"Ber\u00e4knad l\u00e4stid\" \/>\n\t<meta name=\"twitter:data2\" content=\"5 minuter\" \/>\n<script type=\"application\/ld+json\" class=\"yoast-schema-graph\">{\"@context\":\"https:\\\/\\\/schema.org\",\"@graph\":[{\"@type\":\"Article\",\"@id\":\"https:\\\/\\\/www.kolibrifestivaali.org\\\/sv\\\/kolibri-2024-results\\\/#article\",\"isPartOf\":{\"@id\":\"https:\\\/\\\/www.kolibrifestivaali.org\\\/sv\\\/kolibri-2024-results\\\/\"},\"author\":{\"name\":\"Marta Berm\u00fadez\",\"@id\":\"https:\\\/\\\/www.kolibrifestivaali.org\\\/sv\\\/#\\\/schema\\\/person\\\/a4d882046c0f7b03960be07d8b5713ba\"},\"headline\":\"Resultat fr\u00e5n Kolibr\u00ed 2024: Kaleidoskopet ger nya publiker och fler gemenskaper\u00a0\",\"datePublished\":\"2024-10-11T08:31:04+00:00\",\"dateModified\":\"2024-10-22T11:21:20+00:00\",\"mainEntityOfPage\":{\"@id\":\"https:\\\/\\\/www.kolibrifestivaali.org\\\/sv\\\/kolibri-2024-results\\\/\"},\"wordCount\":1298,\"image\":{\"@id\":\"https:\\\/\\\/www.kolibrifestivaali.org\\\/sv\\\/kolibri-2024-results\\\/#primaryimage\"},\"thumbnailUrl\":\"https:\\\/\\\/www.kolibrifestivaali.org\\\/wp-content\\\/uploads\\\/2024\\\/10\\\/foto-agradecimientos-kolibri-2024.jpg\",\"keywords\":[\"kolibri 2024\"],\"articleSection\":[\"News\"],\"inLanguage\":\"sv-SE\"},{\"@type\":\"WebPage\",\"@id\":\"https:\\\/\\\/www.kolibrifestivaali.org\\\/sv\\\/kolibri-2024-results\\\/\",\"url\":\"https:\\\/\\\/www.kolibrifestivaali.org\\\/sv\\\/kolibri-2024-results\\\/\",\"name\":\"Resultat fr\u00e5n Kolibr\u00ed 2024: Kaleidoskopet ger nya publiker och fler gemenskaper\",\"isPartOf\":{\"@id\":\"https:\\\/\\\/www.kolibrifestivaali.org\\\/sv\\\/#website\"},\"primaryImageOfPage\":{\"@id\":\"https:\\\/\\\/www.kolibrifestivaali.org\\\/sv\\\/kolibri-2024-results\\\/#primaryimage\"},\"image\":{\"@id\":\"https:\\\/\\\/www.kolibrifestivaali.org\\\/sv\\\/kolibri-2024-results\\\/#primaryimage\"},\"thumbnailUrl\":\"https:\\\/\\\/www.kolibrifestivaali.org\\\/wp-content\\\/uploads\\\/2024\\\/10\\\/foto-agradecimientos-kolibri-2024.jpg\",\"datePublished\":\"2024-10-11T08:31:04+00:00\",\"dateModified\":\"2024-10-22T11:21:20+00:00\",\"author\":{\"@id\":\"https:\\\/\\\/www.kolibrifestivaali.org\\\/sv\\\/#\\\/schema\\\/person\\\/a4d882046c0f7b03960be07d8b5713ba\"},\"description\":\"Denna 13 Kaleidoskopet ger nya publiker och fler gemenskaper. Totalt var antalet deltagare vid aktiviteterna 2 644 personer\",\"breadcrumb\":{\"@id\":\"https:\\\/\\\/www.kolibrifestivaali.org\\\/sv\\\/kolibri-2024-results\\\/#breadcrumb\"},\"inLanguage\":\"sv-SE\",\"potentialAction\":[{\"@type\":\"ReadAction\",\"target\":[\"https:\\\/\\\/www.kolibrifestivaali.org\\\/sv\\\/kolibri-2024-results\\\/\"]}]},{\"@type\":\"ImageObject\",\"inLanguage\":\"sv-SE\",\"@id\":\"https:\\\/\\\/www.kolibrifestivaali.org\\\/sv\\\/kolibri-2024-results\\\/#primaryimage\",\"url\":\"https:\\\/\\\/www.kolibrifestivaali.org\\\/wp-content\\\/uploads\\\/2024\\\/10\\\/foto-agradecimientos-kolibri-2024.jpg\",\"contentUrl\":\"https:\\\/\\\/www.kolibrifestivaali.org\\\/wp-content\\\/uploads\\\/2024\\\/10\\\/foto-agradecimientos-kolibri-2024.jpg\",\"width\":1920,\"height\":1280},{\"@type\":\"BreadcrumbList\",\"@id\":\"https:\\\/\\\/www.kolibrifestivaali.org\\\/sv\\\/kolibri-2024-results\\\/#breadcrumb\",\"itemListElement\":[{\"@type\":\"ListItem\",\"position\":1,\"name\":\"Home\",\"item\":\"https:\\\/\\\/www.kolibrifestivaali.org\\\/sv\\\/\"},{\"@type\":\"ListItem\",\"position\":2,\"name\":\"Resultat fr\u00e5n Kolibr\u00ed 2024: Kaleidoskopet ger nya publiker och fler gemenskaper\u00a0\"}]},{\"@type\":\"WebSite\",\"@id\":\"https:\\\/\\\/www.kolibrifestivaali.org\\\/sv\\\/#website\",\"url\":\"https:\\\/\\\/www.kolibrifestivaali.org\\\/sv\\\/\",\"name\":\"Kolibri Festivaali\",\"description\":\"Kolibri\u0301 is a unique multicultural, free and open art festival for children and their families.\",\"inLanguage\":\"sv-SE\"},{\"@type\":\"Person\",\"@id\":\"https:\\\/\\\/www.kolibrifestivaali.org\\\/sv\\\/#\\\/schema\\\/person\\\/a4d882046c0f7b03960be07d8b5713ba\",\"name\":\"Marta Berm\u00fadez\",\"image\":{\"@type\":\"ImageObject\",\"inLanguage\":\"sv-SE\",\"@id\":\"https:\\\/\\\/secure.gravatar.com\\\/avatar\\\/35700c2014d565cf72e89c0e712b6bc70303de9d0796b72a069bbd235e79a7b5?s=96&d=mm&r=g\",\"url\":\"https:\\\/\\\/secure.gravatar.com\\\/avatar\\\/35700c2014d565cf72e89c0e712b6bc70303de9d0796b72a069bbd235e79a7b5?s=96&d=mm&r=g\",\"contentUrl\":\"https:\\\/\\\/secure.gravatar.com\\\/avatar\\\/35700c2014d565cf72e89c0e712b6bc70303de9d0796b72a069bbd235e79a7b5?s=96&d=mm&r=g\",\"caption\":\"Marta Berm\u00fadez\"}}]}<\/script>\n<!-- \/ Yoast SEO plugin. -->","yoast_head_json":{"title":"Resultat fr\u00e5n Kolibr\u00ed 2024: Kaleidoskopet ger nya publiker och fler gemenskaper","description":"Denna 13 Kaleidoskopet ger nya publiker och fler gemenskaper. Totalt var antalet deltagare vid aktiviteterna 2 644 personer","robots":{"index":"noindex","follow":"follow"},"og_locale":"sv_SE","og_type":"article","og_title":"Resultat fr\u00e5n Kolibr\u00ed 2024: Kaleidoskopet ger nya publiker och fler gemenskaper","og_description":"Denna 13 Kaleidoskopet ger nya publiker och fler gemenskaper. Totalt var antalet deltagare vid aktiviteterna 2 644 personer","og_url":"https:\/\/www.kolibrifestivaali.org\/sv\/kolibri-2024-results\/","og_site_name":"Kolibri Festivaali","article_published_time":"2024-10-11T08:31:04+00:00","article_modified_time":"2024-10-22T11:21:20+00:00","og_image":[{"width":1920,"height":1280,"url":"https:\/\/www.kolibrifestivaali.org\/wp-content\/uploads\/2024\/10\/foto-agradecimientos-kolibri-2024.jpg","type":"image\/jpeg"}],"author":"Marta Berm\u00fadez","twitter_card":"summary_large_image","twitter_misc":{"Skriven av":"Marta Berm\u00fadez","Ber\u00e4knad l\u00e4stid":"5 minuter"},"schema":{"@context":"https:\/\/schema.org","@graph":[{"@type":"Article","@id":"https:\/\/www.kolibrifestivaali.org\/sv\/kolibri-2024-results\/#article","isPartOf":{"@id":"https:\/\/www.kolibrifestivaali.org\/sv\/kolibri-2024-results\/"},"author":{"name":"Marta Berm\u00fadez","@id":"https:\/\/www.kolibrifestivaali.org\/sv\/#\/schema\/person\/a4d882046c0f7b03960be07d8b5713ba"},"headline":"Resultat fr\u00e5n Kolibr\u00ed 2024: Kaleidoskopet ger nya publiker och fler gemenskaper\u00a0","datePublished":"2024-10-11T08:31:04+00:00","dateModified":"2024-10-22T11:21:20+00:00","mainEntityOfPage":{"@id":"https:\/\/www.kolibrifestivaali.org\/sv\/kolibri-2024-results\/"},"wordCount":1298,"image":{"@id":"https:\/\/www.kolibrifestivaali.org\/sv\/kolibri-2024-results\/#primaryimage"},"thumbnailUrl":"https:\/\/www.kolibrifestivaali.org\/wp-content\/uploads\/2024\/10\/foto-agradecimientos-kolibri-2024.jpg","keywords":["kolibri 2024"],"articleSection":["News"],"inLanguage":"sv-SE"},{"@type":"WebPage","@id":"https:\/\/www.kolibrifestivaali.org\/sv\/kolibri-2024-results\/","url":"https:\/\/www.kolibrifestivaali.org\/sv\/kolibri-2024-results\/","name":"Resultat fr\u00e5n Kolibr\u00ed 2024: Kaleidoskopet ger nya publiker och fler gemenskaper","isPartOf":{"@id":"https:\/\/www.kolibrifestivaali.org\/sv\/#website"},"primaryImageOfPage":{"@id":"https:\/\/www.kolibrifestivaali.org\/sv\/kolibri-2024-results\/#primaryimage"},"image":{"@id":"https:\/\/www.kolibrifestivaali.org\/sv\/kolibri-2024-results\/#primaryimage"},"thumbnailUrl":"https:\/\/www.kolibrifestivaali.org\/wp-content\/uploads\/2024\/10\/foto-agradecimientos-kolibri-2024.jpg","datePublished":"2024-10-11T08:31:04+00:00","dateModified":"2024-10-22T11:21:20+00:00","author":{"@id":"https:\/\/www.kolibrifestivaali.org\/sv\/#\/schema\/person\/a4d882046c0f7b03960be07d8b5713ba"},"description":"Denna 13 Kaleidoskopet ger nya publiker och fler gemenskaper. Totalt var antalet deltagare vid aktiviteterna 2 644 personer","breadcrumb":{"@id":"https:\/\/www.kolibrifestivaali.org\/sv\/kolibri-2024-results\/#breadcrumb"},"inLanguage":"sv-SE","potentialAction":[{"@type":"ReadAction","target":["https:\/\/www.kolibrifestivaali.org\/sv\/kolibri-2024-results\/"]}]},{"@type":"ImageObject","inLanguage":"sv-SE","@id":"https:\/\/www.kolibrifestivaali.org\/sv\/kolibri-2024-results\/#primaryimage","url":"https:\/\/www.kolibrifestivaali.org\/wp-content\/uploads\/2024\/10\/foto-agradecimientos-kolibri-2024.jpg","contentUrl":"https:\/\/www.kolibrifestivaali.org\/wp-content\/uploads\/2024\/10\/foto-agradecimientos-kolibri-2024.jpg","width":1920,"height":1280},{"@type":"BreadcrumbList","@id":"https:\/\/www.kolibrifestivaali.org\/sv\/kolibri-2024-results\/#breadcrumb","itemListElement":[{"@type":"ListItem","position":1,"name":"Home","item":"https:\/\/www.kolibrifestivaali.org\/sv\/"},{"@type":"ListItem","position":2,"name":"Resultat fr\u00e5n Kolibr\u00ed 2024: Kaleidoskopet ger nya publiker och fler gemenskaper\u00a0"}]},{"@type":"WebSite","@id":"https:\/\/www.kolibrifestivaali.org\/sv\/#website","url":"https:\/\/www.kolibrifestivaali.org\/sv\/","name":"Kolibri Festivaali","description":"Kolibri\u0301 is a unique multicultural, free and open art festival for children and their families.","inLanguage":"sv-SE"},{"@type":"Person","@id":"https:\/\/www.kolibrifestivaali.org\/sv\/#\/schema\/person\/a4d882046c0f7b03960be07d8b5713ba","name":"Marta Berm\u00fadez","image":{"@type":"ImageObject","inLanguage":"sv-SE","@id":"https:\/\/secure.gravatar.com\/avatar\/35700c2014d565cf72e89c0e712b6bc70303de9d0796b72a069bbd235e79a7b5?s=96&d=mm&r=g","url":"https:\/\/secure.gravatar.com\/avatar\/35700c2014d565cf72e89c0e712b6bc70303de9d0796b72a069bbd235e79a7b5?s=96&d=mm&r=g","contentUrl":"https:\/\/secure.gravatar.com\/avatar\/35700c2014d565cf72e89c0e712b6bc70303de9d0796b72a069bbd235e79a7b5?s=96&d=mm&r=g","caption":"Marta Berm\u00fadez"}}]}},"_links":{"self":[{"href":"https:\/\/www.kolibrifestivaali.org\/sv\/wp-json\/wp\/v2\/posts\/326855","targetHints":{"allow":["GET"]}}],"collection":[{"href":"https:\/\/www.kolibrifestivaali.org\/sv\/wp-json\/wp\/v2\/posts"}],"about":[{"href":"https:\/\/www.kolibrifestivaali.org\/sv\/wp-json\/wp\/v2\/types\/post"}],"author":[{"embeddable":true,"href":"https:\/\/www.kolibrifestivaali.org\/sv\/wp-json\/wp\/v2\/users\/13"}],"replies":[{"embeddable":true,"href":"https:\/\/www.kolibrifestivaali.org\/sv\/wp-json\/wp\/v2\/comments?post=326855"}],"version-history":[{"count":1,"href":"https:\/\/www.kolibrifestivaali.org\/sv\/wp-json\/wp\/v2\/posts\/326855\/revisions"}],"predecessor-version":[{"id":326857,"href":"https:\/\/www.kolibrifestivaali.org\/sv\/wp-json\/wp\/v2\/posts\/326855\/revisions\/326857"}],"wp:featuredmedia":[{"embeddable":true,"href":"https:\/\/www.kolibrifestivaali.org\/sv\/wp-json\/wp\/v2\/media\/326810"}],"wp:attachment":[{"href":"https:\/\/www.kolibrifestivaali.org\/sv\/wp-json\/wp\/v2\/media?parent=326855"}],"wp:term":[{"taxonomy":"category","embeddable":true,"href":"https:\/\/www.kolibrifestivaali.org\/sv\/wp-json\/wp\/v2\/categories?post=326855"},{"taxonomy":"post_tag","embeddable":true,"href":"https:\/\/www.kolibrifestivaali.org\/sv\/wp-json\/wp\/v2\/tags?post=326855"}],"curies":[{"name":"wp","href":"https:\/\/api.w.org\/{rel}","templated":true}]}}