{"id":325794,"date":"2024-05-06T11:12:28","date_gmt":"2024-05-06T08:12:28","guid":{"rendered":"https:\/\/www.kolibrifestivaali.org\/?p=325794"},"modified":"2024-05-10T11:42:22","modified_gmt":"2024-05-10T08:42:22","slug":"javiera-mac-lean-illustrator-kolibri-festivaali-2024","status":"publish","type":"post","link":"https:\/\/www.kolibrifestivaali.org\/sv\/javiera-mac-lean-illustrator-kolibri-festivaali-2024\/","title":{"rendered":"Javiera Mac-lean, Illustrat\u00f6r av Kolibr\u00ed Festivaali 2024-bilden"},"content":{"rendered":"\n<p>Vi \u00e4r glada att presentera <strong>Javiera Mac-lean<\/strong>, den <strong>chilenska illustrat\u00f6ren<\/strong> som har skapat den officiella bilden f\u00f6r den <strong>13:e upplagan av Kolibr\u00ed Festivaali<\/strong>. Hennes tolkning av Kolibr\u00ed-bilden f\u00f6r temat <em><strong>Kaleidoscope<\/strong><\/em> ger f\u00f6r f\u00f6rsta g\u00e5ngen synlighet \u00e5t m\u00e5ngfalden och rollen f\u00f6r samtida barndomar i Finland.&nbsp;<\/p>\n\n\n\n<div class=\"wp-block-columns is-layout-flex wp-container-core-columns-is-layout-9d6595d7 wp-block-columns-is-layout-flex\">\n<div class=\"wp-block-column is-layout-flow wp-block-column-is-layout-flow\">\n<p>Mac-lean tog examen i grafisk design fr\u00e5n <strong>Universidad del Desarrollo i Santiago, Chile<\/strong>, och vidareutbildade sig&nbsp; i <strong>kreativ illustration vid EINA<\/strong> &#8211; Universitat Aut\u00f2noma de <strong>Barcelona<\/strong>. Hon \u00e4r medlem i den finska Illustrat\u00f6rsf\u00f6reningen, <strong>Kuvittajat ry<\/strong>, och bor f\u00f6r n\u00e4rvarande i Helsingfors.&nbsp;<\/p>\n\n\n\n<p>Under sin karri\u00e4r har hon f\u00e5tt betydande utm\u00e4rkelser, inklusive <strong>Imagina Civican 2016<\/strong>. Hennes illustrationer utvaldes till den 9:e Ibero-amerikanska katalogen f\u00f6r Guadalajara International Book Fair, Mexiko, 2018. Hon har ocks\u00e5 deltagit i kollektiva utst\u00e4llningar som Colour&#8217;s Attack, organiserad av Design &amp; Art Direction, London, 2011.&nbsp;<\/p>\n<\/div>\n\n\n\n<div class=\"wp-block-column is-layout-flow wp-block-column-is-layout-flow\">\n<figure class=\"wp-block-image size-large\"><img decoding=\"async\" src=\"https:\/\/www.kolibrifestivaali.org\/wp-content\/uploads\/2024\/05\/kolibri-festivaali-2024-vertical-min-1280x1810.jpg\" alt=\"\" class=\"wp-image-325845\"\/><figcaption class=\"wp-element-caption\">Kolibr\u00ed Festivaali 2024, Javiera Mac-lean. <\/figcaption><\/figure>\n<\/div>\n<\/div>\n\n\n\n<h3 class=\"wp-block-heading\">En m\u00e5ngsidig karri\u00e4r full av humor och f\u00e4rg&nbsp;<\/h3>\n\n\n\n<p>Hennes nyfikna och entusiastiska personlighet genomsyrar alla hennes projekt. <strong>F\u00e4rg, humor och reflektion<\/strong> tar centrumplatsen, vare sig det \u00e4r i en barnbok, muralm\u00e5lning, skyltning, produkt eller logotyp.&nbsp;<\/p>\n\n\n\n<p>Om du vill njuta av hennes <strong>illustrationer i barnlitteratur<\/strong> hittar du upp till <strong>11 vackra<\/strong> verk s\u00e5som:&nbsp;<\/p>\n\n\n\n<ul class=\"wp-block-list\">\n<li><em>Folding Adventure<\/em>, av vilken hon \u00e4r den fullst\u00e4ndiga f\u00f6rfattaren (Bibliographic International, 2016).&nbsp;<\/li>\n\n\n\n<li><em>Sustos en el recreo<\/em>, skriven av Ver\u00f3nica Murgu\u00eda (Loqueleo, Santillana, 2022).&nbsp;<\/li>\n\n\n\n<li><em>Some Daddies<\/em>, skriven av Carol Gordon Ekster (Beaming Books, 2022).&nbsp;<\/li>\n\n\n\n<li><em>Spilt Milk<\/em>, skriven av Haifa Mohareb Sawarka (Alsalwa Books, 2020).&nbsp;<\/li>\n<\/ul>\n\n\n\n<figure class=\"wp-block-image size-large\"><img decoding=\"async\" width=\"1280\" height=\"709\" src=\"https:\/\/www.kolibrifestivaali.org\/wp-content\/uploads\/2024\/05\/vistete-javiera-mac-lean-illustrator-min-1280x709.png\" alt=\"\" class=\"wp-image-325787\" srcset=\"https:\/\/www.kolibrifestivaali.org\/wp-content\/uploads\/2024\/05\/vistete-javiera-mac-lean-illustrator-min-1280x709.png 1280w, https:\/\/www.kolibrifestivaali.org\/wp-content\/uploads\/2024\/05\/vistete-javiera-mac-lean-illustrator-min-350x194.png 350w, https:\/\/www.kolibrifestivaali.org\/wp-content\/uploads\/2024\/05\/vistete-javiera-mac-lean-illustrator-min-768x426.png 768w, https:\/\/www.kolibrifestivaali.org\/wp-content\/uploads\/2024\/05\/vistete-javiera-mac-lean-illustrator-min-1536x851.png 1536w, https:\/\/www.kolibrifestivaali.org\/wp-content\/uploads\/2024\/05\/vistete-javiera-mac-lean-illustrator-min-500x277.png 500w, https:\/\/www.kolibrifestivaali.org\/wp-content\/uploads\/2024\/05\/vistete-javiera-mac-lean-illustrator-min-830x460.png 830w, https:\/\/www.kolibrifestivaali.org\/wp-content\/uploads\/2024\/05\/vistete-javiera-mac-lean-illustrator-min.png 1920w\" sizes=\"(max-width: 1280px) 100vw, 1280px\" \/><figcaption class=\"wp-element-caption\">Illustration of <em>V\u00edstete<\/em>, by Gabriela Rubio and Javiera Mac-lean. <\/figcaption><\/figure>\n\n\n\n<p>M\u00f6jligen \u00e4r hennes mest humoristiska och lekfulla sida tydlig med &#8217;<a href=\"https:\/\/www.instagram.com\/cazuelaelconejo\/\">Cazuela<\/a>.&#8217; En resande kanin som tar oss till udda platser runt om i v\u00e4rlden, genom Instagram.&nbsp;<\/p>\n\n\n\n<p>Hennes hobbyer inkluderar &#8221;att illustrera i alla m\u00f6jliga format, \u00e5ka skridskor, g\u00f6ra masker och kostymer av \u00e5tervunna material f\u00f6r oss och f\u00f6r v\u00e5r lilla, resa f\u00f6r att fylla mitt huvud med nya erfarenheter, titta p\u00e5 filmer och cykla p\u00e5 min \u00e4lskade cykel.&#8221;&nbsp;<\/p>\n\n\n\n<p><strong>Hon hoppas snart publicera barnboken <em>V\u00edstete<\/em><\/strong>, skriven av den spanska f\u00f6rfattaren Gabriela Rubio, och &#8221;en personlig album f\u00f6r min lilla, bland andra projekt som jag inte kan prata om \u00e4nnu.&#8221; Hennes mest omedelbara personliga utmaning \u00e4r att l\u00e4ra sig finska, s\u00e5 att hon kan k\u00e4nna sig &#8221;mer bekv\u00e4m och sj\u00e4lvs\u00e4ker med framtida lokala projekt.&#8221;&nbsp;<\/p>\n\n\n\n<p>Snart kommer vi att avnjuta hennes arbete och passion p\u00e5 Kolibr\u00ed Festivaali, d\u00e4r hon kommer att anv\u00e4nda sina <strong>illustrationer &#8221;som en koppling till de olika kulturerna omfamnade av denna enorma kulturella h\u00e4ndelse<\/strong>.&#8221;&nbsp;<\/p>\n\n\n\n<h4 class=\"wp-block-heading\">Miss inte &#8221;Face to Face&#8221; i september, portr\u00e4tt verkstaden faciliterad av Javiera Mac-lean under de tre familjedagarna p\u00e5 Kolibr\u00ed. L\u00e4gg datumet i kalendern!&nbsp;<\/h4>\n\n\n\n<ul class=\"wp-block-list\">\n<li>14.9.2024 | Sello-biblioteket, Esbo.&nbsp;<\/li>\n\n\n\n<li>21.9.2024 | Lastenkulttuurikeskus Pessi, Vanda.&nbsp;<\/li>\n\n\n\n<li>28.9.2024 | Vuotalo, Helsingfors.&nbsp;<\/li>\n<\/ul>\n\n\n\n<h3 class=\"wp-block-heading\">Du kan f\u00f6lja hennes arbete p\u00e5:&nbsp;<\/h3>\n\n\n\n<p>Web: <a href=\"https:\/\/javiera-maclean.myportfolio.com\/\" target=\"_blank\" rel=\"noreferrer noopener\">https:\/\/javiera-maclean.myportfolio.com\/<\/a>&nbsp;&nbsp;<\/p>\n\n\n\n<p>Instagram: <a href=\"https:\/\/www.instagram.com\/javieramaclean\/\">@javieramaclean<\/a>&nbsp;<\/p>\n\n\n\n<p>Facebook: <a href=\"https:\/\/www.facebook.com\/javiera.maclean\">javiera.maclean<\/a>&nbsp;<\/p>\n\n\n\n<p>LinkedIn: <a href=\"https:\/\/www.linkedin.com\/in\/javieramacleanilustracion\/\">javieramacleanilustracion<\/a>&nbsp;<\/p>\n","protected":false},"excerpt":{"rendered":"<p>Vi \u00e4r glada att presentera Javiera Mac-lean, den chilenska illustrat\u00f6ren som har skapat den officiella bilden f\u00f6r den 13:e upplagan [\u2026] <a href=\"https:\/\/www.kolibrifestivaali.org\/sv\/javiera-mac-lean-illustrator-kolibri-festivaali-2024\/\">Lue lis\u00e4\u00e4 &raquo;<\/a><\/p>\n<div class='heateor_sss_sharing_container heateor_sss_vertical_sharing heateor_sss_bottom_sharing' style='width:34px;right: -10px;top: 100px;-webkit-box-shadow:none;box-shadow:none;' data-heateor-sss-href='https:\/\/www.kolibrifestivaali.org\/sv\/wp-json\/wp\/v2\/posts\/325794'><div class=\"heateor_sss_sharing_ul\"><a aria-label=\"Facebook\" class=\"heateor_sss_facebook\" href=\"https:\/\/www.facebook.com\/sharer\/sharer.php?u=https%3A%2F%2Fwww.kolibrifestivaali.org%2Fsv%2Fwp-json%2Fwp%2Fv2%2Fposts%2F325794\" title=\"Facebook\" rel=\"nofollow noopener\" target=\"_blank\" style=\"font-size:32px!important;box-shadow:none;display:inline-block;vertical-align:middle\"><span class=\"heateor_sss_svg\" style=\"background-color:#0765FE;width:30px;height:30px;border-radius:999px;display:inline-block;opacity:1;float:left;font-size:32px;box-shadow:none;display:inline-block;font-size:16px;padding:0 4px;vertical-align:middle;background-repeat:repeat;overflow:hidden;padding:0;cursor:pointer;box-sizing:content-box\"><svg style=\"display:block;border-radius:999px;\" focusable=\"false\" aria-hidden=\"true\" xmlns=\"http:\/\/www.w3.org\/2000\/svg\" width=\"100%\" height=\"100%\" viewBox=\"0 0 32 32\"><path fill=\"#fff\" d=\"M28 16c0-6.627-5.373-12-12-12S4 9.373 4 16c0 5.628 3.875 10.35 9.101 11.647v-7.98h-2.474V16H13.1v-1.58c0-4.085 1.849-5.978 5.859-5.978.76 0 2.072.15 2.608.298v3.325c-.283-.03-.775-.045-1.386-.045-1.967 0-2.728.745-2.728 2.683V16h3.92l-.673 3.667h-3.247v8.245C23.395 27.195 28 22.135 28 16Z\"><\/path><\/svg><\/span><\/a><a aria-label=\"X\" class=\"heateor_sss_button_x\" href=\"https:\/\/twitter.com\/intent\/tweet?text=Kolibri%20Festivaali%20-%20Kolibri%CC%81%20is%20a%20unique%20multicultural%2C%20free%20and%20open%20art%20festival%20for%20children%20and%20their%20families.&url=https%3A%2F%2Fwww.kolibrifestivaali.org%2Fsv%2Fwp-json%2Fwp%2Fv2%2Fposts%2F325794\" title=\"X\" rel=\"nofollow noopener\" target=\"_blank\" style=\"font-size:32px!important;box-shadow:none;display:inline-block;vertical-align:middle\"><span class=\"heateor_sss_svg heateor_sss_s__default heateor_sss_s_x\" style=\"background-color:#2a2a2a;width:30px;height:30px;border-radius:999px;display:inline-block;opacity:1;float:left;font-size:32px;box-shadow:none;display:inline-block;font-size:16px;padding:0 4px;vertical-align:middle;background-repeat:repeat;overflow:hidden;padding:0;cursor:pointer;box-sizing:content-box\"><svg width=\"100%\" height=\"100%\" style=\"display:block;border-radius:999px;\" focusable=\"false\" aria-hidden=\"true\" xmlns=\"http:\/\/www.w3.org\/2000\/svg\" viewBox=\"0 0 32 32\"><path fill=\"#fff\" d=\"M21.751 7h3.067l-6.7 7.658L26 25.078h-6.172l-4.833-6.32-5.531 6.32h-3.07l7.167-8.19L6 7h6.328l4.37 5.777L21.75 7Zm-1.076 16.242h1.7L11.404 8.74H9.58l11.094 14.503Z\"><\/path><\/svg><\/span><\/a><a aria-label=\"Linkedin\" class=\"heateor_sss_button_linkedin\" href=\"https:\/\/www.linkedin.com\/sharing\/share-offsite\/?url=https%3A%2F%2Fwww.kolibrifestivaali.org%2Fsv%2Fwp-json%2Fwp%2Fv2%2Fposts%2F325794\" title=\"Linkedin\" rel=\"nofollow noopener\" target=\"_blank\" style=\"font-size:32px!important;box-shadow:none;display:inline-block;vertical-align:middle\"><span class=\"heateor_sss_svg heateor_sss_s__default heateor_sss_s_linkedin\" style=\"background-color:#0077b5;width:30px;height:30px;border-radius:999px;display:inline-block;opacity:1;float:left;font-size:32px;box-shadow:none;display:inline-block;font-size:16px;padding:0 4px;vertical-align:middle;background-repeat:repeat;overflow:hidden;padding:0;cursor:pointer;box-sizing:content-box\"><svg style=\"display:block;border-radius:999px;\" focusable=\"false\" aria-hidden=\"true\" xmlns=\"http:\/\/www.w3.org\/2000\/svg\" width=\"100%\" height=\"100%\" viewBox=\"0 0 32 32\"><path d=\"M6.227 12.61h4.19v13.48h-4.19V12.61zm2.095-6.7a2.43 2.43 0 0 1 0 4.86c-1.344 0-2.428-1.09-2.428-2.43s1.084-2.43 2.428-2.43m4.72 6.7h4.02v1.84h.058c.56-1.058 1.927-2.176 3.965-2.176 4.238 0 5.02 2.792 5.02 6.42v7.395h-4.183v-6.56c0-1.564-.03-3.574-2.178-3.574-2.18 0-2.514 1.7-2.514 3.46v6.668h-4.187V12.61z\" fill=\"#fff\"><\/path><\/svg><\/span><\/a><a aria-label=\"Instagram\" class=\"heateor_sss_button_instagram\" href=\"https:\/\/www.instagram.com\/\" title=\"Instagram\" rel=\"nofollow noopener\" target=\"_blank\" style=\"font-size:32px!important;box-shadow:none;display:inline-block;vertical-align:middle\"><span class=\"heateor_sss_svg\" style=\"background-color:#53beee;width:30px;height:30px;border-radius:999px;display:inline-block;opacity:1;float:left;font-size:32px;box-shadow:none;display:inline-block;font-size:16px;padding:0 4px;vertical-align:middle;background-repeat:repeat;overflow:hidden;padding:0;cursor:pointer;box-sizing:content-box\"><svg style=\"display:block;border-radius:999px;\" version=\"1.1\" viewBox=\"-10 -10 148 148\" width=\"100%\" height=\"100%\" xml:space=\"preserve\" xmlns=\"http:\/\/www.w3.org\/2000\/svg\" xmlns:xlink=\"http:\/\/www.w3.org\/1999\/xlink\"><g><g><path d=\"M86,112H42c-14.336,0-26-11.663-26-26V42c0-14.337,11.664-26,26-26h44c14.337,0,26,11.663,26,26v44 C112,100.337,100.337,112,86,112z M42,24c-9.925,0-18,8.074-18,18v44c0,9.925,8.075,18,18,18h44c9.926,0,18-8.075,18-18V42 c0-9.926-8.074-18-18-18H42z\" fill=\"#fff\"><\/path><\/g><g><path d=\"M64,88c-13.234,0-24-10.767-24-24c0-13.234,10.766-24,24-24s24,10.766,24,24C88,77.233,77.234,88,64,88z M64,48c-8.822,0-16,7.178-16,16s7.178,16,16,16c8.822,0,16-7.178,16-16S72.822,48,64,48z\" fill=\"#fff\"><\/path><\/g><g><circle cx=\"89.5\" cy=\"38.5\" fill=\"#fff\" r=\"5.5\"><\/circle><\/g><\/g><\/svg><\/span><\/a><\/div><div class=\"heateorSssClear\"><\/div><\/div>","protected":false},"author":13,"featured_media":325767,"comment_status":"closed","ping_status":"closed","sticky":false,"template":"","format":"standard","meta":{"_acf_changed":false,"footnotes":""},"categories":[23],"tags":[860,856],"class_list":["post-325794","post","type-post","status-publish","format-standard","has-post-thumbnail","hentry","category-news-archive-sv","tag-javiera-mac-lean-3","tag-kolibri-2024-5"],"acf":[],"yoast_head":"<!-- This site is optimized with the Yoast SEO plugin v27.5 - https:\/\/yoast.com\/product\/yoast-seo-wordpress\/ -->\n<title>Javiera Mac-lean, Illustrat\u00f6r av Kolibr\u00ed Festivaali 2024-bilden - Kolibri Festivaali<\/title>\n<meta name=\"description\" content=\"Javiera Mac-lean, Illustrat\u00f6r av Kolibr\u00ed Festivaali 2024-bilden. Ta reda p\u00e5 hennes arbete, hobbyer och hennes deltagande i Caleidoscope, Kolibr\u00ed 2024-utg\u00e5van!\" \/>\n<meta name=\"robots\" content=\"index, follow, max-snippet:-1, max-image-preview:large, max-video-preview:-1\" \/>\n<link rel=\"canonical\" href=\"https:\/\/www.kolibrifestivaali.org\/sv\/javiera-mac-lean-illustrator-kolibri-festivaali-2024\/\" \/>\n<meta property=\"og:locale\" content=\"sv_SE\" \/>\n<meta property=\"og:type\" content=\"article\" \/>\n<meta property=\"og:title\" content=\"Javiera Mac-lean, Illustrat\u00f6r av Kolibr\u00ed Festivaali 2024-bilden - Kolibri Festivaali\" \/>\n<meta property=\"og:description\" content=\"Javiera Mac-lean, Illustrat\u00f6r av Kolibr\u00ed Festivaali 2024-bilden. Ta reda p\u00e5 hennes arbete, hobbyer och hennes deltagande i Caleidoscope, Kolibr\u00ed 2024-utg\u00e5van!\" \/>\n<meta property=\"og:url\" content=\"https:\/\/www.kolibrifestivaali.org\/sv\/javiera-mac-lean-illustrator-kolibri-festivaali-2024\/\" \/>\n<meta property=\"og:site_name\" content=\"Kolibri Festivaali\" \/>\n<meta property=\"article:published_time\" content=\"2024-05-06T08:12:28+00:00\" \/>\n<meta property=\"article:modified_time\" content=\"2024-05-10T08:42:22+00:00\" \/>\n<meta property=\"og:image\" content=\"https:\/\/www.kolibrifestivaali.org\/wp-content\/uploads\/2024\/05\/javiera-mac-lean-image.jpg\" \/>\n\t<meta property=\"og:image:width\" content=\"1200\" \/>\n\t<meta property=\"og:image:height\" content=\"640\" \/>\n\t<meta property=\"og:image:type\" content=\"image\/jpeg\" \/>\n<meta name=\"author\" content=\"Marta Berm\u00fadez\" \/>\n<meta name=\"twitter:card\" content=\"summary_large_image\" \/>\n<meta name=\"twitter:label1\" content=\"Skriven av\" \/>\n\t<meta name=\"twitter:data1\" content=\"Marta Berm\u00fadez\" \/>\n\t<meta name=\"twitter:label2\" content=\"Ber\u00e4knad l\u00e4stid\" \/>\n\t<meta name=\"twitter:data2\" content=\"3 minuter\" \/>\n<script type=\"application\/ld+json\" class=\"yoast-schema-graph\">{\"@context\":\"https:\\\/\\\/schema.org\",\"@graph\":[{\"@type\":\"Article\",\"@id\":\"https:\\\/\\\/www.kolibrifestivaali.org\\\/sv\\\/javiera-mac-lean-illustrator-kolibri-festivaali-2024\\\/#article\",\"isPartOf\":{\"@id\":\"https:\\\/\\\/www.kolibrifestivaali.org\\\/sv\\\/javiera-mac-lean-illustrator-kolibri-festivaali-2024\\\/\"},\"author\":{\"name\":\"Marta Berm\u00fadez\",\"@id\":\"https:\\\/\\\/www.kolibrifestivaali.org\\\/sv\\\/#\\\/schema\\\/person\\\/a4d882046c0f7b03960be07d8b5713ba\"},\"headline\":\"Javiera Mac-lean, Illustrat\u00f6r av Kolibr\u00ed Festivaali 2024-bilden\",\"datePublished\":\"2024-05-06T08:12:28+00:00\",\"dateModified\":\"2024-05-10T08:42:22+00:00\",\"mainEntityOfPage\":{\"@id\":\"https:\\\/\\\/www.kolibrifestivaali.org\\\/sv\\\/javiera-mac-lean-illustrator-kolibri-festivaali-2024\\\/\"},\"wordCount\":519,\"image\":{\"@id\":\"https:\\\/\\\/www.kolibrifestivaali.org\\\/sv\\\/javiera-mac-lean-illustrator-kolibri-festivaali-2024\\\/#primaryimage\"},\"thumbnailUrl\":\"https:\\\/\\\/www.kolibrifestivaali.org\\\/wp-content\\\/uploads\\\/2024\\\/05\\\/javiera-mac-lean-image.jpg\",\"keywords\":[\"javiera mac-lean\",\"kolibri 2024\"],\"articleSection\":[\"News\"],\"inLanguage\":\"sv-SE\"},{\"@type\":\"WebPage\",\"@id\":\"https:\\\/\\\/www.kolibrifestivaali.org\\\/sv\\\/javiera-mac-lean-illustrator-kolibri-festivaali-2024\\\/\",\"url\":\"https:\\\/\\\/www.kolibrifestivaali.org\\\/sv\\\/javiera-mac-lean-illustrator-kolibri-festivaali-2024\\\/\",\"name\":\"Javiera Mac-lean, Illustrat\u00f6r av Kolibr\u00ed Festivaali 2024-bilden - Kolibri Festivaali\",\"isPartOf\":{\"@id\":\"https:\\\/\\\/www.kolibrifestivaali.org\\\/sv\\\/#website\"},\"primaryImageOfPage\":{\"@id\":\"https:\\\/\\\/www.kolibrifestivaali.org\\\/sv\\\/javiera-mac-lean-illustrator-kolibri-festivaali-2024\\\/#primaryimage\"},\"image\":{\"@id\":\"https:\\\/\\\/www.kolibrifestivaali.org\\\/sv\\\/javiera-mac-lean-illustrator-kolibri-festivaali-2024\\\/#primaryimage\"},\"thumbnailUrl\":\"https:\\\/\\\/www.kolibrifestivaali.org\\\/wp-content\\\/uploads\\\/2024\\\/05\\\/javiera-mac-lean-image.jpg\",\"datePublished\":\"2024-05-06T08:12:28+00:00\",\"dateModified\":\"2024-05-10T08:42:22+00:00\",\"author\":{\"@id\":\"https:\\\/\\\/www.kolibrifestivaali.org\\\/sv\\\/#\\\/schema\\\/person\\\/a4d882046c0f7b03960be07d8b5713ba\"},\"description\":\"Javiera Mac-lean, Illustrat\u00f6r av Kolibr\u00ed Festivaali 2024-bilden. Ta reda p\u00e5 hennes arbete, hobbyer och hennes deltagande i Caleidoscope, Kolibr\u00ed 2024-utg\u00e5van!\",\"breadcrumb\":{\"@id\":\"https:\\\/\\\/www.kolibrifestivaali.org\\\/sv\\\/javiera-mac-lean-illustrator-kolibri-festivaali-2024\\\/#breadcrumb\"},\"inLanguage\":\"sv-SE\",\"potentialAction\":[{\"@type\":\"ReadAction\",\"target\":[\"https:\\\/\\\/www.kolibrifestivaali.org\\\/sv\\\/javiera-mac-lean-illustrator-kolibri-festivaali-2024\\\/\"]}]},{\"@type\":\"ImageObject\",\"inLanguage\":\"sv-SE\",\"@id\":\"https:\\\/\\\/www.kolibrifestivaali.org\\\/sv\\\/javiera-mac-lean-illustrator-kolibri-festivaali-2024\\\/#primaryimage\",\"url\":\"https:\\\/\\\/www.kolibrifestivaali.org\\\/wp-content\\\/uploads\\\/2024\\\/05\\\/javiera-mac-lean-image.jpg\",\"contentUrl\":\"https:\\\/\\\/www.kolibrifestivaali.org\\\/wp-content\\\/uploads\\\/2024\\\/05\\\/javiera-mac-lean-image.jpg\",\"width\":1200,\"height\":640},{\"@type\":\"BreadcrumbList\",\"@id\":\"https:\\\/\\\/www.kolibrifestivaali.org\\\/sv\\\/javiera-mac-lean-illustrator-kolibri-festivaali-2024\\\/#breadcrumb\",\"itemListElement\":[{\"@type\":\"ListItem\",\"position\":1,\"name\":\"Home\",\"item\":\"https:\\\/\\\/www.kolibrifestivaali.org\\\/sv\\\/\"},{\"@type\":\"ListItem\",\"position\":2,\"name\":\"Javiera Mac-lean, Illustrat\u00f6r av Kolibr\u00ed Festivaali 2024-bilden\"}]},{\"@type\":\"WebSite\",\"@id\":\"https:\\\/\\\/www.kolibrifestivaali.org\\\/sv\\\/#website\",\"url\":\"https:\\\/\\\/www.kolibrifestivaali.org\\\/sv\\\/\",\"name\":\"Kolibri Festivaali\",\"description\":\"Kolibri\u0301 is a unique multicultural, free and open art festival for children and their families.\",\"inLanguage\":\"sv-SE\"},{\"@type\":\"Person\",\"@id\":\"https:\\\/\\\/www.kolibrifestivaali.org\\\/sv\\\/#\\\/schema\\\/person\\\/a4d882046c0f7b03960be07d8b5713ba\",\"name\":\"Marta Berm\u00fadez\",\"image\":{\"@type\":\"ImageObject\",\"inLanguage\":\"sv-SE\",\"@id\":\"https:\\\/\\\/secure.gravatar.com\\\/avatar\\\/35700c2014d565cf72e89c0e712b6bc70303de9d0796b72a069bbd235e79a7b5?s=96&d=mm&r=g\",\"url\":\"https:\\\/\\\/secure.gravatar.com\\\/avatar\\\/35700c2014d565cf72e89c0e712b6bc70303de9d0796b72a069bbd235e79a7b5?s=96&d=mm&r=g\",\"contentUrl\":\"https:\\\/\\\/secure.gravatar.com\\\/avatar\\\/35700c2014d565cf72e89c0e712b6bc70303de9d0796b72a069bbd235e79a7b5?s=96&d=mm&r=g\",\"caption\":\"Marta Berm\u00fadez\"}}]}<\/script>\n<!-- \/ Yoast SEO plugin. -->","yoast_head_json":{"title":"Javiera Mac-lean, Illustrat\u00f6r av Kolibr\u00ed Festivaali 2024-bilden - Kolibri Festivaali","description":"Javiera Mac-lean, Illustrat\u00f6r av Kolibr\u00ed Festivaali 2024-bilden. Ta reda p\u00e5 hennes arbete, hobbyer och hennes deltagande i Caleidoscope, Kolibr\u00ed 2024-utg\u00e5van!","robots":{"index":"index","follow":"follow","max-snippet":"max-snippet:-1","max-image-preview":"max-image-preview:large","max-video-preview":"max-video-preview:-1"},"canonical":"https:\/\/www.kolibrifestivaali.org\/sv\/javiera-mac-lean-illustrator-kolibri-festivaali-2024\/","og_locale":"sv_SE","og_type":"article","og_title":"Javiera Mac-lean, Illustrat\u00f6r av Kolibr\u00ed Festivaali 2024-bilden - Kolibri Festivaali","og_description":"Javiera Mac-lean, Illustrat\u00f6r av Kolibr\u00ed Festivaali 2024-bilden. Ta reda p\u00e5 hennes arbete, hobbyer och hennes deltagande i Caleidoscope, Kolibr\u00ed 2024-utg\u00e5van!","og_url":"https:\/\/www.kolibrifestivaali.org\/sv\/javiera-mac-lean-illustrator-kolibri-festivaali-2024\/","og_site_name":"Kolibri Festivaali","article_published_time":"2024-05-06T08:12:28+00:00","article_modified_time":"2024-05-10T08:42:22+00:00","og_image":[{"width":1200,"height":640,"url":"https:\/\/www.kolibrifestivaali.org\/wp-content\/uploads\/2024\/05\/javiera-mac-lean-image.jpg","type":"image\/jpeg"}],"author":"Marta Berm\u00fadez","twitter_card":"summary_large_image","twitter_misc":{"Skriven av":"Marta Berm\u00fadez","Ber\u00e4knad l\u00e4stid":"3 minuter"},"schema":{"@context":"https:\/\/schema.org","@graph":[{"@type":"Article","@id":"https:\/\/www.kolibrifestivaali.org\/sv\/javiera-mac-lean-illustrator-kolibri-festivaali-2024\/#article","isPartOf":{"@id":"https:\/\/www.kolibrifestivaali.org\/sv\/javiera-mac-lean-illustrator-kolibri-festivaali-2024\/"},"author":{"name":"Marta Berm\u00fadez","@id":"https:\/\/www.kolibrifestivaali.org\/sv\/#\/schema\/person\/a4d882046c0f7b03960be07d8b5713ba"},"headline":"Javiera Mac-lean, Illustrat\u00f6r av Kolibr\u00ed Festivaali 2024-bilden","datePublished":"2024-05-06T08:12:28+00:00","dateModified":"2024-05-10T08:42:22+00:00","mainEntityOfPage":{"@id":"https:\/\/www.kolibrifestivaali.org\/sv\/javiera-mac-lean-illustrator-kolibri-festivaali-2024\/"},"wordCount":519,"image":{"@id":"https:\/\/www.kolibrifestivaali.org\/sv\/javiera-mac-lean-illustrator-kolibri-festivaali-2024\/#primaryimage"},"thumbnailUrl":"https:\/\/www.kolibrifestivaali.org\/wp-content\/uploads\/2024\/05\/javiera-mac-lean-image.jpg","keywords":["javiera mac-lean","kolibri 2024"],"articleSection":["News"],"inLanguage":"sv-SE"},{"@type":"WebPage","@id":"https:\/\/www.kolibrifestivaali.org\/sv\/javiera-mac-lean-illustrator-kolibri-festivaali-2024\/","url":"https:\/\/www.kolibrifestivaali.org\/sv\/javiera-mac-lean-illustrator-kolibri-festivaali-2024\/","name":"Javiera Mac-lean, Illustrat\u00f6r av Kolibr\u00ed Festivaali 2024-bilden - Kolibri Festivaali","isPartOf":{"@id":"https:\/\/www.kolibrifestivaali.org\/sv\/#website"},"primaryImageOfPage":{"@id":"https:\/\/www.kolibrifestivaali.org\/sv\/javiera-mac-lean-illustrator-kolibri-festivaali-2024\/#primaryimage"},"image":{"@id":"https:\/\/www.kolibrifestivaali.org\/sv\/javiera-mac-lean-illustrator-kolibri-festivaali-2024\/#primaryimage"},"thumbnailUrl":"https:\/\/www.kolibrifestivaali.org\/wp-content\/uploads\/2024\/05\/javiera-mac-lean-image.jpg","datePublished":"2024-05-06T08:12:28+00:00","dateModified":"2024-05-10T08:42:22+00:00","author":{"@id":"https:\/\/www.kolibrifestivaali.org\/sv\/#\/schema\/person\/a4d882046c0f7b03960be07d8b5713ba"},"description":"Javiera Mac-lean, Illustrat\u00f6r av Kolibr\u00ed Festivaali 2024-bilden. Ta reda p\u00e5 hennes arbete, hobbyer och hennes deltagande i Caleidoscope, Kolibr\u00ed 2024-utg\u00e5van!","breadcrumb":{"@id":"https:\/\/www.kolibrifestivaali.org\/sv\/javiera-mac-lean-illustrator-kolibri-festivaali-2024\/#breadcrumb"},"inLanguage":"sv-SE","potentialAction":[{"@type":"ReadAction","target":["https:\/\/www.kolibrifestivaali.org\/sv\/javiera-mac-lean-illustrator-kolibri-festivaali-2024\/"]}]},{"@type":"ImageObject","inLanguage":"sv-SE","@id":"https:\/\/www.kolibrifestivaali.org\/sv\/javiera-mac-lean-illustrator-kolibri-festivaali-2024\/#primaryimage","url":"https:\/\/www.kolibrifestivaali.org\/wp-content\/uploads\/2024\/05\/javiera-mac-lean-image.jpg","contentUrl":"https:\/\/www.kolibrifestivaali.org\/wp-content\/uploads\/2024\/05\/javiera-mac-lean-image.jpg","width":1200,"height":640},{"@type":"BreadcrumbList","@id":"https:\/\/www.kolibrifestivaali.org\/sv\/javiera-mac-lean-illustrator-kolibri-festivaali-2024\/#breadcrumb","itemListElement":[{"@type":"ListItem","position":1,"name":"Home","item":"https:\/\/www.kolibrifestivaali.org\/sv\/"},{"@type":"ListItem","position":2,"name":"Javiera Mac-lean, Illustrat\u00f6r av Kolibr\u00ed Festivaali 2024-bilden"}]},{"@type":"WebSite","@id":"https:\/\/www.kolibrifestivaali.org\/sv\/#website","url":"https:\/\/www.kolibrifestivaali.org\/sv\/","name":"Kolibri Festivaali","description":"Kolibri\u0301 is a unique multicultural, free and open art festival for children and their families.","inLanguage":"sv-SE"},{"@type":"Person","@id":"https:\/\/www.kolibrifestivaali.org\/sv\/#\/schema\/person\/a4d882046c0f7b03960be07d8b5713ba","name":"Marta Berm\u00fadez","image":{"@type":"ImageObject","inLanguage":"sv-SE","@id":"https:\/\/secure.gravatar.com\/avatar\/35700c2014d565cf72e89c0e712b6bc70303de9d0796b72a069bbd235e79a7b5?s=96&d=mm&r=g","url":"https:\/\/secure.gravatar.com\/avatar\/35700c2014d565cf72e89c0e712b6bc70303de9d0796b72a069bbd235e79a7b5?s=96&d=mm&r=g","contentUrl":"https:\/\/secure.gravatar.com\/avatar\/35700c2014d565cf72e89c0e712b6bc70303de9d0796b72a069bbd235e79a7b5?s=96&d=mm&r=g","caption":"Marta Berm\u00fadez"}}]}},"_links":{"self":[{"href":"https:\/\/www.kolibrifestivaali.org\/sv\/wp-json\/wp\/v2\/posts\/325794","targetHints":{"allow":["GET"]}}],"collection":[{"href":"https:\/\/www.kolibrifestivaali.org\/sv\/wp-json\/wp\/v2\/posts"}],"about":[{"href":"https:\/\/www.kolibrifestivaali.org\/sv\/wp-json\/wp\/v2\/types\/post"}],"author":[{"embeddable":true,"href":"https:\/\/www.kolibrifestivaali.org\/sv\/wp-json\/wp\/v2\/users\/13"}],"replies":[{"embeddable":true,"href":"https:\/\/www.kolibrifestivaali.org\/sv\/wp-json\/wp\/v2\/comments?post=325794"}],"version-history":[{"count":4,"href":"https:\/\/www.kolibrifestivaali.org\/sv\/wp-json\/wp\/v2\/posts\/325794\/revisions"}],"predecessor-version":[{"id":325850,"href":"https:\/\/www.kolibrifestivaali.org\/sv\/wp-json\/wp\/v2\/posts\/325794\/revisions\/325850"}],"wp:featuredmedia":[{"embeddable":true,"href":"https:\/\/www.kolibrifestivaali.org\/sv\/wp-json\/wp\/v2\/media\/325767"}],"wp:attachment":[{"href":"https:\/\/www.kolibrifestivaali.org\/sv\/wp-json\/wp\/v2\/media?parent=325794"}],"wp:term":[{"taxonomy":"category","embeddable":true,"href":"https:\/\/www.kolibrifestivaali.org\/sv\/wp-json\/wp\/v2\/categories?post=325794"},{"taxonomy":"post_tag","embeddable":true,"href":"https:\/\/www.kolibrifestivaali.org\/sv\/wp-json\/wp\/v2\/tags?post=325794"}],"curies":[{"name":"wp","href":"https:\/\/api.w.org\/{rel}","templated":true}]}}