{"id":327322,"date":"2025-06-06T09:46:14","date_gmt":"2025-06-06T06:46:14","guid":{"rendered":"https:\/\/www.kolibrifestivaali.org\/news-archive-pt\/mar-benegas-guest-artist-kolibri-2025\/"},"modified":"2025-09-04T12:10:06","modified_gmt":"2025-09-04T09:10:06","slug":"mar-benegas-guest-artist-kolibri-2025","status":"publish","type":"post","link":"https:\/\/www.kolibrifestivaali.org\/pt-pt\/mar-benegas-guest-artist-kolibri-2025\/","title":{"rendered":"Conhe\u00e7a Mar Benegas, a Artista Convidada para o Kolibr\u00ed Festivaali 2025 \u2013 10\u00ba Anivers\u00e1rio"},"content":{"rendered":"\n<p>Desde 2015, o Kolibr\u00ed Festivaali tem convidado artistas ibero-americanos para compartilhar sua arte com as fam\u00edlias da Finl\u00e2ndia. Atores, ilustradores e escritores que, durante alguns dias, nos convidam a adentrar seu mundo criativo. E num ano t\u00e3o especial como o <strong>d\u00e9cimo anivers\u00e1rio<\/strong> do festival, ficamos muito felizes em anunciar que teremos a grande sorte de passar alguns dias na companhia da escritora e gestora cultural<strong> <a href=\"https:\/\/www.marbenegas.es\/\" target=\"_blank\" rel=\"noreferrer noopener\">Mar Benegas<\/a> <\/strong>(Val\u00eancia, Espanha, 1975).&nbsp;<\/p>\n\n\n\n<p>Falar de Mar Benegas \u00e9 falar de <strong>poesia<\/strong>, de versos e palavras, de contos, <strong>can\u00e7\u00f5es<\/strong> e sons. \u00c9 recitar, cantar, contar e ensinar a narrar hist\u00f3rias. E, claro, ainda mais neste ano, \u00e9 falar sobre desejos.&nbsp;<\/p>\n\n\n\n<p>Como ela mesma diz, &#8220;<strong>o desejo e a esperan\u00e7a se entrela\u00e7am com os mesmos fios<\/strong>. Somos seres desejantes. Sonhar, esperar, ser e desejar. Esses verbos formam a mat\u00e9ria-prima dos sonhos, da fic\u00e7\u00e3o, dos livros e da poesia. S\u00e3o nossos verbos preferidos&#8221;.&nbsp;<\/p>\n\n\n\n<p>Esse texto foi publicado em &#8216;<a href=\"https:\/\/elsitiodelaspalabras.es\/el-deseo-y-la-esperanza-el-sitio-de-las-palabras\/\" target=\"_blank\" rel=\"noreferrer noopener\">El sitio de las palabras<\/a>&#8216;, uma plataforma online fundada em 2013 por Mar Benegas em conjunto com o poeta e professor Jes\u00fas Ge. A plataforma se transformou em <strong>um ref\u00fagio para os amantes da literatura<\/strong> \u2013 l\u00e1, eles compartilham sugest\u00f5es liter\u00e1rias e oferecem cursos e atividades, tanto para crian\u00e7as quanto para adultos, com o objetivo de promover a leitura.&nbsp;<\/p>\n\n\n\n<p>Porque todos n\u00f3s, em algum momento, temos a necessidade de contar hist\u00f3rias. Mar Benegas conta hist\u00f3rias h\u00e1 muito tempo, principalmente hist\u00f3rias para crian\u00e7as. At\u00e9 o momento, publicou <strong>61 livros<\/strong> infantis e juvenis, al\u00e9m de <strong>ensaios, poesias<\/strong> para adultos, e <strong>antologias<\/strong>. Hist\u00f3rias que alcan\u00e7aram a China, o Brasil, a Coreia do Sul, a It\u00e1lia e a Fran\u00e7a; e que foram reconhecidas em premia\u00e7\u00f5es importantes.<\/p>\n\n\n\n<h2 class=\"wp-block-heading has-text-align-left\">As premia\u00e7\u00f5es incluem:&nbsp;&nbsp;&nbsp;&nbsp;<\/h2>\n\n\n\n<ul class=\"wp-block-list\">\n<li>\u201cDice el sol Dice la luna\u201d: <strong>Pr\u00eamio Nacional de Melhor Livro Infantil<\/strong> publicado no <strong>Chile<\/strong> em 2023, concedido pela C\u00e2mara Chilena do Livro. Pr\u00eamio &#8220;Os 20 melhores de 2023&#8221;, da Funda\u00e7\u00e3o Cuatrogatos (Miami, Estados Unidos);&nbsp;<\/li>\n<\/ul>\n\n\n\n<ul class=\"wp-block-list\">\n<li>&#8220;Ruidos y Ruiditos&#8221;: <strong>Melhor Livro de Poesia<\/strong> de 2023, concedido pelo \u201cBanco del Libro\u201d da <strong>Venezuela<\/strong>;&nbsp;<\/li>\n<\/ul>\n\n\n\n<ul class=\"wp-block-list\">\n<li>XXVI edi\u00e7\u00e3o do <strong>Pr\u00eamio Cervantes Chico<\/strong> em 2022, concedido pela Prefeitura de Alcal\u00e1 de Henares (Espanha);&nbsp;<\/li>\n<\/ul>\n\n\n\n<ul class=\"wp-block-list\">\n<li>\u201cCoraz\u00f3n de p\u00e1jaro\u201d: Men\u00e7\u00e3o especial na categoria Poesia no <strong>Pr\u00eamio Ragazzi<\/strong> da Feira do Livro Infantil de <strong>Bolonha<\/strong>, 2021;&nbsp;<\/li>\n<\/ul>\n\n\n\n<ul class=\"wp-block-list\">\n<li>&#8220;I aqu\u00ed dins qui hi ha?&#8221;: <strong>Pr\u00eamio Serra D&#8217;Or<\/strong> da Cr\u00edtica 2018, como Melhor Livro Infantil;&nbsp;<br>&nbsp;<br>&#8220;Abecedario del cuerpo imaginado&#8221;: <strong>Melhor Livro Juvenil<\/strong> de 2014 concedido pelo \u201cBanco del Libro\u201d da <strong>Venezuela<\/strong>;&nbsp;<\/li>\n<\/ul>\n\n\n\n<ul class=\"wp-block-list\">\n<li>&#8220;Con el ojo de la I&#8221;: Inclu\u00eddo entre os 20 melhores livros infantis de 2016, pela Funda\u00e7\u00e3o Cuatrogatos;&nbsp;<\/li>\n<\/ul>\n\n\n\n<ul class=\"wp-block-list\">\n<li>&#8220;Versos como una casa&#8221;: Um dos 20 melhores livros infantis de 2017, pela Funda\u00e7\u00e3o Cuatrogatos.&nbsp;<\/li>\n<\/ul>\n\n\n\n<p>Tampouco podemos esquecer de seu papel como instrutora e palestrante especializada em poesia, criatividade e <strong>promo\u00e7\u00e3o da leitura<\/strong>. Ela \u00e9 diretora das \u201cJornadas de Animaci\u00f3n a la Lectura, Escritura y Observaci\u00f3n\u201d (<a href=\"https:\/\/jaleovalencia.es\/es\/\" target=\"_blank\" rel=\"noreferrer noopener\">JALEO<\/a>), que acontecem em Val\u00eancia, Madri e online.&nbsp;<\/p>\n\n\n\n<p>Mar Benegas e Jes\u00fas Ge tamb\u00e9m acabam de publicar \u201c<strong>Creatividad sin pantallas<\/strong>\u201d (Grijalbo, 2025); uma obra que nos prop\u00f5e voltar \u00e0 tradi\u00e7\u00e3o, \u00e0s can\u00e7\u00f5es e \u00e0s brincadeiras de rua de antigamente, quando n\u00e3o havia telas e as crian\u00e7as se divertiam com o que encontravam por a\u00ed.&nbsp;<\/p>\n\n\n\n<h2 class=\"wp-block-heading has-text-align-left\">Outros t\u00edtulos que voc\u00ea n\u00e3o pode perder:&nbsp;<\/h2>\n\n\n\n<ul class=\"wp-block-list\">\n<li>Cole\u00e7\u00e3o \u201cLa Cereza&#8221; (livros musicais para beb\u00eas, publicado em Espanhol e Catal\u00e3o pela editora Combel);&nbsp;<\/li>\n<\/ul>\n\n\n\n<ul class=\"wp-block-list\">\n<li>\u201c44 poemas para leer con ni\u00f1os\u201d (Editorial Litera Libros, 2013);&nbsp;<\/li>\n<\/ul>\n\n\n\n<ul class=\"wp-block-list\">\n<li>\u201cCole\u00e7\u00e3o Cocolor, El libro rojo y el libro azul\u201d (Editora Litera, 2017);&nbsp;<br>&nbsp;<br>\u201c<strong>\u00bfNicolasa, y tu casa?<\/strong>\u201d (Publicada em Espanhol e Catal\u00e3o pela Editora Combel, 2018-2019);&nbsp;<\/li>\n<\/ul>\n\n\n\n<ul class=\"wp-block-list\">\n<li>\u201c<strong>Coraz\u00f3n de p\u00e1jaro<\/strong>\u201d (Publicado em Espanhol, Catal\u00e3o, e Portugu\u00eas pela editora Akiara Books, em 2020. Men\u00e7\u00e3o especial no pr\u00eamio Bologna 2020);&nbsp;<\/li>\n<\/ul>\n\n\n\n<ul class=\"wp-block-list\">\n<li>\u201cMi primer abecedario, el carnaval de las letras\u201d (Editora Penguin, 2022);&nbsp;<\/li>\n<\/ul>\n\n\n\n<ul class=\"wp-block-list\">\n<li>\u201cCuentos como nunca los hemos contado\u201d (Editora Grijalbo, 2023).&nbsp;<\/li>\n<\/ul>\n\n\n\n<p>Lembre-se de que na <a href=\"https:\/\/helmet.finna.fi\/\" target=\"_blank\" rel=\"noreferrer noopener\">Helmet<\/a> voc\u00ea pode encontrar muitas dessas obras, com as quais poder\u00e1 compartilhar momentos divertidos com seus filhos.&nbsp;&nbsp;<\/p>\n\n\n\n<h2 class=\"wp-block-heading has-text-align-left\">N\u00e3o deixe de participar das atividades promovidas por Mar Benegas no programa do Kolibr\u00ed 2025!&nbsp;<\/h2>\n\n\n\n<ul class=\"wp-block-list\">\n<li>18.9.2025 \u2013 12 pm \u2013 Universidade de Helsinque (Language Center &#8211; Festive hall, Fabianinkatu 26, Helsinque) \u2013\u00a0<a href=\"https:\/\/www.kolibrifestivaali.org\/pt-pt\/event\/como-se-fosse-uma-cereja-poesia-e-criatividade-na-infancia\/\">\u2018Como se fosse uma cereja\u2019 \u2013 Poesia e criatividade na inf\u00e2ncia<\/a>: Mar Benegas vai falar sobre a import\u00e2ncia da poesia na inf\u00e2ncia e sobre como \u2014 e por que \u2014 devemos deix\u00e1-la ao alcance das crian\u00e7as.<\/li>\n\n\n\n<li>18.9.2025 \u2013 5 pm \u2013 Centro Cultural STOA (Helsinki) \u2013&nbsp;<a href=\"https:\/\/www.kolibrifestivaali.org\/pt-pt\/event\/da-cancao-de-ninar-ao-conto-conferencia-de-mar-benegas\/\">\u2018<\/a><a href=\"https:\/\/www.kolibrifestivaali.org\/pt-pt\/event\/da-cancao-de-ninar-ao-conto-conferencia-de-mar-benegas\/\">Da can\u00e7\u00e3o de ninar ao conto\u2019 \u2013 Confer\u00eancia de Mar Benegas:<\/a>&nbsp;percurso te\u00f3rico e pr\u00e1tico sobre a primeira inf\u00e2ncia e sua rela\u00e7\u00e3o com a literatura. Ela ser\u00e1 acompanhada pela escritora italiana Arianna Squilloni, fundadora da editora A buen paso. Squilloni vai falar sobre o nascimento e a transforma\u00e7\u00e3o dos livros de Benegas publicados pela sua editora.<\/li>\n\n\n\n<li>20.9.2025 \u2013 11 am \u2013 Lastenkulttuurikeskus Pessi (Vantaa):&nbsp;<a href=\"https:\/\/www.kolibrifestivaali.org\/pt-pt\/event\/vamos-colocar-um-bigode\/\">Vamos colocar um bigode?<\/a>: sess\u00e3o interativa de conta\u00e7\u00e3o de hist\u00f3rias cantada.<\/li>\n\n\n\n<li>20.9.2025 \u2013 2 pm \u2013 Lastenkulttuurikeskus Pessi (Vantaa):&nbsp;<a href=\"https:\/\/www.kolibrifestivaali.org\/pt-pt\/event\/nicolasa-e-a-sua-casa\/\">Nicolasa, e a sua casa?<\/a>: sess\u00e3o divertida de conta\u00e7\u00e3o de hist\u00f3rias cantada.<\/li>\n\n\n\n<li>20.9.2025 \u2013 12 pm and 3:30 pm \u2013 Lastenkulttuurikeskus Pessi (Vantaa):&nbsp;<a href=\"https:\/\/www.kolibrifestivaali.org\/pt-pt\/event\/mar-benegas-sessao-de-autografos-na-feira-do-livro-infantil\/\">Sess\u00e3o de aut\u00f3grafos na Feira do Livro Infantil<\/a>. A escritora espanhola estar\u00e1 autografando livros em nossa feira. Ent\u00e3o n\u00e3o perca! E tem mais: pela primeira vez no Kolibr\u00ed, vamos receber uma editora convidada! Na Feira do Livro, voc\u00ea vai poder comprar os livros da Mar, gra\u00e7as \u00e0 parceria com a sua editora,&nbsp;<a href=\"https:\/\/www.abuenpaso.com\/\" target=\"_blank\" rel=\"noreferrer noopener\">A buen paso<\/a>.<\/li>\n<\/ul>\n\n\n\n<p><a href=\"https:\/\/www.kolibrifestivaali.org\/pt-pt\/program\/\">Programa\u00e7\u00e3o completa<\/a>  <\/p>\n\n\n\n<p>Voc\u00ea pode seguir seu trabalho no Instagram (@benegasmar), Facebook (<a href=\"https:\/\/www.facebook.com\/benegasmar\" target=\"_blank\" rel=\"noreferrer noopener\">@benegasmar<\/a> y @<a href=\"https:\/\/www.facebook.com\/MarBenegaspoeta\" target=\"_blank\" rel=\"noreferrer noopener\">MarBenegaspoeta<\/a>) e X (@benegasmar).<\/p>\n\n\n\n<p>A participa\u00e7\u00e3o de Mar Benegas no Kolibr\u00ed Festivaali se d\u00e1 gra\u00e7as \u00e0 colabora\u00e7\u00e3o da Dire\u00e7\u00e3o Geral do Livro, dos Quadrinhos e da Leitura, promovida pelo Minist\u00e9rio da Cultura e do Desporto da Espanha.&nbsp;<\/p>\n","protected":false},"excerpt":{"rendered":"<p>Desde 2015, o Kolibr\u00ed Festivaali tem convidado artistas ibero-americanos para compartilhar sua arte com as fam\u00edlias da Finl\u00e2ndia. Atores, ilustradores [\u2026] <a href=\"https:\/\/www.kolibrifestivaali.org\/pt-pt\/mar-benegas-guest-artist-kolibri-2025\/\">Lue lis\u00e4\u00e4 &raquo;<\/a><\/p>\n<div class='heateor_sss_sharing_container heateor_sss_vertical_sharing heateor_sss_bottom_sharing' style='width:34px;right: -10px;top: 100px;-webkit-box-shadow:none;box-shadow:none;' data-heateor-sss-href='https:\/\/www.kolibrifestivaali.org\/pt-pt\/wp-json\/wp\/v2\/posts\/327322'><div class=\"heateor_sss_sharing_ul\"><a aria-label=\"Facebook\" class=\"heateor_sss_facebook\" href=\"https:\/\/www.facebook.com\/sharer\/sharer.php?u=https%3A%2F%2Fwww.kolibrifestivaali.org%2Fpt-pt%2Fwp-json%2Fwp%2Fv2%2Fposts%2F327322\" title=\"Facebook\" rel=\"nofollow noopener\" target=\"_blank\" style=\"font-size:32px!important;box-shadow:none;display:inline-block;vertical-align:middle\"><span class=\"heateor_sss_svg\" style=\"background-color:#0765FE;width:30px;height:30px;border-radius:999px;display:inline-block;opacity:1;float:left;font-size:32px;box-shadow:none;display:inline-block;font-size:16px;padding:0 4px;vertical-align:middle;background-repeat:repeat;overflow:hidden;padding:0;cursor:pointer;box-sizing:content-box\"><svg style=\"display:block;border-radius:999px;\" focusable=\"false\" aria-hidden=\"true\" xmlns=\"http:\/\/www.w3.org\/2000\/svg\" width=\"100%\" height=\"100%\" viewBox=\"0 0 32 32\"><path fill=\"#fff\" d=\"M28 16c0-6.627-5.373-12-12-12S4 9.373 4 16c0 5.628 3.875 10.35 9.101 11.647v-7.98h-2.474V16H13.1v-1.58c0-4.085 1.849-5.978 5.859-5.978.76 0 2.072.15 2.608.298v3.325c-.283-.03-.775-.045-1.386-.045-1.967 0-2.728.745-2.728 2.683V16h3.92l-.673 3.667h-3.247v8.245C23.395 27.195 28 22.135 28 16Z\"><\/path><\/svg><\/span><\/a><a aria-label=\"X\" class=\"heateor_sss_button_x\" href=\"https:\/\/twitter.com\/intent\/tweet?text=Kolibri%20Festivaali%20-%20Kolibri%CC%81%20is%20a%20unique%20multicultural%2C%20free%20and%20open%20art%20festival%20for%20children%20and%20their%20families.&url=https%3A%2F%2Fwww.kolibrifestivaali.org%2Fpt-pt%2Fwp-json%2Fwp%2Fv2%2Fposts%2F327322\" title=\"X\" rel=\"nofollow noopener\" target=\"_blank\" style=\"font-size:32px!important;box-shadow:none;display:inline-block;vertical-align:middle\"><span class=\"heateor_sss_svg heateor_sss_s__default heateor_sss_s_x\" style=\"background-color:#2a2a2a;width:30px;height:30px;border-radius:999px;display:inline-block;opacity:1;float:left;font-size:32px;box-shadow:none;display:inline-block;font-size:16px;padding:0 4px;vertical-align:middle;background-repeat:repeat;overflow:hidden;padding:0;cursor:pointer;box-sizing:content-box\"><svg width=\"100%\" height=\"100%\" style=\"display:block;border-radius:999px;\" focusable=\"false\" aria-hidden=\"true\" xmlns=\"http:\/\/www.w3.org\/2000\/svg\" viewBox=\"0 0 32 32\"><path fill=\"#fff\" d=\"M21.751 7h3.067l-6.7 7.658L26 25.078h-6.172l-4.833-6.32-5.531 6.32h-3.07l7.167-8.19L6 7h6.328l4.37 5.777L21.75 7Zm-1.076 16.242h1.7L11.404 8.74H9.58l11.094 14.503Z\"><\/path><\/svg><\/span><\/a><a aria-label=\"Linkedin\" class=\"heateor_sss_button_linkedin\" href=\"https:\/\/www.linkedin.com\/sharing\/share-offsite\/?url=https%3A%2F%2Fwww.kolibrifestivaali.org%2Fpt-pt%2Fwp-json%2Fwp%2Fv2%2Fposts%2F327322\" title=\"Linkedin\" rel=\"nofollow noopener\" target=\"_blank\" style=\"font-size:32px!important;box-shadow:none;display:inline-block;vertical-align:middle\"><span class=\"heateor_sss_svg heateor_sss_s__default heateor_sss_s_linkedin\" style=\"background-color:#0077b5;width:30px;height:30px;border-radius:999px;display:inline-block;opacity:1;float:left;font-size:32px;box-shadow:none;display:inline-block;font-size:16px;padding:0 4px;vertical-align:middle;background-repeat:repeat;overflow:hidden;padding:0;cursor:pointer;box-sizing:content-box\"><svg style=\"display:block;border-radius:999px;\" focusable=\"false\" aria-hidden=\"true\" xmlns=\"http:\/\/www.w3.org\/2000\/svg\" width=\"100%\" height=\"100%\" viewBox=\"0 0 32 32\"><path d=\"M6.227 12.61h4.19v13.48h-4.19V12.61zm2.095-6.7a2.43 2.43 0 0 1 0 4.86c-1.344 0-2.428-1.09-2.428-2.43s1.084-2.43 2.428-2.43m4.72 6.7h4.02v1.84h.058c.56-1.058 1.927-2.176 3.965-2.176 4.238 0 5.02 2.792 5.02 6.42v7.395h-4.183v-6.56c0-1.564-.03-3.574-2.178-3.574-2.18 0-2.514 1.7-2.514 3.46v6.668h-4.187V12.61z\" fill=\"#fff\"><\/path><\/svg><\/span><\/a><a aria-label=\"Instagram\" class=\"heateor_sss_button_instagram\" href=\"https:\/\/www.instagram.com\/\" title=\"Instagram\" rel=\"nofollow noopener\" target=\"_blank\" style=\"font-size:32px!important;box-shadow:none;display:inline-block;vertical-align:middle\"><span class=\"heateor_sss_svg\" style=\"background-color:#53beee;width:30px;height:30px;border-radius:999px;display:inline-block;opacity:1;float:left;font-size:32px;box-shadow:none;display:inline-block;font-size:16px;padding:0 4px;vertical-align:middle;background-repeat:repeat;overflow:hidden;padding:0;cursor:pointer;box-sizing:content-box\"><svg style=\"display:block;border-radius:999px;\" version=\"1.1\" viewBox=\"-10 -10 148 148\" width=\"100%\" height=\"100%\" xml:space=\"preserve\" xmlns=\"http:\/\/www.w3.org\/2000\/svg\" xmlns:xlink=\"http:\/\/www.w3.org\/1999\/xlink\"><g><g><path d=\"M86,112H42c-14.336,0-26-11.663-26-26V42c0-14.337,11.664-26,26-26h44c14.337,0,26,11.663,26,26v44 C112,100.337,100.337,112,86,112z M42,24c-9.925,0-18,8.074-18,18v44c0,9.925,8.075,18,18,18h44c9.926,0,18-8.075,18-18V42 c0-9.926-8.074-18-18-18H42z\" fill=\"#fff\"><\/path><\/g><g><path d=\"M64,88c-13.234,0-24-10.767-24-24c0-13.234,10.766-24,24-24s24,10.766,24,24C88,77.233,77.234,88,64,88z M64,48c-8.822,0-16,7.178-16,16s7.178,16,16,16c8.822,0,16-7.178,16-16S72.822,48,64,48z\" fill=\"#fff\"><\/path><\/g><g><circle cx=\"89.5\" cy=\"38.5\" fill=\"#fff\" r=\"5.5\"><\/circle><\/g><\/g><\/svg><\/span><\/a><\/div><div class=\"heateorSssClear\"><\/div><\/div>","protected":false},"author":13,"featured_media":327305,"comment_status":"closed","ping_status":"closed","sticky":false,"template":"","format":"standard","meta":{"_acf_changed":false,"footnotes":""},"categories":[21],"tags":[939],"class_list":["post-327322","post","type-post","status-publish","format-standard","has-post-thumbnail","hentry","category-news-archive-pt","tag-kolibri-festivaali-2025-pt-pt"],"acf":[],"yoast_head":"<!-- This site is optimized with the Yoast SEO plugin v27.5 - https:\/\/yoast.com\/product\/yoast-seo-wordpress\/ -->\n<title>Conhe\u00e7a Mar Benegas, a Artista Convidada para o Kolibr\u00ed Festivaali 2025 \u2013 10\u00ba Anivers\u00e1rio - Kolibri Festivaali<\/title>\n<meta name=\"description\" content=\"Conhe\u00e7a Mar Benegas, Artista Convidada para o Kolibr\u00ed Festivaali 2025 - 10\u00ba Anivers\u00e1rio! Conhe\u00e7a seu participa\u00e7\u00e3o em 14\u00aa edi\u00e7\u00e3o do Kolibr\u00ed.\" \/>\n<meta name=\"robots\" content=\"noindex, follow\" \/>\n<meta property=\"og:locale\" content=\"pt_PT\" \/>\n<meta property=\"og:type\" content=\"article\" \/>\n<meta property=\"og:title\" content=\"Conhe\u00e7a Mar Benegas, a Artista Convidada para o Kolibr\u00ed Festivaali 2025 \u2013 10\u00ba Anivers\u00e1rio - Kolibri Festivaali\" \/>\n<meta property=\"og:description\" content=\"Conhe\u00e7a Mar Benegas, Artista Convidada para o Kolibr\u00ed Festivaali 2025 - 10\u00ba Anivers\u00e1rio! Conhe\u00e7a seu participa\u00e7\u00e3o em 14\u00aa edi\u00e7\u00e3o do Kolibr\u00ed.\" \/>\n<meta property=\"og:url\" content=\"https:\/\/www.kolibrifestivaali.org\/pt-pt\/mar-benegas-guest-artist-kolibri-2025\/\" \/>\n<meta property=\"og:site_name\" content=\"Kolibri Festivaali\" \/>\n<meta property=\"article:published_time\" content=\"2025-06-06T06:46:14+00:00\" \/>\n<meta property=\"article:modified_time\" content=\"2025-09-04T09:10:06+00:00\" \/>\n<meta property=\"og:image\" content=\"https:\/\/www.kolibrifestivaali.org\/wp-content\/uploads\/2025\/06\/mar-benegas-picture-7.jpg\" \/>\n\t<meta property=\"og:image:width\" content=\"1920\" \/>\n\t<meta property=\"og:image:height\" content=\"1407\" \/>\n\t<meta property=\"og:image:type\" content=\"image\/jpeg\" \/>\n<meta name=\"author\" content=\"Marta Berm\u00fadez\" \/>\n<meta name=\"twitter:card\" content=\"summary_large_image\" \/>\n<meta name=\"twitter:label1\" content=\"Escrito por\" \/>\n\t<meta name=\"twitter:data1\" content=\"Marta Berm\u00fadez\" \/>\n\t<meta name=\"twitter:label2\" content=\"Tempo estimado de leitura\" \/>\n\t<meta name=\"twitter:data2\" content=\"5 minutos\" \/>\n<script type=\"application\/ld+json\" class=\"yoast-schema-graph\">{\"@context\":\"https:\\\/\\\/schema.org\",\"@graph\":[{\"@type\":\"Article\",\"@id\":\"https:\\\/\\\/www.kolibrifestivaali.org\\\/pt-pt\\\/mar-benegas-guest-artist-kolibri-2025\\\/#article\",\"isPartOf\":{\"@id\":\"https:\\\/\\\/www.kolibrifestivaali.org\\\/pt-pt\\\/mar-benegas-guest-artist-kolibri-2025\\\/\"},\"author\":{\"name\":\"Marta Berm\u00fadez\",\"@id\":\"https:\\\/\\\/www.kolibrifestivaali.org\\\/pt-pt\\\/#\\\/schema\\\/person\\\/a4d882046c0f7b03960be07d8b5713ba\"},\"headline\":\"Conhe\u00e7a Mar Benegas, a Artista Convidada para o Kolibr\u00ed Festivaali 2025 \u2013 10\u00ba Anivers\u00e1rio\",\"datePublished\":\"2025-06-06T06:46:14+00:00\",\"dateModified\":\"2025-09-04T09:10:06+00:00\",\"mainEntityOfPage\":{\"@id\":\"https:\\\/\\\/www.kolibrifestivaali.org\\\/pt-pt\\\/mar-benegas-guest-artist-kolibri-2025\\\/\"},\"wordCount\":1011,\"image\":{\"@id\":\"https:\\\/\\\/www.kolibrifestivaali.org\\\/pt-pt\\\/mar-benegas-guest-artist-kolibri-2025\\\/#primaryimage\"},\"thumbnailUrl\":\"https:\\\/\\\/www.kolibrifestivaali.org\\\/wp-content\\\/uploads\\\/2025\\\/06\\\/mar-benegas-picture-7.jpg\",\"keywords\":[\"kolibri festivaali 2025\"],\"articleSection\":[\"News\"],\"inLanguage\":\"pt-PT\"},{\"@type\":\"WebPage\",\"@id\":\"https:\\\/\\\/www.kolibrifestivaali.org\\\/pt-pt\\\/mar-benegas-guest-artist-kolibri-2025\\\/\",\"url\":\"https:\\\/\\\/www.kolibrifestivaali.org\\\/pt-pt\\\/mar-benegas-guest-artist-kolibri-2025\\\/\",\"name\":\"Conhe\u00e7a Mar Benegas, a Artista Convidada para o Kolibr\u00ed Festivaali 2025 \u2013 10\u00ba Anivers\u00e1rio - Kolibri Festivaali\",\"isPartOf\":{\"@id\":\"https:\\\/\\\/www.kolibrifestivaali.org\\\/pt-pt\\\/#website\"},\"primaryImageOfPage\":{\"@id\":\"https:\\\/\\\/www.kolibrifestivaali.org\\\/pt-pt\\\/mar-benegas-guest-artist-kolibri-2025\\\/#primaryimage\"},\"image\":{\"@id\":\"https:\\\/\\\/www.kolibrifestivaali.org\\\/pt-pt\\\/mar-benegas-guest-artist-kolibri-2025\\\/#primaryimage\"},\"thumbnailUrl\":\"https:\\\/\\\/www.kolibrifestivaali.org\\\/wp-content\\\/uploads\\\/2025\\\/06\\\/mar-benegas-picture-7.jpg\",\"datePublished\":\"2025-06-06T06:46:14+00:00\",\"dateModified\":\"2025-09-04T09:10:06+00:00\",\"author\":{\"@id\":\"https:\\\/\\\/www.kolibrifestivaali.org\\\/pt-pt\\\/#\\\/schema\\\/person\\\/a4d882046c0f7b03960be07d8b5713ba\"},\"description\":\"Conhe\u00e7a Mar Benegas, Artista Convidada para o Kolibr\u00ed Festivaali 2025 - 10\u00ba Anivers\u00e1rio! Conhe\u00e7a seu participa\u00e7\u00e3o em 14\u00aa edi\u00e7\u00e3o do Kolibr\u00ed.\",\"breadcrumb\":{\"@id\":\"https:\\\/\\\/www.kolibrifestivaali.org\\\/pt-pt\\\/mar-benegas-guest-artist-kolibri-2025\\\/#breadcrumb\"},\"inLanguage\":\"pt-PT\",\"potentialAction\":[{\"@type\":\"ReadAction\",\"target\":[\"https:\\\/\\\/www.kolibrifestivaali.org\\\/pt-pt\\\/mar-benegas-guest-artist-kolibri-2025\\\/\"]}]},{\"@type\":\"ImageObject\",\"inLanguage\":\"pt-PT\",\"@id\":\"https:\\\/\\\/www.kolibrifestivaali.org\\\/pt-pt\\\/mar-benegas-guest-artist-kolibri-2025\\\/#primaryimage\",\"url\":\"https:\\\/\\\/www.kolibrifestivaali.org\\\/wp-content\\\/uploads\\\/2025\\\/06\\\/mar-benegas-picture-7.jpg\",\"contentUrl\":\"https:\\\/\\\/www.kolibrifestivaali.org\\\/wp-content\\\/uploads\\\/2025\\\/06\\\/mar-benegas-picture-7.jpg\",\"width\":1920,\"height\":1407,\"caption\":\"Mar Benegas, Spanish writer, poet and cultural producer.\"},{\"@type\":\"BreadcrumbList\",\"@id\":\"https:\\\/\\\/www.kolibrifestivaali.org\\\/pt-pt\\\/mar-benegas-guest-artist-kolibri-2025\\\/#breadcrumb\",\"itemListElement\":[{\"@type\":\"ListItem\",\"position\":1,\"name\":\"Home\",\"item\":\"https:\\\/\\\/www.kolibrifestivaali.org\\\/pt-pt\\\/\"},{\"@type\":\"ListItem\",\"position\":2,\"name\":\"Conhe\u00e7a Mar Benegas, a Artista Convidada para o Kolibr\u00ed Festivaali 2025 \u2013 10\u00ba Anivers\u00e1rio\"}]},{\"@type\":\"WebSite\",\"@id\":\"https:\\\/\\\/www.kolibrifestivaali.org\\\/pt-pt\\\/#website\",\"url\":\"https:\\\/\\\/www.kolibrifestivaali.org\\\/pt-pt\\\/\",\"name\":\"Kolibri Festivaali\",\"description\":\"Kolibri\u0301 is a unique multicultural, free and open art festival for children and their families.\",\"inLanguage\":\"pt-PT\"},{\"@type\":\"Person\",\"@id\":\"https:\\\/\\\/www.kolibrifestivaali.org\\\/pt-pt\\\/#\\\/schema\\\/person\\\/a4d882046c0f7b03960be07d8b5713ba\",\"name\":\"Marta Berm\u00fadez\",\"image\":{\"@type\":\"ImageObject\",\"inLanguage\":\"pt-PT\",\"@id\":\"https:\\\/\\\/secure.gravatar.com\\\/avatar\\\/35700c2014d565cf72e89c0e712b6bc70303de9d0796b72a069bbd235e79a7b5?s=96&d=mm&r=g\",\"url\":\"https:\\\/\\\/secure.gravatar.com\\\/avatar\\\/35700c2014d565cf72e89c0e712b6bc70303de9d0796b72a069bbd235e79a7b5?s=96&d=mm&r=g\",\"contentUrl\":\"https:\\\/\\\/secure.gravatar.com\\\/avatar\\\/35700c2014d565cf72e89c0e712b6bc70303de9d0796b72a069bbd235e79a7b5?s=96&d=mm&r=g\",\"caption\":\"Marta Berm\u00fadez\"}}]}<\/script>\n<!-- \/ Yoast SEO plugin. -->","yoast_head_json":{"title":"Conhe\u00e7a Mar Benegas, a Artista Convidada para o Kolibr\u00ed Festivaali 2025 \u2013 10\u00ba Anivers\u00e1rio - Kolibri Festivaali","description":"Conhe\u00e7a Mar Benegas, Artista Convidada para o Kolibr\u00ed Festivaali 2025 - 10\u00ba Anivers\u00e1rio! Conhe\u00e7a seu participa\u00e7\u00e3o em 14\u00aa edi\u00e7\u00e3o do Kolibr\u00ed.","robots":{"index":"noindex","follow":"follow"},"og_locale":"pt_PT","og_type":"article","og_title":"Conhe\u00e7a Mar Benegas, a Artista Convidada para o Kolibr\u00ed Festivaali 2025 \u2013 10\u00ba Anivers\u00e1rio - Kolibri Festivaali","og_description":"Conhe\u00e7a Mar Benegas, Artista Convidada para o Kolibr\u00ed Festivaali 2025 - 10\u00ba Anivers\u00e1rio! Conhe\u00e7a seu participa\u00e7\u00e3o em 14\u00aa edi\u00e7\u00e3o do Kolibr\u00ed.","og_url":"https:\/\/www.kolibrifestivaali.org\/pt-pt\/mar-benegas-guest-artist-kolibri-2025\/","og_site_name":"Kolibri Festivaali","article_published_time":"2025-06-06T06:46:14+00:00","article_modified_time":"2025-09-04T09:10:06+00:00","og_image":[{"width":1920,"height":1407,"url":"https:\/\/www.kolibrifestivaali.org\/wp-content\/uploads\/2025\/06\/mar-benegas-picture-7.jpg","type":"image\/jpeg"}],"author":"Marta Berm\u00fadez","twitter_card":"summary_large_image","twitter_misc":{"Escrito por":"Marta Berm\u00fadez","Tempo estimado de leitura":"5 minutos"},"schema":{"@context":"https:\/\/schema.org","@graph":[{"@type":"Article","@id":"https:\/\/www.kolibrifestivaali.org\/pt-pt\/mar-benegas-guest-artist-kolibri-2025\/#article","isPartOf":{"@id":"https:\/\/www.kolibrifestivaali.org\/pt-pt\/mar-benegas-guest-artist-kolibri-2025\/"},"author":{"name":"Marta Berm\u00fadez","@id":"https:\/\/www.kolibrifestivaali.org\/pt-pt\/#\/schema\/person\/a4d882046c0f7b03960be07d8b5713ba"},"headline":"Conhe\u00e7a Mar Benegas, a Artista Convidada para o Kolibr\u00ed Festivaali 2025 \u2013 10\u00ba Anivers\u00e1rio","datePublished":"2025-06-06T06:46:14+00:00","dateModified":"2025-09-04T09:10:06+00:00","mainEntityOfPage":{"@id":"https:\/\/www.kolibrifestivaali.org\/pt-pt\/mar-benegas-guest-artist-kolibri-2025\/"},"wordCount":1011,"image":{"@id":"https:\/\/www.kolibrifestivaali.org\/pt-pt\/mar-benegas-guest-artist-kolibri-2025\/#primaryimage"},"thumbnailUrl":"https:\/\/www.kolibrifestivaali.org\/wp-content\/uploads\/2025\/06\/mar-benegas-picture-7.jpg","keywords":["kolibri festivaali 2025"],"articleSection":["News"],"inLanguage":"pt-PT"},{"@type":"WebPage","@id":"https:\/\/www.kolibrifestivaali.org\/pt-pt\/mar-benegas-guest-artist-kolibri-2025\/","url":"https:\/\/www.kolibrifestivaali.org\/pt-pt\/mar-benegas-guest-artist-kolibri-2025\/","name":"Conhe\u00e7a Mar Benegas, a Artista Convidada para o Kolibr\u00ed Festivaali 2025 \u2013 10\u00ba Anivers\u00e1rio - Kolibri Festivaali","isPartOf":{"@id":"https:\/\/www.kolibrifestivaali.org\/pt-pt\/#website"},"primaryImageOfPage":{"@id":"https:\/\/www.kolibrifestivaali.org\/pt-pt\/mar-benegas-guest-artist-kolibri-2025\/#primaryimage"},"image":{"@id":"https:\/\/www.kolibrifestivaali.org\/pt-pt\/mar-benegas-guest-artist-kolibri-2025\/#primaryimage"},"thumbnailUrl":"https:\/\/www.kolibrifestivaali.org\/wp-content\/uploads\/2025\/06\/mar-benegas-picture-7.jpg","datePublished":"2025-06-06T06:46:14+00:00","dateModified":"2025-09-04T09:10:06+00:00","author":{"@id":"https:\/\/www.kolibrifestivaali.org\/pt-pt\/#\/schema\/person\/a4d882046c0f7b03960be07d8b5713ba"},"description":"Conhe\u00e7a Mar Benegas, Artista Convidada para o Kolibr\u00ed Festivaali 2025 - 10\u00ba Anivers\u00e1rio! Conhe\u00e7a seu participa\u00e7\u00e3o em 14\u00aa edi\u00e7\u00e3o do Kolibr\u00ed.","breadcrumb":{"@id":"https:\/\/www.kolibrifestivaali.org\/pt-pt\/mar-benegas-guest-artist-kolibri-2025\/#breadcrumb"},"inLanguage":"pt-PT","potentialAction":[{"@type":"ReadAction","target":["https:\/\/www.kolibrifestivaali.org\/pt-pt\/mar-benegas-guest-artist-kolibri-2025\/"]}]},{"@type":"ImageObject","inLanguage":"pt-PT","@id":"https:\/\/www.kolibrifestivaali.org\/pt-pt\/mar-benegas-guest-artist-kolibri-2025\/#primaryimage","url":"https:\/\/www.kolibrifestivaali.org\/wp-content\/uploads\/2025\/06\/mar-benegas-picture-7.jpg","contentUrl":"https:\/\/www.kolibrifestivaali.org\/wp-content\/uploads\/2025\/06\/mar-benegas-picture-7.jpg","width":1920,"height":1407,"caption":"Mar Benegas, Spanish writer, poet and cultural producer."},{"@type":"BreadcrumbList","@id":"https:\/\/www.kolibrifestivaali.org\/pt-pt\/mar-benegas-guest-artist-kolibri-2025\/#breadcrumb","itemListElement":[{"@type":"ListItem","position":1,"name":"Home","item":"https:\/\/www.kolibrifestivaali.org\/pt-pt\/"},{"@type":"ListItem","position":2,"name":"Conhe\u00e7a Mar Benegas, a Artista Convidada para o Kolibr\u00ed Festivaali 2025 \u2013 10\u00ba Anivers\u00e1rio"}]},{"@type":"WebSite","@id":"https:\/\/www.kolibrifestivaali.org\/pt-pt\/#website","url":"https:\/\/www.kolibrifestivaali.org\/pt-pt\/","name":"Kolibri Festivaali","description":"Kolibri\u0301 is a unique multicultural, free and open art festival for children and their families.","inLanguage":"pt-PT"},{"@type":"Person","@id":"https:\/\/www.kolibrifestivaali.org\/pt-pt\/#\/schema\/person\/a4d882046c0f7b03960be07d8b5713ba","name":"Marta Berm\u00fadez","image":{"@type":"ImageObject","inLanguage":"pt-PT","@id":"https:\/\/secure.gravatar.com\/avatar\/35700c2014d565cf72e89c0e712b6bc70303de9d0796b72a069bbd235e79a7b5?s=96&d=mm&r=g","url":"https:\/\/secure.gravatar.com\/avatar\/35700c2014d565cf72e89c0e712b6bc70303de9d0796b72a069bbd235e79a7b5?s=96&d=mm&r=g","contentUrl":"https:\/\/secure.gravatar.com\/avatar\/35700c2014d565cf72e89c0e712b6bc70303de9d0796b72a069bbd235e79a7b5?s=96&d=mm&r=g","caption":"Marta Berm\u00fadez"}}]}},"_links":{"self":[{"href":"https:\/\/www.kolibrifestivaali.org\/pt-pt\/wp-json\/wp\/v2\/posts\/327322","targetHints":{"allow":["GET"]}}],"collection":[{"href":"https:\/\/www.kolibrifestivaali.org\/pt-pt\/wp-json\/wp\/v2\/posts"}],"about":[{"href":"https:\/\/www.kolibrifestivaali.org\/pt-pt\/wp-json\/wp\/v2\/types\/post"}],"author":[{"embeddable":true,"href":"https:\/\/www.kolibrifestivaali.org\/pt-pt\/wp-json\/wp\/v2\/users\/13"}],"replies":[{"embeddable":true,"href":"https:\/\/www.kolibrifestivaali.org\/pt-pt\/wp-json\/wp\/v2\/comments?post=327322"}],"version-history":[{"count":14,"href":"https:\/\/www.kolibrifestivaali.org\/pt-pt\/wp-json\/wp\/v2\/posts\/327322\/revisions"}],"predecessor-version":[{"id":328672,"href":"https:\/\/www.kolibrifestivaali.org\/pt-pt\/wp-json\/wp\/v2\/posts\/327322\/revisions\/328672"}],"wp:featuredmedia":[{"embeddable":true,"href":"https:\/\/www.kolibrifestivaali.org\/pt-pt\/wp-json\/wp\/v2\/media\/327305"}],"wp:attachment":[{"href":"https:\/\/www.kolibrifestivaali.org\/pt-pt\/wp-json\/wp\/v2\/media?parent=327322"}],"wp:term":[{"taxonomy":"category","embeddable":true,"href":"https:\/\/www.kolibrifestivaali.org\/pt-pt\/wp-json\/wp\/v2\/categories?post=327322"},{"taxonomy":"post_tag","embeddable":true,"href":"https:\/\/www.kolibrifestivaali.org\/pt-pt\/wp-json\/wp\/v2\/tags?post=327322"}],"curies":[{"name":"wp","href":"https:\/\/api.w.org\/{rel}","templated":true}]}}