{"id":327113,"date":"2025-05-12T14:27:08","date_gmt":"2025-05-12T11:27:08","guid":{"rendered":"https:\/\/www.kolibrifestivaali.org\/news-archive-pt\/gusti-illustrator-image-kolibri-festivaali-2025\/"},"modified":"2025-08-15T17:37:41","modified_gmt":"2025-08-15T14:37:41","slug":"gusti-illustrator-image-kolibri-festivaali-2025","status":"publish","type":"post","link":"https:\/\/www.kolibrifestivaali.org\/pt-pt\/gusti-illustrator-image-kolibri-festivaali-2025\/","title":{"rendered":"Gusti, ilustrador da imagem Kolibr\u00ed Festivaali 2025 &#8211; 10\u00ba anivers\u00e1rio"},"content":{"rendered":"\n<p>Se dissermos que o <strong>ilustrador por tr\u00e1s da imagem oficial do 10\u00ba Anivers\u00e1rio do Kolibr\u00ed <\/strong>\u00e9 <strong>Gustavo Ariel Rosemffet Abramovich<\/strong> (AR), voc\u00ea pode n\u00e3o reconhecer o nome. Mas se dissermos que \u00e9 o Gusti, com certeza vamos arrancar um sorriso seu.&nbsp;<\/p>\n\n\n\n<p>Numa edi\u00e7\u00e3o t\u00e3o especial, onde nosso <strong>Kolibr\u00ed est\u00e1 h\u00e1 10 anos batendo asas para alcan\u00e7ar mais diversidade no setor cultural infantil<\/strong>, n\u00e3o poder\u00edamos deixar nosso querido passarinho em melhores m\u00e3os e pinc\u00e9is.&nbsp;<\/p>\n\n\n\n<p>O Kolibr\u00ed Festivaali tem a honra de ter Gusti como ilustrador da imagem oficial do nosso d\u00e9cimo anivers\u00e1rio. <strong>Convidamos voc\u00ea<\/strong> a conhec\u00ea-lo um pouco mais, descobrir seu trabalho e, claro, <strong>participar de seus pain\u00e9is e oficinas durante o festival!&nbsp;<\/strong><\/p>\n\n\n\n<h2 class=\"wp-block-heading has-text-align-left\">Mais de 40 Anos Ilustrando Literatura e Inclus\u00e3o<\/h2>\n\n\n\n<p>Depois de obter seu diploma em Desenho e Promo\u00e7\u00e3o Publicit\u00e1ria pela Escola de Arte Fernando Fader da Argentina, ele come\u00e7ou a trabalhar ilustrando revistas e em est\u00fadios de anima\u00e7\u00e3o conhecidos como Catu e Hanna Barbera.&nbsp;<\/p>\n\n\n\n<p>Mas logo decidiu focar na cria\u00e7\u00e3o liter\u00e1ria, escrevendo e ilustrando livros infantis e juvenis.&nbsp;<\/p>\n\n\n\n<p>Na verdade, em seus mais de 40 anos de carreira, ele j\u00e1 ultrapassou a marca de <strong>150 livros publicados em mais de 20 idiomas<\/strong>, em editoras do <strong>Jap\u00e3o, Taiwan, Su\u00ed\u00e7a, Fran\u00e7a, Espanha, Argentina, Alemanha e Estados Unidos<\/strong>.&nbsp;<\/p>\n\n\n\n<p>Gra\u00e7as ao seu vasto trabalho, ele ganhou <strong>pr\u00eamios prestigiosos como o Bratislava Golden Apple Prix<\/strong>, o <strong>Pr\u00eamio Nacional de Ilustra\u00e7\u00e3o na Espanha<\/strong>, o Pr\u00eamio <strong>Lazarillo<\/strong>, ou o Pr\u00eamio <strong>JUNCEDA<\/strong> concedido pela Associa\u00e7\u00e3o Profissional de Ilustradores da Catalunha (Espanha), onde vive h\u00e1 muitos anos.&nbsp;<\/p>\n\n\n\n<p>Em 2016, ele ganhou o <a href=\"https:\/\/www.bolognachildrensbookfair.com\/media\/libro\/press_release\/2016\/ENNNCs_BRAW_2016.pdf\" target=\"_blank\" rel=\"noreferrer noopener\">Bologna Ragazzi Award<\/a> na categoria de defici\u00eancia por sua obra \u00edntima &#8220;Mallko y pap\u00e1&#8221; (Oc\u00e9ano Traves\u00eda), na qual nos mostra como \u00e9 ser pai, m\u00e3e ou irm\u00e3o de Mallko, seu filho com s\u00edndrome de Down.&nbsp;<\/p>\n\n\n\n<p>E se h\u00e1 um tema que se destaca nos livros escritos e ilustrados por Gusti, \u00e9 sem d\u00favida a inclus\u00e3o, ou igualdade de oportunidades.&nbsp;<\/p>\n\n\n\n<p>Uma realidade ilustrada e escrita com a naturalidade e o humor necess\u00e1rios em muitas de suas outras obras, como <strong>&#8220;No somos angelitos&#8221; <\/strong>(Oc\u00e9ano Traves\u00eda).&nbsp;&nbsp;<\/p>\n\n\n\n<blockquote class=\"wp-block-quote is-layout-flow wp-block-quote-is-layout-flow\">\n<p>&#8220;A defici\u00eancia assusta. Esses temas s\u00e3o tratados com luvas de pelica. Por que temos tanto medo de falar sobre isso? Sou uma pessoa melhor desde que meu filho nasceu, e n\u00e3o trocaria isso por nada, mas tamb\u00e9m h\u00e1 dias em que o mundo desaba&#8221;, ele explica.&nbsp;<\/p>\n<\/blockquote>\n\n\n\n<p>Atualmente, ele est\u00e1 terminando <strong>seu pr\u00f3ximo trabalho, &#8220;Es muy f\u00e1cil viajar con un oso&#8221;<\/strong>. \u00c9 um livro cheio de humor inspirado nas anedotas vividas em aeroportos com seu filho Mallko.&nbsp;<\/p>\n\n\n\n<p>E como o Gusti afirma, &#8220;As crian\u00e7as com defici\u00eancia tamb\u00e9m t\u00eam o direito de serem travessas e fazerem bobagens&#8221;.&nbsp;<\/p>\n\n\n\n<div class=\"wp-block-columns is-layout-flex wp-container-core-columns-is-layout-9d6595d7 wp-block-columns-is-layout-flex\">\n<div class=\"wp-block-column is-layout-flow wp-block-column-is-layout-flow\" style=\"flex-basis:66.66%\">\n<figure class=\"wp-block-image size-large\"><img decoding=\"async\" width=\"1280\" height=\"1570\" src=\"https:\/\/www.kolibrifestivaali.org\/wp-content\/uploads\/2025\/05\/img-20221019-090152-1280x1570.jpg\" alt=\"\" class=\"wp-image-327089\" srcset=\"https:\/\/www.kolibrifestivaali.org\/wp-content\/uploads\/2025\/05\/img-20221019-090152-1280x1570.jpg 1280w, https:\/\/www.kolibrifestivaali.org\/wp-content\/uploads\/2025\/05\/img-20221019-090152-350x429.jpg 350w, https:\/\/www.kolibrifestivaali.org\/wp-content\/uploads\/2025\/05\/img-20221019-090152-768x942.jpg 768w, https:\/\/www.kolibrifestivaali.org\/wp-content\/uploads\/2025\/05\/img-20221019-090152-1252x1536.jpg 1252w, https:\/\/www.kolibrifestivaali.org\/wp-content\/uploads\/2025\/05\/img-20221019-090152-500x613.jpg 500w, https:\/\/www.kolibrifestivaali.org\/wp-content\/uploads\/2025\/05\/img-20221019-090152-830x1018.jpg 830w, https:\/\/www.kolibrifestivaali.org\/wp-content\/uploads\/2025\/05\/img-20221019-090152.jpg 1565w\" sizes=\"(max-width: 1280px) 100vw, 1280px\" \/><\/figure>\n<\/div>\n\n\n\n<div class=\"wp-block-column is-layout-flow wp-block-column-is-layout-flow\" style=\"flex-basis:33.33%\">\n<p><\/p>\n\n\n\n<p class=\"has-text-align-left\">Uma perspectiva inclusiva que ele compartilha em suas oficinas de arte e a\u00e7\u00f5es coletivas como murais art\u00edsticos, onde cria espa\u00e7os onde todos s\u00e3o bem-vindos para aprender e se divertir.&nbsp;<\/p>\n<\/div>\n<\/div>\n\n\n\n<p>Em 2014, ele co-fundou a <a href=\"https:\/\/www.windown.org\/\" target=\"_blank\" rel=\"noreferrer noopener\">associa\u00e7\u00e3o Windown<\/a>, onde promove <strong>oficinas de arte inclusivas<\/strong> na cidade catal\u00e3 de Sant Cugat del Vall\u00e8s. Se voc\u00ea quiser apoiar este projeto, pode comprar as pinturas criadas pelos artistas nas oficinas no site da associa\u00e7\u00e3o.&nbsp;<\/p>\n\n\n\n<p>Al\u00e9m de escritor, ilustrador e ativista pelos direitos das pessoas com defici\u00eancia, n\u00e3o podemos esquecer seus <strong>projetos de reciclagem no M\u00e9xico e na Col\u00f4mbia<\/strong>, ou seu trabalho em <strong>defesa do condor andino<\/strong> e das aves na Am\u00e9rica do Sul. Trabalhos que mostram sua outra grande paix\u00e3o, a natureza.&nbsp;<\/p>\n\n\n\n<h2 class=\"wp-block-heading\">Outros T\u00edtulos Premiados:&nbsp;<\/h2>\n\n\n\n<ul class=\"wp-block-list\">\n<li>&#8220;Mallko y pap\u00e1&#8221;.&nbsp;<\/li>\n\n\n\n<li>&#8220;Pap\u00e1 se fue a la selva&#8221;.&nbsp;<\/li>\n\n\n\n<li>&#8220;El elefante encadenado&#8221;.&nbsp;<\/li>\n\n\n\n<li>&#8220;Medio Elefante&#8221;.&nbsp;<\/li>\n\n\n\n<li>&#8220;La mosca&#8221;.&nbsp;<\/li>\n\n\n\n<li>&#8220;Ernesto el le\u00f3n hambriento&#8221;.&nbsp;<\/li>\n\n\n\n<li>&#8220;La peque\u00f1a Wu-li&#8221; (Pr\u00eamio Lazarillo).&nbsp;<\/li>\n\n\n\n<li>&#8220;El pirata valiente&#8221; (Pr\u00eamio Nacional de Ilustra\u00e7\u00e3o).&nbsp;<\/li>\n\n\n\n<li>&#8220;U\u00f1a y carne&#8221; (Pr\u00eamio Apelles Mestres).&nbsp;<\/li>\n\n\n\n<li>&#8220;Pip i el color&#8221; (Pomme d&#8217;Or de Bratislava).&nbsp;<\/li>\n\n\n\n<li>&#8220;Un cabello azul&#8221; (Espasa Calpe).&nbsp;<\/li>\n<\/ul>\n\n\n\n<p>N\u00e3o se esque\u00e7a de que voc\u00ea pode encontrar muitas das obras do Gusti nas <a href=\"https:\/\/helmet.finna.fi\/Search\/\" target=\"_blank\" rel=\"noreferrer noopener\">bibliotecas Helmet<\/a>, junto com outros livros nos quais ele contribuiu como ilustrador.&nbsp;<\/p>\n\n\n\n<h2 class=\"wp-block-heading has-text-align-left\">N\u00e3o perca as atividades que Gusti facilitar\u00e1 no Kolibr\u00ed Festivaali 2025\u00a0\u00a0<\/h2>\n\n\n\n<ul class=\"wp-block-list\">\n<li>24.9.2025 | 9:00 am | Ammatiopisto LIVE | <a href=\"https:\/\/www.kolibrifestivaali.org\/pt-pt\/event\/janelas-para-enxergar-o-diferente-criatividade-imagem-e-expressao\/\">Janelas para enxergar o diferente: criatividade, imagem e express\u00e3o<\/a>: Gusti vai conduzir uma oficina profissional voltada para educadores que trabalham com pessoas com defici\u00eancia.<\/li>\n\n\n\n<li>27.9.2025 | 11 am + 2 pm | Annantalo | <a href=\"https:\/\/www.kolibrifestivaali.org\/pt-pt\/event\/brincar-e-pintar\/\">Brincar e pintar!<\/a>: um workshop para aproveitar, criar e nos expressar livremente.\u00a0\u00a0<\/li>\n\n\n\n<li>27.9.2025 | 12:30 pm + 3:30 pm | Annantalo | <a href=\"https:\/\/www.kolibrifestivaali.org\/pt-pt\/event\/gusti-sessao-de-autografos-na-feira-do-livro-infantil\/\">Sess\u00e3o de aut\u00f3grafos na Feira do Livro Infantil<\/a>: Gusti estar\u00e1 autografando livros em nossa feira. Ent\u00e3o n\u00e3o perca!<\/li>\n<\/ul>\n\n\n\n<p><a href=\"https:\/\/www.kolibrifestivaali.org\/pt-pt\/program\/\">Programa completo<\/a> <\/p>\n\n\n\n<p>Voc\u00ea pode seguir seu trabalho no Instagram (<a href=\"https:\/\/gusti.rosemffet\/\" target=\"_blank\" rel=\"noreferrer noopener\">@gusti.rosemffet<\/a>), Facebook (<a href=\"https:\/\/www.facebook.com\/gusti.rosemffet\" target=\"_blank\" rel=\"noreferrer noopener\">@gusti.rosemffet<\/a>) y X (@gustillimpi) #gustillimpi.<\/p>\n\n\n\n<p>A participa\u00e7\u00e3o do Gusti no Kolibr\u00ed Festivaali \u00e9 gra\u00e7as \u00e0 colabora\u00e7\u00e3o da <a href=\"https:\/\/www.cultura.gob.es\/cultura\/libro-bibliotecas.html\" target=\"_blank\" rel=\"noreferrer noopener\">Direcci\u00f3n General del Libro, del C\u00f3mic y de la Lectura<\/a> do Ministerio de Cultura y Deportes da Espanha, <a href=\"https:\/\/efinl.cancilleria.gob.ar\/\" target=\"_blank\" rel=\"noreferrer noopener\">Embaixada do Argentina na Finl\u00e2ndia<\/a>, <a href=\"https:\/\/www.livesaatio.fi\/opisto\/hakijalle\/telma-koulutus\/toimipaikat\/leppavaara\" target=\"_blank\" rel=\"noreferrer noopener\">Ammattiopisto LIVE<\/a>.<\/p>\n","protected":false},"excerpt":{"rendered":"<p>Se dissermos que o ilustrador por tr\u00e1s da imagem oficial do 10\u00ba Anivers\u00e1rio do Kolibr\u00ed \u00e9 Gustavo Ariel Rosemffet Abramovich [\u2026] <a href=\"https:\/\/www.kolibrifestivaali.org\/pt-pt\/gusti-illustrator-image-kolibri-festivaali-2025\/\">Lue lis\u00e4\u00e4 &raquo;<\/a><\/p>\n<div class='heateor_sss_sharing_container heateor_sss_vertical_sharing heateor_sss_bottom_sharing' style='width:34px;right: -10px;top: 100px;-webkit-box-shadow:none;box-shadow:none;' data-heateor-sss-href='https:\/\/www.kolibrifestivaali.org\/pt-pt\/wp-json\/wp\/v2\/posts\/327113'><div class=\"heateor_sss_sharing_ul\"><a aria-label=\"Facebook\" class=\"heateor_sss_facebook\" href=\"https:\/\/www.facebook.com\/sharer\/sharer.php?u=https%3A%2F%2Fwww.kolibrifestivaali.org%2Fpt-pt%2Fwp-json%2Fwp%2Fv2%2Fposts%2F327113\" title=\"Facebook\" rel=\"nofollow noopener\" target=\"_blank\" style=\"font-size:32px!important;box-shadow:none;display:inline-block;vertical-align:middle\"><span class=\"heateor_sss_svg\" style=\"background-color:#0765FE;width:30px;height:30px;border-radius:999px;display:inline-block;opacity:1;float:left;font-size:32px;box-shadow:none;display:inline-block;font-size:16px;padding:0 4px;vertical-align:middle;background-repeat:repeat;overflow:hidden;padding:0;cursor:pointer;box-sizing:content-box\"><svg style=\"display:block;border-radius:999px;\" focusable=\"false\" aria-hidden=\"true\" xmlns=\"http:\/\/www.w3.org\/2000\/svg\" width=\"100%\" height=\"100%\" viewBox=\"0 0 32 32\"><path fill=\"#fff\" d=\"M28 16c0-6.627-5.373-12-12-12S4 9.373 4 16c0 5.628 3.875 10.35 9.101 11.647v-7.98h-2.474V16H13.1v-1.58c0-4.085 1.849-5.978 5.859-5.978.76 0 2.072.15 2.608.298v3.325c-.283-.03-.775-.045-1.386-.045-1.967 0-2.728.745-2.728 2.683V16h3.92l-.673 3.667h-3.247v8.245C23.395 27.195 28 22.135 28 16Z\"><\/path><\/svg><\/span><\/a><a aria-label=\"X\" class=\"heateor_sss_button_x\" href=\"https:\/\/twitter.com\/intent\/tweet?text=Kolibri%20Festivaali%20-%20Kolibri%CC%81%20is%20a%20unique%20multicultural%2C%20free%20and%20open%20art%20festival%20for%20children%20and%20their%20families.&url=https%3A%2F%2Fwww.kolibrifestivaali.org%2Fpt-pt%2Fwp-json%2Fwp%2Fv2%2Fposts%2F327113\" title=\"X\" rel=\"nofollow noopener\" target=\"_blank\" style=\"font-size:32px!important;box-shadow:none;display:inline-block;vertical-align:middle\"><span class=\"heateor_sss_svg heateor_sss_s__default heateor_sss_s_x\" style=\"background-color:#2a2a2a;width:30px;height:30px;border-radius:999px;display:inline-block;opacity:1;float:left;font-size:32px;box-shadow:none;display:inline-block;font-size:16px;padding:0 4px;vertical-align:middle;background-repeat:repeat;overflow:hidden;padding:0;cursor:pointer;box-sizing:content-box\"><svg width=\"100%\" height=\"100%\" style=\"display:block;border-radius:999px;\" focusable=\"false\" aria-hidden=\"true\" xmlns=\"http:\/\/www.w3.org\/2000\/svg\" viewBox=\"0 0 32 32\"><path fill=\"#fff\" d=\"M21.751 7h3.067l-6.7 7.658L26 25.078h-6.172l-4.833-6.32-5.531 6.32h-3.07l7.167-8.19L6 7h6.328l4.37 5.777L21.75 7Zm-1.076 16.242h1.7L11.404 8.74H9.58l11.094 14.503Z\"><\/path><\/svg><\/span><\/a><a aria-label=\"Linkedin\" class=\"heateor_sss_button_linkedin\" href=\"https:\/\/www.linkedin.com\/sharing\/share-offsite\/?url=https%3A%2F%2Fwww.kolibrifestivaali.org%2Fpt-pt%2Fwp-json%2Fwp%2Fv2%2Fposts%2F327113\" title=\"Linkedin\" rel=\"nofollow noopener\" target=\"_blank\" style=\"font-size:32px!important;box-shadow:none;display:inline-block;vertical-align:middle\"><span class=\"heateor_sss_svg heateor_sss_s__default heateor_sss_s_linkedin\" style=\"background-color:#0077b5;width:30px;height:30px;border-radius:999px;display:inline-block;opacity:1;float:left;font-size:32px;box-shadow:none;display:inline-block;font-size:16px;padding:0 4px;vertical-align:middle;background-repeat:repeat;overflow:hidden;padding:0;cursor:pointer;box-sizing:content-box\"><svg style=\"display:block;border-radius:999px;\" focusable=\"false\" aria-hidden=\"true\" xmlns=\"http:\/\/www.w3.org\/2000\/svg\" width=\"100%\" height=\"100%\" viewBox=\"0 0 32 32\"><path d=\"M6.227 12.61h4.19v13.48h-4.19V12.61zm2.095-6.7a2.43 2.43 0 0 1 0 4.86c-1.344 0-2.428-1.09-2.428-2.43s1.084-2.43 2.428-2.43m4.72 6.7h4.02v1.84h.058c.56-1.058 1.927-2.176 3.965-2.176 4.238 0 5.02 2.792 5.02 6.42v7.395h-4.183v-6.56c0-1.564-.03-3.574-2.178-3.574-2.18 0-2.514 1.7-2.514 3.46v6.668h-4.187V12.61z\" fill=\"#fff\"><\/path><\/svg><\/span><\/a><a aria-label=\"Instagram\" class=\"heateor_sss_button_instagram\" href=\"https:\/\/www.instagram.com\/\" title=\"Instagram\" rel=\"nofollow noopener\" target=\"_blank\" style=\"font-size:32px!important;box-shadow:none;display:inline-block;vertical-align:middle\"><span class=\"heateor_sss_svg\" style=\"background-color:#53beee;width:30px;height:30px;border-radius:999px;display:inline-block;opacity:1;float:left;font-size:32px;box-shadow:none;display:inline-block;font-size:16px;padding:0 4px;vertical-align:middle;background-repeat:repeat;overflow:hidden;padding:0;cursor:pointer;box-sizing:content-box\"><svg style=\"display:block;border-radius:999px;\" version=\"1.1\" viewBox=\"-10 -10 148 148\" width=\"100%\" height=\"100%\" xml:space=\"preserve\" xmlns=\"http:\/\/www.w3.org\/2000\/svg\" xmlns:xlink=\"http:\/\/www.w3.org\/1999\/xlink\"><g><g><path d=\"M86,112H42c-14.336,0-26-11.663-26-26V42c0-14.337,11.664-26,26-26h44c14.337,0,26,11.663,26,26v44 C112,100.337,100.337,112,86,112z M42,24c-9.925,0-18,8.074-18,18v44c0,9.925,8.075,18,18,18h44c9.926,0,18-8.075,18-18V42 c0-9.926-8.074-18-18-18H42z\" fill=\"#fff\"><\/path><\/g><g><path d=\"M64,88c-13.234,0-24-10.767-24-24c0-13.234,10.766-24,24-24s24,10.766,24,24C88,77.233,77.234,88,64,88z M64,48c-8.822,0-16,7.178-16,16s7.178,16,16,16c8.822,0,16-7.178,16-16S72.822,48,64,48z\" fill=\"#fff\"><\/path><\/g><g><circle cx=\"89.5\" cy=\"38.5\" fill=\"#fff\" r=\"5.5\"><\/circle><\/g><\/g><\/svg><\/span><\/a><\/div><div class=\"heateorSssClear\"><\/div><\/div>","protected":false},"author":13,"featured_media":327080,"comment_status":"closed","ping_status":"closed","sticky":false,"template":"","format":"standard","meta":{"_acf_changed":false,"footnotes":""},"categories":[21],"tags":[939],"class_list":["post-327113","post","type-post","status-publish","format-standard","has-post-thumbnail","hentry","category-news-archive-pt","tag-kolibri-festivaali-2025-pt-pt"],"acf":[],"yoast_head":"<!-- This site is optimized with the Yoast SEO plugin v27.5 - https:\/\/yoast.com\/product\/yoast-seo-wordpress\/ -->\n<title>Gusti, ilustrador da imagem Kolibr\u00ed Festivaali 2025 - 10\u00ba anivers\u00e1rio - Kolibri Festivaali<\/title>\n<meta name=\"description\" content=\"Convidamos voc\u00ea a conhec\u00ea-lo um pouco mais, descobrir seu trabalho e, claro, participar de seus pain\u00e9is e oficinas durante o festival!\u00a0\" \/>\n<meta name=\"robots\" content=\"index, follow, max-snippet:-1, max-image-preview:large, max-video-preview:-1\" \/>\n<link rel=\"canonical\" href=\"https:\/\/www.kolibrifestivaali.org\/pt-pt\/gusti-illustrator-image-kolibri-festivaali-2025\/\" \/>\n<meta property=\"og:locale\" content=\"pt_PT\" \/>\n<meta property=\"og:type\" content=\"article\" \/>\n<meta property=\"og:title\" content=\"Gusti, ilustrador da imagem Kolibr\u00ed Festivaali 2025 - 10\u00ba anivers\u00e1rio - Kolibri Festivaali\" \/>\n<meta property=\"og:description\" content=\"Convidamos voc\u00ea a conhec\u00ea-lo um pouco mais, descobrir seu trabalho e, claro, participar de seus pain\u00e9is e oficinas durante o festival!\u00a0\" \/>\n<meta property=\"og:url\" content=\"https:\/\/www.kolibrifestivaali.org\/pt-pt\/gusti-illustrator-image-kolibri-festivaali-2025\/\" \/>\n<meta property=\"og:site_name\" content=\"Kolibri Festivaali\" \/>\n<meta property=\"article:published_time\" content=\"2025-05-12T11:27:08+00:00\" \/>\n<meta property=\"article:modified_time\" content=\"2025-08-15T14:37:41+00:00\" \/>\n<meta property=\"og:image\" content=\"https:\/\/www.kolibrifestivaali.org\/wp-content\/uploads\/2025\/05\/gusti-kolibri-2025-guest-illustrator.jpg\" \/>\n\t<meta property=\"og:image:width\" content=\"1920\" \/>\n\t<meta property=\"og:image:height\" content=\"1440\" \/>\n\t<meta property=\"og:image:type\" content=\"image\/jpeg\" \/>\n<meta name=\"author\" content=\"Marta Berm\u00fadez\" \/>\n<meta name=\"twitter:card\" content=\"summary_large_image\" \/>\n<meta name=\"twitter:label1\" content=\"Escrito por\" \/>\n\t<meta name=\"twitter:data1\" content=\"Marta Berm\u00fadez\" \/>\n\t<meta name=\"twitter:label2\" content=\"Tempo estimado de leitura\" \/>\n\t<meta name=\"twitter:data2\" content=\"4 minutos\" \/>\n<script type=\"application\/ld+json\" class=\"yoast-schema-graph\">{\"@context\":\"https:\\\/\\\/schema.org\",\"@graph\":[{\"@type\":\"Article\",\"@id\":\"https:\\\/\\\/www.kolibrifestivaali.org\\\/pt-pt\\\/gusti-illustrator-image-kolibri-festivaali-2025\\\/#article\",\"isPartOf\":{\"@id\":\"https:\\\/\\\/www.kolibrifestivaali.org\\\/pt-pt\\\/gusti-illustrator-image-kolibri-festivaali-2025\\\/\"},\"author\":{\"name\":\"Marta Berm\u00fadez\",\"@id\":\"https:\\\/\\\/www.kolibrifestivaali.org\\\/pt-pt\\\/#\\\/schema\\\/person\\\/a4d882046c0f7b03960be07d8b5713ba\"},\"headline\":\"Gusti, ilustrador da imagem Kolibr\u00ed Festivaali 2025 &#8211; 10\u00ba anivers\u00e1rio\",\"datePublished\":\"2025-05-12T11:27:08+00:00\",\"dateModified\":\"2025-08-15T14:37:41+00:00\",\"mainEntityOfPage\":{\"@id\":\"https:\\\/\\\/www.kolibrifestivaali.org\\\/pt-pt\\\/gusti-illustrator-image-kolibri-festivaali-2025\\\/\"},\"wordCount\":871,\"image\":{\"@id\":\"https:\\\/\\\/www.kolibrifestivaali.org\\\/pt-pt\\\/gusti-illustrator-image-kolibri-festivaali-2025\\\/#primaryimage\"},\"thumbnailUrl\":\"https:\\\/\\\/www.kolibrifestivaali.org\\\/wp-content\\\/uploads\\\/2025\\\/05\\\/gusti-kolibri-2025-guest-illustrator.jpg\",\"keywords\":[\"kolibri festivaali 2025\"],\"articleSection\":[\"News\"],\"inLanguage\":\"pt-PT\"},{\"@type\":\"WebPage\",\"@id\":\"https:\\\/\\\/www.kolibrifestivaali.org\\\/pt-pt\\\/gusti-illustrator-image-kolibri-festivaali-2025\\\/\",\"url\":\"https:\\\/\\\/www.kolibrifestivaali.org\\\/pt-pt\\\/gusti-illustrator-image-kolibri-festivaali-2025\\\/\",\"name\":\"Gusti, ilustrador da imagem Kolibr\u00ed Festivaali 2025 - 10\u00ba anivers\u00e1rio - Kolibri Festivaali\",\"isPartOf\":{\"@id\":\"https:\\\/\\\/www.kolibrifestivaali.org\\\/pt-pt\\\/#website\"},\"primaryImageOfPage\":{\"@id\":\"https:\\\/\\\/www.kolibrifestivaali.org\\\/pt-pt\\\/gusti-illustrator-image-kolibri-festivaali-2025\\\/#primaryimage\"},\"image\":{\"@id\":\"https:\\\/\\\/www.kolibrifestivaali.org\\\/pt-pt\\\/gusti-illustrator-image-kolibri-festivaali-2025\\\/#primaryimage\"},\"thumbnailUrl\":\"https:\\\/\\\/www.kolibrifestivaali.org\\\/wp-content\\\/uploads\\\/2025\\\/05\\\/gusti-kolibri-2025-guest-illustrator.jpg\",\"datePublished\":\"2025-05-12T11:27:08+00:00\",\"dateModified\":\"2025-08-15T14:37:41+00:00\",\"author\":{\"@id\":\"https:\\\/\\\/www.kolibrifestivaali.org\\\/pt-pt\\\/#\\\/schema\\\/person\\\/a4d882046c0f7b03960be07d8b5713ba\"},\"description\":\"Convidamos voc\u00ea a conhec\u00ea-lo um pouco mais, descobrir seu trabalho e, claro, participar de seus pain\u00e9is e oficinas durante o festival!\u00a0\",\"breadcrumb\":{\"@id\":\"https:\\\/\\\/www.kolibrifestivaali.org\\\/pt-pt\\\/gusti-illustrator-image-kolibri-festivaali-2025\\\/#breadcrumb\"},\"inLanguage\":\"pt-PT\",\"potentialAction\":[{\"@type\":\"ReadAction\",\"target\":[\"https:\\\/\\\/www.kolibrifestivaali.org\\\/pt-pt\\\/gusti-illustrator-image-kolibri-festivaali-2025\\\/\"]}]},{\"@type\":\"ImageObject\",\"inLanguage\":\"pt-PT\",\"@id\":\"https:\\\/\\\/www.kolibrifestivaali.org\\\/pt-pt\\\/gusti-illustrator-image-kolibri-festivaali-2025\\\/#primaryimage\",\"url\":\"https:\\\/\\\/www.kolibrifestivaali.org\\\/wp-content\\\/uploads\\\/2025\\\/05\\\/gusti-kolibri-2025-guest-illustrator.jpg\",\"contentUrl\":\"https:\\\/\\\/www.kolibrifestivaali.org\\\/wp-content\\\/uploads\\\/2025\\\/05\\\/gusti-kolibri-2025-guest-illustrator.jpg\",\"width\":1920,\"height\":1440},{\"@type\":\"BreadcrumbList\",\"@id\":\"https:\\\/\\\/www.kolibrifestivaali.org\\\/pt-pt\\\/gusti-illustrator-image-kolibri-festivaali-2025\\\/#breadcrumb\",\"itemListElement\":[{\"@type\":\"ListItem\",\"position\":1,\"name\":\"Home\",\"item\":\"https:\\\/\\\/www.kolibrifestivaali.org\\\/pt-pt\\\/\"},{\"@type\":\"ListItem\",\"position\":2,\"name\":\"Gusti, ilustrador da imagem Kolibr\u00ed Festivaali 2025 &#8211; 10\u00ba anivers\u00e1rio\"}]},{\"@type\":\"WebSite\",\"@id\":\"https:\\\/\\\/www.kolibrifestivaali.org\\\/pt-pt\\\/#website\",\"url\":\"https:\\\/\\\/www.kolibrifestivaali.org\\\/pt-pt\\\/\",\"name\":\"Kolibri Festivaali\",\"description\":\"Kolibri\u0301 is a unique multicultural, free and open art festival for children and their families.\",\"inLanguage\":\"pt-PT\"},{\"@type\":\"Person\",\"@id\":\"https:\\\/\\\/www.kolibrifestivaali.org\\\/pt-pt\\\/#\\\/schema\\\/person\\\/a4d882046c0f7b03960be07d8b5713ba\",\"name\":\"Marta Berm\u00fadez\",\"image\":{\"@type\":\"ImageObject\",\"inLanguage\":\"pt-PT\",\"@id\":\"https:\\\/\\\/secure.gravatar.com\\\/avatar\\\/35700c2014d565cf72e89c0e712b6bc70303de9d0796b72a069bbd235e79a7b5?s=96&d=mm&r=g\",\"url\":\"https:\\\/\\\/secure.gravatar.com\\\/avatar\\\/35700c2014d565cf72e89c0e712b6bc70303de9d0796b72a069bbd235e79a7b5?s=96&d=mm&r=g\",\"contentUrl\":\"https:\\\/\\\/secure.gravatar.com\\\/avatar\\\/35700c2014d565cf72e89c0e712b6bc70303de9d0796b72a069bbd235e79a7b5?s=96&d=mm&r=g\",\"caption\":\"Marta Berm\u00fadez\"}}]}<\/script>\n<!-- \/ Yoast SEO plugin. -->","yoast_head_json":{"title":"Gusti, ilustrador da imagem Kolibr\u00ed Festivaali 2025 - 10\u00ba anivers\u00e1rio - Kolibri Festivaali","description":"Convidamos voc\u00ea a conhec\u00ea-lo um pouco mais, descobrir seu trabalho e, claro, participar de seus pain\u00e9is e oficinas durante o festival!\u00a0","robots":{"index":"index","follow":"follow","max-snippet":"max-snippet:-1","max-image-preview":"max-image-preview:large","max-video-preview":"max-video-preview:-1"},"canonical":"https:\/\/www.kolibrifestivaali.org\/pt-pt\/gusti-illustrator-image-kolibri-festivaali-2025\/","og_locale":"pt_PT","og_type":"article","og_title":"Gusti, ilustrador da imagem Kolibr\u00ed Festivaali 2025 - 10\u00ba anivers\u00e1rio - Kolibri Festivaali","og_description":"Convidamos voc\u00ea a conhec\u00ea-lo um pouco mais, descobrir seu trabalho e, claro, participar de seus pain\u00e9is e oficinas durante o festival!\u00a0","og_url":"https:\/\/www.kolibrifestivaali.org\/pt-pt\/gusti-illustrator-image-kolibri-festivaali-2025\/","og_site_name":"Kolibri Festivaali","article_published_time":"2025-05-12T11:27:08+00:00","article_modified_time":"2025-08-15T14:37:41+00:00","og_image":[{"width":1920,"height":1440,"url":"https:\/\/www.kolibrifestivaali.org\/wp-content\/uploads\/2025\/05\/gusti-kolibri-2025-guest-illustrator.jpg","type":"image\/jpeg"}],"author":"Marta Berm\u00fadez","twitter_card":"summary_large_image","twitter_misc":{"Escrito por":"Marta Berm\u00fadez","Tempo estimado de leitura":"4 minutos"},"schema":{"@context":"https:\/\/schema.org","@graph":[{"@type":"Article","@id":"https:\/\/www.kolibrifestivaali.org\/pt-pt\/gusti-illustrator-image-kolibri-festivaali-2025\/#article","isPartOf":{"@id":"https:\/\/www.kolibrifestivaali.org\/pt-pt\/gusti-illustrator-image-kolibri-festivaali-2025\/"},"author":{"name":"Marta Berm\u00fadez","@id":"https:\/\/www.kolibrifestivaali.org\/pt-pt\/#\/schema\/person\/a4d882046c0f7b03960be07d8b5713ba"},"headline":"Gusti, ilustrador da imagem Kolibr\u00ed Festivaali 2025 &#8211; 10\u00ba anivers\u00e1rio","datePublished":"2025-05-12T11:27:08+00:00","dateModified":"2025-08-15T14:37:41+00:00","mainEntityOfPage":{"@id":"https:\/\/www.kolibrifestivaali.org\/pt-pt\/gusti-illustrator-image-kolibri-festivaali-2025\/"},"wordCount":871,"image":{"@id":"https:\/\/www.kolibrifestivaali.org\/pt-pt\/gusti-illustrator-image-kolibri-festivaali-2025\/#primaryimage"},"thumbnailUrl":"https:\/\/www.kolibrifestivaali.org\/wp-content\/uploads\/2025\/05\/gusti-kolibri-2025-guest-illustrator.jpg","keywords":["kolibri festivaali 2025"],"articleSection":["News"],"inLanguage":"pt-PT"},{"@type":"WebPage","@id":"https:\/\/www.kolibrifestivaali.org\/pt-pt\/gusti-illustrator-image-kolibri-festivaali-2025\/","url":"https:\/\/www.kolibrifestivaali.org\/pt-pt\/gusti-illustrator-image-kolibri-festivaali-2025\/","name":"Gusti, ilustrador da imagem Kolibr\u00ed Festivaali 2025 - 10\u00ba anivers\u00e1rio - Kolibri Festivaali","isPartOf":{"@id":"https:\/\/www.kolibrifestivaali.org\/pt-pt\/#website"},"primaryImageOfPage":{"@id":"https:\/\/www.kolibrifestivaali.org\/pt-pt\/gusti-illustrator-image-kolibri-festivaali-2025\/#primaryimage"},"image":{"@id":"https:\/\/www.kolibrifestivaali.org\/pt-pt\/gusti-illustrator-image-kolibri-festivaali-2025\/#primaryimage"},"thumbnailUrl":"https:\/\/www.kolibrifestivaali.org\/wp-content\/uploads\/2025\/05\/gusti-kolibri-2025-guest-illustrator.jpg","datePublished":"2025-05-12T11:27:08+00:00","dateModified":"2025-08-15T14:37:41+00:00","author":{"@id":"https:\/\/www.kolibrifestivaali.org\/pt-pt\/#\/schema\/person\/a4d882046c0f7b03960be07d8b5713ba"},"description":"Convidamos voc\u00ea a conhec\u00ea-lo um pouco mais, descobrir seu trabalho e, claro, participar de seus pain\u00e9is e oficinas durante o festival!\u00a0","breadcrumb":{"@id":"https:\/\/www.kolibrifestivaali.org\/pt-pt\/gusti-illustrator-image-kolibri-festivaali-2025\/#breadcrumb"},"inLanguage":"pt-PT","potentialAction":[{"@type":"ReadAction","target":["https:\/\/www.kolibrifestivaali.org\/pt-pt\/gusti-illustrator-image-kolibri-festivaali-2025\/"]}]},{"@type":"ImageObject","inLanguage":"pt-PT","@id":"https:\/\/www.kolibrifestivaali.org\/pt-pt\/gusti-illustrator-image-kolibri-festivaali-2025\/#primaryimage","url":"https:\/\/www.kolibrifestivaali.org\/wp-content\/uploads\/2025\/05\/gusti-kolibri-2025-guest-illustrator.jpg","contentUrl":"https:\/\/www.kolibrifestivaali.org\/wp-content\/uploads\/2025\/05\/gusti-kolibri-2025-guest-illustrator.jpg","width":1920,"height":1440},{"@type":"BreadcrumbList","@id":"https:\/\/www.kolibrifestivaali.org\/pt-pt\/gusti-illustrator-image-kolibri-festivaali-2025\/#breadcrumb","itemListElement":[{"@type":"ListItem","position":1,"name":"Home","item":"https:\/\/www.kolibrifestivaali.org\/pt-pt\/"},{"@type":"ListItem","position":2,"name":"Gusti, ilustrador da imagem Kolibr\u00ed Festivaali 2025 &#8211; 10\u00ba anivers\u00e1rio"}]},{"@type":"WebSite","@id":"https:\/\/www.kolibrifestivaali.org\/pt-pt\/#website","url":"https:\/\/www.kolibrifestivaali.org\/pt-pt\/","name":"Kolibri Festivaali","description":"Kolibri\u0301 is a unique multicultural, free and open art festival for children and their families.","inLanguage":"pt-PT"},{"@type":"Person","@id":"https:\/\/www.kolibrifestivaali.org\/pt-pt\/#\/schema\/person\/a4d882046c0f7b03960be07d8b5713ba","name":"Marta Berm\u00fadez","image":{"@type":"ImageObject","inLanguage":"pt-PT","@id":"https:\/\/secure.gravatar.com\/avatar\/35700c2014d565cf72e89c0e712b6bc70303de9d0796b72a069bbd235e79a7b5?s=96&d=mm&r=g","url":"https:\/\/secure.gravatar.com\/avatar\/35700c2014d565cf72e89c0e712b6bc70303de9d0796b72a069bbd235e79a7b5?s=96&d=mm&r=g","contentUrl":"https:\/\/secure.gravatar.com\/avatar\/35700c2014d565cf72e89c0e712b6bc70303de9d0796b72a069bbd235e79a7b5?s=96&d=mm&r=g","caption":"Marta Berm\u00fadez"}}]}},"_links":{"self":[{"href":"https:\/\/www.kolibrifestivaali.org\/pt-pt\/wp-json\/wp\/v2\/posts\/327113","targetHints":{"allow":["GET"]}}],"collection":[{"href":"https:\/\/www.kolibrifestivaali.org\/pt-pt\/wp-json\/wp\/v2\/posts"}],"about":[{"href":"https:\/\/www.kolibrifestivaali.org\/pt-pt\/wp-json\/wp\/v2\/types\/post"}],"author":[{"embeddable":true,"href":"https:\/\/www.kolibrifestivaali.org\/pt-pt\/wp-json\/wp\/v2\/users\/13"}],"replies":[{"embeddable":true,"href":"https:\/\/www.kolibrifestivaali.org\/pt-pt\/wp-json\/wp\/v2\/comments?post=327113"}],"version-history":[{"count":5,"href":"https:\/\/www.kolibrifestivaali.org\/pt-pt\/wp-json\/wp\/v2\/posts\/327113\/revisions"}],"predecessor-version":[{"id":328535,"href":"https:\/\/www.kolibrifestivaali.org\/pt-pt\/wp-json\/wp\/v2\/posts\/327113\/revisions\/328535"}],"wp:featuredmedia":[{"embeddable":true,"href":"https:\/\/www.kolibrifestivaali.org\/pt-pt\/wp-json\/wp\/v2\/media\/327080"}],"wp:attachment":[{"href":"https:\/\/www.kolibrifestivaali.org\/pt-pt\/wp-json\/wp\/v2\/media?parent=327113"}],"wp:term":[{"taxonomy":"category","embeddable":true,"href":"https:\/\/www.kolibrifestivaali.org\/pt-pt\/wp-json\/wp\/v2\/categories?post=327113"},{"taxonomy":"post_tag","embeddable":true,"href":"https:\/\/www.kolibrifestivaali.org\/pt-pt\/wp-json\/wp\/v2\/tags?post=327113"}],"curies":[{"name":"wp","href":"https:\/\/api.w.org\/{rel}","templated":true}]}}