{"id":328614,"date":"2025-08-19T12:16:19","date_gmt":"2025-08-19T09:16:19","guid":{"rendered":"https:\/\/www.kolibrifestivaali.org\/?p=328614"},"modified":"2025-08-19T12:20:32","modified_gmt":"2025-08-19T09:20:32","slug":"kolibri-festivaali-juhlii-10tta-vuotta","status":"publish","type":"post","link":"https:\/\/www.kolibrifestivaali.org\/fi\/kolibri-festivaali-juhlii-10tta-vuotta\/","title":{"rendered":"Kolibr\u00ed Festivaali juhlii 10:tt\u00e4 vuotta monimuotoisuutta lastenkulttuurin parissa"},"content":{"rendered":"\n<ul class=\"wp-block-list\">\n<li>Kolibr\u00ed Festivaali on maksuton, monitieteinen ja -kulttuurinen festivaali lapsille ja heid\u00e4n perheilleen.<\/li>\n\n\n\n<li><strong>40 taiteilijaa 20 eri kansallisuudella<\/strong> tarjoavat el\u00e4v\u00e4isen ohjelman, joka sis\u00e4lt\u00e4\u00e4 taidety\u00f6pajoja, satuhetki\u00e4, esityksi\u00e4, pelej\u00e4 ja konsertteja koko perheelle.<\/li>\n\n\n\n<li>Festivaalin <strong>erityisvieraita<\/strong> ovat espanjalainen runoilija <strong>Mar Benegas<\/strong> ja argentiinalainen kuvittaja ja kirjailija Gustavo Ariel Rosemffet Abramovich \u2018<strong>Gusti<\/strong>\u2019.<\/li>\n\n\n\n<li><strong>Vuoden 2015<\/strong> ensimm\u00e4isest\u00e4 Kolibr\u00ed Festivaalista l\u00e4htien yli <strong>20 000 eri-ik\u00e4ist\u00e4<\/strong> osallistujaa on p\u00e4\u00e4ssyt nauttimaan Kolibr\u00edn monipuolisesta ohjelmasta.<\/li>\n\n\n\n<li>Tule mukaan juhlimaan <strong>13.\u201327.9.2025 Espoossa, Vantaalla ja Helsingiss\u00e4<\/strong>!<\/li>\n<\/ul>\n\n\n\n<p>Kolibr\u00ed Festivaali juhlii 10-vuotista taivaltaan erityisell\u00e4 juhlavuoden ohjelmalla, jonka teemana on Toiveet. Kymmeness\u00e4 vuodessa Kolibr\u00ed on kasvanut yhdeksi Suomen suurimmista lasten kulttuuritapahtumista \u2013 tarjoten eniten maksuttomia ja monikielisi\u00e4 aktiviteetteja.<\/p>\n\n\n\n<p>Kolibr\u00ed on ainutlaatuinen festivaali, joka yhdist\u00e4\u00e4 kulttuurin, hauskanpidon ja moninaisuuden kaikenik\u00e4isille.<\/p>\n\n\n\n<p>Yli 20 000 osallistujaa on vuosien varrella p\u00e4\u00e4ssyt kokemaan laadukasta, maksutonta, monikulttuurista ja monikielist\u00e4 ohjelmaa. Satojen aktiviteettien kautta yli 200 kansainv\u00e4list\u00e4 taiteilijaa ja organisaatiota on saanut tilan tuoda esiin kulttuuriaan Suomessa v\u00e4hemmist\u00f6kielill\u00e4.<\/p>\n\n\n\n<h2 class=\"wp-block-heading has-text-align-left\">Kansainv\u00e4liset erityisvieraat<\/h2>\n\n\n\n<p>Juhlavuoden kunniaksi Kolibr\u00edssa vierailee kaksi merkitt\u00e4v\u00e4\u00e4 kansainv\u00e4list\u00e4 taiteilijaa.<\/p>\n\n\n\n<p>18.9. espanjalainen runoilija <strong>Mar Benegas<\/strong> pit\u00e4\u00e4 kaksi <strong>luentoa lastenkirjallisuudesta<\/strong> <a href=\"https:\/\/www.kolibrifestivaali.org\/fi\/event\/kuin-kirsikka-runous-ja-luovuus-lapsuudessa\/\">Helsingin yliopistossa<\/a> ja kulttuurikeskus <a href=\"https:\/\/www.kolibrifestivaali.org\/fi\/event\/kehtolaulusta-saduksi-mar-benegasin-luento\/\">STOAssa<\/a>. Lis\u00e4ksi h\u00e4n ohjaa <a href=\"https:\/\/www.kolibrifestivaali.org\/fi\/event\/puetaanko-hanelle-viikset\/\">satuhetki\u00e4 perheille<\/a> Lastenkulttuurikeskus Pessiss\u00e4 (Vantaa \u2013 20.9.).<\/p>\n\n\n\n<p>Lue lis\u00e4\u00e4 h\u00e4nen tuotannostaan ja <a href=\"https:\/\/www.kolibrifestivaali.org\/fi\/mar-benegas-guest-artist-kolibri-2025\/\">aikataulustaan T\u00c4\u00c4LT\u00c4<\/a><\/p>\n\n\n\n<p>Argentiinalainen kuvittaja ja kirjailija Gustavo Ariel Rosemffet Abramovich eli \u201c<strong>Gusti<\/strong>\u201d on suunnitellut festivaalin vuoden 2025 virallisen kuvan. Teemaan &#8221;Toiveet&#8221; pohjautuva visuaalinen ilme esitt\u00e4\u00e4 kolibria t\u00e4htikuviona, joka symboloi toiveita monimuotoisuudesta, inkluusiosta ja monikielisyydest\u00e4.<\/p>\n\n\n\n<p>Gusti vierailee Suomessa ohjaamassa <strong>ammattilaisille<\/strong> <a href=\"https:\/\/www.kolibrifestivaali.org\/fi\/event\/nakokulmia-erilaisuuden-nakemiseen-luovuus-kuva-ja-ilmaisu\/\">Ammattiopisto LIVE<\/a> suunnattuja <strong>taidety\u00f6pajoja<\/strong> (24.9.) sek\u00e4 <a href=\"https:\/\/www.kolibrifestivaali.org\/fi\/event\/nakokulmia-erilaisuuden-nakemiseen-luovuus-kuva-ja-ilmaisu\/\">perheille suunnatun ty\u00f6pajan<\/a> Annantalossa (Helsinki \u2013 27.9.).<\/p>\n\n\n\n<p>Lue lis\u00e4\u00e4 h\u00e4nen tuotannostaan ja <a href=\"https:\/\/www.kolibrifestivaali.org\/fi\/gusti-illustrator-image-kolibri-festivaali-2025\/\">aikataulustaan T\u00c4\u00c4LT\u00c4<\/a><\/p>\n\n\n\n<h2 class=\"wp-block-heading has-text-align-left\">S\u00e1mi- ja romanikulttuurit mukana Kolibr\u00edssa<\/h2>\n\n\n\n<p>Yksi vuoden t\u00e4rkeimmist\u00e4 uutuuksista on ohjelman laajentuminen ensimm\u00e4ist\u00e4 kertaa pohjoissaamen ja romanin kielille.<\/p>\n\n\n\n<p>S\u00e1mi-kasvattaja ja taiteilija <a href=\"https:\/\/www.kolibrifestivaali.org\/fi\/artist\/petra-biret-magga-vars\/\">Petra Biret Magga-Vars<\/a> saapuu Lapista ohjaamaan <strong>joiku- ja taidety\u00f6pajoja<\/strong> Annantalossa (27.9.).<\/p>\n\n\n\n<p>Romanitaiteilija <strong><a href=\"https:\/\/www.kolibrifestivaali.org\/fi\/event\/loolo-dzii-punainen-sydan\/\">Anette \u00c5kerlund<\/a> <\/strong>esitt\u00e4\u00e4 <strong>flamencoa ja romanien perinnemusiikkia koko perheelle<\/strong> Sellon kirjastossa (Espoo \u2013 13.9.).<\/p>\n\n\n\n<p>N\u00e4iden Suomen Kulttuurirahaston tukemien aktiviteettien kautta perheet p\u00e4\u00e4sev\u00e4t tutustumaan n\u00e4ihin kulttuureihin ja kieliin \u2013 tarjoten samalla tilan yhteis\u00f6ille juhlia omaa kulttuuriaan yhdess\u00e4.<\/p>\n\n\n\n<p>Festivaali tarjoaa taidety\u00f6pajoja, satuhetki\u00e4, pelej\u00e4 ja konsertteja koko perheelle.<\/p>\n\n\n\n<h2 class=\"wp-block-heading has-text-align-left\">Kolibr\u00edn perhep\u00e4iv\u00e4t:<\/h2>\n\n\n\n<ul class=\"wp-block-list\">\n<li>13.9.2025 Sellon kirjasto, Espoo | klo 11\u201317<\/li>\n\n\n\n<li>20.9.2025 Lastenkulttuurikeskus Pessi, Vantaa | klo 11\u201317<\/li>\n\n\n\n<li>27.9.2025 Annantalo, Helsinki | klo 11\u201317<\/li>\n<\/ul>\n\n\n\n<p>Pessi ja Annantalo is\u00e4nn\u00f6iv\u00e4t my\u00f6s perinteisi\u00e4 <strong><a href=\"https:\/\/www.kolibrifestivaali.org\/fi\/kolibri-2025-childrens-book-fair\/\">lastenkirjamessuja espanjaksi ja portugaliksi<\/a><\/strong>. Messuilla tulee olemaan myynniss\u00e4 uusia ja k\u00e4ytettyj\u00e4 lastenkirjoja \u2013 mukaan lukien Mar Benegasin ja Gustin signeerattuja teoksia.<\/p>\n\n\n\n<p><strong><a href=\"https:\/\/www.kolibrifestivaali.org\/fi\/event\/kolibri-festivaalin-2025-avajaiset\/\">Kolibr\u00edn avajaiset<\/a><\/strong> j\u00e4rjestet\u00e4\u00e4n Kulttuurikeskus Caisassa (23.8. klo 16), jossa esiintyy <strong>monikulttuurinen lastenb\u00e4ndi KA\u00d4S.<\/strong><\/p>\n\n\n\n<p>Tutustu koko ohjelmaan osoitteessa: <a href=\"https:\/\/www.kolibrifestivaali.org\/fi\/program\/\">www.kolibrifestivaali.org<\/a><\/p>\n\n\n\n<p>Seuraa meit\u00e4 Instagramissa ja Facebookissa: @kolibrifestivaali<\/p>\n\n\n\n<p>Lis\u00e4tietoja ja haastattelupyynn\u00f6t:<\/p>\n\n\n\n<p>Marta Berm\u00fadez, viestint\u00e4koordinaattori: <a href=\"mailto:marta.bermudez@ninho.fi\">marta.bermudez@ninho.fi<\/a><br><\/p>\n\n\n\n<p>Kolibr\u00ed on <a href=\"https:\/\/www.ninho.fi\/\">Kulttuurikeskus Ninho ry<\/a>:n tuotantoa. Ninho ry on monikulttuurinen suomalainen yhdistys, joka edist\u00e4\u00e4 monikielist\u00e4 ja monimuotoista lastenkulttuuria Suomessa.<\/p>\n\n\n\n<p>Festivaali toteutetaan yhteisty\u00f6ss\u00e4 seuraavien tukijoiden kanssa:<br>Helsingin kaupunki, TAIKE, Svenska Kulturfonden, Suomen Kulttuurirahasto, Espanjan kulttuuri- ja urheiluministeri\u00f6n Kirja-, Sarjakuva- ja Lukemisosasto, Espoon kaupunki, Otto A. Malmin s\u00e4\u00e4ti\u00f6, William Thurings Stiftelse, Vantaan kaupunki, Helmet Espoo, Vantaan Kulttuurilapset, Suomen Iberoamerikkalainen Instituutti, Argentiinan, Brasilian, Kolumbian, Chilen, Espanjan, Meksikon, Perun, Uruguayn ja Portugalin suurl\u00e4hetyst\u00f6t, Aalto-yliopiston Wood Program, Ammattiopisto LIVE, Kuvittajat ry, Peque\u00f1o Mundo, Helsingin Juhlaviikot, Helsingin yliopisto, Globe Art Point, Suomen portugalinopettajien yhdistys (APPF), A buen paso -kustantamo.<\/p>\n","protected":false},"excerpt":{"rendered":"<p>Kolibr\u00ed Festivaali juhlii 10-vuotista taivaltaan erityisell\u00e4 juhlavuoden ohjelmalla, jonka teemana on Toiveet. Kymmeness\u00e4 vuodessa Kolibr\u00ed on kasvanut yhdeksi Suomen suurimmista [\u2026] <a href=\"https:\/\/www.kolibrifestivaali.org\/fi\/kolibri-festivaali-juhlii-10tta-vuotta\/\">Lue lis\u00e4\u00e4 &raquo;<\/a><\/p>\n<div class='heateor_sss_sharing_container heateor_sss_vertical_sharing heateor_sss_bottom_sharing' style='width:34px;right: -10px;top: 100px;-webkit-box-shadow:none;box-shadow:none;' data-heateor-sss-href='https:\/\/www.kolibrifestivaali.org\/fi\/wp-json\/wp\/v2\/posts\/328614'><div class=\"heateor_sss_sharing_ul\"><a aria-label=\"Facebook\" class=\"heateor_sss_facebook\" href=\"https:\/\/www.facebook.com\/sharer\/sharer.php?u=https%3A%2F%2Fwww.kolibrifestivaali.org%2Ffi%2Fwp-json%2Fwp%2Fv2%2Fposts%2F328614\" title=\"Facebook\" rel=\"nofollow noopener\" target=\"_blank\" style=\"font-size:32px!important;box-shadow:none;display:inline-block;vertical-align:middle\"><span class=\"heateor_sss_svg\" style=\"background-color:#0765FE;width:30px;height:30px;border-radius:999px;display:inline-block;opacity:1;float:left;font-size:32px;box-shadow:none;display:inline-block;font-size:16px;padding:0 4px;vertical-align:middle;background-repeat:repeat;overflow:hidden;padding:0;cursor:pointer;box-sizing:content-box\"><svg style=\"display:block;border-radius:999px;\" focusable=\"false\" aria-hidden=\"true\" xmlns=\"http:\/\/www.w3.org\/2000\/svg\" width=\"100%\" height=\"100%\" viewBox=\"0 0 32 32\"><path fill=\"#fff\" d=\"M28 16c0-6.627-5.373-12-12-12S4 9.373 4 16c0 5.628 3.875 10.35 9.101 11.647v-7.98h-2.474V16H13.1v-1.58c0-4.085 1.849-5.978 5.859-5.978.76 0 2.072.15 2.608.298v3.325c-.283-.03-.775-.045-1.386-.045-1.967 0-2.728.745-2.728 2.683V16h3.92l-.673 3.667h-3.247v8.245C23.395 27.195 28 22.135 28 16Z\"><\/path><\/svg><\/span><\/a><a aria-label=\"X\" class=\"heateor_sss_button_x\" href=\"https:\/\/twitter.com\/intent\/tweet?text=Kolibri%20Festivaali%20-%20Kolibri%CC%81%20is%20a%20unique%20multicultural%2C%20free%20and%20open%20art%20festival%20for%20children%20and%20their%20families.&url=https%3A%2F%2Fwww.kolibrifestivaali.org%2Ffi%2Fwp-json%2Fwp%2Fv2%2Fposts%2F328614\" title=\"X\" rel=\"nofollow noopener\" target=\"_blank\" style=\"font-size:32px!important;box-shadow:none;display:inline-block;vertical-align:middle\"><span class=\"heateor_sss_svg heateor_sss_s__default heateor_sss_s_x\" style=\"background-color:#2a2a2a;width:30px;height:30px;border-radius:999px;display:inline-block;opacity:1;float:left;font-size:32px;box-shadow:none;display:inline-block;font-size:16px;padding:0 4px;vertical-align:middle;background-repeat:repeat;overflow:hidden;padding:0;cursor:pointer;box-sizing:content-box\"><svg width=\"100%\" height=\"100%\" style=\"display:block;border-radius:999px;\" focusable=\"false\" aria-hidden=\"true\" xmlns=\"http:\/\/www.w3.org\/2000\/svg\" viewBox=\"0 0 32 32\"><path fill=\"#fff\" d=\"M21.751 7h3.067l-6.7 7.658L26 25.078h-6.172l-4.833-6.32-5.531 6.32h-3.07l7.167-8.19L6 7h6.328l4.37 5.777L21.75 7Zm-1.076 16.242h1.7L11.404 8.74H9.58l11.094 14.503Z\"><\/path><\/svg><\/span><\/a><a aria-label=\"Linkedin\" class=\"heateor_sss_button_linkedin\" href=\"https:\/\/www.linkedin.com\/sharing\/share-offsite\/?url=https%3A%2F%2Fwww.kolibrifestivaali.org%2Ffi%2Fwp-json%2Fwp%2Fv2%2Fposts%2F328614\" title=\"Linkedin\" rel=\"nofollow noopener\" target=\"_blank\" style=\"font-size:32px!important;box-shadow:none;display:inline-block;vertical-align:middle\"><span class=\"heateor_sss_svg heateor_sss_s__default heateor_sss_s_linkedin\" style=\"background-color:#0077b5;width:30px;height:30px;border-radius:999px;display:inline-block;opacity:1;float:left;font-size:32px;box-shadow:none;display:inline-block;font-size:16px;padding:0 4px;vertical-align:middle;background-repeat:repeat;overflow:hidden;padding:0;cursor:pointer;box-sizing:content-box\"><svg style=\"display:block;border-radius:999px;\" focusable=\"false\" aria-hidden=\"true\" xmlns=\"http:\/\/www.w3.org\/2000\/svg\" width=\"100%\" height=\"100%\" viewBox=\"0 0 32 32\"><path d=\"M6.227 12.61h4.19v13.48h-4.19V12.61zm2.095-6.7a2.43 2.43 0 0 1 0 4.86c-1.344 0-2.428-1.09-2.428-2.43s1.084-2.43 2.428-2.43m4.72 6.7h4.02v1.84h.058c.56-1.058 1.927-2.176 3.965-2.176 4.238 0 5.02 2.792 5.02 6.42v7.395h-4.183v-6.56c0-1.564-.03-3.574-2.178-3.574-2.18 0-2.514 1.7-2.514 3.46v6.668h-4.187V12.61z\" fill=\"#fff\"><\/path><\/svg><\/span><\/a><a aria-label=\"Instagram\" class=\"heateor_sss_button_instagram\" href=\"https:\/\/www.instagram.com\/\" title=\"Instagram\" rel=\"nofollow noopener\" target=\"_blank\" style=\"font-size:32px!important;box-shadow:none;display:inline-block;vertical-align:middle\"><span class=\"heateor_sss_svg\" style=\"background-color:#53beee;width:30px;height:30px;border-radius:999px;display:inline-block;opacity:1;float:left;font-size:32px;box-shadow:none;display:inline-block;font-size:16px;padding:0 4px;vertical-align:middle;background-repeat:repeat;overflow:hidden;padding:0;cursor:pointer;box-sizing:content-box\"><svg style=\"display:block;border-radius:999px;\" version=\"1.1\" viewBox=\"-10 -10 148 148\" width=\"100%\" height=\"100%\" xml:space=\"preserve\" xmlns=\"http:\/\/www.w3.org\/2000\/svg\" xmlns:xlink=\"http:\/\/www.w3.org\/1999\/xlink\"><g><g><path d=\"M86,112H42c-14.336,0-26-11.663-26-26V42c0-14.337,11.664-26,26-26h44c14.337,0,26,11.663,26,26v44 C112,100.337,100.337,112,86,112z M42,24c-9.925,0-18,8.074-18,18v44c0,9.925,8.075,18,18,18h44c9.926,0,18-8.075,18-18V42 c0-9.926-8.074-18-18-18H42z\" fill=\"#fff\"><\/path><\/g><g><path d=\"M64,88c-13.234,0-24-10.767-24-24c0-13.234,10.766-24,24-24s24,10.766,24,24C88,77.233,77.234,88,64,88z M64,48c-8.822,0-16,7.178-16,16s7.178,16,16,16c8.822,0,16-7.178,16-16S72.822,48,64,48z\" fill=\"#fff\"><\/path><\/g><g><circle cx=\"89.5\" cy=\"38.5\" fill=\"#fff\" r=\"5.5\"><\/circle><\/g><\/g><\/svg><\/span><\/a><\/div><div class=\"heateorSssClear\"><\/div><\/div>","protected":false},"author":13,"featured_media":328426,"comment_status":"closed","ping_status":"closed","sticky":false,"template":"","format":"standard","meta":{"_acf_changed":false,"footnotes":""},"categories":[20],"tags":[940],"class_list":["post-328614","post","type-post","status-publish","format-standard","has-post-thumbnail","hentry","category-news-archive-fi","tag-kolibri-festivaali-2025-fi"],"acf":[],"yoast_head":"<!-- This site is optimized with the Yoast SEO plugin v27.5 - https:\/\/yoast.com\/product\/yoast-seo-wordpress\/ -->\n<title>Kolibr\u00ed Festivaali juhlii 10:tt\u00e4 vuotta monimuotoisuutta lastenkulttuurin parissa - Kolibri Festivaali<\/title>\n<meta name=\"description\" content=\"40 taiteilijaa 20 eri kansallisuudella tarjoavat el\u00e4v\u00e4isen ohjelman. Tule mukaan juhlimaan 13.\u201327.9.2025 Espoossa, Vantaalla ja Helsingiss\u00e4!\" \/>\n<meta name=\"robots\" content=\"index, follow, max-snippet:-1, max-image-preview:large, max-video-preview:-1\" \/>\n<link rel=\"canonical\" href=\"https:\/\/www.kolibrifestivaali.org\/fi\/kolibri-festivaali-juhlii-10tta-vuotta\/\" \/>\n<meta property=\"og:locale\" content=\"fi_FI\" \/>\n<meta property=\"og:type\" content=\"article\" \/>\n<meta property=\"og:title\" content=\"Kolibr\u00ed Festivaali juhlii 10:tt\u00e4 vuotta monimuotoisuutta lastenkulttuurin parissa - Kolibri Festivaali\" \/>\n<meta property=\"og:description\" content=\"40 taiteilijaa 20 eri kansallisuudella tarjoavat el\u00e4v\u00e4isen ohjelman. Tule mukaan juhlimaan 13.\u201327.9.2025 Espoossa, Vantaalla ja Helsingiss\u00e4!\" \/>\n<meta property=\"og:url\" content=\"https:\/\/www.kolibrifestivaali.org\/fi\/kolibri-festivaali-juhlii-10tta-vuotta\/\" \/>\n<meta property=\"og:site_name\" content=\"Kolibri Festivaali\" \/>\n<meta property=\"article:published_time\" content=\"2025-08-19T09:16:19+00:00\" \/>\n<meta property=\"article:modified_time\" content=\"2025-08-19T09:20:32+00:00\" \/>\n<meta property=\"og:image\" content=\"https:\/\/www.kolibrifestivaali.org\/wp-content\/uploads\/2025\/08\/kolibri-2025-web-snippet.jpg\" \/>\n\t<meta property=\"og:image:width\" content=\"1920\" \/>\n\t<meta property=\"og:image:height\" content=\"1080\" \/>\n\t<meta property=\"og:image:type\" content=\"image\/jpeg\" \/>\n<meta name=\"author\" content=\"Marta Berm\u00fadez\" \/>\n<meta name=\"twitter:card\" content=\"summary_large_image\" \/>\n<meta name=\"twitter:label1\" content=\"Kirjoittanut\" \/>\n\t<meta name=\"twitter:data1\" content=\"Marta Berm\u00fadez\" \/>\n\t<meta name=\"twitter:label2\" content=\"Arvioitu lukuaika\" \/>\n\t<meta name=\"twitter:data2\" content=\"3 minuuttia\" \/>\n<script type=\"application\/ld+json\" class=\"yoast-schema-graph\">{\"@context\":\"https:\\\/\\\/schema.org\",\"@graph\":[{\"@type\":\"Article\",\"@id\":\"https:\\\/\\\/www.kolibrifestivaali.org\\\/fi\\\/kolibri-festivaali-juhlii-10tta-vuotta\\\/#article\",\"isPartOf\":{\"@id\":\"https:\\\/\\\/www.kolibrifestivaali.org\\\/fi\\\/kolibri-festivaali-juhlii-10tta-vuotta\\\/\"},\"author\":{\"name\":\"Marta Berm\u00fadez\",\"@id\":\"https:\\\/\\\/www.kolibrifestivaali.org\\\/fi\\\/#\\\/schema\\\/person\\\/a4d882046c0f7b03960be07d8b5713ba\"},\"headline\":\"Kolibr\u00ed Festivaali juhlii 10:tt\u00e4 vuotta monimuotoisuutta lastenkulttuurin parissa\",\"datePublished\":\"2025-08-19T09:16:19+00:00\",\"dateModified\":\"2025-08-19T09:20:32+00:00\",\"mainEntityOfPage\":{\"@id\":\"https:\\\/\\\/www.kolibrifestivaali.org\\\/fi\\\/kolibri-festivaali-juhlii-10tta-vuotta\\\/\"},\"wordCount\":537,\"image\":{\"@id\":\"https:\\\/\\\/www.kolibrifestivaali.org\\\/fi\\\/kolibri-festivaali-juhlii-10tta-vuotta\\\/#primaryimage\"},\"thumbnailUrl\":\"https:\\\/\\\/www.kolibrifestivaali.org\\\/wp-content\\\/uploads\\\/2025\\\/08\\\/kolibri-2025-web-snippet.jpg\",\"keywords\":[\"kolibri festivaali 2025\"],\"articleSection\":[\"News\"],\"inLanguage\":\"fi\"},{\"@type\":\"WebPage\",\"@id\":\"https:\\\/\\\/www.kolibrifestivaali.org\\\/fi\\\/kolibri-festivaali-juhlii-10tta-vuotta\\\/\",\"url\":\"https:\\\/\\\/www.kolibrifestivaali.org\\\/fi\\\/kolibri-festivaali-juhlii-10tta-vuotta\\\/\",\"name\":\"Kolibr\u00ed Festivaali juhlii 10:tt\u00e4 vuotta monimuotoisuutta lastenkulttuurin parissa - Kolibri Festivaali\",\"isPartOf\":{\"@id\":\"https:\\\/\\\/www.kolibrifestivaali.org\\\/fi\\\/#website\"},\"primaryImageOfPage\":{\"@id\":\"https:\\\/\\\/www.kolibrifestivaali.org\\\/fi\\\/kolibri-festivaali-juhlii-10tta-vuotta\\\/#primaryimage\"},\"image\":{\"@id\":\"https:\\\/\\\/www.kolibrifestivaali.org\\\/fi\\\/kolibri-festivaali-juhlii-10tta-vuotta\\\/#primaryimage\"},\"thumbnailUrl\":\"https:\\\/\\\/www.kolibrifestivaali.org\\\/wp-content\\\/uploads\\\/2025\\\/08\\\/kolibri-2025-web-snippet.jpg\",\"datePublished\":\"2025-08-19T09:16:19+00:00\",\"dateModified\":\"2025-08-19T09:20:32+00:00\",\"author\":{\"@id\":\"https:\\\/\\\/www.kolibrifestivaali.org\\\/fi\\\/#\\\/schema\\\/person\\\/a4d882046c0f7b03960be07d8b5713ba\"},\"description\":\"40 taiteilijaa 20 eri kansallisuudella tarjoavat el\u00e4v\u00e4isen ohjelman. Tule mukaan juhlimaan 13.\u201327.9.2025 Espoossa, Vantaalla ja Helsingiss\u00e4!\",\"breadcrumb\":{\"@id\":\"https:\\\/\\\/www.kolibrifestivaali.org\\\/fi\\\/kolibri-festivaali-juhlii-10tta-vuotta\\\/#breadcrumb\"},\"inLanguage\":\"fi\",\"potentialAction\":[{\"@type\":\"ReadAction\",\"target\":[\"https:\\\/\\\/www.kolibrifestivaali.org\\\/fi\\\/kolibri-festivaali-juhlii-10tta-vuotta\\\/\"]}]},{\"@type\":\"ImageObject\",\"inLanguage\":\"fi\",\"@id\":\"https:\\\/\\\/www.kolibrifestivaali.org\\\/fi\\\/kolibri-festivaali-juhlii-10tta-vuotta\\\/#primaryimage\",\"url\":\"https:\\\/\\\/www.kolibrifestivaali.org\\\/wp-content\\\/uploads\\\/2025\\\/08\\\/kolibri-2025-web-snippet.jpg\",\"contentUrl\":\"https:\\\/\\\/www.kolibrifestivaali.org\\\/wp-content\\\/uploads\\\/2025\\\/08\\\/kolibri-2025-web-snippet.jpg\",\"width\":1920,\"height\":1080,\"caption\":\"The image shows the official artwork for Kolibr\u00ed Festivaali 2025: a starry sky, with a hummingbird formed by a constellation, and the festival dates\"},{\"@type\":\"BreadcrumbList\",\"@id\":\"https:\\\/\\\/www.kolibrifestivaali.org\\\/fi\\\/kolibri-festivaali-juhlii-10tta-vuotta\\\/#breadcrumb\",\"itemListElement\":[{\"@type\":\"ListItem\",\"position\":1,\"name\":\"Home\",\"item\":\"https:\\\/\\\/www.kolibrifestivaali.org\\\/fi\\\/\"},{\"@type\":\"ListItem\",\"position\":2,\"name\":\"Kolibr\u00ed Festivaali juhlii 10:tt\u00e4 vuotta monimuotoisuutta lastenkulttuurin parissa\"}]},{\"@type\":\"WebSite\",\"@id\":\"https:\\\/\\\/www.kolibrifestivaali.org\\\/fi\\\/#website\",\"url\":\"https:\\\/\\\/www.kolibrifestivaali.org\\\/fi\\\/\",\"name\":\"Kolibri Festivaali\",\"description\":\"Kolibri\u0301 is a unique multicultural, free and open art festival for children and their families.\",\"inLanguage\":\"fi\"},{\"@type\":\"Person\",\"@id\":\"https:\\\/\\\/www.kolibrifestivaali.org\\\/fi\\\/#\\\/schema\\\/person\\\/a4d882046c0f7b03960be07d8b5713ba\",\"name\":\"Marta Berm\u00fadez\",\"image\":{\"@type\":\"ImageObject\",\"inLanguage\":\"fi\",\"@id\":\"https:\\\/\\\/secure.gravatar.com\\\/avatar\\\/35700c2014d565cf72e89c0e712b6bc70303de9d0796b72a069bbd235e79a7b5?s=96&d=mm&r=g\",\"url\":\"https:\\\/\\\/secure.gravatar.com\\\/avatar\\\/35700c2014d565cf72e89c0e712b6bc70303de9d0796b72a069bbd235e79a7b5?s=96&d=mm&r=g\",\"contentUrl\":\"https:\\\/\\\/secure.gravatar.com\\\/avatar\\\/35700c2014d565cf72e89c0e712b6bc70303de9d0796b72a069bbd235e79a7b5?s=96&d=mm&r=g\",\"caption\":\"Marta Berm\u00fadez\"}}]}<\/script>\n<!-- \/ Yoast SEO plugin. -->","yoast_head_json":{"title":"Kolibr\u00ed Festivaali juhlii 10:tt\u00e4 vuotta monimuotoisuutta lastenkulttuurin parissa - Kolibri Festivaali","description":"40 taiteilijaa 20 eri kansallisuudella tarjoavat el\u00e4v\u00e4isen ohjelman. Tule mukaan juhlimaan 13.\u201327.9.2025 Espoossa, Vantaalla ja Helsingiss\u00e4!","robots":{"index":"index","follow":"follow","max-snippet":"max-snippet:-1","max-image-preview":"max-image-preview:large","max-video-preview":"max-video-preview:-1"},"canonical":"https:\/\/www.kolibrifestivaali.org\/fi\/kolibri-festivaali-juhlii-10tta-vuotta\/","og_locale":"fi_FI","og_type":"article","og_title":"Kolibr\u00ed Festivaali juhlii 10:tt\u00e4 vuotta monimuotoisuutta lastenkulttuurin parissa - Kolibri Festivaali","og_description":"40 taiteilijaa 20 eri kansallisuudella tarjoavat el\u00e4v\u00e4isen ohjelman. Tule mukaan juhlimaan 13.\u201327.9.2025 Espoossa, Vantaalla ja Helsingiss\u00e4!","og_url":"https:\/\/www.kolibrifestivaali.org\/fi\/kolibri-festivaali-juhlii-10tta-vuotta\/","og_site_name":"Kolibri Festivaali","article_published_time":"2025-08-19T09:16:19+00:00","article_modified_time":"2025-08-19T09:20:32+00:00","og_image":[{"width":1920,"height":1080,"url":"https:\/\/www.kolibrifestivaali.org\/wp-content\/uploads\/2025\/08\/kolibri-2025-web-snippet.jpg","type":"image\/jpeg"}],"author":"Marta Berm\u00fadez","twitter_card":"summary_large_image","twitter_misc":{"Kirjoittanut":"Marta Berm\u00fadez","Arvioitu lukuaika":"3 minuuttia"},"schema":{"@context":"https:\/\/schema.org","@graph":[{"@type":"Article","@id":"https:\/\/www.kolibrifestivaali.org\/fi\/kolibri-festivaali-juhlii-10tta-vuotta\/#article","isPartOf":{"@id":"https:\/\/www.kolibrifestivaali.org\/fi\/kolibri-festivaali-juhlii-10tta-vuotta\/"},"author":{"name":"Marta Berm\u00fadez","@id":"https:\/\/www.kolibrifestivaali.org\/fi\/#\/schema\/person\/a4d882046c0f7b03960be07d8b5713ba"},"headline":"Kolibr\u00ed Festivaali juhlii 10:tt\u00e4 vuotta monimuotoisuutta lastenkulttuurin parissa","datePublished":"2025-08-19T09:16:19+00:00","dateModified":"2025-08-19T09:20:32+00:00","mainEntityOfPage":{"@id":"https:\/\/www.kolibrifestivaali.org\/fi\/kolibri-festivaali-juhlii-10tta-vuotta\/"},"wordCount":537,"image":{"@id":"https:\/\/www.kolibrifestivaali.org\/fi\/kolibri-festivaali-juhlii-10tta-vuotta\/#primaryimage"},"thumbnailUrl":"https:\/\/www.kolibrifestivaali.org\/wp-content\/uploads\/2025\/08\/kolibri-2025-web-snippet.jpg","keywords":["kolibri festivaali 2025"],"articleSection":["News"],"inLanguage":"fi"},{"@type":"WebPage","@id":"https:\/\/www.kolibrifestivaali.org\/fi\/kolibri-festivaali-juhlii-10tta-vuotta\/","url":"https:\/\/www.kolibrifestivaali.org\/fi\/kolibri-festivaali-juhlii-10tta-vuotta\/","name":"Kolibr\u00ed Festivaali juhlii 10:tt\u00e4 vuotta monimuotoisuutta lastenkulttuurin parissa - Kolibri Festivaali","isPartOf":{"@id":"https:\/\/www.kolibrifestivaali.org\/fi\/#website"},"primaryImageOfPage":{"@id":"https:\/\/www.kolibrifestivaali.org\/fi\/kolibri-festivaali-juhlii-10tta-vuotta\/#primaryimage"},"image":{"@id":"https:\/\/www.kolibrifestivaali.org\/fi\/kolibri-festivaali-juhlii-10tta-vuotta\/#primaryimage"},"thumbnailUrl":"https:\/\/www.kolibrifestivaali.org\/wp-content\/uploads\/2025\/08\/kolibri-2025-web-snippet.jpg","datePublished":"2025-08-19T09:16:19+00:00","dateModified":"2025-08-19T09:20:32+00:00","author":{"@id":"https:\/\/www.kolibrifestivaali.org\/fi\/#\/schema\/person\/a4d882046c0f7b03960be07d8b5713ba"},"description":"40 taiteilijaa 20 eri kansallisuudella tarjoavat el\u00e4v\u00e4isen ohjelman. Tule mukaan juhlimaan 13.\u201327.9.2025 Espoossa, Vantaalla ja Helsingiss\u00e4!","breadcrumb":{"@id":"https:\/\/www.kolibrifestivaali.org\/fi\/kolibri-festivaali-juhlii-10tta-vuotta\/#breadcrumb"},"inLanguage":"fi","potentialAction":[{"@type":"ReadAction","target":["https:\/\/www.kolibrifestivaali.org\/fi\/kolibri-festivaali-juhlii-10tta-vuotta\/"]}]},{"@type":"ImageObject","inLanguage":"fi","@id":"https:\/\/www.kolibrifestivaali.org\/fi\/kolibri-festivaali-juhlii-10tta-vuotta\/#primaryimage","url":"https:\/\/www.kolibrifestivaali.org\/wp-content\/uploads\/2025\/08\/kolibri-2025-web-snippet.jpg","contentUrl":"https:\/\/www.kolibrifestivaali.org\/wp-content\/uploads\/2025\/08\/kolibri-2025-web-snippet.jpg","width":1920,"height":1080,"caption":"The image shows the official artwork for Kolibr\u00ed Festivaali 2025: a starry sky, with a hummingbird formed by a constellation, and the festival dates"},{"@type":"BreadcrumbList","@id":"https:\/\/www.kolibrifestivaali.org\/fi\/kolibri-festivaali-juhlii-10tta-vuotta\/#breadcrumb","itemListElement":[{"@type":"ListItem","position":1,"name":"Home","item":"https:\/\/www.kolibrifestivaali.org\/fi\/"},{"@type":"ListItem","position":2,"name":"Kolibr\u00ed Festivaali juhlii 10:tt\u00e4 vuotta monimuotoisuutta lastenkulttuurin parissa"}]},{"@type":"WebSite","@id":"https:\/\/www.kolibrifestivaali.org\/fi\/#website","url":"https:\/\/www.kolibrifestivaali.org\/fi\/","name":"Kolibri Festivaali","description":"Kolibri\u0301 is a unique multicultural, free and open art festival for children and their families.","inLanguage":"fi"},{"@type":"Person","@id":"https:\/\/www.kolibrifestivaali.org\/fi\/#\/schema\/person\/a4d882046c0f7b03960be07d8b5713ba","name":"Marta Berm\u00fadez","image":{"@type":"ImageObject","inLanguage":"fi","@id":"https:\/\/secure.gravatar.com\/avatar\/35700c2014d565cf72e89c0e712b6bc70303de9d0796b72a069bbd235e79a7b5?s=96&d=mm&r=g","url":"https:\/\/secure.gravatar.com\/avatar\/35700c2014d565cf72e89c0e712b6bc70303de9d0796b72a069bbd235e79a7b5?s=96&d=mm&r=g","contentUrl":"https:\/\/secure.gravatar.com\/avatar\/35700c2014d565cf72e89c0e712b6bc70303de9d0796b72a069bbd235e79a7b5?s=96&d=mm&r=g","caption":"Marta Berm\u00fadez"}}]}},"_links":{"self":[{"href":"https:\/\/www.kolibrifestivaali.org\/fi\/wp-json\/wp\/v2\/posts\/328614","targetHints":{"allow":["GET"]}}],"collection":[{"href":"https:\/\/www.kolibrifestivaali.org\/fi\/wp-json\/wp\/v2\/posts"}],"about":[{"href":"https:\/\/www.kolibrifestivaali.org\/fi\/wp-json\/wp\/v2\/types\/post"}],"author":[{"embeddable":true,"href":"https:\/\/www.kolibrifestivaali.org\/fi\/wp-json\/wp\/v2\/users\/13"}],"replies":[{"embeddable":true,"href":"https:\/\/www.kolibrifestivaali.org\/fi\/wp-json\/wp\/v2\/comments?post=328614"}],"version-history":[{"count":2,"href":"https:\/\/www.kolibrifestivaali.org\/fi\/wp-json\/wp\/v2\/posts\/328614\/revisions"}],"predecessor-version":[{"id":328617,"href":"https:\/\/www.kolibrifestivaali.org\/fi\/wp-json\/wp\/v2\/posts\/328614\/revisions\/328617"}],"wp:featuredmedia":[{"embeddable":true,"href":"https:\/\/www.kolibrifestivaali.org\/fi\/wp-json\/wp\/v2\/media\/328426"}],"wp:attachment":[{"href":"https:\/\/www.kolibrifestivaali.org\/fi\/wp-json\/wp\/v2\/media?parent=328614"}],"wp:term":[{"taxonomy":"category","embeddable":true,"href":"https:\/\/www.kolibrifestivaali.org\/fi\/wp-json\/wp\/v2\/categories?post=328614"},{"taxonomy":"post_tag","embeddable":true,"href":"https:\/\/www.kolibrifestivaali.org\/fi\/wp-json\/wp\/v2\/tags?post=328614"}],"curies":[{"name":"wp","href":"https:\/\/api.w.org\/{rel}","templated":true}]}}