{"id":327333,"date":"2025-06-06T09:46:14","date_gmt":"2025-06-06T06:46:14","guid":{"rendered":"https:\/\/www.kolibrifestivaali.org\/news-archive-fi\/mar-benegas-guest-artist-kolibri-2025\/"},"modified":"2025-09-04T12:11:06","modified_gmt":"2025-09-04T09:11:06","slug":"mar-benegas-guest-artist-kolibri-2025","status":"publish","type":"post","link":"https:\/\/www.kolibrifestivaali.org\/fi\/mar-benegas-guest-artist-kolibri-2025\/","title":{"rendered":"Tunne Mar Benegas, Kolibr\u00ed Festivaali 2025:n kutsuvieras"},"content":{"rendered":"\n<p class=\"has-text-align-left\">Kolibr\u00ed Festivaali on vuodesta 2015 kutsunut iberoamerikkalaisia taiteilijoita jakamaan taidettaan Suomessa asuvien perheiden kanssa. N\u00e4yttelij\u00e4t, kuvittajat ja kirjailijat kutsuvat meid\u00e4t omaan luovaan maailmaansa. T\u00e4n\u00e4 erityisen\u00e4 <strong>kymmenvuotisjuhlavuotena<\/strong> voimme iloksemme kertoa, ett\u00e4 saamme viett\u00e4\u00e4 aikaa kirjailijan ja kulttuurijohtajan<strong> <a href=\"https:\/\/www.marbenegas.es\/\" target=\"_blank\" rel=\"noreferrer noopener\">Mar Benegasin<\/a> <\/strong>(Valencia, Espanja, 1975) kanssa.&nbsp;<\/p>\n\n\n\n<p class=\"has-text-align-left\">Mar Benegas on <strong>runouden, s\u00e4keiden ja sanojen mestari<\/strong>. H\u00e4n kertoo tarinoita, laulaa ja opettaa. T\u00e4n\u00e4 vuonna puhumme erityisesti toiveista ja toivomisesta.&nbsp;<\/p>\n\n\n\n<p class=\"has-text-align-left\">Kuten h\u00e4n itse sanoo: &#8221;<strong>Toivomus ja toivo on kudottu samoista langoista<\/strong>. Meid\u00e4t on tehty toiveista: unelmoimisesta, toivomisesta ja toivosta. N\u00e4m\u00e4 elementit ovat unelmien, fiktion, kirjojen ja runouden raaka-ainetta.&#8221;&nbsp;<\/p>\n\n\n\n<p class=\"has-text-align-left\">H\u00e4n kirjoitti t\u00e4m\u00e4n &#8217;<a href=\"https:\/\/elsitiodelaspalabras.es\/el-deseo-y-la-esperanza-el-sitio-de-las-palabras\/\" target=\"_blank\" rel=\"noreferrer noopener\">El sitio de las palabras<\/a>&#8217; -sivustolla, jonka h\u00e4n perusti vuonna 2013 yhdess\u00e4 runoilija ja opettaja Jes\u00fas Ge:n kanssa. Sivusto on <strong>kirjallisuuden yst\u00e4vien foorumi<\/strong>, jossa suositellaan kirjoja ja tarjotaan kursseja ja aktiviteetteja sek\u00e4 lapsille ett\u00e4 aikuisille.<\/p>\n\n\n\n<p class=\"has-text-align-left\">Meill\u00e4 kaikilla on tarve kertoa tarinoita. Mar Benegas on kertonut tarinoita pitk\u00e4\u00e4n, erityisesti lapsille. H\u00e4n on kirjoittanut <strong>61 lasten- ja nuortenkirjaa, esseit\u00e4, runoutta aikuisille ja antologioita<\/strong>. H\u00e4nen tarinansa ovat saavuttaneet Kiinan, Brasilian, Korean, Italian ja Ranskan ja saaneet merkitt\u00e4vi\u00e4 palkintoja.&nbsp;<\/p>\n\n\n\n<h2 class=\"wp-block-heading has-text-align-left\">Joitakin palkintoja:&nbsp;&nbsp;&nbsp;&nbsp;&nbsp;<\/h2>\n\n\n\n<ul class=\"wp-block-list\">\n<li>\u201cDice el sol Dice la luna\u201d: Vuoden 2023 <strong>paras lastenkirja Chiless\u00e4<\/strong>, my\u00f6nt\u00e4nyt Chilen Kirjakamari. Vuoden 2023 \u201c20 parasta\u201d -palkinto Cuatrogatos-s\u00e4\u00e4ti\u00f6lt\u00e4 (Miami, Yhdysvallat).&nbsp;<\/li>\n<\/ul>\n\n\n\n<ul class=\"wp-block-list\">\n<li>\u201cRuidos y Ruiditos\u201d: Vuoden 2023 <strong>paras runokirja<\/strong>, my\u00f6nt\u00e4nyt <strong>Venezuelan<\/strong> Kirjapankki.&nbsp;<\/li>\n<\/ul>\n\n\n\n<ul class=\"wp-block-list\">\n<li>XXVI <strong>Cervantes Chico -palkinto 2022<\/strong>, my\u00f6nnetty Alcal\u00e1 de Henaresin kaupungin toimesta (Espanja).&nbsp;<\/li>\n<\/ul>\n\n\n\n<ul class=\"wp-block-list\">\n<li>\u201cCoraz\u00f3n de p\u00e1jaro\u201d: <strong>Erityismaininta runouden<\/strong> kategoriassa <strong>Bologna<\/strong> Children&#8217;s Book Fair -tapahtumassa, 2021.&nbsp;<\/li>\n<\/ul>\n\n\n\n<ul class=\"wp-block-list\">\n<li>\u201cI aqu\u00ed dins qui hi ha?\u201d: <strong>Serra D&#8217;Or de la Cr\u00edtica -palkinto<\/strong> 2018, paras lastenkirja.&nbsp;<\/li>\n<\/ul>\n\n\n\n<ul class=\"wp-block-list\">\n<li>\u201cAbecedario del cuerpo imaginado\u201d: <strong>Vuoden 2014 paras nuortenkirja<\/strong>, <strong>Venezuelan<\/strong> Kirjapankki.&nbsp;<\/li>\n<\/ul>\n\n\n\n<ul class=\"wp-block-list\">\n<li>\u201cCon el ojo de la I\u201d: Vuoden 2016 paras lastenkirja, Cuatrogatos-s\u00e4\u00e4ti\u00f6.&nbsp;<\/li>\n<\/ul>\n\n\n\n<ul class=\"wp-block-list\">\n<li>\u201cVersos como una casa\u201d: Vuoden 2017 paras lastenkirja, Cuatrogatos-s\u00e4\u00e4ti\u00f6.&nbsp;<\/li>\n<\/ul>\n\n\n\n<p class=\"has-text-align-left\">Emme voi unohtaa h\u00e4nen rooliaan kouluttajana ja luennoitsijana, joka on erikoistunut runouteen, <strong>lukemisen innostamiseen<\/strong> ja luovuuteen. H\u00e4n on Lukemisen, kirjoittamisen ja havainnoinnin edist\u00e4misen p\u00e4ivien (<a href=\"https:\/\/jaleovalencia.es\/es\/\" target=\"_blank\" rel=\"noreferrer noopener\">JALEO<\/a>) johtaja. P\u00e4iv\u00e4t j\u00e4rjestet\u00e4\u00e4n Valenciassa, Madridissa sek\u00e4 verkossa.&nbsp;<\/p>\n\n\n\n<p class=\"has-text-align-left\">H\u00e4n on juuri julkaissut yhdess\u00e4 Jes\u00fas Ge:n kanssa teoksen \u201c<strong>Creatividad sin pantallas<\/strong>\u201d (Grijalbo, 2025). Teoksessa he ehdottavat palaamista perinteisiin, vanhojen aikojen lauluihin ja katuleikkeihin ajalta, jolloin ei ollut n\u00e4ytt\u00f6j\u00e4, ja lapset viihdyttiv\u00e4t itse\u00e4\u00e4n sill\u00e4, mit\u00e4 l\u00f6ysiv\u00e4t.&nbsp;<\/p>\n\n\n\n<h2 class=\"wp-block-heading has-text-align-left\">Muita teoksia:&nbsp;&nbsp;<\/h2>\n\n\n\n<ul class=\"wp-block-list\">\n<li>\u201cLa Cereza\u201d -kokoelma (musikaalisia kirjoja vauvoille, Combel-kustantamo, julkaistu espanjaksi ja katalaaniksi).&nbsp;<\/li>\n<\/ul>\n\n\n\n<ul class=\"wp-block-list\">\n<li>\u201c44 poemas para leer con ni\u00f1os\u201d (Litera Libros -kustantamo, 2013).&nbsp;<\/li>\n<\/ul>\n\n\n\n<ul class=\"wp-block-list\">\n<li>\u201cCocolor-kokoelma, El libro rojo ja El libro azul\u201d (Litera-kustantamo, 2017).&nbsp;<\/li>\n<\/ul>\n\n\n\n<ul class=\"wp-block-list\">\n<li>\u201c<strong>\u00bfNicolasa, y tu casa?<\/strong>\u201d (Combel, 2018-2019, julkaistu espanjaksi ja katalaaniksi).&nbsp;<\/li>\n<\/ul>\n\n\n\n<ul class=\"wp-block-list\">\n<li>\u201c<strong>Coraz\u00f3n de p\u00e1jaro<\/strong>\u201d (Akiara Books, 2020, julkaistu espanjaksi, katalaaniksi ja portugaliksi, erityismaininta Bolognassa 2020).&nbsp;<\/li>\n<\/ul>\n\n\n\n<ul class=\"wp-block-list\">\n<li>\u201cMi primer abecedario, el carnaval de las letras\u201d (Penguin, 2022).&nbsp;<\/li>\n<\/ul>\n\n\n\n<ul class=\"wp-block-list\">\n<li>\u201cCuentos como nunca los hemos contado\u201d (Grijalbo, 2023).&nbsp;<\/li>\n<\/ul>\n\n\n\n<p>Muista, ett\u00e4 <a href=\"https:\/\/helmet.finna.fi\/\">Helmetist\u00e4<\/a> l\u00f6yd\u00e4t monia h\u00e4nen teoksiaan, joiden parissa varmasti viet\u00e4t hauskoja hetki\u00e4 lasten kanssa.&nbsp;<\/p>\n\n\n\n<h2 class=\"wp-block-heading has-text-align-left\">\u00c4l\u00e4 j\u00e4t\u00e4 v\u00e4liin <strong>Mar Benegasin aktiviteetteja<\/strong>, jotka sis\u00e4ltyv\u00e4t <strong>Kolibr\u00ed 2025 -ohjelmaan<\/strong>!&nbsp;<\/h2>\n\n\n\n<ul class=\"wp-block-list\">\n<li>18.9.2025 \u2013 12 pm \u2013 Helsingin yliopisto (Kielikeskus &#8211; Juhlasali &#8211; Fabianinkatu 26, Helsinki) \u2013\u00a0<a href=\"https:\/\/www.kolibrifestivaali.org\/fi\/event\/kuin-kirsikka-runous-ja-luovuus-lapsuudessa\/\">\u2018Kuin kirsikka\u2019 \u2013 Runous ja luovuus lapsuudessa<\/a>: Mar Benegas puhuu runouden merkityksest\u00e4 lapsuudessa \u2013 ja siit\u00e4, miksi on t\u00e4rke\u00e4\u00e4 tuoda runous lasten ulottuville.<\/li>\n\n\n\n<li>18.9.2025 \u2013 5 pm \u2013 Kulttuurikeskus STOA (Helsinki) \u2013&nbsp;<a href=\"https:\/\/www.kolibrifestivaali.org\/fi\/event\/kehtolaulusta-saduksi-mar-benegasin-luento\/\">\u2018Kehtolaulusta saduksi\u2019 \u2013 Mar Benegasin luento<\/a>: Mar Benegas tarjoaa k\u00e4yt\u00e4nn\u00f6llisen ja teoreettisen katsauksen varhaislapsuuteen ja sen suhteeseen kirjallisuuteen. H\u00e4nen seuranaan on italialainen kirjailija Arianna Squilloni, joka on perustanut kustantamon A buen paso. Squilloni tulee kertomaan h\u00e4nen kustantamonsa kautta julkaistujen Benegasin kirjojen synnyst\u00e4 ja muodonmuutoksesta.<\/li>\n\n\n\n<li>20.9.2025 \u2013 11 am \u2013 Lastenkulttuurikeskus Pessi (Vantaa):&nbsp;<a href=\"https:\/\/www.kolibrifestivaali.org\/fi\/event\/puetaanko-hanelle-viikset\/\">Puetaanko h\u00e4nelle viikset?<\/a>: tervetuloa mukaan t\u00e4h\u00e4n laululliseen ja osallistavaan satutuokioon espanjalaisen Mar Benegasin kanssa.<\/li>\n\n\n\n<li>20.9.2025 \u2013 2 pm \u2013 Lastenkulttuurikeskus Pessi (Vantaa):&nbsp;<a href=\"https:\/\/www.kolibrifestivaali.org\/fi\/event\/enta-sun-kotisi-nicolasa\/\">Ent\u00e4 sun kotisi, Nicolasa?:<\/a> laulavan satuhetken aikana.<\/li>\n\n\n\n<li>20.9.2025 \u2013 12 pm and 3:30 pm \u2013 Lastenkulttuurikeskus Pessi (Vantaa):&nbsp;<a href=\"https:\/\/www.kolibrifestivaali.org\/fi\/event\/mar-benegas-kirjan-signeeraus-lastenkirjamessuilla\/\">Kirjan signeeraus Lastenkirjamessuilla.<\/a> Benegas tulee signeeraamaan kirjojaan messuillamme. Lis\u00e4ksi \u2013 ensimm\u00e4ist\u00e4 kertaa Kolibr\u00edssa \u2013 meill\u00e4 on mukana kutsuttu kustantamo! Kirjamessuilla voit ostaa Marin kirjoja&nbsp;<a href=\"https:\/\/www.abuenpaso.com\/\" target=\"_blank\" rel=\"noreferrer noopener\">A buen paso<\/a>&nbsp;-kustantamon ansiosta.<\/li>\n<\/ul>\n\n\n\n<p><a href=\"https:\/\/www.kolibrifestivaali.org\/fi\/program\/\" target=\"_blank\" rel=\"noreferrer noopener\">Koko ohjelma<\/a><\/p>\n\n\n\n<p>Voit seurata h\u00e4nen ty\u00f6t\u00e4\u00e4n Instagramissa (@benegasmar), Facebookissa (<a href=\"https:\/\/www.facebook.com\/benegasmar\" target=\"_blank\" rel=\"noreferrer noopener\">@benegasmar<\/a> &#8211; @<a href=\"https:\/\/www.facebook.com\/MarBenegaspoeta\" target=\"_blank\" rel=\"noreferrer noopener\">MarBenegaspoeta<\/a>) ja X:ss\u00e4 (@benegasmar).<\/p>\n\n\n\n<p class=\"has-text-align-left\">Espanjan kulttuuri- ja urheiluministeri\u00f6n kirja-, sarjakuva- ja lukuviraston ansiosta Mar Benegas osallistuu Kolibri Festivaaliin.&nbsp;<\/p>\n","protected":false},"excerpt":{"rendered":"<p>Kolibr\u00ed Festivaali on vuodesta 2015 kutsunut iberoamerikkalaisia taiteilijoita jakamaan taidettaan Suomessa asuvien perheiden kanssa. N\u00e4yttelij\u00e4t, kuvittajat ja kirjailijat kutsuvat meid\u00e4t [\u2026] <a href=\"https:\/\/www.kolibrifestivaali.org\/fi\/mar-benegas-guest-artist-kolibri-2025\/\">Lue lis\u00e4\u00e4 &raquo;<\/a><\/p>\n<div class='heateor_sss_sharing_container heateor_sss_vertical_sharing heateor_sss_bottom_sharing' style='width:34px;right: -10px;top: 100px;-webkit-box-shadow:none;box-shadow:none;' data-heateor-sss-href='https:\/\/www.kolibrifestivaali.org\/fi\/wp-json\/wp\/v2\/posts\/327333'><div class=\"heateor_sss_sharing_ul\"><a aria-label=\"Facebook\" class=\"heateor_sss_facebook\" href=\"https:\/\/www.facebook.com\/sharer\/sharer.php?u=https%3A%2F%2Fwww.kolibrifestivaali.org%2Ffi%2Fwp-json%2Fwp%2Fv2%2Fposts%2F327333\" title=\"Facebook\" rel=\"nofollow noopener\" target=\"_blank\" style=\"font-size:32px!important;box-shadow:none;display:inline-block;vertical-align:middle\"><span class=\"heateor_sss_svg\" style=\"background-color:#0765FE;width:30px;height:30px;border-radius:999px;display:inline-block;opacity:1;float:left;font-size:32px;box-shadow:none;display:inline-block;font-size:16px;padding:0 4px;vertical-align:middle;background-repeat:repeat;overflow:hidden;padding:0;cursor:pointer;box-sizing:content-box\"><svg style=\"display:block;border-radius:999px;\" focusable=\"false\" aria-hidden=\"true\" xmlns=\"http:\/\/www.w3.org\/2000\/svg\" width=\"100%\" height=\"100%\" viewBox=\"0 0 32 32\"><path fill=\"#fff\" d=\"M28 16c0-6.627-5.373-12-12-12S4 9.373 4 16c0 5.628 3.875 10.35 9.101 11.647v-7.98h-2.474V16H13.1v-1.58c0-4.085 1.849-5.978 5.859-5.978.76 0 2.072.15 2.608.298v3.325c-.283-.03-.775-.045-1.386-.045-1.967 0-2.728.745-2.728 2.683V16h3.92l-.673 3.667h-3.247v8.245C23.395 27.195 28 22.135 28 16Z\"><\/path><\/svg><\/span><\/a><a aria-label=\"X\" class=\"heateor_sss_button_x\" href=\"https:\/\/twitter.com\/intent\/tweet?text=Kolibri%20Festivaali%20-%20Kolibri%CC%81%20is%20a%20unique%20multicultural%2C%20free%20and%20open%20art%20festival%20for%20children%20and%20their%20families.&url=https%3A%2F%2Fwww.kolibrifestivaali.org%2Ffi%2Fwp-json%2Fwp%2Fv2%2Fposts%2F327333\" title=\"X\" rel=\"nofollow noopener\" target=\"_blank\" style=\"font-size:32px!important;box-shadow:none;display:inline-block;vertical-align:middle\"><span class=\"heateor_sss_svg heateor_sss_s__default heateor_sss_s_x\" style=\"background-color:#2a2a2a;width:30px;height:30px;border-radius:999px;display:inline-block;opacity:1;float:left;font-size:32px;box-shadow:none;display:inline-block;font-size:16px;padding:0 4px;vertical-align:middle;background-repeat:repeat;overflow:hidden;padding:0;cursor:pointer;box-sizing:content-box\"><svg width=\"100%\" height=\"100%\" style=\"display:block;border-radius:999px;\" focusable=\"false\" aria-hidden=\"true\" xmlns=\"http:\/\/www.w3.org\/2000\/svg\" viewBox=\"0 0 32 32\"><path fill=\"#fff\" d=\"M21.751 7h3.067l-6.7 7.658L26 25.078h-6.172l-4.833-6.32-5.531 6.32h-3.07l7.167-8.19L6 7h6.328l4.37 5.777L21.75 7Zm-1.076 16.242h1.7L11.404 8.74H9.58l11.094 14.503Z\"><\/path><\/svg><\/span><\/a><a aria-label=\"Linkedin\" class=\"heateor_sss_button_linkedin\" href=\"https:\/\/www.linkedin.com\/sharing\/share-offsite\/?url=https%3A%2F%2Fwww.kolibrifestivaali.org%2Ffi%2Fwp-json%2Fwp%2Fv2%2Fposts%2F327333\" title=\"Linkedin\" rel=\"nofollow noopener\" target=\"_blank\" style=\"font-size:32px!important;box-shadow:none;display:inline-block;vertical-align:middle\"><span class=\"heateor_sss_svg heateor_sss_s__default heateor_sss_s_linkedin\" style=\"background-color:#0077b5;width:30px;height:30px;border-radius:999px;display:inline-block;opacity:1;float:left;font-size:32px;box-shadow:none;display:inline-block;font-size:16px;padding:0 4px;vertical-align:middle;background-repeat:repeat;overflow:hidden;padding:0;cursor:pointer;box-sizing:content-box\"><svg style=\"display:block;border-radius:999px;\" focusable=\"false\" aria-hidden=\"true\" xmlns=\"http:\/\/www.w3.org\/2000\/svg\" width=\"100%\" height=\"100%\" viewBox=\"0 0 32 32\"><path d=\"M6.227 12.61h4.19v13.48h-4.19V12.61zm2.095-6.7a2.43 2.43 0 0 1 0 4.86c-1.344 0-2.428-1.09-2.428-2.43s1.084-2.43 2.428-2.43m4.72 6.7h4.02v1.84h.058c.56-1.058 1.927-2.176 3.965-2.176 4.238 0 5.02 2.792 5.02 6.42v7.395h-4.183v-6.56c0-1.564-.03-3.574-2.178-3.574-2.18 0-2.514 1.7-2.514 3.46v6.668h-4.187V12.61z\" fill=\"#fff\"><\/path><\/svg><\/span><\/a><a aria-label=\"Instagram\" class=\"heateor_sss_button_instagram\" href=\"https:\/\/www.instagram.com\/\" title=\"Instagram\" rel=\"nofollow noopener\" target=\"_blank\" style=\"font-size:32px!important;box-shadow:none;display:inline-block;vertical-align:middle\"><span class=\"heateor_sss_svg\" style=\"background-color:#53beee;width:30px;height:30px;border-radius:999px;display:inline-block;opacity:1;float:left;font-size:32px;box-shadow:none;display:inline-block;font-size:16px;padding:0 4px;vertical-align:middle;background-repeat:repeat;overflow:hidden;padding:0;cursor:pointer;box-sizing:content-box\"><svg style=\"display:block;border-radius:999px;\" version=\"1.1\" viewBox=\"-10 -10 148 148\" width=\"100%\" height=\"100%\" xml:space=\"preserve\" xmlns=\"http:\/\/www.w3.org\/2000\/svg\" xmlns:xlink=\"http:\/\/www.w3.org\/1999\/xlink\"><g><g><path d=\"M86,112H42c-14.336,0-26-11.663-26-26V42c0-14.337,11.664-26,26-26h44c14.337,0,26,11.663,26,26v44 C112,100.337,100.337,112,86,112z M42,24c-9.925,0-18,8.074-18,18v44c0,9.925,8.075,18,18,18h44c9.926,0,18-8.075,18-18V42 c0-9.926-8.074-18-18-18H42z\" fill=\"#fff\"><\/path><\/g><g><path d=\"M64,88c-13.234,0-24-10.767-24-24c0-13.234,10.766-24,24-24s24,10.766,24,24C88,77.233,77.234,88,64,88z M64,48c-8.822,0-16,7.178-16,16s7.178,16,16,16c8.822,0,16-7.178,16-16S72.822,48,64,48z\" fill=\"#fff\"><\/path><\/g><g><circle cx=\"89.5\" cy=\"38.5\" fill=\"#fff\" r=\"5.5\"><\/circle><\/g><\/g><\/svg><\/span><\/a><\/div><div class=\"heateorSssClear\"><\/div><\/div>","protected":false},"author":13,"featured_media":327304,"comment_status":"closed","ping_status":"closed","sticky":false,"template":"","format":"standard","meta":{"_acf_changed":false,"footnotes":""},"categories":[20],"tags":[940],"class_list":["post-327333","post","type-post","status-publish","format-standard","has-post-thumbnail","hentry","category-news-archive-fi","tag-kolibri-festivaali-2025-fi"],"acf":[],"yoast_head":"<!-- This site is optimized with the Yoast SEO plugin v27.5 - https:\/\/yoast.com\/product\/yoast-seo-wordpress\/ -->\n<title>Tunne Mar Benegas, Kolibr\u00ed Festivaali 2025:n kutsuvieras - Kolibri Festivaali<\/title>\n<meta name=\"description\" content=\"Tunne Mar Benegas, Kolibr\u00ed Festivaali 2025:n kutsuvieras. Tutustu miten h\u00e4n osallistuu Kolibr\u00edn nelj\u00e4nteentoista festivaaliin\" \/>\n<meta name=\"robots\" content=\"noindex, follow\" \/>\n<meta property=\"og:locale\" content=\"fi_FI\" \/>\n<meta property=\"og:type\" content=\"article\" \/>\n<meta property=\"og:title\" content=\"Tunne Mar Benegas, Kolibr\u00ed Festivaali 2025:n kutsuvieras - Kolibri Festivaali\" \/>\n<meta property=\"og:description\" content=\"Tunne Mar Benegas, Kolibr\u00ed Festivaali 2025:n kutsuvieras. Tutustu miten h\u00e4n osallistuu Kolibr\u00edn nelj\u00e4nteentoista festivaaliin\" \/>\n<meta property=\"og:url\" content=\"https:\/\/www.kolibrifestivaali.org\/fi\/mar-benegas-guest-artist-kolibri-2025\/\" \/>\n<meta property=\"og:site_name\" content=\"Kolibri Festivaali\" \/>\n<meta property=\"article:published_time\" content=\"2025-06-06T06:46:14+00:00\" \/>\n<meta property=\"article:modified_time\" content=\"2025-09-04T09:11:06+00:00\" \/>\n<meta property=\"og:image\" content=\"https:\/\/www.kolibrifestivaali.org\/wp-content\/uploads\/2025\/06\/mar-benegas-picture-7.jpg\" \/>\n\t<meta property=\"og:image:width\" content=\"1920\" \/>\n\t<meta property=\"og:image:height\" content=\"1407\" \/>\n\t<meta property=\"og:image:type\" content=\"image\/jpeg\" \/>\n<meta name=\"author\" content=\"Marta Berm\u00fadez\" \/>\n<meta name=\"twitter:card\" content=\"summary_large_image\" \/>\n<meta name=\"twitter:label1\" content=\"Kirjoittanut\" \/>\n\t<meta name=\"twitter:data1\" content=\"Marta Berm\u00fadez\" \/>\n\t<meta name=\"twitter:label2\" content=\"Arvioitu lukuaika\" \/>\n\t<meta name=\"twitter:data2\" content=\"3 minuuttia\" \/>\n<script type=\"application\/ld+json\" class=\"yoast-schema-graph\">{\"@context\":\"https:\\\/\\\/schema.org\",\"@graph\":[{\"@type\":\"Article\",\"@id\":\"https:\\\/\\\/www.kolibrifestivaali.org\\\/fi\\\/mar-benegas-guest-artist-kolibri-2025\\\/#article\",\"isPartOf\":{\"@id\":\"https:\\\/\\\/www.kolibrifestivaali.org\\\/fi\\\/mar-benegas-guest-artist-kolibri-2025\\\/\"},\"author\":{\"name\":\"Marta Berm\u00fadez\",\"@id\":\"https:\\\/\\\/www.kolibrifestivaali.org\\\/fi\\\/#\\\/schema\\\/person\\\/a4d882046c0f7b03960be07d8b5713ba\"},\"headline\":\"Tunne Mar Benegas, Kolibr\u00ed Festivaali 2025:n kutsuvieras\",\"datePublished\":\"2025-06-06T06:46:14+00:00\",\"dateModified\":\"2025-09-04T09:11:06+00:00\",\"mainEntityOfPage\":{\"@id\":\"https:\\\/\\\/www.kolibrifestivaali.org\\\/fi\\\/mar-benegas-guest-artist-kolibri-2025\\\/\"},\"wordCount\":708,\"image\":{\"@id\":\"https:\\\/\\\/www.kolibrifestivaali.org\\\/fi\\\/mar-benegas-guest-artist-kolibri-2025\\\/#primaryimage\"},\"thumbnailUrl\":\"https:\\\/\\\/www.kolibrifestivaali.org\\\/wp-content\\\/uploads\\\/2025\\\/06\\\/mar-benegas-picture-7.jpg\",\"keywords\":[\"kolibri festivaali 2025\"],\"articleSection\":[\"News\"],\"inLanguage\":\"fi\"},{\"@type\":\"WebPage\",\"@id\":\"https:\\\/\\\/www.kolibrifestivaali.org\\\/fi\\\/mar-benegas-guest-artist-kolibri-2025\\\/\",\"url\":\"https:\\\/\\\/www.kolibrifestivaali.org\\\/fi\\\/mar-benegas-guest-artist-kolibri-2025\\\/\",\"name\":\"Tunne Mar Benegas, Kolibr\u00ed Festivaali 2025:n kutsuvieras - Kolibri Festivaali\",\"isPartOf\":{\"@id\":\"https:\\\/\\\/www.kolibrifestivaali.org\\\/fi\\\/#website\"},\"primaryImageOfPage\":{\"@id\":\"https:\\\/\\\/www.kolibrifestivaali.org\\\/fi\\\/mar-benegas-guest-artist-kolibri-2025\\\/#primaryimage\"},\"image\":{\"@id\":\"https:\\\/\\\/www.kolibrifestivaali.org\\\/fi\\\/mar-benegas-guest-artist-kolibri-2025\\\/#primaryimage\"},\"thumbnailUrl\":\"https:\\\/\\\/www.kolibrifestivaali.org\\\/wp-content\\\/uploads\\\/2025\\\/06\\\/mar-benegas-picture-7.jpg\",\"datePublished\":\"2025-06-06T06:46:14+00:00\",\"dateModified\":\"2025-09-04T09:11:06+00:00\",\"author\":{\"@id\":\"https:\\\/\\\/www.kolibrifestivaali.org\\\/fi\\\/#\\\/schema\\\/person\\\/a4d882046c0f7b03960be07d8b5713ba\"},\"description\":\"Tunne Mar Benegas, Kolibr\u00ed Festivaali 2025:n kutsuvieras. Tutustu miten h\u00e4n osallistuu Kolibr\u00edn nelj\u00e4nteentoista festivaaliin\",\"breadcrumb\":{\"@id\":\"https:\\\/\\\/www.kolibrifestivaali.org\\\/fi\\\/mar-benegas-guest-artist-kolibri-2025\\\/#breadcrumb\"},\"inLanguage\":\"fi\",\"potentialAction\":[{\"@type\":\"ReadAction\",\"target\":[\"https:\\\/\\\/www.kolibrifestivaali.org\\\/fi\\\/mar-benegas-guest-artist-kolibri-2025\\\/\"]}]},{\"@type\":\"ImageObject\",\"inLanguage\":\"fi\",\"@id\":\"https:\\\/\\\/www.kolibrifestivaali.org\\\/fi\\\/mar-benegas-guest-artist-kolibri-2025\\\/#primaryimage\",\"url\":\"https:\\\/\\\/www.kolibrifestivaali.org\\\/wp-content\\\/uploads\\\/2025\\\/06\\\/mar-benegas-picture-7.jpg\",\"contentUrl\":\"https:\\\/\\\/www.kolibrifestivaali.org\\\/wp-content\\\/uploads\\\/2025\\\/06\\\/mar-benegas-picture-7.jpg\",\"width\":1920,\"height\":1407,\"caption\":\"Mar Benegas, Spanish writer, poet and cultural producer.\"},{\"@type\":\"BreadcrumbList\",\"@id\":\"https:\\\/\\\/www.kolibrifestivaali.org\\\/fi\\\/mar-benegas-guest-artist-kolibri-2025\\\/#breadcrumb\",\"itemListElement\":[{\"@type\":\"ListItem\",\"position\":1,\"name\":\"Home\",\"item\":\"https:\\\/\\\/www.kolibrifestivaali.org\\\/fi\\\/\"},{\"@type\":\"ListItem\",\"position\":2,\"name\":\"Tunne Mar Benegas, Kolibr\u00ed Festivaali 2025:n kutsuvieras\"}]},{\"@type\":\"WebSite\",\"@id\":\"https:\\\/\\\/www.kolibrifestivaali.org\\\/fi\\\/#website\",\"url\":\"https:\\\/\\\/www.kolibrifestivaali.org\\\/fi\\\/\",\"name\":\"Kolibri Festivaali\",\"description\":\"Kolibri\u0301 is a unique multicultural, free and open art festival for children and their families.\",\"inLanguage\":\"fi\"},{\"@type\":\"Person\",\"@id\":\"https:\\\/\\\/www.kolibrifestivaali.org\\\/fi\\\/#\\\/schema\\\/person\\\/a4d882046c0f7b03960be07d8b5713ba\",\"name\":\"Marta Berm\u00fadez\",\"image\":{\"@type\":\"ImageObject\",\"inLanguage\":\"fi\",\"@id\":\"https:\\\/\\\/secure.gravatar.com\\\/avatar\\\/35700c2014d565cf72e89c0e712b6bc70303de9d0796b72a069bbd235e79a7b5?s=96&d=mm&r=g\",\"url\":\"https:\\\/\\\/secure.gravatar.com\\\/avatar\\\/35700c2014d565cf72e89c0e712b6bc70303de9d0796b72a069bbd235e79a7b5?s=96&d=mm&r=g\",\"contentUrl\":\"https:\\\/\\\/secure.gravatar.com\\\/avatar\\\/35700c2014d565cf72e89c0e712b6bc70303de9d0796b72a069bbd235e79a7b5?s=96&d=mm&r=g\",\"caption\":\"Marta Berm\u00fadez\"}}]}<\/script>\n<!-- \/ Yoast SEO plugin. -->","yoast_head_json":{"title":"Tunne Mar Benegas, Kolibr\u00ed Festivaali 2025:n kutsuvieras - Kolibri Festivaali","description":"Tunne Mar Benegas, Kolibr\u00ed Festivaali 2025:n kutsuvieras. Tutustu miten h\u00e4n osallistuu Kolibr\u00edn nelj\u00e4nteentoista festivaaliin","robots":{"index":"noindex","follow":"follow"},"og_locale":"fi_FI","og_type":"article","og_title":"Tunne Mar Benegas, Kolibr\u00ed Festivaali 2025:n kutsuvieras - Kolibri Festivaali","og_description":"Tunne Mar Benegas, Kolibr\u00ed Festivaali 2025:n kutsuvieras. Tutustu miten h\u00e4n osallistuu Kolibr\u00edn nelj\u00e4nteentoista festivaaliin","og_url":"https:\/\/www.kolibrifestivaali.org\/fi\/mar-benegas-guest-artist-kolibri-2025\/","og_site_name":"Kolibri Festivaali","article_published_time":"2025-06-06T06:46:14+00:00","article_modified_time":"2025-09-04T09:11:06+00:00","og_image":[{"width":1920,"height":1407,"url":"https:\/\/www.kolibrifestivaali.org\/wp-content\/uploads\/2025\/06\/mar-benegas-picture-7.jpg","type":"image\/jpeg"}],"author":"Marta Berm\u00fadez","twitter_card":"summary_large_image","twitter_misc":{"Kirjoittanut":"Marta Berm\u00fadez","Arvioitu lukuaika":"3 minuuttia"},"schema":{"@context":"https:\/\/schema.org","@graph":[{"@type":"Article","@id":"https:\/\/www.kolibrifestivaali.org\/fi\/mar-benegas-guest-artist-kolibri-2025\/#article","isPartOf":{"@id":"https:\/\/www.kolibrifestivaali.org\/fi\/mar-benegas-guest-artist-kolibri-2025\/"},"author":{"name":"Marta Berm\u00fadez","@id":"https:\/\/www.kolibrifestivaali.org\/fi\/#\/schema\/person\/a4d882046c0f7b03960be07d8b5713ba"},"headline":"Tunne Mar Benegas, Kolibr\u00ed Festivaali 2025:n kutsuvieras","datePublished":"2025-06-06T06:46:14+00:00","dateModified":"2025-09-04T09:11:06+00:00","mainEntityOfPage":{"@id":"https:\/\/www.kolibrifestivaali.org\/fi\/mar-benegas-guest-artist-kolibri-2025\/"},"wordCount":708,"image":{"@id":"https:\/\/www.kolibrifestivaali.org\/fi\/mar-benegas-guest-artist-kolibri-2025\/#primaryimage"},"thumbnailUrl":"https:\/\/www.kolibrifestivaali.org\/wp-content\/uploads\/2025\/06\/mar-benegas-picture-7.jpg","keywords":["kolibri festivaali 2025"],"articleSection":["News"],"inLanguage":"fi"},{"@type":"WebPage","@id":"https:\/\/www.kolibrifestivaali.org\/fi\/mar-benegas-guest-artist-kolibri-2025\/","url":"https:\/\/www.kolibrifestivaali.org\/fi\/mar-benegas-guest-artist-kolibri-2025\/","name":"Tunne Mar Benegas, Kolibr\u00ed Festivaali 2025:n kutsuvieras - Kolibri Festivaali","isPartOf":{"@id":"https:\/\/www.kolibrifestivaali.org\/fi\/#website"},"primaryImageOfPage":{"@id":"https:\/\/www.kolibrifestivaali.org\/fi\/mar-benegas-guest-artist-kolibri-2025\/#primaryimage"},"image":{"@id":"https:\/\/www.kolibrifestivaali.org\/fi\/mar-benegas-guest-artist-kolibri-2025\/#primaryimage"},"thumbnailUrl":"https:\/\/www.kolibrifestivaali.org\/wp-content\/uploads\/2025\/06\/mar-benegas-picture-7.jpg","datePublished":"2025-06-06T06:46:14+00:00","dateModified":"2025-09-04T09:11:06+00:00","author":{"@id":"https:\/\/www.kolibrifestivaali.org\/fi\/#\/schema\/person\/a4d882046c0f7b03960be07d8b5713ba"},"description":"Tunne Mar Benegas, Kolibr\u00ed Festivaali 2025:n kutsuvieras. Tutustu miten h\u00e4n osallistuu Kolibr\u00edn nelj\u00e4nteentoista festivaaliin","breadcrumb":{"@id":"https:\/\/www.kolibrifestivaali.org\/fi\/mar-benegas-guest-artist-kolibri-2025\/#breadcrumb"},"inLanguage":"fi","potentialAction":[{"@type":"ReadAction","target":["https:\/\/www.kolibrifestivaali.org\/fi\/mar-benegas-guest-artist-kolibri-2025\/"]}]},{"@type":"ImageObject","inLanguage":"fi","@id":"https:\/\/www.kolibrifestivaali.org\/fi\/mar-benegas-guest-artist-kolibri-2025\/#primaryimage","url":"https:\/\/www.kolibrifestivaali.org\/wp-content\/uploads\/2025\/06\/mar-benegas-picture-7.jpg","contentUrl":"https:\/\/www.kolibrifestivaali.org\/wp-content\/uploads\/2025\/06\/mar-benegas-picture-7.jpg","width":1920,"height":1407,"caption":"Mar Benegas, Spanish writer, poet and cultural producer."},{"@type":"BreadcrumbList","@id":"https:\/\/www.kolibrifestivaali.org\/fi\/mar-benegas-guest-artist-kolibri-2025\/#breadcrumb","itemListElement":[{"@type":"ListItem","position":1,"name":"Home","item":"https:\/\/www.kolibrifestivaali.org\/fi\/"},{"@type":"ListItem","position":2,"name":"Tunne Mar Benegas, Kolibr\u00ed Festivaali 2025:n kutsuvieras"}]},{"@type":"WebSite","@id":"https:\/\/www.kolibrifestivaali.org\/fi\/#website","url":"https:\/\/www.kolibrifestivaali.org\/fi\/","name":"Kolibri Festivaali","description":"Kolibri\u0301 is a unique multicultural, free and open art festival for children and their families.","inLanguage":"fi"},{"@type":"Person","@id":"https:\/\/www.kolibrifestivaali.org\/fi\/#\/schema\/person\/a4d882046c0f7b03960be07d8b5713ba","name":"Marta Berm\u00fadez","image":{"@type":"ImageObject","inLanguage":"fi","@id":"https:\/\/secure.gravatar.com\/avatar\/35700c2014d565cf72e89c0e712b6bc70303de9d0796b72a069bbd235e79a7b5?s=96&d=mm&r=g","url":"https:\/\/secure.gravatar.com\/avatar\/35700c2014d565cf72e89c0e712b6bc70303de9d0796b72a069bbd235e79a7b5?s=96&d=mm&r=g","contentUrl":"https:\/\/secure.gravatar.com\/avatar\/35700c2014d565cf72e89c0e712b6bc70303de9d0796b72a069bbd235e79a7b5?s=96&d=mm&r=g","caption":"Marta Berm\u00fadez"}}]}},"_links":{"self":[{"href":"https:\/\/www.kolibrifestivaali.org\/fi\/wp-json\/wp\/v2\/posts\/327333","targetHints":{"allow":["GET"]}}],"collection":[{"href":"https:\/\/www.kolibrifestivaali.org\/fi\/wp-json\/wp\/v2\/posts"}],"about":[{"href":"https:\/\/www.kolibrifestivaali.org\/fi\/wp-json\/wp\/v2\/types\/post"}],"author":[{"embeddable":true,"href":"https:\/\/www.kolibrifestivaali.org\/fi\/wp-json\/wp\/v2\/users\/13"}],"replies":[{"embeddable":true,"href":"https:\/\/www.kolibrifestivaali.org\/fi\/wp-json\/wp\/v2\/comments?post=327333"}],"version-history":[{"count":9,"href":"https:\/\/www.kolibrifestivaali.org\/fi\/wp-json\/wp\/v2\/posts\/327333\/revisions"}],"predecessor-version":[{"id":328673,"href":"https:\/\/www.kolibrifestivaali.org\/fi\/wp-json\/wp\/v2\/posts\/327333\/revisions\/328673"}],"wp:featuredmedia":[{"embeddable":true,"href":"https:\/\/www.kolibrifestivaali.org\/fi\/wp-json\/wp\/v2\/media\/327304"}],"wp:attachment":[{"href":"https:\/\/www.kolibrifestivaali.org\/fi\/wp-json\/wp\/v2\/media?parent=327333"}],"wp:term":[{"taxonomy":"category","embeddable":true,"href":"https:\/\/www.kolibrifestivaali.org\/fi\/wp-json\/wp\/v2\/categories?post=327333"},{"taxonomy":"post_tag","embeddable":true,"href":"https:\/\/www.kolibrifestivaali.org\/fi\/wp-json\/wp\/v2\/tags?post=327333"}],"curies":[{"name":"wp","href":"https:\/\/api.w.org\/{rel}","templated":true}]}}