{"id":327119,"date":"2025-05-12T14:27:08","date_gmt":"2025-05-12T11:27:08","guid":{"rendered":"https:\/\/www.kolibrifestivaali.org\/news-archive-fi\/gusti-illustrator-image-kolibri-festivaali-2025\/"},"modified":"2025-08-15T17:43:02","modified_gmt":"2025-08-15T14:43:02","slug":"gusti-illustrator-image-kolibri-festivaali-2025","status":"publish","type":"post","link":"https:\/\/www.kolibrifestivaali.org\/fi\/gusti-illustrator-image-kolibri-festivaali-2025\/","title":{"rendered":"Gusti, Kolibr\u00ed Festivaali 2025 &#8211; 10. vuosip\u00e4iv\u00e4n logon kuvittaja\u00a0"},"content":{"rendered":"\n<p>Jos kerromme, ett\u00e4 <strong>Kolibr\u00edn 10-vuotisjuhlan virallisen kuvan takana on Gustavo Ariel Rosemffet Abramovich<\/strong> (AR), et ehk\u00e4 tunnista nime\u00e4. Mutta selitt\u00e4ess\u00e4mme, ett\u00e4 kyseess\u00e4 on <strong>Gusti<\/strong>, saamme varmasti hymyn kasvoillesi.&nbsp;<\/p>\n\n\n\n<p>T\u00e4n\u00e4 erityisen\u00e4 juhlavuotena, kun <strong>Kolibr\u00ed on jo kymmenen vuotta liihotellen edist\u00e4nyt monimuotoisuutta lastenkulttuurin alalla<\/strong>, emme voisi uskoa rakasta pikkulintuamme parempiin k\u00e4siin ja siveltimiin.&nbsp;<\/p>\n\n\n\n<p>Kolibr\u00ed Festivaali on ylpe\u00e4 saadessaan Gustin kuvittamaan virallisen kuvamme kymenett\u00e4 vuosijuhlaamme varten. <strong>Kutsumme sinut<\/strong> tutustumaan h\u00e4neen ja h\u00e4nen ty\u00f6h\u00f6ns\u00e4 paremmin, sek\u00e4 tietysti <strong>osallistumaan h\u00e4nen paneeleihinsa ja ty\u00f6pajoihinsa festivaalin aikana!&nbsp;<\/strong><\/p>\n\n\n\n<h2 class=\"wp-block-heading has-text-align-left\">Yli 40 vuotta kirjallisuuden ja inkluusion kuvittamista<\/h2>\n\n\n\n<p>Saatuaan tutkinnon Argentiinan School of Art Fernando Faderista (Fernando Faderin taidekoulusta), alkoi Gusti ty\u00f6skennell\u00e4 tunnetuissa animaatiostudioissa, kuten Catu ja Hanna Barbera. H\u00e4n laati my\u00f6s kuvituksia eri lehtiin.&nbsp;<\/p>\n\n\n\n<p>Pian h\u00e4n p\u00e4\u00e4tti kuitenkin keskitty\u00e4 kirjalliseen luomiseen, kirjoittamalla ja kuvittamalla lasten ja nuorten kirjoja.&nbsp;<\/p>\n\n\n\n<p>Yli 40-vuotisen uransa aikana, on h\u00e4n jo onnistunut <strong>ylitt\u00e4m\u00e4\u00e4n 150 kirjan julkaisukynnyksen yli 20 kielell\u00e4<\/strong>, kustantajilla <strong>Japanissa, Taiwanissa, Sveitsiss\u00e4, Ranskassa, Espanjassa, Argentiinassa, Saksassa ja Yhdysvalloissa<\/strong>.&nbsp;&nbsp;<\/p>\n\n\n\n<p>Laajan ty\u00f6ns\u00e4 ansiosta on h\u00e4n voittanut arvostettuja palkintoja kuten <strong>Bratislavan Golden Apple Prix (Kultainen Omena -palkinto)<\/strong>, Espanjan kansallisen kuvituspalkinnon, <strong>Lazarillo<\/strong>-palkinnon <strong>JUNCEDA<\/strong>-kategorian, jonka my\u00f6nt\u00e4\u00e4 ammattikuvittajien yhdistys Kataloniassa (Espanja), jossa h\u00e4n on asunut monta vuotta.&nbsp;<\/p>\n\n\n\n<p>Vuonna 2016 h\u00e4n voitti <a href=\"https:\/\/www.bolognachildrensbookfair.com\/media\/libro\/press_release\/2016\/ENNNCs_BRAW_2016.pdf\" target=\"_blank\" rel=\"noreferrer noopener\">Bologna Ragazzi<\/a> -palkinnon vammaiskategoriassa henkil\u00f6kohtaisella teoksellaan &#8221;Mallko y pap\u00e1&#8221; (Oc\u00e9ano Traves\u00eda), jossa h\u00e4n n\u00e4ytt\u00e4\u00e4 meille, millaista on olla is\u00e4, \u00e4iti tai sisarus Mallkolle, h\u00e4nen pojalleen, jolla on Downin syndrooma.&nbsp;<\/p>\n\n\n\n<p>Jos on olemassa yksi teema, joka korostuu Gustin kirjoittamissa ja kuvittamissa teoksissa ylitse muiden, niin se on ep\u00e4ilem\u00e4tt\u00e4 inkluusio ja yht\u00e4l\u00e4iset mahdollisuudet kaikille. T\u00e4t\u00e4 todellisuutta h\u00e4n kuvaa luonnollisella ja tarpeellisella huumorilla h\u00f6ystettyn\u00e4 monissa muissakin teoksissaan, kuten <strong>\u201cNo somos angelitos\u201d <\/strong>(Oc\u00e9ano Traves\u00eda).&nbsp;<\/p>\n\n\n\n<blockquote class=\"wp-block-quote is-layout-flow wp-block-quote-is-layout-flow\">\n<p>&#8221;Vammaisuus pelottaa. N\u00e4it\u00e4 aiheita k\u00e4sitell\u00e4\u00e4n silkkihansikkain. Miksi pelk\u00e4\u00e4mme niin paljon puhua niist\u00e4? Olen parempi ihminen poikani syntym\u00e4n j\u00e4lkeen, enk\u00e4 vaihtaisi sit\u00e4 mihink\u00e4\u00e4n, mutta on my\u00f6s p\u00e4ivi\u00e4, jolloin maailma romahtaa&#8221;, h\u00e4n selitt\u00e4\u00e4.&nbsp;&nbsp;<\/p>\n<\/blockquote>\n\n\n\n<p>H\u00e4n viimeistelee parhaillaan seuraavaa teostaan <strong>&#8221;Es muy f\u00e1cil viajar con un oso&#8221;<\/strong>. Se on huumoria t\u00e4ynn\u00e4 oleva kirja, joka on inspiroitunut h\u00e4nen poikansa Mallkon kanssa lentokentill\u00e4 koetuista anekdooteista.&nbsp;<\/p>\n\n\n\n<p>Ja kuten Gusti v\u00e4itt\u00e4\u00e4, &#8221;Vammaisilla lapsilla on my\u00f6s oikeus olla nen\u00e4kk\u00e4it\u00e4 ja tehd\u00e4 typeryyksi\u00e4&#8221;.&nbsp;&nbsp;<\/p>\n\n\n\n<div class=\"wp-block-columns is-layout-flex wp-container-core-columns-is-layout-9d6595d7 wp-block-columns-is-layout-flex\">\n<div class=\"wp-block-column is-layout-flow wp-block-column-is-layout-flow\" style=\"flex-basis:66.66%\">\n<figure class=\"wp-block-image size-large\"><img decoding=\"async\" width=\"1280\" height=\"1570\" src=\"https:\/\/www.kolibrifestivaali.org\/wp-content\/uploads\/2025\/05\/img-20221019-090152-1280x1570.jpg\" alt=\"\" class=\"wp-image-327089\" srcset=\"https:\/\/www.kolibrifestivaali.org\/wp-content\/uploads\/2025\/05\/img-20221019-090152-1280x1570.jpg 1280w, https:\/\/www.kolibrifestivaali.org\/wp-content\/uploads\/2025\/05\/img-20221019-090152-350x429.jpg 350w, https:\/\/www.kolibrifestivaali.org\/wp-content\/uploads\/2025\/05\/img-20221019-090152-768x942.jpg 768w, https:\/\/www.kolibrifestivaali.org\/wp-content\/uploads\/2025\/05\/img-20221019-090152-1252x1536.jpg 1252w, https:\/\/www.kolibrifestivaali.org\/wp-content\/uploads\/2025\/05\/img-20221019-090152-500x613.jpg 500w, https:\/\/www.kolibrifestivaali.org\/wp-content\/uploads\/2025\/05\/img-20221019-090152-830x1018.jpg 830w, https:\/\/www.kolibrifestivaali.org\/wp-content\/uploads\/2025\/05\/img-20221019-090152.jpg 1565w\" sizes=\"(max-width: 1280px) 100vw, 1280px\" \/><\/figure>\n<\/div>\n\n\n\n<div class=\"wp-block-column is-layout-flow wp-block-column-is-layout-flow\" style=\"flex-basis:33.33%\">\n<p><\/p>\n\n\n\n<p>Vuonna 2014 h\u00e4n perusti yhdess\u00e4 <a href=\"https:\/\/www.windown.org\/\" target=\"_blank\" rel=\"noreferrer noopener\">Windown-yhdistyksen<\/a>, jossa h\u00e4n edist\u00e4\u00e4 inklusiivisia taidety\u00f6pajoja Katalonian kaupungista Sant Cugat del Vall\u00e8s. Jos haluat tukea t\u00e4t\u00e4 projektia, voit ostaa taiteilijoiden ty\u00f6pajoissa luomia maalauksia yhdistyksen verkkosivuilta.&nbsp;&nbsp;<\/p>\n\n\n\n<p class=\"has-text-align-left\"><\/p>\n<\/div>\n<\/div>\n\n\n\n<p>Kirjoittamisen, kuvittamisen ja vammaisten oikeuksien aktivismin lis\u00e4ksi emme saa unohtaa h\u00e4nen <strong>kierr\u00e4tysprojektejaan Meksikossa ja Kolumbiassa<\/strong> tai h\u00e4nen ty\u00f6t\u00e4\u00e4n <strong>Andien kondorin tai Etel\u00e4-Amerikan lintujen puolustamisessa<\/strong>. N\u00e4m\u00e4 projektit paljastavat h\u00e4nen toisen suuren intohimonsa: luonnon.&nbsp;<\/p>\n\n\n\n<h2 class=\"wp-block-heading\">Muita palkittuja teoksia:&nbsp;<\/h2>\n\n\n\n<ul class=\"wp-block-list\">\n<li>&#8221;Mallko y pap\u00e1&#8221;.&nbsp;<\/li>\n\n\n\n<li>&#8221;Pap\u00e1 se fue a la selva&#8221;.&nbsp;<\/li>\n\n\n\n<li>&#8221;El elefante encadenado&#8221;.&nbsp;<\/li>\n\n\n\n<li>&#8221;Medio Elefante&#8221;.&nbsp;<\/li>\n\n\n\n<li>&#8221;La mosca&#8221;.&nbsp;<\/li>\n\n\n\n<li>&#8221;Ernesto el le\u00f3n hambriento&#8221;.&nbsp;<\/li>\n\n\n\n<li>&#8221;La peque\u00f1a Wu-li&#8221; (Lazarillo -palkinto).&nbsp;<\/li>\n\n\n\n<li>&#8221;El pirata valiente&#8221; (Kansallinen kuvituspalkinto).&nbsp;<\/li>\n\n\n\n<li>&#8221;U\u00f1a y carne&#8221; (Apelles Mestres -palkinto).&nbsp;<\/li>\n\n\n\n<li>&#8221;Pip i el color&#8221; (Pomme d&#8217;Or de Bratislava -palkinto).&nbsp;<\/li>\n\n\n\n<li>&#8221;Un cabello azul&#8221; (Espasa Calpe).&nbsp;<\/li>\n<\/ul>\n\n\n\n<p>Tied\u00e4th\u00e4n, ett\u00e4 voit l\u00f6yt\u00e4\u00e4 sek\u00e4 monia Gustin omia teoksia, ett\u00e4 kirjoja, joihin h\u00e4n osallistunut kuvittajana <a href=\"https:\/\/helmet.finna.fi\/Search\/\" target=\"_blank\" rel=\"noreferrer noopener\">Helmet-kirjastoista<\/a>.&nbsp;<\/p>\n\n\n\n<h2 class=\"wp-block-heading has-text-align-left\">\u00c4l\u00e4 missaa Gustin ohjaamia aktiviteetteja Kolibr\u00ed Festivaalilla 2025<\/h2>\n\n\n\n<ul class=\"wp-block-list\">\n<li>24.9.2025 | 9:00 am | Ammatiopisto LIVE |\u00a0<a href=\"https:\/\/www.kolibrifestivaali.org\/fi\/event\/nakokulmia-erilaisuuden-nakemiseen-luovuus-kuva-ja-ilmaisu\/\">N\u00e4k\u00f6kulmia erilaisuuden n\u00e4kemiseen: luovuus, kuva ja ilmaisu<\/a>: Gusti ohjaa ammattilaisille suunnatun ty\u00f6pajan. Ty\u00f6paja on tarkoitettu kasvattajille, jotka ty\u00f6skentelev\u00e4t vammaisten ihmisten kanssa.<\/li>\n\n\n\n<li>27.9.2025 | 11 am + 2 pm | Annantalo |\u00a0<a href=\"https:\/\/www.kolibrifestivaali.org\/fi\/event\/leikitaan-ja-maalataan\/\">Leikit\u00e4\u00e4n ja maalataan!<\/a>: T\u00e4ss\u00e4 ty\u00f6pajassa nautitaan, luodaan ja ilmaistaan itse\u00e4mme vapaasti.<\/li>\n\n\n\n<li>27.9.2025 | 12:30 pm + 3:30 pm | Annantalo |\u00a0<a href=\"https:\/\/www.kolibrifestivaali.org\/fi\/event\/gusti-kirjan-signeeraus-lastenkirjamessuilla\/\">Kirjan signeeraus Lastenkirjamessuilla<\/a>: Gusti tulee signeeraamaan kirjojaan messuillamme.\u00a0<\/li>\n<\/ul>\n\n\n\n<p><a href=\"https:\/\/www.kolibrifestivaali.org\/fi\/program\/\">Ohjelmisto julkaistaan<\/a> \u00a0<\/p>\n\n\n\n<p><\/p>\n\n\n\n<p>Voit seurata h\u00e4nen ty\u00f6t\u00e4\u00e4n Instagramissa (@gusti.rosemffet), Facebookissa (<a href=\"mailto:@gusti.rosemffet\" target=\"_blank\" rel=\"noreferrer noopener\">@gusti.rosemffet<\/a>) ja X:ss\u00e4 (@gustillimpi). #gustillimpi\u00a0\u00a0<\/p>\n\n\n\n<p>Espanjan kulttuuri- ja urheiluministeri\u00f6n <a href=\"https:\/\/www.cultura.gob.es\/cultura\/libro-bibliotecas.html\" target=\"_blank\" rel=\"noreferrer noopener\">kirja-, sarjakuva- ja lukuviraston<\/a>, \u00a0<a href=\"https:\/\/efinl.cancilleria.gob.ar\/\" target=\"_blank\" rel=\"noreferrer noopener\">Argentiinan Suomen-suurl\u00e4hetyst\u00f6n<\/a> ja \u00a0<a href=\"https:\/\/www.livesaatio.fi\/opisto\/hakijalle\/telma-koulutus\/toimipaikat\/leppavaara\" target=\"_blank\" rel=\"noreferrer noopener\">Ammattiopisto LIVE<\/a>n ansiosta Gusti osallistuu Kolibri Festivaaliin.\u00a0<\/p>\n","protected":false},"excerpt":{"rendered":"<p>Jos kerromme, ett\u00e4 Kolibr\u00edn 10-vuotisjuhlan virallisen kuvan takana on Gustavo Ariel Rosemffet Abramovich (AR), et ehk\u00e4 tunnista nime\u00e4. Mutta selitt\u00e4ess\u00e4mme, [\u2026] <a href=\"https:\/\/www.kolibrifestivaali.org\/fi\/gusti-illustrator-image-kolibri-festivaali-2025\/\">Lue lis\u00e4\u00e4 &raquo;<\/a><\/p>\n<div class='heateor_sss_sharing_container heateor_sss_vertical_sharing heateor_sss_bottom_sharing' style='width:34px;right: -10px;top: 100px;-webkit-box-shadow:none;box-shadow:none;' data-heateor-sss-href='https:\/\/www.kolibrifestivaali.org\/fi\/wp-json\/wp\/v2\/posts\/327119'><div class=\"heateor_sss_sharing_ul\"><a aria-label=\"Facebook\" class=\"heateor_sss_facebook\" href=\"https:\/\/www.facebook.com\/sharer\/sharer.php?u=https%3A%2F%2Fwww.kolibrifestivaali.org%2Ffi%2Fwp-json%2Fwp%2Fv2%2Fposts%2F327119\" title=\"Facebook\" rel=\"nofollow noopener\" target=\"_blank\" style=\"font-size:32px!important;box-shadow:none;display:inline-block;vertical-align:middle\"><span class=\"heateor_sss_svg\" style=\"background-color:#0765FE;width:30px;height:30px;border-radius:999px;display:inline-block;opacity:1;float:left;font-size:32px;box-shadow:none;display:inline-block;font-size:16px;padding:0 4px;vertical-align:middle;background-repeat:repeat;overflow:hidden;padding:0;cursor:pointer;box-sizing:content-box\"><svg style=\"display:block;border-radius:999px;\" focusable=\"false\" aria-hidden=\"true\" xmlns=\"http:\/\/www.w3.org\/2000\/svg\" width=\"100%\" height=\"100%\" viewBox=\"0 0 32 32\"><path fill=\"#fff\" d=\"M28 16c0-6.627-5.373-12-12-12S4 9.373 4 16c0 5.628 3.875 10.35 9.101 11.647v-7.98h-2.474V16H13.1v-1.58c0-4.085 1.849-5.978 5.859-5.978.76 0 2.072.15 2.608.298v3.325c-.283-.03-.775-.045-1.386-.045-1.967 0-2.728.745-2.728 2.683V16h3.92l-.673 3.667h-3.247v8.245C23.395 27.195 28 22.135 28 16Z\"><\/path><\/svg><\/span><\/a><a aria-label=\"X\" class=\"heateor_sss_button_x\" href=\"https:\/\/twitter.com\/intent\/tweet?text=Kolibri%20Festivaali%20-%20Kolibri%CC%81%20is%20a%20unique%20multicultural%2C%20free%20and%20open%20art%20festival%20for%20children%20and%20their%20families.&url=https%3A%2F%2Fwww.kolibrifestivaali.org%2Ffi%2Fwp-json%2Fwp%2Fv2%2Fposts%2F327119\" title=\"X\" rel=\"nofollow noopener\" target=\"_blank\" style=\"font-size:32px!important;box-shadow:none;display:inline-block;vertical-align:middle\"><span class=\"heateor_sss_svg heateor_sss_s__default heateor_sss_s_x\" style=\"background-color:#2a2a2a;width:30px;height:30px;border-radius:999px;display:inline-block;opacity:1;float:left;font-size:32px;box-shadow:none;display:inline-block;font-size:16px;padding:0 4px;vertical-align:middle;background-repeat:repeat;overflow:hidden;padding:0;cursor:pointer;box-sizing:content-box\"><svg width=\"100%\" height=\"100%\" style=\"display:block;border-radius:999px;\" focusable=\"false\" aria-hidden=\"true\" xmlns=\"http:\/\/www.w3.org\/2000\/svg\" viewBox=\"0 0 32 32\"><path fill=\"#fff\" d=\"M21.751 7h3.067l-6.7 7.658L26 25.078h-6.172l-4.833-6.32-5.531 6.32h-3.07l7.167-8.19L6 7h6.328l4.37 5.777L21.75 7Zm-1.076 16.242h1.7L11.404 8.74H9.58l11.094 14.503Z\"><\/path><\/svg><\/span><\/a><a aria-label=\"Linkedin\" class=\"heateor_sss_button_linkedin\" href=\"https:\/\/www.linkedin.com\/sharing\/share-offsite\/?url=https%3A%2F%2Fwww.kolibrifestivaali.org%2Ffi%2Fwp-json%2Fwp%2Fv2%2Fposts%2F327119\" title=\"Linkedin\" rel=\"nofollow noopener\" target=\"_blank\" style=\"font-size:32px!important;box-shadow:none;display:inline-block;vertical-align:middle\"><span class=\"heateor_sss_svg heateor_sss_s__default heateor_sss_s_linkedin\" style=\"background-color:#0077b5;width:30px;height:30px;border-radius:999px;display:inline-block;opacity:1;float:left;font-size:32px;box-shadow:none;display:inline-block;font-size:16px;padding:0 4px;vertical-align:middle;background-repeat:repeat;overflow:hidden;padding:0;cursor:pointer;box-sizing:content-box\"><svg style=\"display:block;border-radius:999px;\" focusable=\"false\" aria-hidden=\"true\" xmlns=\"http:\/\/www.w3.org\/2000\/svg\" width=\"100%\" height=\"100%\" viewBox=\"0 0 32 32\"><path d=\"M6.227 12.61h4.19v13.48h-4.19V12.61zm2.095-6.7a2.43 2.43 0 0 1 0 4.86c-1.344 0-2.428-1.09-2.428-2.43s1.084-2.43 2.428-2.43m4.72 6.7h4.02v1.84h.058c.56-1.058 1.927-2.176 3.965-2.176 4.238 0 5.02 2.792 5.02 6.42v7.395h-4.183v-6.56c0-1.564-.03-3.574-2.178-3.574-2.18 0-2.514 1.7-2.514 3.46v6.668h-4.187V12.61z\" fill=\"#fff\"><\/path><\/svg><\/span><\/a><a aria-label=\"Instagram\" class=\"heateor_sss_button_instagram\" href=\"https:\/\/www.instagram.com\/\" title=\"Instagram\" rel=\"nofollow noopener\" target=\"_blank\" style=\"font-size:32px!important;box-shadow:none;display:inline-block;vertical-align:middle\"><span class=\"heateor_sss_svg\" style=\"background-color:#53beee;width:30px;height:30px;border-radius:999px;display:inline-block;opacity:1;float:left;font-size:32px;box-shadow:none;display:inline-block;font-size:16px;padding:0 4px;vertical-align:middle;background-repeat:repeat;overflow:hidden;padding:0;cursor:pointer;box-sizing:content-box\"><svg style=\"display:block;border-radius:999px;\" version=\"1.1\" viewBox=\"-10 -10 148 148\" width=\"100%\" height=\"100%\" xml:space=\"preserve\" xmlns=\"http:\/\/www.w3.org\/2000\/svg\" xmlns:xlink=\"http:\/\/www.w3.org\/1999\/xlink\"><g><g><path d=\"M86,112H42c-14.336,0-26-11.663-26-26V42c0-14.337,11.664-26,26-26h44c14.337,0,26,11.663,26,26v44 C112,100.337,100.337,112,86,112z M42,24c-9.925,0-18,8.074-18,18v44c0,9.925,8.075,18,18,18h44c9.926,0,18-8.075,18-18V42 c0-9.926-8.074-18-18-18H42z\" fill=\"#fff\"><\/path><\/g><g><path d=\"M64,88c-13.234,0-24-10.767-24-24c0-13.234,10.766-24,24-24s24,10.766,24,24C88,77.233,77.234,88,64,88z M64,48c-8.822,0-16,7.178-16,16s7.178,16,16,16c8.822,0,16-7.178,16-16S72.822,48,64,48z\" fill=\"#fff\"><\/path><\/g><g><circle cx=\"89.5\" cy=\"38.5\" fill=\"#fff\" r=\"5.5\"><\/circle><\/g><\/g><\/svg><\/span><\/a><\/div><div class=\"heateorSssClear\"><\/div><\/div>","protected":false},"author":13,"featured_media":327079,"comment_status":"closed","ping_status":"closed","sticky":false,"template":"","format":"standard","meta":{"_acf_changed":false,"footnotes":""},"categories":[20],"tags":[940],"class_list":["post-327119","post","type-post","status-publish","format-standard","has-post-thumbnail","hentry","category-news-archive-fi","tag-kolibri-festivaali-2025-fi"],"acf":[],"yoast_head":"<!-- This site is optimized with the Yoast SEO plugin v27.5 - https:\/\/yoast.com\/product\/yoast-seo-wordpress\/ -->\n<title>Gusti, Kolibr\u00ed Festivaali 2025 - 10. vuosip\u00e4iv\u00e4n logon kuvittaja\u00a0 - Kolibri Festivaali<\/title>\n<meta name=\"description\" content=\"Kutsumme sinut tutustumaan h\u00e4neen ja h\u00e4nen ty\u00f6h\u00f6ns\u00e4, sek\u00e4 tietysti osallistumaan h\u00e4nen paneeleihinsa ja ty\u00f6pajoihinsa festivaalin aikana!\u00a0\" \/>\n<meta name=\"robots\" content=\"index, follow, max-snippet:-1, max-image-preview:large, max-video-preview:-1\" \/>\n<link rel=\"canonical\" href=\"https:\/\/www.kolibrifestivaali.org\/fi\/gusti-illustrator-image-kolibri-festivaali-2025\/\" \/>\n<meta property=\"og:locale\" content=\"fi_FI\" \/>\n<meta property=\"og:type\" content=\"article\" \/>\n<meta property=\"og:title\" content=\"Gusti, Kolibr\u00ed Festivaali 2025 - 10. vuosip\u00e4iv\u00e4n logon kuvittaja\u00a0 - Kolibri Festivaali\" \/>\n<meta property=\"og:description\" content=\"Kutsumme sinut tutustumaan h\u00e4neen ja h\u00e4nen ty\u00f6h\u00f6ns\u00e4, sek\u00e4 tietysti osallistumaan h\u00e4nen paneeleihinsa ja ty\u00f6pajoihinsa festivaalin aikana!\u00a0\" \/>\n<meta property=\"og:url\" content=\"https:\/\/www.kolibrifestivaali.org\/fi\/gusti-illustrator-image-kolibri-festivaali-2025\/\" \/>\n<meta property=\"og:site_name\" content=\"Kolibri Festivaali\" \/>\n<meta property=\"article:published_time\" content=\"2025-05-12T11:27:08+00:00\" \/>\n<meta property=\"article:modified_time\" content=\"2025-08-15T14:43:02+00:00\" \/>\n<meta property=\"og:image\" content=\"https:\/\/www.kolibrifestivaali.org\/wp-content\/uploads\/2025\/05\/gusti-kolibri-2025-guest-illustrator.jpg\" \/>\n\t<meta property=\"og:image:width\" content=\"1920\" \/>\n\t<meta property=\"og:image:height\" content=\"1440\" \/>\n\t<meta property=\"og:image:type\" content=\"image\/jpeg\" \/>\n<meta name=\"author\" content=\"Marta Berm\u00fadez\" \/>\n<meta name=\"twitter:card\" content=\"summary_large_image\" \/>\n<meta name=\"twitter:label1\" content=\"Kirjoittanut\" \/>\n\t<meta name=\"twitter:data1\" content=\"Marta Berm\u00fadez\" \/>\n\t<meta name=\"twitter:label2\" content=\"Arvioitu lukuaika\" \/>\n\t<meta name=\"twitter:data2\" content=\"3 minuuttia\" \/>\n<script type=\"application\/ld+json\" class=\"yoast-schema-graph\">{\"@context\":\"https:\\\/\\\/schema.org\",\"@graph\":[{\"@type\":\"Article\",\"@id\":\"https:\\\/\\\/www.kolibrifestivaali.org\\\/fi\\\/gusti-illustrator-image-kolibri-festivaali-2025\\\/#article\",\"isPartOf\":{\"@id\":\"https:\\\/\\\/www.kolibrifestivaali.org\\\/fi\\\/gusti-illustrator-image-kolibri-festivaali-2025\\\/\"},\"author\":{\"name\":\"Marta Berm\u00fadez\",\"@id\":\"https:\\\/\\\/www.kolibrifestivaali.org\\\/fi\\\/#\\\/schema\\\/person\\\/a4d882046c0f7b03960be07d8b5713ba\"},\"headline\":\"Gusti, Kolibr\u00ed Festivaali 2025 &#8211; 10. vuosip\u00e4iv\u00e4n logon kuvittaja\u00a0\",\"datePublished\":\"2025-05-12T11:27:08+00:00\",\"dateModified\":\"2025-08-15T14:43:02+00:00\",\"mainEntityOfPage\":{\"@id\":\"https:\\\/\\\/www.kolibrifestivaali.org\\\/fi\\\/gusti-illustrator-image-kolibri-festivaali-2025\\\/\"},\"wordCount\":687,\"image\":{\"@id\":\"https:\\\/\\\/www.kolibrifestivaali.org\\\/fi\\\/gusti-illustrator-image-kolibri-festivaali-2025\\\/#primaryimage\"},\"thumbnailUrl\":\"https:\\\/\\\/www.kolibrifestivaali.org\\\/wp-content\\\/uploads\\\/2025\\\/05\\\/gusti-kolibri-2025-guest-illustrator.jpg\",\"keywords\":[\"kolibri festivaali 2025\"],\"articleSection\":[\"News\"],\"inLanguage\":\"fi\"},{\"@type\":\"WebPage\",\"@id\":\"https:\\\/\\\/www.kolibrifestivaali.org\\\/fi\\\/gusti-illustrator-image-kolibri-festivaali-2025\\\/\",\"url\":\"https:\\\/\\\/www.kolibrifestivaali.org\\\/fi\\\/gusti-illustrator-image-kolibri-festivaali-2025\\\/\",\"name\":\"Gusti, Kolibr\u00ed Festivaali 2025 - 10. vuosip\u00e4iv\u00e4n logon kuvittaja\u00a0 - Kolibri Festivaali\",\"isPartOf\":{\"@id\":\"https:\\\/\\\/www.kolibrifestivaali.org\\\/fi\\\/#website\"},\"primaryImageOfPage\":{\"@id\":\"https:\\\/\\\/www.kolibrifestivaali.org\\\/fi\\\/gusti-illustrator-image-kolibri-festivaali-2025\\\/#primaryimage\"},\"image\":{\"@id\":\"https:\\\/\\\/www.kolibrifestivaali.org\\\/fi\\\/gusti-illustrator-image-kolibri-festivaali-2025\\\/#primaryimage\"},\"thumbnailUrl\":\"https:\\\/\\\/www.kolibrifestivaali.org\\\/wp-content\\\/uploads\\\/2025\\\/05\\\/gusti-kolibri-2025-guest-illustrator.jpg\",\"datePublished\":\"2025-05-12T11:27:08+00:00\",\"dateModified\":\"2025-08-15T14:43:02+00:00\",\"author\":{\"@id\":\"https:\\\/\\\/www.kolibrifestivaali.org\\\/fi\\\/#\\\/schema\\\/person\\\/a4d882046c0f7b03960be07d8b5713ba\"},\"description\":\"Kutsumme sinut tutustumaan h\u00e4neen ja h\u00e4nen ty\u00f6h\u00f6ns\u00e4, sek\u00e4 tietysti osallistumaan h\u00e4nen paneeleihinsa ja ty\u00f6pajoihinsa festivaalin aikana!\u00a0\",\"breadcrumb\":{\"@id\":\"https:\\\/\\\/www.kolibrifestivaali.org\\\/fi\\\/gusti-illustrator-image-kolibri-festivaali-2025\\\/#breadcrumb\"},\"inLanguage\":\"fi\",\"potentialAction\":[{\"@type\":\"ReadAction\",\"target\":[\"https:\\\/\\\/www.kolibrifestivaali.org\\\/fi\\\/gusti-illustrator-image-kolibri-festivaali-2025\\\/\"]}]},{\"@type\":\"ImageObject\",\"inLanguage\":\"fi\",\"@id\":\"https:\\\/\\\/www.kolibrifestivaali.org\\\/fi\\\/gusti-illustrator-image-kolibri-festivaali-2025\\\/#primaryimage\",\"url\":\"https:\\\/\\\/www.kolibrifestivaali.org\\\/wp-content\\\/uploads\\\/2025\\\/05\\\/gusti-kolibri-2025-guest-illustrator.jpg\",\"contentUrl\":\"https:\\\/\\\/www.kolibrifestivaali.org\\\/wp-content\\\/uploads\\\/2025\\\/05\\\/gusti-kolibri-2025-guest-illustrator.jpg\",\"width\":1920,\"height\":1440},{\"@type\":\"BreadcrumbList\",\"@id\":\"https:\\\/\\\/www.kolibrifestivaali.org\\\/fi\\\/gusti-illustrator-image-kolibri-festivaali-2025\\\/#breadcrumb\",\"itemListElement\":[{\"@type\":\"ListItem\",\"position\":1,\"name\":\"Home\",\"item\":\"https:\\\/\\\/www.kolibrifestivaali.org\\\/fi\\\/\"},{\"@type\":\"ListItem\",\"position\":2,\"name\":\"Gusti, Kolibr\u00ed Festivaali 2025 &#8211; 10. vuosip\u00e4iv\u00e4n logon kuvittaja\u00a0\"}]},{\"@type\":\"WebSite\",\"@id\":\"https:\\\/\\\/www.kolibrifestivaali.org\\\/fi\\\/#website\",\"url\":\"https:\\\/\\\/www.kolibrifestivaali.org\\\/fi\\\/\",\"name\":\"Kolibri Festivaali\",\"description\":\"Kolibri\u0301 is a unique multicultural, free and open art festival for children and their families.\",\"inLanguage\":\"fi\"},{\"@type\":\"Person\",\"@id\":\"https:\\\/\\\/www.kolibrifestivaali.org\\\/fi\\\/#\\\/schema\\\/person\\\/a4d882046c0f7b03960be07d8b5713ba\",\"name\":\"Marta Berm\u00fadez\",\"image\":{\"@type\":\"ImageObject\",\"inLanguage\":\"fi\",\"@id\":\"https:\\\/\\\/secure.gravatar.com\\\/avatar\\\/35700c2014d565cf72e89c0e712b6bc70303de9d0796b72a069bbd235e79a7b5?s=96&d=mm&r=g\",\"url\":\"https:\\\/\\\/secure.gravatar.com\\\/avatar\\\/35700c2014d565cf72e89c0e712b6bc70303de9d0796b72a069bbd235e79a7b5?s=96&d=mm&r=g\",\"contentUrl\":\"https:\\\/\\\/secure.gravatar.com\\\/avatar\\\/35700c2014d565cf72e89c0e712b6bc70303de9d0796b72a069bbd235e79a7b5?s=96&d=mm&r=g\",\"caption\":\"Marta Berm\u00fadez\"}}]}<\/script>\n<!-- \/ Yoast SEO plugin. -->","yoast_head_json":{"title":"Gusti, Kolibr\u00ed Festivaali 2025 - 10. vuosip\u00e4iv\u00e4n logon kuvittaja\u00a0 - Kolibri Festivaali","description":"Kutsumme sinut tutustumaan h\u00e4neen ja h\u00e4nen ty\u00f6h\u00f6ns\u00e4, sek\u00e4 tietysti osallistumaan h\u00e4nen paneeleihinsa ja ty\u00f6pajoihinsa festivaalin aikana!\u00a0","robots":{"index":"index","follow":"follow","max-snippet":"max-snippet:-1","max-image-preview":"max-image-preview:large","max-video-preview":"max-video-preview:-1"},"canonical":"https:\/\/www.kolibrifestivaali.org\/fi\/gusti-illustrator-image-kolibri-festivaali-2025\/","og_locale":"fi_FI","og_type":"article","og_title":"Gusti, Kolibr\u00ed Festivaali 2025 - 10. vuosip\u00e4iv\u00e4n logon kuvittaja\u00a0 - Kolibri Festivaali","og_description":"Kutsumme sinut tutustumaan h\u00e4neen ja h\u00e4nen ty\u00f6h\u00f6ns\u00e4, sek\u00e4 tietysti osallistumaan h\u00e4nen paneeleihinsa ja ty\u00f6pajoihinsa festivaalin aikana!\u00a0","og_url":"https:\/\/www.kolibrifestivaali.org\/fi\/gusti-illustrator-image-kolibri-festivaali-2025\/","og_site_name":"Kolibri Festivaali","article_published_time":"2025-05-12T11:27:08+00:00","article_modified_time":"2025-08-15T14:43:02+00:00","og_image":[{"width":1920,"height":1440,"url":"https:\/\/www.kolibrifestivaali.org\/wp-content\/uploads\/2025\/05\/gusti-kolibri-2025-guest-illustrator.jpg","type":"image\/jpeg"}],"author":"Marta Berm\u00fadez","twitter_card":"summary_large_image","twitter_misc":{"Kirjoittanut":"Marta Berm\u00fadez","Arvioitu lukuaika":"3 minuuttia"},"schema":{"@context":"https:\/\/schema.org","@graph":[{"@type":"Article","@id":"https:\/\/www.kolibrifestivaali.org\/fi\/gusti-illustrator-image-kolibri-festivaali-2025\/#article","isPartOf":{"@id":"https:\/\/www.kolibrifestivaali.org\/fi\/gusti-illustrator-image-kolibri-festivaali-2025\/"},"author":{"name":"Marta Berm\u00fadez","@id":"https:\/\/www.kolibrifestivaali.org\/fi\/#\/schema\/person\/a4d882046c0f7b03960be07d8b5713ba"},"headline":"Gusti, Kolibr\u00ed Festivaali 2025 &#8211; 10. vuosip\u00e4iv\u00e4n logon kuvittaja\u00a0","datePublished":"2025-05-12T11:27:08+00:00","dateModified":"2025-08-15T14:43:02+00:00","mainEntityOfPage":{"@id":"https:\/\/www.kolibrifestivaali.org\/fi\/gusti-illustrator-image-kolibri-festivaali-2025\/"},"wordCount":687,"image":{"@id":"https:\/\/www.kolibrifestivaali.org\/fi\/gusti-illustrator-image-kolibri-festivaali-2025\/#primaryimage"},"thumbnailUrl":"https:\/\/www.kolibrifestivaali.org\/wp-content\/uploads\/2025\/05\/gusti-kolibri-2025-guest-illustrator.jpg","keywords":["kolibri festivaali 2025"],"articleSection":["News"],"inLanguage":"fi"},{"@type":"WebPage","@id":"https:\/\/www.kolibrifestivaali.org\/fi\/gusti-illustrator-image-kolibri-festivaali-2025\/","url":"https:\/\/www.kolibrifestivaali.org\/fi\/gusti-illustrator-image-kolibri-festivaali-2025\/","name":"Gusti, Kolibr\u00ed Festivaali 2025 - 10. vuosip\u00e4iv\u00e4n logon kuvittaja\u00a0 - Kolibri Festivaali","isPartOf":{"@id":"https:\/\/www.kolibrifestivaali.org\/fi\/#website"},"primaryImageOfPage":{"@id":"https:\/\/www.kolibrifestivaali.org\/fi\/gusti-illustrator-image-kolibri-festivaali-2025\/#primaryimage"},"image":{"@id":"https:\/\/www.kolibrifestivaali.org\/fi\/gusti-illustrator-image-kolibri-festivaali-2025\/#primaryimage"},"thumbnailUrl":"https:\/\/www.kolibrifestivaali.org\/wp-content\/uploads\/2025\/05\/gusti-kolibri-2025-guest-illustrator.jpg","datePublished":"2025-05-12T11:27:08+00:00","dateModified":"2025-08-15T14:43:02+00:00","author":{"@id":"https:\/\/www.kolibrifestivaali.org\/fi\/#\/schema\/person\/a4d882046c0f7b03960be07d8b5713ba"},"description":"Kutsumme sinut tutustumaan h\u00e4neen ja h\u00e4nen ty\u00f6h\u00f6ns\u00e4, sek\u00e4 tietysti osallistumaan h\u00e4nen paneeleihinsa ja ty\u00f6pajoihinsa festivaalin aikana!\u00a0","breadcrumb":{"@id":"https:\/\/www.kolibrifestivaali.org\/fi\/gusti-illustrator-image-kolibri-festivaali-2025\/#breadcrumb"},"inLanguage":"fi","potentialAction":[{"@type":"ReadAction","target":["https:\/\/www.kolibrifestivaali.org\/fi\/gusti-illustrator-image-kolibri-festivaali-2025\/"]}]},{"@type":"ImageObject","inLanguage":"fi","@id":"https:\/\/www.kolibrifestivaali.org\/fi\/gusti-illustrator-image-kolibri-festivaali-2025\/#primaryimage","url":"https:\/\/www.kolibrifestivaali.org\/wp-content\/uploads\/2025\/05\/gusti-kolibri-2025-guest-illustrator.jpg","contentUrl":"https:\/\/www.kolibrifestivaali.org\/wp-content\/uploads\/2025\/05\/gusti-kolibri-2025-guest-illustrator.jpg","width":1920,"height":1440},{"@type":"BreadcrumbList","@id":"https:\/\/www.kolibrifestivaali.org\/fi\/gusti-illustrator-image-kolibri-festivaali-2025\/#breadcrumb","itemListElement":[{"@type":"ListItem","position":1,"name":"Home","item":"https:\/\/www.kolibrifestivaali.org\/fi\/"},{"@type":"ListItem","position":2,"name":"Gusti, Kolibr\u00ed Festivaali 2025 &#8211; 10. vuosip\u00e4iv\u00e4n logon kuvittaja\u00a0"}]},{"@type":"WebSite","@id":"https:\/\/www.kolibrifestivaali.org\/fi\/#website","url":"https:\/\/www.kolibrifestivaali.org\/fi\/","name":"Kolibri Festivaali","description":"Kolibri\u0301 is a unique multicultural, free and open art festival for children and their families.","inLanguage":"fi"},{"@type":"Person","@id":"https:\/\/www.kolibrifestivaali.org\/fi\/#\/schema\/person\/a4d882046c0f7b03960be07d8b5713ba","name":"Marta Berm\u00fadez","image":{"@type":"ImageObject","inLanguage":"fi","@id":"https:\/\/secure.gravatar.com\/avatar\/35700c2014d565cf72e89c0e712b6bc70303de9d0796b72a069bbd235e79a7b5?s=96&d=mm&r=g","url":"https:\/\/secure.gravatar.com\/avatar\/35700c2014d565cf72e89c0e712b6bc70303de9d0796b72a069bbd235e79a7b5?s=96&d=mm&r=g","contentUrl":"https:\/\/secure.gravatar.com\/avatar\/35700c2014d565cf72e89c0e712b6bc70303de9d0796b72a069bbd235e79a7b5?s=96&d=mm&r=g","caption":"Marta Berm\u00fadez"}}]}},"_links":{"self":[{"href":"https:\/\/www.kolibrifestivaali.org\/fi\/wp-json\/wp\/v2\/posts\/327119","targetHints":{"allow":["GET"]}}],"collection":[{"href":"https:\/\/www.kolibrifestivaali.org\/fi\/wp-json\/wp\/v2\/posts"}],"about":[{"href":"https:\/\/www.kolibrifestivaali.org\/fi\/wp-json\/wp\/v2\/types\/post"}],"author":[{"embeddable":true,"href":"https:\/\/www.kolibrifestivaali.org\/fi\/wp-json\/wp\/v2\/users\/13"}],"replies":[{"embeddable":true,"href":"https:\/\/www.kolibrifestivaali.org\/fi\/wp-json\/wp\/v2\/comments?post=327119"}],"version-history":[{"count":6,"href":"https:\/\/www.kolibrifestivaali.org\/fi\/wp-json\/wp\/v2\/posts\/327119\/revisions"}],"predecessor-version":[{"id":328537,"href":"https:\/\/www.kolibrifestivaali.org\/fi\/wp-json\/wp\/v2\/posts\/327119\/revisions\/328537"}],"wp:featuredmedia":[{"embeddable":true,"href":"https:\/\/www.kolibrifestivaali.org\/fi\/wp-json\/wp\/v2\/media\/327079"}],"wp:attachment":[{"href":"https:\/\/www.kolibrifestivaali.org\/fi\/wp-json\/wp\/v2\/media?parent=327119"}],"wp:term":[{"taxonomy":"category","embeddable":true,"href":"https:\/\/www.kolibrifestivaali.org\/fi\/wp-json\/wp\/v2\/categories?post=327119"},{"taxonomy":"post_tag","embeddable":true,"href":"https:\/\/www.kolibrifestivaali.org\/fi\/wp-json\/wp\/v2\/tags?post=327119"}],"curies":[{"name":"wp","href":"https:\/\/api.w.org\/{rel}","templated":true}]}}