{"id":325960,"date":"2024-06-26T13:49:44","date_gmt":"2024-06-26T10:49:44","guid":{"rendered":"https:\/\/www.kolibrifestivaali.org\/news-archive-fi\/4-books-you-can-enjoy-during-kolibri-2024-family-days\/"},"modified":"2024-06-27T13:02:46","modified_gmt":"2024-06-27T10:02:46","slug":"4-books-you-can-enjoy-during-kolibri-2024-family-days","status":"publish","type":"post","link":"https:\/\/www.kolibrifestivaali.org\/fi\/4-books-you-can-enjoy-during-kolibri-2024-family-days\/","title":{"rendered":"N\u00e4ist\u00e4 kirjoista, joista voit nauttia Kolibr\u00ed 2024 kolmen Perhep\u00e4iv\u00e4n aikana"},"content":{"rendered":"\n<p>Kolibr\u00ed on lasten kirjallisuudesta vaikutteita saanut festivaali. Joka vuosi kutsumme taiteilijoita, jotka luovat kuvituksia tai lastenkirjoja, ja monet aktiviteetit sis\u00e4lt\u00e4v\u00e4t tarinankerrontasessioita tai teatteriesityksi\u00e4.&nbsp;<\/p>\n\n\n\n<p>Mutta t\u00e4n\u00e4 vuonna erityisesti nelj\u00e4 ohjelmamme aktiviteettia on inspiroitu nelj\u00e4st\u00e4 ihanasta lastenkirjasta. T\u00e4n\u00e4\u00e4n haluamme kertoa sinulle n\u00e4ist\u00e4 kirjoista, joista voit nauttia Kolibr\u00ed 2024 kolmen Perhep\u00e4iv\u00e4n aikana.&nbsp;<\/p>\n\n\n\n<p>Merkitse kalenteriisi!&nbsp;<\/p>\n\n\n\n<ul class=\"wp-block-list\">\n<li>14.9.2024 | Sello, Espoo | Klo 11 &#8211; 17.\u00a0|<a href=\"https:\/\/www.facebook.com\/events\/988908859529297\" target=\"_blank\" rel=\"noreferrer noopener\"> Tallenna t\u00e4m\u00e4 tapahtuma kalenteriisi<\/a><\/li>\n\n\n\n<li>21.9.2024 | Lastenkulttuurikeskus Pessi, Vantaa | Klo 11 &#8211; 18.\u00a0| <a href=\"https:\/\/www.facebook.com\/events\/7562229473869166\" target=\"_blank\" rel=\"noreferrer noopener\">Tallenna t\u00e4m\u00e4 tapahtuma kalenteriisi<\/a><\/li>\n\n\n\n<li>28.9.2024 | Vuotalo, Helsinki | Klo 11 \u2013 18.\u00a0| <a href=\"https:\/\/www.facebook.com\/events\/1146438863220642\" target=\"_blank\" rel=\"noreferrer noopener\">Tallenna t\u00e4m\u00e4 tapahtuma kalenteriisi<\/a><\/li>\n<\/ul>\n\n\n\n<h2 class=\"wp-block-heading\"><em>Ariles y m\u00e1s ariles<\/em>&nbsp;&nbsp;<\/h2>\n\n\n\n<p><em>Ariles y m\u00e1s ariles. Los animales del son jarocho<\/em> (Ediciones El Naranjo, 2007) esittelee suosittuja runoja, jotka Caterina Camastra on ker\u00e4nnyt ja Julio Torres Lara on kuvittanut.&nbsp;<\/p>\n\n\n\n<p>Se tutustuttaa sinut perinteiseen son jarocho -rytmiin Veracruzista, Meksikon maaseudulta, yhdess\u00e4 siell\u00e4 asuvien v\u00e4rikk\u00e4iden el\u00e4inten kanssa.&nbsp;<\/p>\n\n\n\n<p>Son jarocho -runollisuuden ja -musiikin inspiroimana, musiikkiryhm\u00e4 Jaranas del Norte loi esityksen, joka p\u00e4\u00e4tt\u00e4\u00e4 Kolibr\u00ed 2024 ensimm\u00e4isen Perhep\u00e4iv\u00e4n.&nbsp;<\/p>\n\n\n\n<p>\ud83d\udccc \u00c4l\u00e4 missaa heid\u00e4n konserttiaan, <strong>\u201cAriles y m\u00e1s ariles,\u201d<\/strong> <strong>Sellossa, Espoossa, 14. syyskuuta 2024 klo 16.00.<\/strong> Se lupaa perinteisen Veracruz-juhlan rytmill\u00e4 \u2018caf\u00e9 con pan\u2019 (kahvi ja leip\u00e4)!&nbsp;<\/p>\n\n\n\n<h2 class=\"wp-block-heading\"><em>Kokonainen min\u00e4&nbsp;<\/em>&nbsp;<\/h2>\n\n\n\n<p>L\u00e4hes 30 vuoden ajan tukemassa kaksikulttuurisia, kaksikielisi\u00e4 ja monikielisi\u00e4 perheit\u00e4, yhdistys Familia p\u00e4\u00e4tti julkaista lastenkirjan Kokonainen min\u00e4 (Otavan Kirjapaino Oy, 2024).&nbsp;<\/p>\n\n\n\n<p>Kokonainen min\u00e4 pyrkii antamaan \u00e4\u00e4nen ja tilaa monikulttuurisille suomalaisille lapsuuksille.&nbsp;<\/p>\n\n\n\n<p><strong>Kolibr\u00ed 2024 kolmen Perhep\u00e4iv\u00e4n aikana <em>Kokonainen min\u00e4<\/em> -tiimi j\u00e4rjest\u00e4\u00e4 kauniin aktiviteetin<\/strong>. Osallistujat pohtivat erilaisia kieli\u00e4 ja kulttuureja, jotka muovaavat suomalaista yhteiskuntaa.&nbsp;<\/p>\n\n\n\n<p>Kirjailija Wende Luvinga ja toimittaja Laura Hytti lukevat kirjan englanniksi ja suomeksi. Sen j\u00e4lkeen, kirjan kuvittajan Noora Ketolainen kanssa, he johtavat maagisen ja luovan tarinankerronta- ja taidety\u00f6pajan.&nbsp;<\/p>\n\n\n\n<h2 class=\"wp-block-heading\"><em>Michelle valitsee ammatin&nbsp;&nbsp;&nbsp;<\/em><\/h2>\n\n\n\n<p>T\u00e4m\u00e4 kaksikielinen ukrainalais-suomalainen lastenkirja Michelle valitsee ammatin (AS Priton, 2024) taiteilija ja kirjailija Nataliia Deineka tulee olemaan keskeinen aihe Kolibr\u00ed Festivaali 2024-\u00e4.&nbsp;<\/p>\n\n\n\n<p>Perheet nauttivat kirjan lukemisesta yhdess\u00e4 ja luovat oman ammatteihin liittyv\u00e4n kirjansa. Kaunis muisto Kolibr\u00ed 2024-\u00e4! Kustantaja AS Pritonin ansiosta kirjailija lahjoittaa jokaiselle osallistujalle lapselle kopion \u201cMichelle valitsee ammatin\u201d -kirjasta.&nbsp;<\/p>\n\n\n\n<ul class=\"wp-block-list\">\n<li>14.9 | Sello | Klo 13 &#8211; 14. |<a href=\"https:\/\/www.facebook.com\/events\/988908859529297\" target=\"_blank\" rel=\"noreferrer noopener\"> Tallenna t\u00e4m\u00e4 tapahtuma kalenteriisi<\/a><\/li>\n\n\n\n<li>28.9 | Biblioteca de Vuosaari | Klo 15 &#8211; 16. \u00a0| <a href=\"https:\/\/www.facebook.com\/events\/1146438863220642\" target=\"_blank\" rel=\"noreferrer noopener\">Tallenna t\u00e4m\u00e4 tapahtuma kalenteriisi<\/a><\/li>\n<\/ul>\n\n\n\n<h2 class=\"wp-block-heading\"><em>Third Culture Kids Suomi Finland&nbsp;<\/em><\/h2>\n\n\n\n<p>T\u00e4m\u00e4 kirja (Otavan Kirjapaino Oy, 2022) ker\u00e4\u00e4 40 suomalaisen lapsen, nuoren ja aikuisen todistusta erilaisista alkuperist\u00e4, jotka usein kohtaavat kysymyksi\u00e4 kuten \u201cMist\u00e4 olet kotoisin?\u201d&nbsp;<\/p>\n\n\n\n<p>T\u00e4m\u00e4n ty\u00f6n pohjalta syntyi esitys INDABA. IsiZulu-kielest\u00e4 merkitt\u00e4v\u00e4n keskustelun tarkoittava INDABA kutsuu sinut kokemaan elinvoimaisen yhdistelm\u00e4n tanzanialaisia rytmej\u00e4 ja etel\u00e4afrikkalaisia amapiano-vaikutteita.&nbsp;<\/p>\n\n\n\n<p>Afrosuomalaisen taiteilijakolmikon Ayla Brinkmann, Kasheshi Makena ja Pietari Kauppinen luoma INDABA tulee olemaan Kolibr\u00ed Festivaali 2024 p\u00e4\u00e4tt\u00e4v\u00e4 aktiviteetti:&nbsp;<\/p>\n\n\n\n<ul class=\"wp-block-list\">\n<li>24.8.2024 | STOA Kulttuurikeskus | Klo 16 &#8211; 17.\u00a0| <a href=\"https:\/\/www.facebook.com\/events\/408608295467444\/\" target=\"_blank\" rel=\"noreferrer noopener\">Tallenna t\u00e4m\u00e4 tapahtuma kalenteriisi<\/a><\/li>\n\n\n\n<li>28.9.2024 | Vuotalo, Helsinki | klo 17.\u00a0\u00a0| <a href=\"https:\/\/www.facebook.com\/events\/1146438863220642\" target=\"_blank\" rel=\"noreferrer noopener\">Tallenna t\u00e4m\u00e4 tapahtuma kalenteriisi<\/a><\/li>\n<\/ul>\n\n\n\n<h2 class=\"wp-block-heading\">\u00c4l\u00e4 missaa kahta teatterituotantoa vuoden 2024 ohjelmassamme <\/h2>\n\n\n\n<p><strong>\u201cRouva Satakieli\u201d<\/strong>, alkuper\u00e4istekstill\u00e4 Paloma Catal\u00e1 Parga (ES).&nbsp;<\/p>\n\n\n\n<p><strong>\u201cQue Hist\u00f3rias Conta a Lua?\u201d <\/strong>(Mit\u00e4 tarinoita kuu kertoo?): <a href=\"https:\/\/www.kolibrifestivaali.org\/fi\/news-archive-fi\/o-som-do-algodao-guest-company-kolibri-2024\/\">O Som do Algod\u00e3o<\/a>, Kolibr\u00ed 2024&nbsp;kutsuttu teatteriryhm\u00e4.  <\/p>\n\n\n\n<p>14.8.2024. | <a href=\"https:\/\/www.kolibrifestivaali.org\/fi\/program\/\">Koko ohjelma<\/a> saatavilla osoitteemmessa.&nbsp;&nbsp;<\/p>\n\n\n\n<p>Nauti festivaalista!&nbsp;<\/p>\n","protected":false},"excerpt":{"rendered":"<p>Kolibr\u00ed on lasten kirjallisuudesta vaikutteita saanut festivaali. Joka vuosi kutsumme taiteilijoita, jotka luovat kuvituksia tai lastenkirjoja, ja monet aktiviteetit sis\u00e4lt\u00e4v\u00e4t [\u2026] <a href=\"https:\/\/www.kolibrifestivaali.org\/fi\/4-books-you-can-enjoy-during-kolibri-2024-family-days\/\">Lue lis\u00e4\u00e4 &raquo;<\/a><\/p>\n<div class='heateor_sss_sharing_container heateor_sss_vertical_sharing heateor_sss_bottom_sharing' style='width:34px;right: -10px;top: 100px;-webkit-box-shadow:none;box-shadow:none;' data-heateor-sss-href='https:\/\/www.kolibrifestivaali.org\/fi\/wp-json\/wp\/v2\/posts\/325960'><div class=\"heateor_sss_sharing_ul\"><a aria-label=\"Facebook\" class=\"heateor_sss_facebook\" href=\"https:\/\/www.facebook.com\/sharer\/sharer.php?u=https%3A%2F%2Fwww.kolibrifestivaali.org%2Ffi%2Fwp-json%2Fwp%2Fv2%2Fposts%2F325960\" title=\"Facebook\" rel=\"nofollow noopener\" target=\"_blank\" style=\"font-size:32px!important;box-shadow:none;display:inline-block;vertical-align:middle\"><span class=\"heateor_sss_svg\" style=\"background-color:#0765FE;width:30px;height:30px;border-radius:999px;display:inline-block;opacity:1;float:left;font-size:32px;box-shadow:none;display:inline-block;font-size:16px;padding:0 4px;vertical-align:middle;background-repeat:repeat;overflow:hidden;padding:0;cursor:pointer;box-sizing:content-box\"><svg style=\"display:block;border-radius:999px;\" focusable=\"false\" aria-hidden=\"true\" xmlns=\"http:\/\/www.w3.org\/2000\/svg\" width=\"100%\" height=\"100%\" viewBox=\"0 0 32 32\"><path fill=\"#fff\" d=\"M28 16c0-6.627-5.373-12-12-12S4 9.373 4 16c0 5.628 3.875 10.35 9.101 11.647v-7.98h-2.474V16H13.1v-1.58c0-4.085 1.849-5.978 5.859-5.978.76 0 2.072.15 2.608.298v3.325c-.283-.03-.775-.045-1.386-.045-1.967 0-2.728.745-2.728 2.683V16h3.92l-.673 3.667h-3.247v8.245C23.395 27.195 28 22.135 28 16Z\"><\/path><\/svg><\/span><\/a><a aria-label=\"X\" class=\"heateor_sss_button_x\" href=\"https:\/\/twitter.com\/intent\/tweet?text=Kolibri%20Festivaali%20-%20Kolibri%CC%81%20is%20a%20unique%20multicultural%2C%20free%20and%20open%20art%20festival%20for%20children%20and%20their%20families.&url=https%3A%2F%2Fwww.kolibrifestivaali.org%2Ffi%2Fwp-json%2Fwp%2Fv2%2Fposts%2F325960\" title=\"X\" rel=\"nofollow noopener\" target=\"_blank\" style=\"font-size:32px!important;box-shadow:none;display:inline-block;vertical-align:middle\"><span class=\"heateor_sss_svg heateor_sss_s__default heateor_sss_s_x\" style=\"background-color:#2a2a2a;width:30px;height:30px;border-radius:999px;display:inline-block;opacity:1;float:left;font-size:32px;box-shadow:none;display:inline-block;font-size:16px;padding:0 4px;vertical-align:middle;background-repeat:repeat;overflow:hidden;padding:0;cursor:pointer;box-sizing:content-box\"><svg width=\"100%\" height=\"100%\" style=\"display:block;border-radius:999px;\" focusable=\"false\" aria-hidden=\"true\" xmlns=\"http:\/\/www.w3.org\/2000\/svg\" viewBox=\"0 0 32 32\"><path fill=\"#fff\" d=\"M21.751 7h3.067l-6.7 7.658L26 25.078h-6.172l-4.833-6.32-5.531 6.32h-3.07l7.167-8.19L6 7h6.328l4.37 5.777L21.75 7Zm-1.076 16.242h1.7L11.404 8.74H9.58l11.094 14.503Z\"><\/path><\/svg><\/span><\/a><a aria-label=\"Linkedin\" class=\"heateor_sss_button_linkedin\" href=\"https:\/\/www.linkedin.com\/sharing\/share-offsite\/?url=https%3A%2F%2Fwww.kolibrifestivaali.org%2Ffi%2Fwp-json%2Fwp%2Fv2%2Fposts%2F325960\" title=\"Linkedin\" rel=\"nofollow noopener\" target=\"_blank\" style=\"font-size:32px!important;box-shadow:none;display:inline-block;vertical-align:middle\"><span class=\"heateor_sss_svg heateor_sss_s__default heateor_sss_s_linkedin\" style=\"background-color:#0077b5;width:30px;height:30px;border-radius:999px;display:inline-block;opacity:1;float:left;font-size:32px;box-shadow:none;display:inline-block;font-size:16px;padding:0 4px;vertical-align:middle;background-repeat:repeat;overflow:hidden;padding:0;cursor:pointer;box-sizing:content-box\"><svg style=\"display:block;border-radius:999px;\" focusable=\"false\" aria-hidden=\"true\" xmlns=\"http:\/\/www.w3.org\/2000\/svg\" width=\"100%\" height=\"100%\" viewBox=\"0 0 32 32\"><path d=\"M6.227 12.61h4.19v13.48h-4.19V12.61zm2.095-6.7a2.43 2.43 0 0 1 0 4.86c-1.344 0-2.428-1.09-2.428-2.43s1.084-2.43 2.428-2.43m4.72 6.7h4.02v1.84h.058c.56-1.058 1.927-2.176 3.965-2.176 4.238 0 5.02 2.792 5.02 6.42v7.395h-4.183v-6.56c0-1.564-.03-3.574-2.178-3.574-2.18 0-2.514 1.7-2.514 3.46v6.668h-4.187V12.61z\" fill=\"#fff\"><\/path><\/svg><\/span><\/a><a aria-label=\"Instagram\" class=\"heateor_sss_button_instagram\" href=\"https:\/\/www.instagram.com\/\" title=\"Instagram\" rel=\"nofollow noopener\" target=\"_blank\" style=\"font-size:32px!important;box-shadow:none;display:inline-block;vertical-align:middle\"><span class=\"heateor_sss_svg\" style=\"background-color:#53beee;width:30px;height:30px;border-radius:999px;display:inline-block;opacity:1;float:left;font-size:32px;box-shadow:none;display:inline-block;font-size:16px;padding:0 4px;vertical-align:middle;background-repeat:repeat;overflow:hidden;padding:0;cursor:pointer;box-sizing:content-box\"><svg style=\"display:block;border-radius:999px;\" version=\"1.1\" viewBox=\"-10 -10 148 148\" width=\"100%\" height=\"100%\" xml:space=\"preserve\" xmlns=\"http:\/\/www.w3.org\/2000\/svg\" xmlns:xlink=\"http:\/\/www.w3.org\/1999\/xlink\"><g><g><path d=\"M86,112H42c-14.336,0-26-11.663-26-26V42c0-14.337,11.664-26,26-26h44c14.337,0,26,11.663,26,26v44 C112,100.337,100.337,112,86,112z M42,24c-9.925,0-18,8.074-18,18v44c0,9.925,8.075,18,18,18h44c9.926,0,18-8.075,18-18V42 c0-9.926-8.074-18-18-18H42z\" fill=\"#fff\"><\/path><\/g><g><path d=\"M64,88c-13.234,0-24-10.767-24-24c0-13.234,10.766-24,24-24s24,10.766,24,24C88,77.233,77.234,88,64,88z M64,48c-8.822,0-16,7.178-16,16s7.178,16,16,16c8.822,0,16-7.178,16-16S72.822,48,64,48z\" fill=\"#fff\"><\/path><\/g><g><circle cx=\"89.5\" cy=\"38.5\" fill=\"#fff\" r=\"5.5\"><\/circle><\/g><\/g><\/svg><\/span><\/a><\/div><div class=\"heateorSssClear\"><\/div><\/div>","protected":false},"author":13,"featured_media":325948,"comment_status":"closed","ping_status":"closed","sticky":false,"template":"","format":"standard","meta":{"_acf_changed":false,"footnotes":""},"categories":[20],"tags":[876,867,877],"class_list":["post-325960","post","type-post","status-publish","format-standard","has-post-thumbnail","hentry","category-news-archive-fi","tag-kolibri-2024-5-fi","tag-kolibri-2024-fi","tag-literature-fi"],"acf":[],"yoast_head":"<!-- This site is optimized with the Yoast SEO plugin v27.5 - https:\/\/yoast.com\/product\/yoast-seo-wordpress\/ -->\n<title>N\u00e4ist\u00e4 kirjoista, joista voit nauttia Kolibr\u00ed 2024 kolmen Perhep\u00e4iv\u00e4n aikana<\/title>\n<meta name=\"description\" content=\"N\u00e4ist\u00e4 kirjoista, joista voit nauttia Kolibr\u00ed 2024 kolmen Perhep\u00e4iv\u00e4n aikana. nelj\u00e4 ohjelmamme aktiviteettia on inspiroitu nelj\u00e4st\u00e4 ihanasta lastenkirjasta. Merkitse kalenteriisi. Nauti festivaalista!\u00a0\" \/>\n<meta name=\"robots\" content=\"index, follow, max-snippet:-1, max-image-preview:large, max-video-preview:-1\" \/>\n<link rel=\"canonical\" href=\"https:\/\/www.kolibrifestivaali.org\/fi\/4-books-you-can-enjoy-during-kolibri-2024-family-days\/\" \/>\n<meta property=\"og:locale\" content=\"fi_FI\" \/>\n<meta property=\"og:type\" content=\"article\" \/>\n<meta property=\"og:title\" content=\"N\u00e4ist\u00e4 kirjoista, joista voit nauttia Kolibr\u00ed 2024 kolmen Perhep\u00e4iv\u00e4n aikana\" \/>\n<meta property=\"og:description\" content=\"N\u00e4ist\u00e4 kirjoista, joista voit nauttia Kolibr\u00ed 2024 kolmen Perhep\u00e4iv\u00e4n aikana. nelj\u00e4 ohjelmamme aktiviteettia on inspiroitu nelj\u00e4st\u00e4 ihanasta lastenkirjasta. Merkitse kalenteriisi. Nauti festivaalista!\u00a0\" \/>\n<meta property=\"og:url\" content=\"https:\/\/www.kolibrifestivaali.org\/fi\/4-books-you-can-enjoy-during-kolibri-2024-family-days\/\" \/>\n<meta property=\"og:site_name\" content=\"Kolibri Festivaali\" \/>\n<meta property=\"article:published_time\" content=\"2024-06-26T10:49:44+00:00\" \/>\n<meta property=\"article:modified_time\" content=\"2024-06-27T10:02:46+00:00\" \/>\n<meta property=\"og:image\" content=\"https:\/\/www.kolibrifestivaali.org\/wp-content\/uploads\/2024\/06\/children-books-kolibri-2024.png\" \/>\n\t<meta property=\"og:image:width\" content=\"1920\" \/>\n\t<meta property=\"og:image:height\" content=\"1146\" \/>\n\t<meta property=\"og:image:type\" content=\"image\/png\" \/>\n<meta name=\"author\" content=\"Marta Berm\u00fadez\" \/>\n<meta name=\"twitter:card\" content=\"summary_large_image\" \/>\n<meta name=\"twitter:label1\" content=\"Kirjoittanut\" \/>\n\t<meta name=\"twitter:data1\" content=\"Marta Berm\u00fadez\" \/>\n\t<meta name=\"twitter:label2\" content=\"Arvioitu lukuaika\" \/>\n\t<meta name=\"twitter:data2\" content=\"3 minuuttia\" \/>\n<script type=\"application\/ld+json\" class=\"yoast-schema-graph\">{\"@context\":\"https:\\\/\\\/schema.org\",\"@graph\":[{\"@type\":\"Article\",\"@id\":\"https:\\\/\\\/www.kolibrifestivaali.org\\\/fi\\\/4-books-you-can-enjoy-during-kolibri-2024-family-days\\\/#article\",\"isPartOf\":{\"@id\":\"https:\\\/\\\/www.kolibrifestivaali.org\\\/fi\\\/4-books-you-can-enjoy-during-kolibri-2024-family-days\\\/\"},\"author\":{\"name\":\"Marta Berm\u00fadez\",\"@id\":\"https:\\\/\\\/www.kolibrifestivaali.org\\\/fi\\\/#\\\/schema\\\/person\\\/a4d882046c0f7b03960be07d8b5713ba\"},\"headline\":\"N\u00e4ist\u00e4 kirjoista, joista voit nauttia Kolibr\u00ed 2024 kolmen Perhep\u00e4iv\u00e4n aikana\",\"datePublished\":\"2024-06-26T10:49:44+00:00\",\"dateModified\":\"2024-06-27T10:02:46+00:00\",\"mainEntityOfPage\":{\"@id\":\"https:\\\/\\\/www.kolibrifestivaali.org\\\/fi\\\/4-books-you-can-enjoy-during-kolibri-2024-family-days\\\/\"},\"wordCount\":514,\"image\":{\"@id\":\"https:\\\/\\\/www.kolibrifestivaali.org\\\/fi\\\/4-books-you-can-enjoy-during-kolibri-2024-family-days\\\/#primaryimage\"},\"thumbnailUrl\":\"https:\\\/\\\/www.kolibrifestivaali.org\\\/wp-content\\\/uploads\\\/2024\\\/06\\\/children-books-kolibri-2024.png\",\"keywords\":[\"kolibri 2024\",\"kolibri 2024\",\"literature\"],\"articleSection\":[\"News\"],\"inLanguage\":\"fi\"},{\"@type\":\"WebPage\",\"@id\":\"https:\\\/\\\/www.kolibrifestivaali.org\\\/fi\\\/4-books-you-can-enjoy-during-kolibri-2024-family-days\\\/\",\"url\":\"https:\\\/\\\/www.kolibrifestivaali.org\\\/fi\\\/4-books-you-can-enjoy-during-kolibri-2024-family-days\\\/\",\"name\":\"N\u00e4ist\u00e4 kirjoista, joista voit nauttia Kolibr\u00ed 2024 kolmen Perhep\u00e4iv\u00e4n aikana\",\"isPartOf\":{\"@id\":\"https:\\\/\\\/www.kolibrifestivaali.org\\\/fi\\\/#website\"},\"primaryImageOfPage\":{\"@id\":\"https:\\\/\\\/www.kolibrifestivaali.org\\\/fi\\\/4-books-you-can-enjoy-during-kolibri-2024-family-days\\\/#primaryimage\"},\"image\":{\"@id\":\"https:\\\/\\\/www.kolibrifestivaali.org\\\/fi\\\/4-books-you-can-enjoy-during-kolibri-2024-family-days\\\/#primaryimage\"},\"thumbnailUrl\":\"https:\\\/\\\/www.kolibrifestivaali.org\\\/wp-content\\\/uploads\\\/2024\\\/06\\\/children-books-kolibri-2024.png\",\"datePublished\":\"2024-06-26T10:49:44+00:00\",\"dateModified\":\"2024-06-27T10:02:46+00:00\",\"author\":{\"@id\":\"https:\\\/\\\/www.kolibrifestivaali.org\\\/fi\\\/#\\\/schema\\\/person\\\/a4d882046c0f7b03960be07d8b5713ba\"},\"description\":\"N\u00e4ist\u00e4 kirjoista, joista voit nauttia Kolibr\u00ed 2024 kolmen Perhep\u00e4iv\u00e4n aikana. nelj\u00e4 ohjelmamme aktiviteettia on inspiroitu nelj\u00e4st\u00e4 ihanasta lastenkirjasta. Merkitse kalenteriisi. Nauti festivaalista!\u00a0\",\"breadcrumb\":{\"@id\":\"https:\\\/\\\/www.kolibrifestivaali.org\\\/fi\\\/4-books-you-can-enjoy-during-kolibri-2024-family-days\\\/#breadcrumb\"},\"inLanguage\":\"fi\",\"potentialAction\":[{\"@type\":\"ReadAction\",\"target\":[\"https:\\\/\\\/www.kolibrifestivaali.org\\\/fi\\\/4-books-you-can-enjoy-during-kolibri-2024-family-days\\\/\"]}]},{\"@type\":\"ImageObject\",\"inLanguage\":\"fi\",\"@id\":\"https:\\\/\\\/www.kolibrifestivaali.org\\\/fi\\\/4-books-you-can-enjoy-during-kolibri-2024-family-days\\\/#primaryimage\",\"url\":\"https:\\\/\\\/www.kolibrifestivaali.org\\\/wp-content\\\/uploads\\\/2024\\\/06\\\/children-books-kolibri-2024.png\",\"contentUrl\":\"https:\\\/\\\/www.kolibrifestivaali.org\\\/wp-content\\\/uploads\\\/2024\\\/06\\\/children-books-kolibri-2024.png\",\"width\":1920,\"height\":1146,\"caption\":\"Children's books that have influenced Kolibr\u00ed Festivaali 2024 activities\"},{\"@type\":\"BreadcrumbList\",\"@id\":\"https:\\\/\\\/www.kolibrifestivaali.org\\\/fi\\\/4-books-you-can-enjoy-during-kolibri-2024-family-days\\\/#breadcrumb\",\"itemListElement\":[{\"@type\":\"ListItem\",\"position\":1,\"name\":\"Home\",\"item\":\"https:\\\/\\\/www.kolibrifestivaali.org\\\/fi\\\/\"},{\"@type\":\"ListItem\",\"position\":2,\"name\":\"N\u00e4ist\u00e4 kirjoista, joista voit nauttia Kolibr\u00ed 2024 kolmen Perhep\u00e4iv\u00e4n aikana\"}]},{\"@type\":\"WebSite\",\"@id\":\"https:\\\/\\\/www.kolibrifestivaali.org\\\/fi\\\/#website\",\"url\":\"https:\\\/\\\/www.kolibrifestivaali.org\\\/fi\\\/\",\"name\":\"Kolibri Festivaali\",\"description\":\"Kolibri\u0301 is a unique multicultural, free and open art festival for children and their families.\",\"inLanguage\":\"fi\"},{\"@type\":\"Person\",\"@id\":\"https:\\\/\\\/www.kolibrifestivaali.org\\\/fi\\\/#\\\/schema\\\/person\\\/a4d882046c0f7b03960be07d8b5713ba\",\"name\":\"Marta Berm\u00fadez\",\"image\":{\"@type\":\"ImageObject\",\"inLanguage\":\"fi\",\"@id\":\"https:\\\/\\\/secure.gravatar.com\\\/avatar\\\/35700c2014d565cf72e89c0e712b6bc70303de9d0796b72a069bbd235e79a7b5?s=96&d=mm&r=g\",\"url\":\"https:\\\/\\\/secure.gravatar.com\\\/avatar\\\/35700c2014d565cf72e89c0e712b6bc70303de9d0796b72a069bbd235e79a7b5?s=96&d=mm&r=g\",\"contentUrl\":\"https:\\\/\\\/secure.gravatar.com\\\/avatar\\\/35700c2014d565cf72e89c0e712b6bc70303de9d0796b72a069bbd235e79a7b5?s=96&d=mm&r=g\",\"caption\":\"Marta Berm\u00fadez\"}}]}<\/script>\n<!-- \/ Yoast SEO plugin. -->","yoast_head_json":{"title":"N\u00e4ist\u00e4 kirjoista, joista voit nauttia Kolibr\u00ed 2024 kolmen Perhep\u00e4iv\u00e4n aikana","description":"N\u00e4ist\u00e4 kirjoista, joista voit nauttia Kolibr\u00ed 2024 kolmen Perhep\u00e4iv\u00e4n aikana. nelj\u00e4 ohjelmamme aktiviteettia on inspiroitu nelj\u00e4st\u00e4 ihanasta lastenkirjasta. Merkitse kalenteriisi. Nauti festivaalista!\u00a0","robots":{"index":"index","follow":"follow","max-snippet":"max-snippet:-1","max-image-preview":"max-image-preview:large","max-video-preview":"max-video-preview:-1"},"canonical":"https:\/\/www.kolibrifestivaali.org\/fi\/4-books-you-can-enjoy-during-kolibri-2024-family-days\/","og_locale":"fi_FI","og_type":"article","og_title":"N\u00e4ist\u00e4 kirjoista, joista voit nauttia Kolibr\u00ed 2024 kolmen Perhep\u00e4iv\u00e4n aikana","og_description":"N\u00e4ist\u00e4 kirjoista, joista voit nauttia Kolibr\u00ed 2024 kolmen Perhep\u00e4iv\u00e4n aikana. nelj\u00e4 ohjelmamme aktiviteettia on inspiroitu nelj\u00e4st\u00e4 ihanasta lastenkirjasta. Merkitse kalenteriisi. Nauti festivaalista!\u00a0","og_url":"https:\/\/www.kolibrifestivaali.org\/fi\/4-books-you-can-enjoy-during-kolibri-2024-family-days\/","og_site_name":"Kolibri Festivaali","article_published_time":"2024-06-26T10:49:44+00:00","article_modified_time":"2024-06-27T10:02:46+00:00","og_image":[{"width":1920,"height":1146,"url":"https:\/\/www.kolibrifestivaali.org\/wp-content\/uploads\/2024\/06\/children-books-kolibri-2024.png","type":"image\/png"}],"author":"Marta Berm\u00fadez","twitter_card":"summary_large_image","twitter_misc":{"Kirjoittanut":"Marta Berm\u00fadez","Arvioitu lukuaika":"3 minuuttia"},"schema":{"@context":"https:\/\/schema.org","@graph":[{"@type":"Article","@id":"https:\/\/www.kolibrifestivaali.org\/fi\/4-books-you-can-enjoy-during-kolibri-2024-family-days\/#article","isPartOf":{"@id":"https:\/\/www.kolibrifestivaali.org\/fi\/4-books-you-can-enjoy-during-kolibri-2024-family-days\/"},"author":{"name":"Marta Berm\u00fadez","@id":"https:\/\/www.kolibrifestivaali.org\/fi\/#\/schema\/person\/a4d882046c0f7b03960be07d8b5713ba"},"headline":"N\u00e4ist\u00e4 kirjoista, joista voit nauttia Kolibr\u00ed 2024 kolmen Perhep\u00e4iv\u00e4n aikana","datePublished":"2024-06-26T10:49:44+00:00","dateModified":"2024-06-27T10:02:46+00:00","mainEntityOfPage":{"@id":"https:\/\/www.kolibrifestivaali.org\/fi\/4-books-you-can-enjoy-during-kolibri-2024-family-days\/"},"wordCount":514,"image":{"@id":"https:\/\/www.kolibrifestivaali.org\/fi\/4-books-you-can-enjoy-during-kolibri-2024-family-days\/#primaryimage"},"thumbnailUrl":"https:\/\/www.kolibrifestivaali.org\/wp-content\/uploads\/2024\/06\/children-books-kolibri-2024.png","keywords":["kolibri 2024","kolibri 2024","literature"],"articleSection":["News"],"inLanguage":"fi"},{"@type":"WebPage","@id":"https:\/\/www.kolibrifestivaali.org\/fi\/4-books-you-can-enjoy-during-kolibri-2024-family-days\/","url":"https:\/\/www.kolibrifestivaali.org\/fi\/4-books-you-can-enjoy-during-kolibri-2024-family-days\/","name":"N\u00e4ist\u00e4 kirjoista, joista voit nauttia Kolibr\u00ed 2024 kolmen Perhep\u00e4iv\u00e4n aikana","isPartOf":{"@id":"https:\/\/www.kolibrifestivaali.org\/fi\/#website"},"primaryImageOfPage":{"@id":"https:\/\/www.kolibrifestivaali.org\/fi\/4-books-you-can-enjoy-during-kolibri-2024-family-days\/#primaryimage"},"image":{"@id":"https:\/\/www.kolibrifestivaali.org\/fi\/4-books-you-can-enjoy-during-kolibri-2024-family-days\/#primaryimage"},"thumbnailUrl":"https:\/\/www.kolibrifestivaali.org\/wp-content\/uploads\/2024\/06\/children-books-kolibri-2024.png","datePublished":"2024-06-26T10:49:44+00:00","dateModified":"2024-06-27T10:02:46+00:00","author":{"@id":"https:\/\/www.kolibrifestivaali.org\/fi\/#\/schema\/person\/a4d882046c0f7b03960be07d8b5713ba"},"description":"N\u00e4ist\u00e4 kirjoista, joista voit nauttia Kolibr\u00ed 2024 kolmen Perhep\u00e4iv\u00e4n aikana. nelj\u00e4 ohjelmamme aktiviteettia on inspiroitu nelj\u00e4st\u00e4 ihanasta lastenkirjasta. Merkitse kalenteriisi. Nauti festivaalista!\u00a0","breadcrumb":{"@id":"https:\/\/www.kolibrifestivaali.org\/fi\/4-books-you-can-enjoy-during-kolibri-2024-family-days\/#breadcrumb"},"inLanguage":"fi","potentialAction":[{"@type":"ReadAction","target":["https:\/\/www.kolibrifestivaali.org\/fi\/4-books-you-can-enjoy-during-kolibri-2024-family-days\/"]}]},{"@type":"ImageObject","inLanguage":"fi","@id":"https:\/\/www.kolibrifestivaali.org\/fi\/4-books-you-can-enjoy-during-kolibri-2024-family-days\/#primaryimage","url":"https:\/\/www.kolibrifestivaali.org\/wp-content\/uploads\/2024\/06\/children-books-kolibri-2024.png","contentUrl":"https:\/\/www.kolibrifestivaali.org\/wp-content\/uploads\/2024\/06\/children-books-kolibri-2024.png","width":1920,"height":1146,"caption":"Children's books that have influenced Kolibr\u00ed Festivaali 2024 activities"},{"@type":"BreadcrumbList","@id":"https:\/\/www.kolibrifestivaali.org\/fi\/4-books-you-can-enjoy-during-kolibri-2024-family-days\/#breadcrumb","itemListElement":[{"@type":"ListItem","position":1,"name":"Home","item":"https:\/\/www.kolibrifestivaali.org\/fi\/"},{"@type":"ListItem","position":2,"name":"N\u00e4ist\u00e4 kirjoista, joista voit nauttia Kolibr\u00ed 2024 kolmen Perhep\u00e4iv\u00e4n aikana"}]},{"@type":"WebSite","@id":"https:\/\/www.kolibrifestivaali.org\/fi\/#website","url":"https:\/\/www.kolibrifestivaali.org\/fi\/","name":"Kolibri Festivaali","description":"Kolibri\u0301 is a unique multicultural, free and open art festival for children and their families.","inLanguage":"fi"},{"@type":"Person","@id":"https:\/\/www.kolibrifestivaali.org\/fi\/#\/schema\/person\/a4d882046c0f7b03960be07d8b5713ba","name":"Marta Berm\u00fadez","image":{"@type":"ImageObject","inLanguage":"fi","@id":"https:\/\/secure.gravatar.com\/avatar\/35700c2014d565cf72e89c0e712b6bc70303de9d0796b72a069bbd235e79a7b5?s=96&d=mm&r=g","url":"https:\/\/secure.gravatar.com\/avatar\/35700c2014d565cf72e89c0e712b6bc70303de9d0796b72a069bbd235e79a7b5?s=96&d=mm&r=g","contentUrl":"https:\/\/secure.gravatar.com\/avatar\/35700c2014d565cf72e89c0e712b6bc70303de9d0796b72a069bbd235e79a7b5?s=96&d=mm&r=g","caption":"Marta Berm\u00fadez"}}]}},"_links":{"self":[{"href":"https:\/\/www.kolibrifestivaali.org\/fi\/wp-json\/wp\/v2\/posts\/325960","targetHints":{"allow":["GET"]}}],"collection":[{"href":"https:\/\/www.kolibrifestivaali.org\/fi\/wp-json\/wp\/v2\/posts"}],"about":[{"href":"https:\/\/www.kolibrifestivaali.org\/fi\/wp-json\/wp\/v2\/types\/post"}],"author":[{"embeddable":true,"href":"https:\/\/www.kolibrifestivaali.org\/fi\/wp-json\/wp\/v2\/users\/13"}],"replies":[{"embeddable":true,"href":"https:\/\/www.kolibrifestivaali.org\/fi\/wp-json\/wp\/v2\/comments?post=325960"}],"version-history":[{"count":2,"href":"https:\/\/www.kolibrifestivaali.org\/fi\/wp-json\/wp\/v2\/posts\/325960\/revisions"}],"predecessor-version":[{"id":325975,"href":"https:\/\/www.kolibrifestivaali.org\/fi\/wp-json\/wp\/v2\/posts\/325960\/revisions\/325975"}],"wp:featuredmedia":[{"embeddable":true,"href":"https:\/\/www.kolibrifestivaali.org\/fi\/wp-json\/wp\/v2\/media\/325948"}],"wp:attachment":[{"href":"https:\/\/www.kolibrifestivaali.org\/fi\/wp-json\/wp\/v2\/media?parent=325960"}],"wp:term":[{"taxonomy":"category","embeddable":true,"href":"https:\/\/www.kolibrifestivaali.org\/fi\/wp-json\/wp\/v2\/categories?post=325960"},{"taxonomy":"post_tag","embeddable":true,"href":"https:\/\/www.kolibrifestivaali.org\/fi\/wp-json\/wp\/v2\/tags?post=325960"}],"curies":[{"name":"wp","href":"https:\/\/api.w.org\/{rel}","templated":true}]}}