{"id":325910,"date":"2024-06-18T12:45:57","date_gmt":"2024-06-18T09:45:57","guid":{"rendered":"https:\/\/www.kolibrifestivaali.org\/news-archive-fi\/o-som-do-algodao-guest-company-kolibri-2024\/"},"modified":"2024-09-04T12:20:41","modified_gmt":"2024-09-04T09:20:41","slug":"o-som-do-algodao-guest-company-kolibri-2024","status":"publish","type":"post","link":"https:\/\/www.kolibrifestivaali.org\/fi\/o-som-do-algodao-guest-company-kolibri-2024\/","title":{"rendered":"O Som do Algod\u00e3o, Kolibr\u00ed 2024 vieraileva teatteriseurue!"},"content":{"rendered":"\n<p>Meill\u00e4 on ilo esitell\u00e4 Kolibr\u00ed 2024 vieraileva teatteriseurue! \ud83d\udc4f\ud83c\udffe<\/p>\n\n\n\n<p>T\u00e4m\u00e4 varhaislapsuudelle omistautunut teatteriseurue on nimelt\u00e4\u00e4n <strong>O Som do Algod\u00e3o<\/strong> ja sen perustivat <strong>Portugalissa<\/strong> vuonna&nbsp; 2012 portugalilaiset taiteilijat, <strong>Dulce Moreira ja Mariana Santos<\/strong>. Kaksi naista, muusikko ja sadunkertoja, jotka l\u00f6yt\u00e4v\u00e4t uusia tapoja jakaa taidetta, sanojen sanojen muokattavuutta ja \u00e4\u00e4nimaisemia <strong>vauvojen, lasten ja perheiden kanssa<\/strong>.&nbsp;<\/p>\n\n\n\n<p>Yli vuosikymmenen&nbsp; ty\u00f6n tuloksena kollektiivi on luonut l\u00e4hes 30 n\u00e4ytelm\u00e4\u00e4, jotka kannustavat l\u00f6yt\u00e4m\u00e4\u00e4n kirjallisuuden,sek\u00e4 perehtym\u00e4\u00e4n&nbsp; sanojen, \u00e4\u00e4nten ja aistihavaintojen maailmoihin. <strong>Jokainen n\u00e4ytelm\u00e4 on luova tila perheiden jaettavaksi.&nbsp;&nbsp;<\/strong><\/p>\n\n\n\n<div style=\"height:19px\" aria-hidden=\"true\" class=\"wp-block-spacer\"><\/div>\n\n\n\n<h3 class=\"wp-block-heading\"><strong>Kuka on&nbsp;O Som do Algod\u00e3o\u2019n takana?<\/strong>&nbsp;<\/h3>\n\n\n\n<p><strong>Dulce Moreira (PT)<\/strong> yhdist\u00e4\u00e4 musiikin aktiviteetit esikoulu- ja sairaalaymp\u00e4rist\u00f6ss\u00e4&nbsp; musiikkiterapiaan ja psykologiseen pedagogiaan. H\u00e4n my\u00f6s suunnittelee taidety\u00f6pajoja niin lapsille kuin aikuisillekin sek\u00e4 koulutusohjelmia aikuisille. H\u00e4n k\u00e4ytt\u00e4\u00e4 Erityisopetuksen opintojaan ja kokemustaan taiteilijana luodakseen opettavaisia taideprojekteja, joissa kaikki p\u00e4\u00e4sev\u00e4t osallistumaan luomisprosessiin.&nbsp;&nbsp;&nbsp;<\/p>\n\n\n\n<p>N\u00e4yttelij\u00e4 <strong>Mariana Santos (PT)<\/strong> on puolestaan ollut&nbsp; l\u00e4hes 20 vuotta&nbsp; mukana lukuisissa n\u00e4ytelmiss\u00e4 ja ryhm\u00e4projekteissa eri teatteriseurueissa kuten iDentro Teatroja Servi\u00e7os Educativo do Teatro do Bolh\u00e3o. H\u00e4n opiskeli&nbsp; journalismia ja O Som do Algod\u00e3o-taideprojektissa, h\u00e4n on vastuussa dramaturgiasta teatteriesityksest\u00e4.&nbsp;H\u00e4n ty\u00f6skentelee my\u00f6s sek\u00e4 aikuisten ett\u00e4 lasten kirjallisen ja dramaattisen ilmaisun kehitt\u00e4miseksi.&nbsp;&nbsp;<\/p>\n\n\n\n<p>N\u00e4iss\u00e4 voit seurata seuruetta Instagram &#8211; <a href=\"https:\/\/www.instagram.com\/osomdoalgodao\/\" target=\"_blank\" rel=\"noreferrer noopener\">@osomdoalgodao<\/a> | Facebook \u2013 <a href=\"https:\/\/www.facebook.com\/osomdoalgodao\" target=\"_blank\" rel=\"noreferrer noopener\">@<\/a><a href=\"https:\/\/www.facebook.com\/osomdoalgodao\">osomdoalgodao<\/a> | <a href=\"https:\/\/www.youtube.com\/c\/OSomdoAlgod%C3%A3o\">YouTube<\/a>&nbsp;<\/p>\n\n\n\n<figure class=\"wp-block-embed is-type-video is-provider-youtube wp-block-embed-youtube wp-embed-aspect-16-9 wp-has-aspect-ratio\"><div class=\"wp-block-embed__wrapper\">\n<div class=\"epyt-video-wrapper\"><div  style=\"display: block; margin: 0px auto;\"  id=\"_ytid_59880\"  width=\"800\" height=\"450\"  data-origwidth=\"800\" data-origheight=\"450\"  data-relstop=\"1\" data-facadesrc=\"https:\/\/www.youtube.com\/embed\/f_UCFf3uQR4?enablejsapi=1&#038;autoplay=0&#038;cc_load_policy=0&#038;cc_lang_pref=&#038;iv_load_policy=1&#038;loop=0&#038;rel=0&#038;fs=1&#038;playsinline=0&#038;autohide=2&#038;theme=dark&#038;color=red&#038;controls=1&#038;disablekb=0&#038;\" class=\"__youtube_prefs__ epyt-facade epyt-is-override  no-lazyload\" data-epautoplay=\"1\" ><img decoding=\"async\" data-spai-excluded=\"true\" class=\"epyt-facade-poster skip-lazy\" loading=\"lazy\"  alt=\"YouTube player\"  src=\"https:\/\/i.ytimg.com\/vi\/f_UCFf3uQR4\/maxresdefault.jpg\"  \/><button class=\"epyt-facade-play\" aria-label=\"Play\"><svg data-no-lazy=\"1\" height=\"100%\" version=\"1.1\" viewBox=\"0 0 68 48\" width=\"100%\"><path class=\"ytp-large-play-button-bg\" d=\"M66.52,7.74c-0.78-2.93-2.49-5.41-5.42-6.19C55.79,.13,34,0,34,0S12.21,.13,6.9,1.55 C3.97,2.33,2.27,4.81,1.48,7.74C0.06,13.05,0,24,0,24s0.06,10.95,1.48,16.26c0.78,2.93,2.49,5.41,5.42,6.19 C12.21,47.87,34,48,34,48s21.79-0.13,27.1-1.55c2.93-0.78,4.64-3.26,5.42-6.19C67.94,34.95,68,24,68,24S67.94,13.05,66.52,7.74z\" fill=\"#f00\"><\/path><path d=\"M 45,24 27,14 27,34\" fill=\"#fff\"><\/path><\/svg><\/button><\/div><\/div>\n<\/div><\/figure>\n\n\n\n<h3 class=\"wp-block-heading\"><strong>&nbsp;\u00c4l\u00e4 missaa<em> Mit\u00e4 tarinoita kuu kertoo?<\/em>-esityst\u00e4 Kolibr\u00ed Festivaalissa!<\/strong>&nbsp;<\/h3>\n\n\n\n<p><em>Mit\u00e4 tarinoita kuu kertoo?<\/em> on n\u00e4ytelm\u00e4, jonka O Som do Algod\u00e3o esitt\u00e4\u00e4 Kolibr\u00ed Festivaalissa 2024. Se kertoo pikku tarinoita ihmisist\u00e4 ja el\u00e4imist\u00e4 ja on t\u00e4ynn\u00e4 musiikkia ja runoja. T\u00e4m\u00e4 perheiden kesken jaettava musiikint\u00e4yteinen aistiel\u00e4mys on suunniteltu <strong>2 &#8211; 5-vuotiaille lapsille<\/strong>.&nbsp;<\/p>\n\n\n\n<p>N\u00e4ytelm\u00e4 esitet\u00e4\u00e4n <strong>Vuotalossa syyskuun 28., 2024<\/strong>. Eth\u00e4n unohda, ett\u00e4 Kolibr\u00edn <a href=\"https:\/\/www.kolibrifestivaali.org\/fi\/program\/\" target=\"_blank\" rel=\"noreferrer noopener\">koko ohjelma<\/a> julkaistaan elokuun 14., 2024.&nbsp;&nbsp;<\/p>\n\n\n\n<h2 class=\"wp-block-heading\">Lis\u00e4\u00e4 tapahtumia<\/h2>\n\n\n\n<p><strong>International evening with ASSITEJ Finland &amp; Kolibr\u00ed Festivaali<\/strong><\/p>\n\n\n\n<p>Kiinnostaako lapsille ja nuorille suunnattu esitt\u00e4v\u00e4 taide? Oletko kiinnostunut kansainv\u00e4lisest\u00e4 yhteisty\u00f6st\u00e4? L\u00e4mpim\u00e4sti tervetuloa verkostoitumistilaisuuteen, jonka j\u00e4rjest\u00e4v\u00e4t Suomen Assitej ja Kolibri-festivaali. Mukana Kolibri-festivaalilla esiintyv\u00e4 portugalilainen ryhm\u00e4 O Som do Algod\u00e3o.<\/p>\n\n\n\n<p>\ud83d\uddd3 26.9.2024&nbsp;\u23f0 klo 18 &#8211; 19:30 \ud83d\udccc Annantalo:&nbsp;<a href=\"https:\/\/maps.app.goo.gl\/Gt8t1fwkELPBPuk3A\">Annankatu 30, 00100 Helsinki<\/a>&nbsp;&nbsp;\ud83c\udf9f\ufe0f Vapaa p\u00e4\u00e4sy&nbsp;\ud83d\udcac Osallistujat puhuvat englantia, suomea, portugalia ja espanjaa.<\/p>\n\n\n\n<p>Varaa paikkasi:&nbsp;<a href=\"mailto:info@assitej.fi\">info@assitej.fi<\/a><\/p>\n\n\n\n<p><a href=\"https:\/\/www.facebook.com\/events\/2383835018489409\/\">Lis\u00e4tietoja<\/a><\/p>\n\n\n\n<p><strong><em>Poemario<\/em>, theatre training by O Som do Algod\u00e3o<\/strong><\/p>\n\n\n\n<p>Ty\u00f6paja teatterialan ammattilaisille ja opettajat, esiintyj\u00e4t, muusikot, kirjastonhoitajat\u2026 jotka ty\u00f6skentelev\u00e4t 0-6-vuotiaiden lasten kanssa.<\/p>\n\n\n\n<p>\ud83d\uddd3 30.9.2024 \u23f0 klo 9 &#8211; 13 \ud83d\udccc Lastenkulttuurikeskus Pessi:&nbsp;<a href=\"https:\/\/maps.app.goo.gl\/KALwV8p6AzbyK8YP8\">Vernissakatu, 4 01300 Vantaa<\/a>&nbsp; \ud83c\udf9f\ufe0f Vapaa p\u00e4\u00e4sy \ud83d\udcac Englanniksi.<\/p>\n\n\n\n<p>Varaa paikkasi:&nbsp;<a href=\"mailto:culturekids@vantaa.fi\">culturekids@vantaa.f<\/a>i&nbsp;<\/p>\n\n\n\n<p> <a href=\"https:\/\/www.osomdoalgodao.pt\/\" target=\"_blank\" rel=\"noreferrer noopener\">O Som do Algod\u00e3o<\/a>-seurueen osallistumisesta saamme kiitt\u00e4\u00e4 yhteisty\u00f6t\u00e4 <a href=\"https:\/\/helsinquia.embaixadaportugal.mne.gov.pt\/en\/\">Portugalin Suomen ja Eestin suurl\u00e4hetyst\u00f6jen<\/a> ja <a href=\"https:\/\/www.instituto-camoes.pt\/\">Cam\u00f5es<\/a><a href=\"https:\/\/www.instituto-camoes.pt\/\" target=\"_blank\" rel=\"noreferrer noopener\"> I.P.\u00a0<\/a>\u2019n v\u00e4lill\u00e4.<\/p>\n","protected":false},"excerpt":{"rendered":"<p>Meill\u00e4 on ilo esitell\u00e4 Kolibr\u00ed 2024 vieraileva teatteriseurue! \ud83d\udc4f\ud83c\udffe T\u00e4m\u00e4 varhaislapsuudelle omistautunut teatteriseurue on nimelt\u00e4\u00e4n O Som do Algod\u00e3o ja [\u2026] <a href=\"https:\/\/www.kolibrifestivaali.org\/fi\/o-som-do-algodao-guest-company-kolibri-2024\/\">Lue lis\u00e4\u00e4 &raquo;<\/a><\/p>\n<div class='heateor_sss_sharing_container heateor_sss_vertical_sharing heateor_sss_bottom_sharing' style='width:34px;right: -10px;top: 100px;-webkit-box-shadow:none;box-shadow:none;' data-heateor-sss-href='https:\/\/www.kolibrifestivaali.org\/fi\/wp-json\/wp\/v2\/posts\/325910'><div class=\"heateor_sss_sharing_ul\"><a aria-label=\"Facebook\" class=\"heateor_sss_facebook\" href=\"https:\/\/www.facebook.com\/sharer\/sharer.php?u=https%3A%2F%2Fwww.kolibrifestivaali.org%2Ffi%2Fwp-json%2Fwp%2Fv2%2Fposts%2F325910\" title=\"Facebook\" rel=\"nofollow noopener\" target=\"_blank\" style=\"font-size:32px!important;box-shadow:none;display:inline-block;vertical-align:middle\"><span class=\"heateor_sss_svg\" style=\"background-color:#0765FE;width:30px;height:30px;border-radius:999px;display:inline-block;opacity:1;float:left;font-size:32px;box-shadow:none;display:inline-block;font-size:16px;padding:0 4px;vertical-align:middle;background-repeat:repeat;overflow:hidden;padding:0;cursor:pointer;box-sizing:content-box\"><svg style=\"display:block;border-radius:999px;\" focusable=\"false\" aria-hidden=\"true\" xmlns=\"http:\/\/www.w3.org\/2000\/svg\" width=\"100%\" height=\"100%\" viewBox=\"0 0 32 32\"><path fill=\"#fff\" d=\"M28 16c0-6.627-5.373-12-12-12S4 9.373 4 16c0 5.628 3.875 10.35 9.101 11.647v-7.98h-2.474V16H13.1v-1.58c0-4.085 1.849-5.978 5.859-5.978.76 0 2.072.15 2.608.298v3.325c-.283-.03-.775-.045-1.386-.045-1.967 0-2.728.745-2.728 2.683V16h3.92l-.673 3.667h-3.247v8.245C23.395 27.195 28 22.135 28 16Z\"><\/path><\/svg><\/span><\/a><a aria-label=\"X\" class=\"heateor_sss_button_x\" href=\"https:\/\/twitter.com\/intent\/tweet?text=Kolibri%20Festivaali%20-%20Kolibri%CC%81%20is%20a%20unique%20multicultural%2C%20free%20and%20open%20art%20festival%20for%20children%20and%20their%20families.&url=https%3A%2F%2Fwww.kolibrifestivaali.org%2Ffi%2Fwp-json%2Fwp%2Fv2%2Fposts%2F325910\" title=\"X\" rel=\"nofollow noopener\" target=\"_blank\" style=\"font-size:32px!important;box-shadow:none;display:inline-block;vertical-align:middle\"><span class=\"heateor_sss_svg heateor_sss_s__default heateor_sss_s_x\" style=\"background-color:#2a2a2a;width:30px;height:30px;border-radius:999px;display:inline-block;opacity:1;float:left;font-size:32px;box-shadow:none;display:inline-block;font-size:16px;padding:0 4px;vertical-align:middle;background-repeat:repeat;overflow:hidden;padding:0;cursor:pointer;box-sizing:content-box\"><svg width=\"100%\" height=\"100%\" style=\"display:block;border-radius:999px;\" focusable=\"false\" aria-hidden=\"true\" xmlns=\"http:\/\/www.w3.org\/2000\/svg\" viewBox=\"0 0 32 32\"><path fill=\"#fff\" d=\"M21.751 7h3.067l-6.7 7.658L26 25.078h-6.172l-4.833-6.32-5.531 6.32h-3.07l7.167-8.19L6 7h6.328l4.37 5.777L21.75 7Zm-1.076 16.242h1.7L11.404 8.74H9.58l11.094 14.503Z\"><\/path><\/svg><\/span><\/a><a aria-label=\"Linkedin\" class=\"heateor_sss_button_linkedin\" href=\"https:\/\/www.linkedin.com\/sharing\/share-offsite\/?url=https%3A%2F%2Fwww.kolibrifestivaali.org%2Ffi%2Fwp-json%2Fwp%2Fv2%2Fposts%2F325910\" title=\"Linkedin\" rel=\"nofollow noopener\" target=\"_blank\" style=\"font-size:32px!important;box-shadow:none;display:inline-block;vertical-align:middle\"><span class=\"heateor_sss_svg heateor_sss_s__default heateor_sss_s_linkedin\" style=\"background-color:#0077b5;width:30px;height:30px;border-radius:999px;display:inline-block;opacity:1;float:left;font-size:32px;box-shadow:none;display:inline-block;font-size:16px;padding:0 4px;vertical-align:middle;background-repeat:repeat;overflow:hidden;padding:0;cursor:pointer;box-sizing:content-box\"><svg style=\"display:block;border-radius:999px;\" focusable=\"false\" aria-hidden=\"true\" xmlns=\"http:\/\/www.w3.org\/2000\/svg\" width=\"100%\" height=\"100%\" viewBox=\"0 0 32 32\"><path d=\"M6.227 12.61h4.19v13.48h-4.19V12.61zm2.095-6.7a2.43 2.43 0 0 1 0 4.86c-1.344 0-2.428-1.09-2.428-2.43s1.084-2.43 2.428-2.43m4.72 6.7h4.02v1.84h.058c.56-1.058 1.927-2.176 3.965-2.176 4.238 0 5.02 2.792 5.02 6.42v7.395h-4.183v-6.56c0-1.564-.03-3.574-2.178-3.574-2.18 0-2.514 1.7-2.514 3.46v6.668h-4.187V12.61z\" fill=\"#fff\"><\/path><\/svg><\/span><\/a><a aria-label=\"Instagram\" class=\"heateor_sss_button_instagram\" href=\"https:\/\/www.instagram.com\/\" title=\"Instagram\" rel=\"nofollow noopener\" target=\"_blank\" style=\"font-size:32px!important;box-shadow:none;display:inline-block;vertical-align:middle\"><span class=\"heateor_sss_svg\" style=\"background-color:#53beee;width:30px;height:30px;border-radius:999px;display:inline-block;opacity:1;float:left;font-size:32px;box-shadow:none;display:inline-block;font-size:16px;padding:0 4px;vertical-align:middle;background-repeat:repeat;overflow:hidden;padding:0;cursor:pointer;box-sizing:content-box\"><svg style=\"display:block;border-radius:999px;\" version=\"1.1\" viewBox=\"-10 -10 148 148\" width=\"100%\" height=\"100%\" xml:space=\"preserve\" xmlns=\"http:\/\/www.w3.org\/2000\/svg\" xmlns:xlink=\"http:\/\/www.w3.org\/1999\/xlink\"><g><g><path d=\"M86,112H42c-14.336,0-26-11.663-26-26V42c0-14.337,11.664-26,26-26h44c14.337,0,26,11.663,26,26v44 C112,100.337,100.337,112,86,112z M42,24c-9.925,0-18,8.074-18,18v44c0,9.925,8.075,18,18,18h44c9.926,0,18-8.075,18-18V42 c0-9.926-8.074-18-18-18H42z\" fill=\"#fff\"><\/path><\/g><g><path d=\"M64,88c-13.234,0-24-10.767-24-24c0-13.234,10.766-24,24-24s24,10.766,24,24C88,77.233,77.234,88,64,88z M64,48c-8.822,0-16,7.178-16,16s7.178,16,16,16c8.822,0,16-7.178,16-16S72.822,48,64,48z\" fill=\"#fff\"><\/path><\/g><g><circle cx=\"89.5\" cy=\"38.5\" fill=\"#fff\" r=\"5.5\"><\/circle><\/g><\/g><\/svg><\/span><\/a><\/div><div class=\"heateorSssClear\"><\/div><\/div>","protected":false},"author":13,"featured_media":325896,"comment_status":"closed","ping_status":"closed","sticky":false,"template":"","format":"standard","meta":{"_acf_changed":false,"footnotes":""},"categories":[20],"tags":[867,868,749],"class_list":["post-325910","post","type-post","status-publish","format-standard","has-post-thumbnail","hentry","category-news-archive-fi","tag-kolibri-2024-fi","tag-o-som-do-algodao-fi","tag-theatre-fi"],"acf":[],"yoast_head":"<!-- This site is optimized with the Yoast SEO plugin v27.5 - https:\/\/yoast.com\/product\/yoast-seo-wordpress\/ -->\n<title>O Som do Algod\u00e3o, Kolibr\u00ed 2024 vieraileva teatteriseurue!<\/title>\n<meta name=\"description\" content=\"O Som do Algod\u00e3o, Kolibr\u00ed 2024 vieraileva teatteriseurue! \ud83d\udc4f\ud83c\udffe \u00c4l\u00e4 missaa &quot;Mit\u00e4 tarinoita kuu kertoo?&quot;-\u00a0Vuotalossa syyskuun 28.\" \/>\n<meta name=\"robots\" content=\"index, follow, max-snippet:-1, max-image-preview:large, max-video-preview:-1\" \/>\n<link rel=\"canonical\" href=\"https:\/\/www.kolibrifestivaali.org\/fi\/o-som-do-algodao-guest-company-kolibri-2024\/\" \/>\n<meta property=\"og:locale\" content=\"fi_FI\" \/>\n<meta property=\"og:type\" content=\"article\" \/>\n<meta property=\"og:title\" content=\"O Som do Algod\u00e3o, Guest Theatre Company of Kolibr\u00ed 2024!\" \/>\n<meta property=\"og:description\" content=\"Don\u2019t miss &quot;What Stories Does the Moon Tell?&quot; at Vuotalo (21.9.2024)\" \/>\n<meta property=\"og:url\" content=\"https:\/\/www.kolibrifestivaali.org\/fi\/o-som-do-algodao-guest-company-kolibri-2024\/\" \/>\n<meta property=\"og:site_name\" content=\"Kolibri Festivaali\" \/>\n<meta property=\"article:published_time\" content=\"2024-06-18T09:45:57+00:00\" \/>\n<meta property=\"article:modified_time\" content=\"2024-09-04T09:20:41+00:00\" \/>\n<meta property=\"og:image\" content=\"https:\/\/www.kolibrifestivaali.org\/wp-content\/uploads\/2024\/06\/o-som-do-algodao-kolibri-festivaali-1280x764.png\" \/>\n\t<meta property=\"og:image:width\" content=\"1280\" \/>\n\t<meta property=\"og:image:height\" content=\"764\" \/>\n\t<meta property=\"og:image:type\" content=\"image\/png\" \/>\n<meta name=\"author\" content=\"Marta Berm\u00fadez\" \/>\n<meta name=\"twitter:card\" content=\"summary_large_image\" \/>\n<meta name=\"twitter:label1\" content=\"Kirjoittanut\" \/>\n\t<meta name=\"twitter:data1\" content=\"Marta Berm\u00fadez\" \/>\n\t<meta name=\"twitter:label2\" content=\"Arvioitu lukuaika\" \/>\n\t<meta name=\"twitter:data2\" content=\"3 minuuttia\" \/>\n<script type=\"application\/ld+json\" class=\"yoast-schema-graph\">{\"@context\":\"https:\\\/\\\/schema.org\",\"@graph\":[{\"@type\":\"Article\",\"@id\":\"https:\\\/\\\/www.kolibrifestivaali.org\\\/fi\\\/o-som-do-algodao-guest-company-kolibri-2024\\\/#article\",\"isPartOf\":{\"@id\":\"https:\\\/\\\/www.kolibrifestivaali.org\\\/fi\\\/o-som-do-algodao-guest-company-kolibri-2024\\\/\"},\"author\":{\"name\":\"Marta Berm\u00fadez\",\"@id\":\"https:\\\/\\\/www.kolibrifestivaali.org\\\/fi\\\/#\\\/schema\\\/person\\\/a4d882046c0f7b03960be07d8b5713ba\"},\"headline\":\"O Som do Algod\u00e3o, Kolibr\u00ed 2024 vieraileva teatteriseurue!\",\"datePublished\":\"2024-06-18T09:45:57+00:00\",\"dateModified\":\"2024-09-04T09:20:41+00:00\",\"mainEntityOfPage\":{\"@id\":\"https:\\\/\\\/www.kolibrifestivaali.org\\\/fi\\\/o-som-do-algodao-guest-company-kolibri-2024\\\/\"},\"wordCount\":480,\"image\":{\"@id\":\"https:\\\/\\\/www.kolibrifestivaali.org\\\/fi\\\/o-som-do-algodao-guest-company-kolibri-2024\\\/#primaryimage\"},\"thumbnailUrl\":\"https:\\\/\\\/www.kolibrifestivaali.org\\\/wp-content\\\/uploads\\\/2024\\\/06\\\/o-som-do-algodao-kolibri-festivaali.png\",\"keywords\":[\"kolibri 2024\",\"o som do algodao\",\"theatre\"],\"articleSection\":[\"News\"],\"inLanguage\":\"fi\"},{\"@type\":\"WebPage\",\"@id\":\"https:\\\/\\\/www.kolibrifestivaali.org\\\/fi\\\/o-som-do-algodao-guest-company-kolibri-2024\\\/\",\"url\":\"https:\\\/\\\/www.kolibrifestivaali.org\\\/fi\\\/o-som-do-algodao-guest-company-kolibri-2024\\\/\",\"name\":\"O Som do Algod\u00e3o, Kolibr\u00ed 2024 vieraileva teatteriseurue!\",\"isPartOf\":{\"@id\":\"https:\\\/\\\/www.kolibrifestivaali.org\\\/fi\\\/#website\"},\"primaryImageOfPage\":{\"@id\":\"https:\\\/\\\/www.kolibrifestivaali.org\\\/fi\\\/o-som-do-algodao-guest-company-kolibri-2024\\\/#primaryimage\"},\"image\":{\"@id\":\"https:\\\/\\\/www.kolibrifestivaali.org\\\/fi\\\/o-som-do-algodao-guest-company-kolibri-2024\\\/#primaryimage\"},\"thumbnailUrl\":\"https:\\\/\\\/www.kolibrifestivaali.org\\\/wp-content\\\/uploads\\\/2024\\\/06\\\/o-som-do-algodao-kolibri-festivaali.png\",\"datePublished\":\"2024-06-18T09:45:57+00:00\",\"dateModified\":\"2024-09-04T09:20:41+00:00\",\"author\":{\"@id\":\"https:\\\/\\\/www.kolibrifestivaali.org\\\/fi\\\/#\\\/schema\\\/person\\\/a4d882046c0f7b03960be07d8b5713ba\"},\"description\":\"O Som do Algod\u00e3o, Kolibr\u00ed 2024 vieraileva teatteriseurue! \ud83d\udc4f\ud83c\udffe \u00c4l\u00e4 missaa \\\"Mit\u00e4 tarinoita kuu kertoo?\\\"-\u00a0Vuotalossa syyskuun 28.\",\"breadcrumb\":{\"@id\":\"https:\\\/\\\/www.kolibrifestivaali.org\\\/fi\\\/o-som-do-algodao-guest-company-kolibri-2024\\\/#breadcrumb\"},\"inLanguage\":\"fi\",\"potentialAction\":[{\"@type\":\"ReadAction\",\"target\":[\"https:\\\/\\\/www.kolibrifestivaali.org\\\/fi\\\/o-som-do-algodao-guest-company-kolibri-2024\\\/\"]}]},{\"@type\":\"ImageObject\",\"inLanguage\":\"fi\",\"@id\":\"https:\\\/\\\/www.kolibrifestivaali.org\\\/fi\\\/o-som-do-algodao-guest-company-kolibri-2024\\\/#primaryimage\",\"url\":\"https:\\\/\\\/www.kolibrifestivaali.org\\\/wp-content\\\/uploads\\\/2024\\\/06\\\/o-som-do-algodao-kolibri-festivaali.png\",\"contentUrl\":\"https:\\\/\\\/www.kolibrifestivaali.org\\\/wp-content\\\/uploads\\\/2024\\\/06\\\/o-som-do-algodao-kolibri-festivaali.png\",\"width\":1920,\"height\":1146,\"caption\":\"o\"},{\"@type\":\"BreadcrumbList\",\"@id\":\"https:\\\/\\\/www.kolibrifestivaali.org\\\/fi\\\/o-som-do-algodao-guest-company-kolibri-2024\\\/#breadcrumb\",\"itemListElement\":[{\"@type\":\"ListItem\",\"position\":1,\"name\":\"Home\",\"item\":\"https:\\\/\\\/www.kolibrifestivaali.org\\\/fi\\\/\"},{\"@type\":\"ListItem\",\"position\":2,\"name\":\"O Som do Algod\u00e3o, Kolibr\u00ed 2024 vieraileva teatteriseurue!\"}]},{\"@type\":\"WebSite\",\"@id\":\"https:\\\/\\\/www.kolibrifestivaali.org\\\/fi\\\/#website\",\"url\":\"https:\\\/\\\/www.kolibrifestivaali.org\\\/fi\\\/\",\"name\":\"Kolibri Festivaali\",\"description\":\"Kolibri\u0301 is a unique multicultural, free and open art festival for children and their families.\",\"inLanguage\":\"fi\"},{\"@type\":\"Person\",\"@id\":\"https:\\\/\\\/www.kolibrifestivaali.org\\\/fi\\\/#\\\/schema\\\/person\\\/a4d882046c0f7b03960be07d8b5713ba\",\"name\":\"Marta Berm\u00fadez\",\"image\":{\"@type\":\"ImageObject\",\"inLanguage\":\"fi\",\"@id\":\"https:\\\/\\\/secure.gravatar.com\\\/avatar\\\/35700c2014d565cf72e89c0e712b6bc70303de9d0796b72a069bbd235e79a7b5?s=96&d=mm&r=g\",\"url\":\"https:\\\/\\\/secure.gravatar.com\\\/avatar\\\/35700c2014d565cf72e89c0e712b6bc70303de9d0796b72a069bbd235e79a7b5?s=96&d=mm&r=g\",\"contentUrl\":\"https:\\\/\\\/secure.gravatar.com\\\/avatar\\\/35700c2014d565cf72e89c0e712b6bc70303de9d0796b72a069bbd235e79a7b5?s=96&d=mm&r=g\",\"caption\":\"Marta Berm\u00fadez\"}}]}<\/script>\n<!-- \/ Yoast SEO plugin. -->","yoast_head_json":{"title":"O Som do Algod\u00e3o, Kolibr\u00ed 2024 vieraileva teatteriseurue!","description":"O Som do Algod\u00e3o, Kolibr\u00ed 2024 vieraileva teatteriseurue! \ud83d\udc4f\ud83c\udffe \u00c4l\u00e4 missaa \"Mit\u00e4 tarinoita kuu kertoo?\"-\u00a0Vuotalossa syyskuun 28.","robots":{"index":"index","follow":"follow","max-snippet":"max-snippet:-1","max-image-preview":"max-image-preview:large","max-video-preview":"max-video-preview:-1"},"canonical":"https:\/\/www.kolibrifestivaali.org\/fi\/o-som-do-algodao-guest-company-kolibri-2024\/","og_locale":"fi_FI","og_type":"article","og_title":"O Som do Algod\u00e3o, Guest Theatre Company of Kolibr\u00ed 2024!","og_description":"Don\u2019t miss \"What Stories Does the Moon Tell?\" at Vuotalo (21.9.2024)","og_url":"https:\/\/www.kolibrifestivaali.org\/fi\/o-som-do-algodao-guest-company-kolibri-2024\/","og_site_name":"Kolibri Festivaali","article_published_time":"2024-06-18T09:45:57+00:00","article_modified_time":"2024-09-04T09:20:41+00:00","og_image":[{"width":1280,"height":764,"url":"https:\/\/www.kolibrifestivaali.org\/wp-content\/uploads\/2024\/06\/o-som-do-algodao-kolibri-festivaali-1280x764.png","type":"image\/png"}],"author":"Marta Berm\u00fadez","twitter_card":"summary_large_image","twitter_misc":{"Kirjoittanut":"Marta Berm\u00fadez","Arvioitu lukuaika":"3 minuuttia"},"schema":{"@context":"https:\/\/schema.org","@graph":[{"@type":"Article","@id":"https:\/\/www.kolibrifestivaali.org\/fi\/o-som-do-algodao-guest-company-kolibri-2024\/#article","isPartOf":{"@id":"https:\/\/www.kolibrifestivaali.org\/fi\/o-som-do-algodao-guest-company-kolibri-2024\/"},"author":{"name":"Marta Berm\u00fadez","@id":"https:\/\/www.kolibrifestivaali.org\/fi\/#\/schema\/person\/a4d882046c0f7b03960be07d8b5713ba"},"headline":"O Som do Algod\u00e3o, Kolibr\u00ed 2024 vieraileva teatteriseurue!","datePublished":"2024-06-18T09:45:57+00:00","dateModified":"2024-09-04T09:20:41+00:00","mainEntityOfPage":{"@id":"https:\/\/www.kolibrifestivaali.org\/fi\/o-som-do-algodao-guest-company-kolibri-2024\/"},"wordCount":480,"image":{"@id":"https:\/\/www.kolibrifestivaali.org\/fi\/o-som-do-algodao-guest-company-kolibri-2024\/#primaryimage"},"thumbnailUrl":"https:\/\/www.kolibrifestivaali.org\/wp-content\/uploads\/2024\/06\/o-som-do-algodao-kolibri-festivaali.png","keywords":["kolibri 2024","o som do algodao","theatre"],"articleSection":["News"],"inLanguage":"fi"},{"@type":"WebPage","@id":"https:\/\/www.kolibrifestivaali.org\/fi\/o-som-do-algodao-guest-company-kolibri-2024\/","url":"https:\/\/www.kolibrifestivaali.org\/fi\/o-som-do-algodao-guest-company-kolibri-2024\/","name":"O Som do Algod\u00e3o, Kolibr\u00ed 2024 vieraileva teatteriseurue!","isPartOf":{"@id":"https:\/\/www.kolibrifestivaali.org\/fi\/#website"},"primaryImageOfPage":{"@id":"https:\/\/www.kolibrifestivaali.org\/fi\/o-som-do-algodao-guest-company-kolibri-2024\/#primaryimage"},"image":{"@id":"https:\/\/www.kolibrifestivaali.org\/fi\/o-som-do-algodao-guest-company-kolibri-2024\/#primaryimage"},"thumbnailUrl":"https:\/\/www.kolibrifestivaali.org\/wp-content\/uploads\/2024\/06\/o-som-do-algodao-kolibri-festivaali.png","datePublished":"2024-06-18T09:45:57+00:00","dateModified":"2024-09-04T09:20:41+00:00","author":{"@id":"https:\/\/www.kolibrifestivaali.org\/fi\/#\/schema\/person\/a4d882046c0f7b03960be07d8b5713ba"},"description":"O Som do Algod\u00e3o, Kolibr\u00ed 2024 vieraileva teatteriseurue! \ud83d\udc4f\ud83c\udffe \u00c4l\u00e4 missaa \"Mit\u00e4 tarinoita kuu kertoo?\"-\u00a0Vuotalossa syyskuun 28.","breadcrumb":{"@id":"https:\/\/www.kolibrifestivaali.org\/fi\/o-som-do-algodao-guest-company-kolibri-2024\/#breadcrumb"},"inLanguage":"fi","potentialAction":[{"@type":"ReadAction","target":["https:\/\/www.kolibrifestivaali.org\/fi\/o-som-do-algodao-guest-company-kolibri-2024\/"]}]},{"@type":"ImageObject","inLanguage":"fi","@id":"https:\/\/www.kolibrifestivaali.org\/fi\/o-som-do-algodao-guest-company-kolibri-2024\/#primaryimage","url":"https:\/\/www.kolibrifestivaali.org\/wp-content\/uploads\/2024\/06\/o-som-do-algodao-kolibri-festivaali.png","contentUrl":"https:\/\/www.kolibrifestivaali.org\/wp-content\/uploads\/2024\/06\/o-som-do-algodao-kolibri-festivaali.png","width":1920,"height":1146,"caption":"o"},{"@type":"BreadcrumbList","@id":"https:\/\/www.kolibrifestivaali.org\/fi\/o-som-do-algodao-guest-company-kolibri-2024\/#breadcrumb","itemListElement":[{"@type":"ListItem","position":1,"name":"Home","item":"https:\/\/www.kolibrifestivaali.org\/fi\/"},{"@type":"ListItem","position":2,"name":"O Som do Algod\u00e3o, Kolibr\u00ed 2024 vieraileva teatteriseurue!"}]},{"@type":"WebSite","@id":"https:\/\/www.kolibrifestivaali.org\/fi\/#website","url":"https:\/\/www.kolibrifestivaali.org\/fi\/","name":"Kolibri Festivaali","description":"Kolibri\u0301 is a unique multicultural, free and open art festival for children and their families.","inLanguage":"fi"},{"@type":"Person","@id":"https:\/\/www.kolibrifestivaali.org\/fi\/#\/schema\/person\/a4d882046c0f7b03960be07d8b5713ba","name":"Marta Berm\u00fadez","image":{"@type":"ImageObject","inLanguage":"fi","@id":"https:\/\/secure.gravatar.com\/avatar\/35700c2014d565cf72e89c0e712b6bc70303de9d0796b72a069bbd235e79a7b5?s=96&d=mm&r=g","url":"https:\/\/secure.gravatar.com\/avatar\/35700c2014d565cf72e89c0e712b6bc70303de9d0796b72a069bbd235e79a7b5?s=96&d=mm&r=g","contentUrl":"https:\/\/secure.gravatar.com\/avatar\/35700c2014d565cf72e89c0e712b6bc70303de9d0796b72a069bbd235e79a7b5?s=96&d=mm&r=g","caption":"Marta Berm\u00fadez"}}]}},"_links":{"self":[{"href":"https:\/\/www.kolibrifestivaali.org\/fi\/wp-json\/wp\/v2\/posts\/325910","targetHints":{"allow":["GET"]}}],"collection":[{"href":"https:\/\/www.kolibrifestivaali.org\/fi\/wp-json\/wp\/v2\/posts"}],"about":[{"href":"https:\/\/www.kolibrifestivaali.org\/fi\/wp-json\/wp\/v2\/types\/post"}],"author":[{"embeddable":true,"href":"https:\/\/www.kolibrifestivaali.org\/fi\/wp-json\/wp\/v2\/users\/13"}],"replies":[{"embeddable":true,"href":"https:\/\/www.kolibrifestivaali.org\/fi\/wp-json\/wp\/v2\/comments?post=325910"}],"version-history":[{"count":3,"href":"https:\/\/www.kolibrifestivaali.org\/fi\/wp-json\/wp\/v2\/posts\/325910\/revisions"}],"predecessor-version":[{"id":326742,"href":"https:\/\/www.kolibrifestivaali.org\/fi\/wp-json\/wp\/v2\/posts\/325910\/revisions\/326742"}],"wp:featuredmedia":[{"embeddable":true,"href":"https:\/\/www.kolibrifestivaali.org\/fi\/wp-json\/wp\/v2\/media\/325896"}],"wp:attachment":[{"href":"https:\/\/www.kolibrifestivaali.org\/fi\/wp-json\/wp\/v2\/media?parent=325910"}],"wp:term":[{"taxonomy":"category","embeddable":true,"href":"https:\/\/www.kolibrifestivaali.org\/fi\/wp-json\/wp\/v2\/categories?post=325910"},{"taxonomy":"post_tag","embeddable":true,"href":"https:\/\/www.kolibrifestivaali.org\/fi\/wp-json\/wp\/v2\/tags?post=325910"}],"curies":[{"name":"wp","href":"https:\/\/api.w.org\/{rel}","templated":true}]}}