{"id":325796,"date":"2024-05-06T11:32:17","date_gmt":"2024-05-06T08:32:17","guid":{"rendered":"https:\/\/www.kolibrifestivaali.org\/?p=325796"},"modified":"2024-05-10T11:41:53","modified_gmt":"2024-05-10T08:41:53","slug":"javiera-mac-lean-kolibri-festivaali-2024","status":"publish","type":"post","link":"https:\/\/www.kolibrifestivaali.org\/fi\/javiera-mac-lean-kolibri-festivaali-2024\/","title":{"rendered":"Javiera Mac-lean, Kolibr\u00ed 2024 imagon luoja"},"content":{"rendered":"\n<p>Meill\u00e4 on suuri ilo esitell\u00e4 <strong>Javiera Mac-lean, chilel\u00e4inen kuvittaja<\/strong>, jonka k\u00e4sialaa&nbsp;on t\u00e4m\u00e4n <strong>Kolibr\u00ed Festivaalin 13. kerran virallinen logo<\/strong>. H\u00e4nen tulkintansa&nbsp; Kolibr\u00edn&nbsp; <strong>Kaleidoskooppi-teemasta<\/strong> tuo ensimm\u00e4ist\u00e4 kertaa n\u00e4kyville lapsuuden monimuotoisuuden ja roolin nyky-Suomessa.&nbsp;<\/p>\n\n\n\n<div class=\"wp-block-columns is-layout-flex wp-container-core-columns-is-layout-9d6595d7 wp-block-columns-is-layout-flex\">\n<div class=\"wp-block-column is-layout-flow wp-block-column-is-layout-flow\">\n<p>Mac-lean suoritti loppututkinnon <strong>graafisessa designissa Santiagon (Chile) Desarrollo-yliopistossa<\/strong> ja valmistui sitten luovan <strong>kuvituksen jatko-opinnoista EINAsta,&nbsp;Barcelonan<\/strong> autonomisesta yliopistosta. H\u00e4n on Suomen kuvittajien yhdistyksen, <strong>Kuvittajat ry<\/strong>, j\u00e4sen ja asuu t\u00e4t\u00e4 nyky\u00e4 Helsingiss\u00e4.&nbsp;<\/p>\n\n\n\n<p>Uransa aikana h\u00e4n on saanut merkitt\u00e4vi\u00e4 <strong>palkintoja<\/strong>, mm. vuoden <strong>2016 Imagina Civican<\/strong>. H\u00e4nen kuvituksensa valittiin Meksikossa vuoden&nbsp; 2018 Guadalajaran Kansainv\u00e4listen kirjamessujen 9. iberoamerikkalaiseen luetteloon. <\/p>\n\n\n\n<p>H\u00e4n on my\u00f6s osallistunut kollektiivisiin n\u00e4yttelyihin, esim Colour\u2019s Attack (V\u00e4rihy\u00f6kk\u00e4ys)- n\u00e4yttelyyn, jonka j\u00e4rjesti Design &amp; Art Direction Lontoossa 2011.&nbsp;<\/p>\n<\/div>\n\n\n\n<div class=\"wp-block-column is-layout-flow wp-block-column-is-layout-flow\">\n<figure class=\"wp-block-image size-large\"><img decoding=\"async\" src=\"https:\/\/www.kolibrifestivaali.org\/wp-content\/uploads\/2024\/05\/kolibri-festivaali-2024-vertical-min-1280x1810.jpg\" alt=\"\" class=\"wp-image-325842\"\/><figcaption class=\"wp-element-caption\">Kolibr\u00ed Festivaali 2024, Javiera Mac-lean. <\/figcaption><\/figure>\n<\/div>\n<\/div>\n\n\n\n<h3 class=\"wp-block-heading\">Monialainen ura t\u00e4ynn\u00e4 huumoria ja v\u00e4ri\u00e4<\/h3>\n\n\n\n<p>H\u00e4nen utelias ja eloisa persoonallisuutensa heijastuu kaikkiin h\u00e4nen projekteihinsa. Keskeisi\u00e4 niiss\u00e4 kaikissa ovat v\u00e4ri, huumori ja ajatus, olipa kyseess\u00e4 lastenkirja, sein\u00e4maalaus, n\u00e4yteikkuna, tuote tai logo.&nbsp;<\/p>\n\n\n\n<p>H\u00e4nen kuvituksistaan voit nauttia jopa <strong>11 upeassa lastenkirjassa<\/strong>, kuten esim.:&nbsp;<\/p>\n\n\n\n<ul class=\"wp-block-list\">\n<li><em>Folding Adventure<\/em>, joka on kokonaisuudessaan h\u00e4nen k\u00e4sialaansa (Bibliographic International, 2016).&nbsp;<\/li>\n\n\n\n<li><em>Sustos en el recreo<\/em>, kirjailija: Ver\u00f3nica Murgu\u00eda (Loqueleo, Santillana, 2022).&nbsp;<\/li>\n\n\n\n<li><em>Some Daddies<\/em>, kirjailija: Carol Gordon Ekster (Beaming Books, 2022).&nbsp;<\/li>\n\n\n\n<li><em>Spilt Milk<\/em>, kirjailija: Haifa Mohareb Sawarka (Alsalwa Books, 2020).&nbsp;<\/li>\n<\/ul>\n\n\n\n<figure class=\"wp-block-image size-large\"><img decoding=\"async\" width=\"1280\" height=\"709\" src=\"https:\/\/www.kolibrifestivaali.org\/wp-content\/uploads\/2024\/05\/vistete-javiera-mac-lean-illustrator-min-1280x709.png\" alt=\"\" class=\"wp-image-325784\" srcset=\"https:\/\/www.kolibrifestivaali.org\/wp-content\/uploads\/2024\/05\/vistete-javiera-mac-lean-illustrator-min-1280x709.png 1280w, https:\/\/www.kolibrifestivaali.org\/wp-content\/uploads\/2024\/05\/vistete-javiera-mac-lean-illustrator-min-350x194.png 350w, https:\/\/www.kolibrifestivaali.org\/wp-content\/uploads\/2024\/05\/vistete-javiera-mac-lean-illustrator-min-768x426.png 768w, https:\/\/www.kolibrifestivaali.org\/wp-content\/uploads\/2024\/05\/vistete-javiera-mac-lean-illustrator-min-1536x851.png 1536w, https:\/\/www.kolibrifestivaali.org\/wp-content\/uploads\/2024\/05\/vistete-javiera-mac-lean-illustrator-min-500x277.png 500w, https:\/\/www.kolibrifestivaali.org\/wp-content\/uploads\/2024\/05\/vistete-javiera-mac-lean-illustrator-min-830x460.png 830w, https:\/\/www.kolibrifestivaali.org\/wp-content\/uploads\/2024\/05\/vistete-javiera-mac-lean-illustrator-min.png 1920w\" sizes=\"(max-width: 1280px) 100vw, 1280px\" \/><figcaption class=\"wp-element-caption\"><em>V\u00edstete<\/em>. <\/figcaption><\/figure>\n\n\n\n<p>H\u00e4nen huumorintajunsa ja leikkisyytens\u00e4 tulevat ehk\u00e4 parhaiten esiin \u201c<a href=\"https:\/\/www.instagram.com\/cazuelaelconejo\/\">Cazuela<\/a>\u201d-kanin seurassa, sen matkatessa eriskummallisiin paikkoihin&nbsp; ymp\u00e4ri maailmaa Instagramin mukana.&nbsp;&nbsp;<\/p>\n\n\n\n<p>H\u00e4nen harrastuksiinsa kuvittaminen sen kaikissa muodoissa, \u201cluistelu, naamioiden ja pukujen valmistus kierr\u00e4tysmateriaaleista meille ja pienokaisillemme,&nbsp; matkailu ker\u00e4t\u00e4kseni p\u00e4\u00e4ni t\u00e4yteen uusia kokemuksia, elokuvien katselu sek\u00e4 ajelu rakkaalla polkupy\u00f6r\u00e4ll\u00e4ni. &#8221;&nbsp;<\/p>\n\n\n\n<p><strong>H\u00e4n toivoo voivansa pian julkaista <em>Vistete<\/em><\/strong>-nimisen lastenkirja, \u201cjoka on espanjalaisen kirjailijan Gabriela Rubio\u2019n kirjoittama, omalle pienokaiselleni omistettu kuvakirja, muiden projektien ohella, joista en voi viel\u00e4 puhua.\u201d&nbsp; H\u00e4nen v\u00e4litt\u00f6min omakohtainen haasteensa on oppia suomea voidakseen tuntea olonsa&nbsp; \u201cmukavammaksi ja suhtautua luottavaisemmin tuleviin paikallisiin projekteihin.\u201d&nbsp;&nbsp;<\/p>\n\n\n\n<p>Toistaiseksi voimme nauttia h\u00e4nen el\u00e4m\u00e4\u00e4 sykkiv\u00e4st\u00e4&nbsp; ty\u00f6st\u00e4\u00e4n Kolibr\u00ed Festivaalissa, jossa <strong>h\u00e4n k\u00e4ytt\u00e4\u00e4 kuvituksiaan \u201dlinkkin\u00e4&nbsp;erilaisiin kulttuureihin<\/strong>, jotka t\u00e4m\u00e4 mahtava kulttuuritapahtuma tuo yhteen.&#8221;&nbsp;<\/p>\n\n\n\n<h4 class=\"wp-block-heading\">\u00c4l\u00e4 missaa Javieran vet\u00e4m\u00e4\u00e4 &#8221;Face to Face&#8221; (Kasvotusten) muotokuvaty\u00f6pajaa syyskuussa&nbsp;Kolibr\u00edn kolmen Perhep\u00e4iv\u00e4n aikana. Pane p\u00e4iv\u00e4m\u00e4\u00e4r\u00e4t muistiin!&nbsp;<\/h4>\n\n\n\n<ul class=\"wp-block-list\">\n<li>14.9.2024 |Kirjasto&nbsp; Sello, Espoo.&nbsp;<\/li>\n\n\n\n<li>21.9.2024 | Lastenkulttuurikeskus Pessi, Vantaa.&nbsp;<\/li>\n\n\n\n<li>28.9.2024 | Vuotalo, Helsinki.&nbsp;<\/li>\n<\/ul>\n\n\n\n<h3 class=\"wp-block-heading\">Voit seurata h\u00e4nen ty\u00f6t\u00e4\u00e4n:&nbsp;<\/h3>\n\n\n\n<p>Web: <a href=\"https:\/\/javiera-maclean.myportfolio.com\/\" target=\"_blank\" rel=\"noreferrer noopener\">https:\/\/javiera-maclean.myportfolio.com\/<\/a>&nbsp;&nbsp;<\/p>\n\n\n\n<p>Instagram: <a href=\"https:\/\/www.instagram.com\/javieramaclean\/\">@javieramaclean<\/a>&nbsp;<\/p>\n\n\n\n<p>Facebook: <a href=\"https:\/\/www.facebook.com\/javiera.maclean\">javiera.maclean<\/a>&nbsp;<\/p>\n\n\n\n<p>LinkedIn: <a href=\"https:\/\/www.linkedin.com\/in\/javieramacleanilustracion\/\">javieramacleanilustracion<\/a>&nbsp;<\/p>\n","protected":false},"excerpt":{"rendered":"<p>Meill\u00e4 on suuri ilo esitell\u00e4 Javiera Mac-lean, chilel\u00e4inen kuvittaja, jonka k\u00e4sialaa&nbsp;on t\u00e4m\u00e4n Kolibr\u00ed Festivaalin 13. kerran virallinen logo. H\u00e4nen tulkintansa&nbsp; [\u2026] <a href=\"https:\/\/www.kolibrifestivaali.org\/fi\/javiera-mac-lean-kolibri-festivaali-2024\/\">Lue lis\u00e4\u00e4 &raquo;<\/a><\/p>\n<div class='heateor_sss_sharing_container heateor_sss_vertical_sharing heateor_sss_bottom_sharing' style='width:34px;right: -10px;top: 100px;-webkit-box-shadow:none;box-shadow:none;' data-heateor-sss-href='https:\/\/www.kolibrifestivaali.org\/fi\/wp-json\/wp\/v2\/posts\/325796'><div class=\"heateor_sss_sharing_ul\"><a aria-label=\"Facebook\" class=\"heateor_sss_facebook\" href=\"https:\/\/www.facebook.com\/sharer\/sharer.php?u=https%3A%2F%2Fwww.kolibrifestivaali.org%2Ffi%2Fwp-json%2Fwp%2Fv2%2Fposts%2F325796\" title=\"Facebook\" rel=\"nofollow noopener\" target=\"_blank\" style=\"font-size:32px!important;box-shadow:none;display:inline-block;vertical-align:middle\"><span class=\"heateor_sss_svg\" style=\"background-color:#0765FE;width:30px;height:30px;border-radius:999px;display:inline-block;opacity:1;float:left;font-size:32px;box-shadow:none;display:inline-block;font-size:16px;padding:0 4px;vertical-align:middle;background-repeat:repeat;overflow:hidden;padding:0;cursor:pointer;box-sizing:content-box\"><svg style=\"display:block;border-radius:999px;\" focusable=\"false\" aria-hidden=\"true\" xmlns=\"http:\/\/www.w3.org\/2000\/svg\" width=\"100%\" height=\"100%\" viewBox=\"0 0 32 32\"><path fill=\"#fff\" d=\"M28 16c0-6.627-5.373-12-12-12S4 9.373 4 16c0 5.628 3.875 10.35 9.101 11.647v-7.98h-2.474V16H13.1v-1.58c0-4.085 1.849-5.978 5.859-5.978.76 0 2.072.15 2.608.298v3.325c-.283-.03-.775-.045-1.386-.045-1.967 0-2.728.745-2.728 2.683V16h3.92l-.673 3.667h-3.247v8.245C23.395 27.195 28 22.135 28 16Z\"><\/path><\/svg><\/span><\/a><a aria-label=\"X\" class=\"heateor_sss_button_x\" href=\"https:\/\/twitter.com\/intent\/tweet?text=Kolibri%20Festivaali%20-%20Kolibri%CC%81%20is%20a%20unique%20multicultural%2C%20free%20and%20open%20art%20festival%20for%20children%20and%20their%20families.&url=https%3A%2F%2Fwww.kolibrifestivaali.org%2Ffi%2Fwp-json%2Fwp%2Fv2%2Fposts%2F325796\" title=\"X\" rel=\"nofollow noopener\" target=\"_blank\" style=\"font-size:32px!important;box-shadow:none;display:inline-block;vertical-align:middle\"><span class=\"heateor_sss_svg heateor_sss_s__default heateor_sss_s_x\" style=\"background-color:#2a2a2a;width:30px;height:30px;border-radius:999px;display:inline-block;opacity:1;float:left;font-size:32px;box-shadow:none;display:inline-block;font-size:16px;padding:0 4px;vertical-align:middle;background-repeat:repeat;overflow:hidden;padding:0;cursor:pointer;box-sizing:content-box\"><svg width=\"100%\" height=\"100%\" style=\"display:block;border-radius:999px;\" focusable=\"false\" aria-hidden=\"true\" xmlns=\"http:\/\/www.w3.org\/2000\/svg\" viewBox=\"0 0 32 32\"><path fill=\"#fff\" d=\"M21.751 7h3.067l-6.7 7.658L26 25.078h-6.172l-4.833-6.32-5.531 6.32h-3.07l7.167-8.19L6 7h6.328l4.37 5.777L21.75 7Zm-1.076 16.242h1.7L11.404 8.74H9.58l11.094 14.503Z\"><\/path><\/svg><\/span><\/a><a aria-label=\"Linkedin\" class=\"heateor_sss_button_linkedin\" href=\"https:\/\/www.linkedin.com\/sharing\/share-offsite\/?url=https%3A%2F%2Fwww.kolibrifestivaali.org%2Ffi%2Fwp-json%2Fwp%2Fv2%2Fposts%2F325796\" title=\"Linkedin\" rel=\"nofollow noopener\" target=\"_blank\" style=\"font-size:32px!important;box-shadow:none;display:inline-block;vertical-align:middle\"><span class=\"heateor_sss_svg heateor_sss_s__default heateor_sss_s_linkedin\" style=\"background-color:#0077b5;width:30px;height:30px;border-radius:999px;display:inline-block;opacity:1;float:left;font-size:32px;box-shadow:none;display:inline-block;font-size:16px;padding:0 4px;vertical-align:middle;background-repeat:repeat;overflow:hidden;padding:0;cursor:pointer;box-sizing:content-box\"><svg style=\"display:block;border-radius:999px;\" focusable=\"false\" aria-hidden=\"true\" xmlns=\"http:\/\/www.w3.org\/2000\/svg\" width=\"100%\" height=\"100%\" viewBox=\"0 0 32 32\"><path d=\"M6.227 12.61h4.19v13.48h-4.19V12.61zm2.095-6.7a2.43 2.43 0 0 1 0 4.86c-1.344 0-2.428-1.09-2.428-2.43s1.084-2.43 2.428-2.43m4.72 6.7h4.02v1.84h.058c.56-1.058 1.927-2.176 3.965-2.176 4.238 0 5.02 2.792 5.02 6.42v7.395h-4.183v-6.56c0-1.564-.03-3.574-2.178-3.574-2.18 0-2.514 1.7-2.514 3.46v6.668h-4.187V12.61z\" fill=\"#fff\"><\/path><\/svg><\/span><\/a><a aria-label=\"Instagram\" class=\"heateor_sss_button_instagram\" href=\"https:\/\/www.instagram.com\/\" title=\"Instagram\" rel=\"nofollow noopener\" target=\"_blank\" style=\"font-size:32px!important;box-shadow:none;display:inline-block;vertical-align:middle\"><span class=\"heateor_sss_svg\" style=\"background-color:#53beee;width:30px;height:30px;border-radius:999px;display:inline-block;opacity:1;float:left;font-size:32px;box-shadow:none;display:inline-block;font-size:16px;padding:0 4px;vertical-align:middle;background-repeat:repeat;overflow:hidden;padding:0;cursor:pointer;box-sizing:content-box\"><svg style=\"display:block;border-radius:999px;\" version=\"1.1\" viewBox=\"-10 -10 148 148\" width=\"100%\" height=\"100%\" xml:space=\"preserve\" xmlns=\"http:\/\/www.w3.org\/2000\/svg\" xmlns:xlink=\"http:\/\/www.w3.org\/1999\/xlink\"><g><g><path d=\"M86,112H42c-14.336,0-26-11.663-26-26V42c0-14.337,11.664-26,26-26h44c14.337,0,26,11.663,26,26v44 C112,100.337,100.337,112,86,112z M42,24c-9.925,0-18,8.074-18,18v44c0,9.925,8.075,18,18,18h44c9.926,0,18-8.075,18-18V42 c0-9.926-8.074-18-18-18H42z\" fill=\"#fff\"><\/path><\/g><g><path d=\"M64,88c-13.234,0-24-10.767-24-24c0-13.234,10.766-24,24-24s24,10.766,24,24C88,77.233,77.234,88,64,88z M64,48c-8.822,0-16,7.178-16,16s7.178,16,16,16c8.822,0,16-7.178,16-16S72.822,48,64,48z\" fill=\"#fff\"><\/path><\/g><g><circle cx=\"89.5\" cy=\"38.5\" fill=\"#fff\" r=\"5.5\"><\/circle><\/g><\/g><\/svg><\/span><\/a><\/div><div class=\"heateorSssClear\"><\/div><\/div>","protected":false},"author":13,"featured_media":325764,"comment_status":"closed","ping_status":"closed","sticky":false,"template":"","format":"standard","meta":{"_acf_changed":false,"footnotes":""},"categories":[20],"tags":[861,854],"class_list":["post-325796","post","type-post","status-publish","format-standard","has-post-thumbnail","hentry","category-news-archive-fi","tag-javiera-mac-lean-4","tag-kolibri-2024-4"],"acf":[],"yoast_head":"<!-- This site is optimized with the Yoast SEO plugin v27.5 - https:\/\/yoast.com\/product\/yoast-seo-wordpress\/ -->\n<title>Javiera Mac-lean, Kolibr\u00ed 2024 imagon luoja - Kolibri Festivaali<\/title>\n<meta name=\"description\" content=\"Javiera Mac-lean, Kolibr\u00ed 2024 imagon luoja. Tutustu h\u00e4nen ty\u00f6h\u00f6ns\u00e4, harrastuksiinsa ja h\u00e4nen osallistumiseensa Kaleidoskooppiin, vuoden 2024 Kolibr\u00edin!\" \/>\n<meta name=\"robots\" content=\"index, follow, max-snippet:-1, max-image-preview:large, max-video-preview:-1\" \/>\n<link rel=\"canonical\" href=\"https:\/\/www.kolibrifestivaali.org\/fi\/javiera-mac-lean-kolibri-festivaali-2024\/\" \/>\n<meta property=\"og:locale\" content=\"fi_FI\" \/>\n<meta property=\"og:type\" content=\"article\" \/>\n<meta property=\"og:title\" content=\"Javiera Mac-lean, Kolibr\u00ed 2024 imagon luoja - Kolibri Festivaali\" \/>\n<meta property=\"og:description\" content=\"Javiera Mac-lean, Kolibr\u00ed 2024 imagon luoja. Tutustu h\u00e4nen ty\u00f6h\u00f6ns\u00e4, harrastuksiinsa ja h\u00e4nen osallistumiseensa Kaleidoskooppiin, vuoden 2024 Kolibr\u00edin!\" \/>\n<meta property=\"og:url\" content=\"https:\/\/www.kolibrifestivaali.org\/fi\/javiera-mac-lean-kolibri-festivaali-2024\/\" \/>\n<meta property=\"og:site_name\" content=\"Kolibri Festivaali\" \/>\n<meta property=\"article:published_time\" content=\"2024-05-06T08:32:17+00:00\" \/>\n<meta property=\"article:modified_time\" content=\"2024-05-10T08:41:53+00:00\" \/>\n<meta property=\"og:image\" content=\"https:\/\/www.kolibrifestivaali.org\/wp-content\/uploads\/2024\/05\/javiera-mac-lean-image.jpg\" \/>\n\t<meta property=\"og:image:width\" content=\"1200\" \/>\n\t<meta property=\"og:image:height\" content=\"640\" \/>\n\t<meta property=\"og:image:type\" content=\"image\/jpeg\" \/>\n<meta name=\"author\" content=\"Marta Berm\u00fadez\" \/>\n<meta name=\"twitter:card\" content=\"summary_large_image\" \/>\n<meta name=\"twitter:label1\" content=\"Kirjoittanut\" \/>\n\t<meta name=\"twitter:data1\" content=\"Marta Berm\u00fadez\" \/>\n\t<meta name=\"twitter:label2\" content=\"Arvioitu lukuaika\" \/>\n\t<meta name=\"twitter:data2\" content=\"3 minuuttia\" \/>\n<script type=\"application\/ld+json\" class=\"yoast-schema-graph\">{\"@context\":\"https:\\\/\\\/schema.org\",\"@graph\":[{\"@type\":\"Article\",\"@id\":\"https:\\\/\\\/www.kolibrifestivaali.org\\\/fi\\\/javiera-mac-lean-kolibri-festivaali-2024\\\/#article\",\"isPartOf\":{\"@id\":\"https:\\\/\\\/www.kolibrifestivaali.org\\\/fi\\\/javiera-mac-lean-kolibri-festivaali-2024\\\/\"},\"author\":{\"name\":\"Marta Berm\u00fadez\",\"@id\":\"https:\\\/\\\/www.kolibrifestivaali.org\\\/fi\\\/#\\\/schema\\\/person\\\/a4d882046c0f7b03960be07d8b5713ba\"},\"headline\":\"Javiera Mac-lean, Kolibr\u00ed 2024 imagon luoja\",\"datePublished\":\"2024-05-06T08:32:17+00:00\",\"dateModified\":\"2024-05-10T08:41:53+00:00\",\"mainEntityOfPage\":{\"@id\":\"https:\\\/\\\/www.kolibrifestivaali.org\\\/fi\\\/javiera-mac-lean-kolibri-festivaali-2024\\\/\"},\"wordCount\":450,\"image\":{\"@id\":\"https:\\\/\\\/www.kolibrifestivaali.org\\\/fi\\\/javiera-mac-lean-kolibri-festivaali-2024\\\/#primaryimage\"},\"thumbnailUrl\":\"https:\\\/\\\/www.kolibrifestivaali.org\\\/wp-content\\\/uploads\\\/2024\\\/05\\\/javiera-mac-lean-image.jpg\",\"keywords\":[\"javiera mac-lean\",\"kolibri 2024\"],\"articleSection\":[\"News\"],\"inLanguage\":\"fi\"},{\"@type\":\"WebPage\",\"@id\":\"https:\\\/\\\/www.kolibrifestivaali.org\\\/fi\\\/javiera-mac-lean-kolibri-festivaali-2024\\\/\",\"url\":\"https:\\\/\\\/www.kolibrifestivaali.org\\\/fi\\\/javiera-mac-lean-kolibri-festivaali-2024\\\/\",\"name\":\"Javiera Mac-lean, Kolibr\u00ed 2024 imagon luoja - Kolibri Festivaali\",\"isPartOf\":{\"@id\":\"https:\\\/\\\/www.kolibrifestivaali.org\\\/fi\\\/#website\"},\"primaryImageOfPage\":{\"@id\":\"https:\\\/\\\/www.kolibrifestivaali.org\\\/fi\\\/javiera-mac-lean-kolibri-festivaali-2024\\\/#primaryimage\"},\"image\":{\"@id\":\"https:\\\/\\\/www.kolibrifestivaali.org\\\/fi\\\/javiera-mac-lean-kolibri-festivaali-2024\\\/#primaryimage\"},\"thumbnailUrl\":\"https:\\\/\\\/www.kolibrifestivaali.org\\\/wp-content\\\/uploads\\\/2024\\\/05\\\/javiera-mac-lean-image.jpg\",\"datePublished\":\"2024-05-06T08:32:17+00:00\",\"dateModified\":\"2024-05-10T08:41:53+00:00\",\"author\":{\"@id\":\"https:\\\/\\\/www.kolibrifestivaali.org\\\/fi\\\/#\\\/schema\\\/person\\\/a4d882046c0f7b03960be07d8b5713ba\"},\"description\":\"Javiera Mac-lean, Kolibr\u00ed 2024 imagon luoja. Tutustu h\u00e4nen ty\u00f6h\u00f6ns\u00e4, harrastuksiinsa ja h\u00e4nen osallistumiseensa Kaleidoskooppiin, vuoden 2024 Kolibr\u00edin!\",\"breadcrumb\":{\"@id\":\"https:\\\/\\\/www.kolibrifestivaali.org\\\/fi\\\/javiera-mac-lean-kolibri-festivaali-2024\\\/#breadcrumb\"},\"inLanguage\":\"fi\",\"potentialAction\":[{\"@type\":\"ReadAction\",\"target\":[\"https:\\\/\\\/www.kolibrifestivaali.org\\\/fi\\\/javiera-mac-lean-kolibri-festivaali-2024\\\/\"]}]},{\"@type\":\"ImageObject\",\"inLanguage\":\"fi\",\"@id\":\"https:\\\/\\\/www.kolibrifestivaali.org\\\/fi\\\/javiera-mac-lean-kolibri-festivaali-2024\\\/#primaryimage\",\"url\":\"https:\\\/\\\/www.kolibrifestivaali.org\\\/wp-content\\\/uploads\\\/2024\\\/05\\\/javiera-mac-lean-image.jpg\",\"contentUrl\":\"https:\\\/\\\/www.kolibrifestivaali.org\\\/wp-content\\\/uploads\\\/2024\\\/05\\\/javiera-mac-lean-image.jpg\",\"width\":1200,\"height\":640},{\"@type\":\"BreadcrumbList\",\"@id\":\"https:\\\/\\\/www.kolibrifestivaali.org\\\/fi\\\/javiera-mac-lean-kolibri-festivaali-2024\\\/#breadcrumb\",\"itemListElement\":[{\"@type\":\"ListItem\",\"position\":1,\"name\":\"Home\",\"item\":\"https:\\\/\\\/www.kolibrifestivaali.org\\\/fi\\\/\"},{\"@type\":\"ListItem\",\"position\":2,\"name\":\"Javiera Mac-lean, Kolibr\u00ed 2024 imagon luoja\"}]},{\"@type\":\"WebSite\",\"@id\":\"https:\\\/\\\/www.kolibrifestivaali.org\\\/fi\\\/#website\",\"url\":\"https:\\\/\\\/www.kolibrifestivaali.org\\\/fi\\\/\",\"name\":\"Kolibri Festivaali\",\"description\":\"Kolibri\u0301 is a unique multicultural, free and open art festival for children and their families.\",\"inLanguage\":\"fi\"},{\"@type\":\"Person\",\"@id\":\"https:\\\/\\\/www.kolibrifestivaali.org\\\/fi\\\/#\\\/schema\\\/person\\\/a4d882046c0f7b03960be07d8b5713ba\",\"name\":\"Marta Berm\u00fadez\",\"image\":{\"@type\":\"ImageObject\",\"inLanguage\":\"fi\",\"@id\":\"https:\\\/\\\/secure.gravatar.com\\\/avatar\\\/35700c2014d565cf72e89c0e712b6bc70303de9d0796b72a069bbd235e79a7b5?s=96&d=mm&r=g\",\"url\":\"https:\\\/\\\/secure.gravatar.com\\\/avatar\\\/35700c2014d565cf72e89c0e712b6bc70303de9d0796b72a069bbd235e79a7b5?s=96&d=mm&r=g\",\"contentUrl\":\"https:\\\/\\\/secure.gravatar.com\\\/avatar\\\/35700c2014d565cf72e89c0e712b6bc70303de9d0796b72a069bbd235e79a7b5?s=96&d=mm&r=g\",\"caption\":\"Marta Berm\u00fadez\"}}]}<\/script>\n<!-- \/ Yoast SEO plugin. -->","yoast_head_json":{"title":"Javiera Mac-lean, Kolibr\u00ed 2024 imagon luoja - Kolibri Festivaali","description":"Javiera Mac-lean, Kolibr\u00ed 2024 imagon luoja. Tutustu h\u00e4nen ty\u00f6h\u00f6ns\u00e4, harrastuksiinsa ja h\u00e4nen osallistumiseensa Kaleidoskooppiin, vuoden 2024 Kolibr\u00edin!","robots":{"index":"index","follow":"follow","max-snippet":"max-snippet:-1","max-image-preview":"max-image-preview:large","max-video-preview":"max-video-preview:-1"},"canonical":"https:\/\/www.kolibrifestivaali.org\/fi\/javiera-mac-lean-kolibri-festivaali-2024\/","og_locale":"fi_FI","og_type":"article","og_title":"Javiera Mac-lean, Kolibr\u00ed 2024 imagon luoja - Kolibri Festivaali","og_description":"Javiera Mac-lean, Kolibr\u00ed 2024 imagon luoja. Tutustu h\u00e4nen ty\u00f6h\u00f6ns\u00e4, harrastuksiinsa ja h\u00e4nen osallistumiseensa Kaleidoskooppiin, vuoden 2024 Kolibr\u00edin!","og_url":"https:\/\/www.kolibrifestivaali.org\/fi\/javiera-mac-lean-kolibri-festivaali-2024\/","og_site_name":"Kolibri Festivaali","article_published_time":"2024-05-06T08:32:17+00:00","article_modified_time":"2024-05-10T08:41:53+00:00","og_image":[{"width":1200,"height":640,"url":"https:\/\/www.kolibrifestivaali.org\/wp-content\/uploads\/2024\/05\/javiera-mac-lean-image.jpg","type":"image\/jpeg"}],"author":"Marta Berm\u00fadez","twitter_card":"summary_large_image","twitter_misc":{"Kirjoittanut":"Marta Berm\u00fadez","Arvioitu lukuaika":"3 minuuttia"},"schema":{"@context":"https:\/\/schema.org","@graph":[{"@type":"Article","@id":"https:\/\/www.kolibrifestivaali.org\/fi\/javiera-mac-lean-kolibri-festivaali-2024\/#article","isPartOf":{"@id":"https:\/\/www.kolibrifestivaali.org\/fi\/javiera-mac-lean-kolibri-festivaali-2024\/"},"author":{"name":"Marta Berm\u00fadez","@id":"https:\/\/www.kolibrifestivaali.org\/fi\/#\/schema\/person\/a4d882046c0f7b03960be07d8b5713ba"},"headline":"Javiera Mac-lean, Kolibr\u00ed 2024 imagon luoja","datePublished":"2024-05-06T08:32:17+00:00","dateModified":"2024-05-10T08:41:53+00:00","mainEntityOfPage":{"@id":"https:\/\/www.kolibrifestivaali.org\/fi\/javiera-mac-lean-kolibri-festivaali-2024\/"},"wordCount":450,"image":{"@id":"https:\/\/www.kolibrifestivaali.org\/fi\/javiera-mac-lean-kolibri-festivaali-2024\/#primaryimage"},"thumbnailUrl":"https:\/\/www.kolibrifestivaali.org\/wp-content\/uploads\/2024\/05\/javiera-mac-lean-image.jpg","keywords":["javiera mac-lean","kolibri 2024"],"articleSection":["News"],"inLanguage":"fi"},{"@type":"WebPage","@id":"https:\/\/www.kolibrifestivaali.org\/fi\/javiera-mac-lean-kolibri-festivaali-2024\/","url":"https:\/\/www.kolibrifestivaali.org\/fi\/javiera-mac-lean-kolibri-festivaali-2024\/","name":"Javiera Mac-lean, Kolibr\u00ed 2024 imagon luoja - Kolibri Festivaali","isPartOf":{"@id":"https:\/\/www.kolibrifestivaali.org\/fi\/#website"},"primaryImageOfPage":{"@id":"https:\/\/www.kolibrifestivaali.org\/fi\/javiera-mac-lean-kolibri-festivaali-2024\/#primaryimage"},"image":{"@id":"https:\/\/www.kolibrifestivaali.org\/fi\/javiera-mac-lean-kolibri-festivaali-2024\/#primaryimage"},"thumbnailUrl":"https:\/\/www.kolibrifestivaali.org\/wp-content\/uploads\/2024\/05\/javiera-mac-lean-image.jpg","datePublished":"2024-05-06T08:32:17+00:00","dateModified":"2024-05-10T08:41:53+00:00","author":{"@id":"https:\/\/www.kolibrifestivaali.org\/fi\/#\/schema\/person\/a4d882046c0f7b03960be07d8b5713ba"},"description":"Javiera Mac-lean, Kolibr\u00ed 2024 imagon luoja. Tutustu h\u00e4nen ty\u00f6h\u00f6ns\u00e4, harrastuksiinsa ja h\u00e4nen osallistumiseensa Kaleidoskooppiin, vuoden 2024 Kolibr\u00edin!","breadcrumb":{"@id":"https:\/\/www.kolibrifestivaali.org\/fi\/javiera-mac-lean-kolibri-festivaali-2024\/#breadcrumb"},"inLanguage":"fi","potentialAction":[{"@type":"ReadAction","target":["https:\/\/www.kolibrifestivaali.org\/fi\/javiera-mac-lean-kolibri-festivaali-2024\/"]}]},{"@type":"ImageObject","inLanguage":"fi","@id":"https:\/\/www.kolibrifestivaali.org\/fi\/javiera-mac-lean-kolibri-festivaali-2024\/#primaryimage","url":"https:\/\/www.kolibrifestivaali.org\/wp-content\/uploads\/2024\/05\/javiera-mac-lean-image.jpg","contentUrl":"https:\/\/www.kolibrifestivaali.org\/wp-content\/uploads\/2024\/05\/javiera-mac-lean-image.jpg","width":1200,"height":640},{"@type":"BreadcrumbList","@id":"https:\/\/www.kolibrifestivaali.org\/fi\/javiera-mac-lean-kolibri-festivaali-2024\/#breadcrumb","itemListElement":[{"@type":"ListItem","position":1,"name":"Home","item":"https:\/\/www.kolibrifestivaali.org\/fi\/"},{"@type":"ListItem","position":2,"name":"Javiera Mac-lean, Kolibr\u00ed 2024 imagon luoja"}]},{"@type":"WebSite","@id":"https:\/\/www.kolibrifestivaali.org\/fi\/#website","url":"https:\/\/www.kolibrifestivaali.org\/fi\/","name":"Kolibri Festivaali","description":"Kolibri\u0301 is a unique multicultural, free and open art festival for children and their families.","inLanguage":"fi"},{"@type":"Person","@id":"https:\/\/www.kolibrifestivaali.org\/fi\/#\/schema\/person\/a4d882046c0f7b03960be07d8b5713ba","name":"Marta Berm\u00fadez","image":{"@type":"ImageObject","inLanguage":"fi","@id":"https:\/\/secure.gravatar.com\/avatar\/35700c2014d565cf72e89c0e712b6bc70303de9d0796b72a069bbd235e79a7b5?s=96&d=mm&r=g","url":"https:\/\/secure.gravatar.com\/avatar\/35700c2014d565cf72e89c0e712b6bc70303de9d0796b72a069bbd235e79a7b5?s=96&d=mm&r=g","contentUrl":"https:\/\/secure.gravatar.com\/avatar\/35700c2014d565cf72e89c0e712b6bc70303de9d0796b72a069bbd235e79a7b5?s=96&d=mm&r=g","caption":"Marta Berm\u00fadez"}}]}},"_links":{"self":[{"href":"https:\/\/www.kolibrifestivaali.org\/fi\/wp-json\/wp\/v2\/posts\/325796","targetHints":{"allow":["GET"]}}],"collection":[{"href":"https:\/\/www.kolibrifestivaali.org\/fi\/wp-json\/wp\/v2\/posts"}],"about":[{"href":"https:\/\/www.kolibrifestivaali.org\/fi\/wp-json\/wp\/v2\/types\/post"}],"author":[{"embeddable":true,"href":"https:\/\/www.kolibrifestivaali.org\/fi\/wp-json\/wp\/v2\/users\/13"}],"replies":[{"embeddable":true,"href":"https:\/\/www.kolibrifestivaali.org\/fi\/wp-json\/wp\/v2\/comments?post=325796"}],"version-history":[{"count":6,"href":"https:\/\/www.kolibrifestivaali.org\/fi\/wp-json\/wp\/v2\/posts\/325796\/revisions"}],"predecessor-version":[{"id":325849,"href":"https:\/\/www.kolibrifestivaali.org\/fi\/wp-json\/wp\/v2\/posts\/325796\/revisions\/325849"}],"wp:featuredmedia":[{"embeddable":true,"href":"https:\/\/www.kolibrifestivaali.org\/fi\/wp-json\/wp\/v2\/media\/325764"}],"wp:attachment":[{"href":"https:\/\/www.kolibrifestivaali.org\/fi\/wp-json\/wp\/v2\/media?parent=325796"}],"wp:term":[{"taxonomy":"category","embeddable":true,"href":"https:\/\/www.kolibrifestivaali.org\/fi\/wp-json\/wp\/v2\/categories?post=325796"},{"taxonomy":"post_tag","embeddable":true,"href":"https:\/\/www.kolibrifestivaali.org\/fi\/wp-json\/wp\/v2\/tags?post=325796"}],"curies":[{"name":"wp","href":"https:\/\/api.w.org\/{rel}","templated":true}]}}