{"id":325727,"date":"2024-02-09T11:59:44","date_gmt":"2024-02-09T09:59:44","guid":{"rendered":"https:\/\/www.kolibrifestivaali.org\/?p=325727"},"modified":"2024-08-20T14:57:24","modified_gmt":"2024-08-20T11:57:24","slug":"kutsu-osallistua-2024-kolibri","status":"publish","type":"post","link":"https:\/\/www.kolibrifestivaali.org\/fi\/kutsu-osallistua-2024-kolibri\/","title":{"rendered":"Avoin kutsu osallistua vuoden 2024 Kolibr\u00ed -ohjelman valintaan\u00a0"},"content":{"rendered":"\n<p>Kutsu sulkeutuu 11.3.2024&nbsp;<\/p>\n\n\n\n<p><a href=\"https:\/\/www.ninho.fi\/\" target=\"_blank\" rel=\"noreferrer noopener\">Kulttuurikeskus Ninho<\/a> j\u00e4rjest\u00e4\u00e4 <strong>kolmannentoista Kolibr\u00ed Festivaalin<\/strong> ja kutsuu taustaltaan ja kokemuksiltaan erilaisia Suomessa asuvia taiteilijoita, tutkijoita ja muita kasvatuksen, taiteen ja kulttuurin ammattilaisia l\u00e4hett\u00e4m\u00e4\u00e4n ehdotuksensa Kolibr\u00ed Festivaalin ohjelman aktiviteeteiksi. Valitut ehdotukset ovat osa kolmannentoista Kolibr\u00ed Festivaalin ohjelmaa.&nbsp;&nbsp;&nbsp;<\/p>\n\n\n\n<p>Kolibr\u00ed on taiteen, tieteen, kielten, luovuuden, n\u00e4kyvyyden ja lapsuuden paikka. <strong>Se j\u00e4rjest\u00e4\u00e4n 14-28.9.2024 Helsingiss\u00e4 ja p\u00e4\u00e4kaupunkiseudulla<\/strong>.&nbsp; <\/p>\n\n\n\n<p><strong>Kutsu sulkeutuu 11.3.2024 klo 24<\/strong>. ja hakemuksen voi tehd\u00e4 englanniksi, espanjaksi tai portugaliksi.&nbsp;&nbsp;<\/p>\n\n\n\n<h3 class=\"wp-block-heading\">Kolmannentoista Kolibr\u00ed Festivaalin aihe on <em>Kaleidoskooppi<\/em>&nbsp;<\/h3>\n\n\n\n<p><em>Kaleidoskoopin allegoria kunnioittaa nykyajan lapsuuden olemusta ja toimii symbolina monitahoisille peileille, jotka heijastavat erilaisia muuttuvia, kehittyvi\u00e4 ja osina kuvia, joista muodostuu palapeli. Se korostaa monikulttuurisuuden rikkautta.&nbsp;<\/em>&nbsp;<\/p>\n\n\n\n<p><em>Benjamin Walter k\u00e4sitti historian ja kulttuurin hajallaan olevien hetkien kaleidoskooppina, jossa jokainen osanen saattoi yksil\u00f6llisesti yhdistettyn\u00e4 paljastaa odottamattomia yhteyksi\u00e4 ja syv\u00e4llisi\u00e4 merkityksi\u00e4.<\/em>&nbsp;<\/p>\n\n\n\n<h3 class=\"wp-block-heading\">Ehdotukset&nbsp;&nbsp;&nbsp;<\/h3>\n\n\n\n<p>Etsimme lapsille suunnattuja aktiviteettej\u00e4, jotka noudattavat festivaalimme p\u00e4\u00e4m\u00e4\u00e4ri\u00e4 ja metodiikkaa sek\u00e4 vastaavat vuoden 2024 teemaa jaettavaksi monimuotoisen ja -kielisen, eri sukupolvista koostuvan yleis\u00f6n kanssa.&nbsp;&nbsp;&nbsp;<\/p>\n\n\n\n<h3 class=\"wp-block-heading\">Yleis\u00f6&nbsp;&nbsp;&nbsp;<\/h3>\n\n\n\n<ul class=\"wp-block-list\">\n<li>Monimuotoisia, erilaisista tilanteista l\u00e4ht\u00f6isin olevia perheit\u00e4, jotka k\u00e4ytt\u00e4v\u00e4t eri perint\u00f6kieli\u00e4.&nbsp;&nbsp;&nbsp;<\/li>\n\n\n\n<li>Eritaustaisia lapsia 3 kk-ik\u00e4isist\u00e4 10-vuotiaisiin.&nbsp;&nbsp;&nbsp;<\/li>\n<\/ul>\n\n\n\n<p>Vuodesta 2018 l\u00e4htien Kolibr\u00edn k\u00e4vij\u00e4t ovat tunnistaneet yleis\u00f6n joukossa <strong>puhuttavan yli 32 eri perint\u00f6kielt\u00e4<\/strong> espanjan, portugalin, suomen, ruotsin ja englannin lis\u00e4ksi.&nbsp;&nbsp;&nbsp;<\/p>\n\n\n\n<p>Kolibr\u00edn ohjelma koostuu monista toiminnoista: perinteisist\u00e4, taiteellisista ja kulttuuri-ilmaisuista aina teknologian ja tieteiden viimeisiin edistysaskeliin.&nbsp;&nbsp;&nbsp;<\/p>\n\n\n\n<p>Otamme vastaan ehdotuksia mm. seuraavilta aloilta ja niiden yhdistelmilt\u00e4: kirjallisuus, grafiikka, visuaaliset taiteet, design, arkkitehtuuri, musiikki, tanssi, teatteri, sirkus, tieteet ja ruokakulttuuri.&nbsp;&nbsp;&nbsp;<\/p>\n\n\n\n<h3 class=\"wp-block-heading\">Formaatti voi olla:&nbsp;&nbsp;&nbsp;<\/h3>\n\n\n\n<ul class=\"wp-block-list\">\n<li><strong>lyhyt ty\u00f6paja<\/strong> (60 min).<\/li>\n\n\n\n<li><strong>pitk\u00e4kestoinen ty\u00f6paja<\/strong> (180 min).&nbsp;<\/li>\n\n\n\n<li><strong>storytime<\/strong> -tarinankerronta (30 min taaperoille ja 60 min muille).&nbsp;&nbsp;&nbsp;<\/li>\n\n\n\n<li><strong>performanssi<\/strong> (60 min): kerrontaa, n\u00e4yt\u00f6s, n\u00e4ytelm\u00e4, konsertti, jne.&nbsp;&nbsp;&nbsp;<\/li>\n<\/ul>\n\n\n\n<h3 class=\"wp-block-heading\">Korvaukset&nbsp;&nbsp;&nbsp;<\/h3>\n\n\n\n<p>Kulttuurikeskus Ninho kattaa valittujen korvaukset seuraavasti:&nbsp;&nbsp;&nbsp;<\/p>\n\n\n\n<ul class=\"wp-block-list\">\n<li><strong>Tunti ty\u00f6pajaa<\/strong>: 70 \u20ac\/t per henkil\u00f6 (sosiaalimaksut mukaan lukien) max. 2 artistia&nbsp;&nbsp;&nbsp;<\/li>\n\n\n\n<li><strong>Pitk\u00e4kestoinen ty\u00f6paja<\/strong>: 210 \u20ac per henkil\u00f6 (sosiaalimaksut mukaan lukien) max. 2 artistia\u00a0\u00a0\u00a0<\/li>\n\n\n\n<li><strong>Performanssi<\/strong>: 200 \u20ac per henkil\u00f6 (sosiaalimaksut mukaan lukien) max. 3 artistia&nbsp;&nbsp;&nbsp;<\/li>\n\n\n\n<li><strong>Konsertti<\/strong>: 200 \u20ac per henkil\u00f6 (sosiaalimaksut mukaan lukien) max. 4 artistia&nbsp;&nbsp;&nbsp;<\/li>\n<\/ul>\n\n\n\n<p>Lis\u00e4ksi tarjoamme tukea (kohtuullisiin) materiaalikuluihin ja katamme tilan sek\u00e4 \u00e4\u00e4ni- ja valolaitteiden ja niit\u00e4 k\u00e4ytt\u00e4vien teknikoiden kulut. Valitettavasti varamme eiv\u00e4t riit\u00e4 korvaamaan matkakustannuksia Helsinkiin, eik\u00e4 mink\u00e4\u00e4nlaisen laitteiston vuokraa.&nbsp;&nbsp;&nbsp;<\/p>\n\n\n\n<p>* Luettuamme kaikki hakemukset sovimme tapaamisesta verkossa ainakin yhden ryhm\u00e4n j\u00e4senen kanssa ymm\u00e4rt\u00e4\u00e4ksemme paremmin, miten esitys toimii ja mit\u00e4 siihen tarvitaan. Pyyd\u00e4mme teit\u00e4 huomioimaan kaikki informaatio, joka tulee osoitteesta: <a href=\"mailto:info@ninho.fi\" target=\"_blank\" rel=\"noreferrer noopener\">info@ninho.fi<\/a>&nbsp;<\/p>\n\n\n\n<h2 class=\"wp-block-heading\">T\u00c4RKE\u00c4\u00c4&nbsp;&nbsp;&nbsp;<\/h2>\n\n\n\n<p>Kolibr\u00ed Festivaali on uusi tapa kokea ja luoda Suomen monimuotoisuuteen perustuvaa lastenkulttuuria. Festivaalin tarkoitus on tarjota turvallinen ja positiivinen tila, jossa viett\u00e4\u00e4 laatuaikaa perheen kanssa ja oppia uutta taiteista, tieteist\u00e4 ja kulttuurista ja jossa vuoropuhelu, keskin\u00e4inen kunnioitus ja yhteisymm\u00e4rrys vallitsevat varhaislapsuudesta alkaen.&nbsp;&nbsp;&nbsp;<\/p>\n\n\n\n<h3 class=\"wp-block-heading\">Kolibr\u00edn ohjelman metodiikan kulmakivet:&nbsp;&nbsp;&nbsp;<\/h3>\n\n\n\n<ul class=\"wp-block-list\">\n<li><strong>Sukupolvien v\u00e4linen kanssak\u00e4yminen<\/strong>: lapset yhdess\u00e4 aikuisten ja seniorien kanssa.&nbsp;&nbsp;&nbsp;<\/li>\n\n\n\n<li><strong>Monikielisyys<\/strong>: perint\u00f6kielet eiv\u00e4t ole salaisuus vaan kulttuurivaltti oppimisessa.&nbsp;&nbsp;&nbsp;<\/li>\n\n\n\n<li><strong>Esteett\u00f6myys<\/strong>: toivotamme tervetulleiksi ja kunnioitamme kaikkia sellaisina kuin he ovat; kaikki voivat osallistua aktiviteetteihin ja nauttia niist\u00e4 ilman pelkoa syrjinn\u00e4st\u00e4.&nbsp;&nbsp;&nbsp;<\/li>\n\n\n\n<li><strong>Monimuotoisuus<\/strong>: lapset osallistuvat perheidens\u00e4 ja ohjaajien kanssa toimintaan, joka korostaa niit\u00e4 ominaisuuksia, jotka tekev\u00e4t heist\u00e4 ainutlaatuisia ja erityisi\u00e4.&nbsp;&nbsp;&nbsp;<\/li>\n<\/ul>\n\n\n\n<h3 class=\"wp-block-heading\">Mit\u00e4 tarkoitamme monimuotoisuudella?&nbsp;&nbsp;&nbsp;<\/h3>\n\n\n\n<p><em>Monimuotoisuus tarkoittaa ihmisten identiteettiin liittyvien erojen kunnioittamista turvallisessa ja positiivisessa ilmapiiriss\u00e4. Yhteiskunnan monimuotoisuus vaatii kaikkien ryhmien hyv\u00e4ksymist\u00e4 ja huomioon ottamista, samoin kuin erilaisuuden kunnioittamista ja siit\u00e4 oppimista. Erot voivat perustua esimerkiksi sukupuoleen, seksuaalisuuteen, sosio-ekonomiseen asemaan, ik\u00e4\u00e4n, fyysisiin ominaisuuksiin, vammaisuuteen, ulkon\u00e4k\u00f6\u00f6n, uskontoon, kieleen, kulttuurieroihin, etnisyyteen, poliittisiin n\u00e4kemyksiin tai eri ideologioihin ja uskomuksiin (<a href=\"https:\/\/www.ninho.fi\/who-we-are\/\" target=\"_blank\" rel=\"noreferrer noopener\">Kulttuurikeskus Ninho<\/a>, 2022).&nbsp;&nbsp;<\/em>&nbsp;<\/p>\n\n\n\n<h3 class=\"wp-block-heading\">Valintaperusteet&nbsp;&nbsp;&nbsp;<\/h3>\n\n\n\n<p>Ehdotukset valitaan k\u00e4ytett\u00e4viss\u00e4 olevien varojen mukaisesti ja riippuen siit\u00e4, kuinka hyvin ne t\u00e4ytt\u00e4v\u00e4t seuraavat kriteerit:&nbsp;&nbsp;&nbsp;<\/p>\n\n\n\n<ul class=\"wp-block-list\">\n<li>Her\u00e4tt\u00e4\u00e4 lapsissa kyky\u00e4 ihmetell\u00e4, luoda, nauttia, kokeilla ja ty\u00f6skennell\u00e4 ryhm\u00e4ss\u00e4.&nbsp;&nbsp;&nbsp;<\/li>\n\n\n\n<li>Edist\u00e4\u00e4 keskin\u00e4isen kunnioituksen, vuoropuhelun ja moninaisuuden tuoman rikkauden arvostusta.&nbsp;&nbsp;&nbsp;<\/li>\n\n\n\n<li>Liittyy vuoden 2024 teemaan.&nbsp;&nbsp;<\/li>\n<\/ul>\n\n\n\n<p>Kannustaa kummankin vanhemman aktiivista osallistumista seuraavissa ik\u00e4ryhmiss\u00e4:&nbsp;&nbsp;&nbsp;<\/p>\n\n\n\n<ul class=\"wp-block-list\">\n<li>3-12 kk-ik\u00e4iset sylilapset.&nbsp;&nbsp;<\/li>\n\n\n\n<li>1-4-vuotiaat taaperot.&nbsp;&nbsp;<\/li>\n\n\n\n<li>4-7-vuotiaat esikoululaiset.&nbsp;&nbsp;<\/li>\n\n\n\n<li>yli 7-vuotiaat koululaiset.&nbsp;&nbsp;<\/li>\n<\/ul>\n\n\n\n<p>Edist\u00e4\u00e4 monikielisen osallistumisen ilmapiiri\u00e4: espanjaksi ja\/tai portugaliksi, englanniksi ja\/tai suomeksi ja\/tai ruotsiksi tai jollain n\u00e4iden yhdistelm\u00e4ll\u00e4. Muutkin kielet ovat tervetulleita, jos materiaalia ei ole k\u00e4\u00e4nnetty espanjaksi ja\/tai portugaliksi.&nbsp;&nbsp;&nbsp;<\/p>\n\n\n\n<p>Kirjallisuudessa ja musiikissa keskitymme tosin em. kieliin. Muutkin kielet ovat tervetulleita, jos materiaalia ei ole k\u00e4\u00e4nnetty espanjaksi ja\/tai portugaliksi.&nbsp;&nbsp;&nbsp;<\/p>\n\n\n\n<p>Suosii kest\u00e4v\u00e4\u00e4 kehityst\u00e4 budjettiin liittyen (kohtuulliset ja todelliset kulut), sek\u00e4 kierr\u00e4tys- tai ymp\u00e4rist\u00f6yst\u00e4v\u00e4llisten ja edullisten materiaalien k\u00e4ytt\u00f6\u00e4.&nbsp;&nbsp;&nbsp;<\/p>\n\n\n\n<h4 class=\"wp-block-heading\">Kiinnit\u00e4mme erityist\u00e4 huomiota ehdotuksiin, jotka edist\u00e4v\u00e4t:&nbsp;&nbsp;&nbsp;<\/h4>\n\n\n\n<ul class=\"wp-block-list\">\n<li>eri tavoin toimintakykyisten lasten aktiivista osallistumista, isien toimimista ohjaajina toiminnassa, seniorien osallistumista yhdess\u00e4 sek\u00e4 taaperoiden ett\u00e4 yli 10-vuotiaiden kanssa,&nbsp;&nbsp;&nbsp;<\/li>\n\n\n\n<li>taiteilijoita, jotka ovat joko Kulttuurikeskus Ninho ry:n tai jonkun muun taiteilijayhdistyksen tai vastaavan yhteisty\u00f6suunnitelmaa tarjoavan yhdistyksen j\u00e4seni\u00e4,&nbsp;&nbsp;&nbsp;<\/li>\n\n\n\n<li>kyky\u00e4 rekrytoida vapaaehtoisia toimintaan (HUOM.: monikieliset henkil\u00f6t, jotka avustavat toiminnoissa vapaaehtoisina voivat saada osallistumistodistuksen esim. taide-, tiede- ja k\u00e4\u00e4nn\u00f6steht\u00e4vist\u00e4).&nbsp;&nbsp;&nbsp;<\/li>\n\n\n\n<li>vaikka Kolibr\u00ed Festivaalin juuret ovat ibero-amerikkalaiset, ehdotukset taiteilijoilta muilta maailmankolkilta mill\u00e4 ilmaisutavalla tahansa ovat tervetulleita.&nbsp;&nbsp;&nbsp;<\/li>\n<\/ul>\n\n\n\n<h3 class=\"wp-block-heading\">Toimittaminen&nbsp;<\/h3>\n\n\n\n<p><a href=\"https:\/\/forms.office.com\/e\/BCMMN2sGxv\" target=\"_blank\" rel=\"noreferrer noopener\">Kaavakkeen<\/a> voi t\u00e4ytt\u00e4\u00e4 englanniksi, espanjaksi tai portugaliksi. <strong>Kutsu sulkeutuu 11.3.2024 klo 24<\/strong>.&nbsp;&nbsp;<\/p>\n\n\n\n<h3 class=\"wp-block-heading\"><strong>Tulokset&nbsp;&nbsp;<\/strong>&nbsp;<\/h3>\n\n\n\n<ul class=\"wp-block-list\">\n<li><strong>5.4.2024 julkaistaan alustava lista<\/strong> valituista ehdotuksista osoitteessa <a href=\"https:\/\/www.kolibrifestivaali.org\/\" target=\"_blank\" rel=\"noreferrer noopener\">www.kolibrifestivaali.org<\/a>&nbsp;&nbsp;&nbsp;<\/li>\n\n\n\n<li>Heti kun rahoitus on varmistettu, julkaistaan lopulliset tulokset.&nbsp;&nbsp;&nbsp;<\/li>\n\n\n\n<li>Tulokset ovat lopulliset ja eik\u00e4 niist\u00e4 voi valittaa.&nbsp;&nbsp;&nbsp;<\/li>\n\n\n\n<li><strong>Valitut henkil\u00f6t voivat osallistus muutamaan sis\u00e4iseen online-koulutustilaisuuteen<\/strong>, jotka pidet\u00e4\u00e4n touko\/kes\u00e4kuussa 2024. Tilaisuudessa annetaan tietoja ja esitell\u00e4\u00e4n Kolibrin keskeisi\u00e4 tekij\u00f6it\u00e4 sek\u00e4 k\u00e4yt\u00e4nn\u00f6n keinoja saavutettavuuden ja inkluusion parantamiseksi. Keskustellaan my\u00f6s rasisminvastaisista toimintatavoista valituissa ehdotuksissa. Tilaisuuksista vastaavat asiantuntijat.&nbsp;&nbsp;<\/li>\n<\/ul>\n\n\n\n<p>Kaikki koottu informaatio on luottamuksellista ja varattu yksinomaan t\u00e4m\u00e4n valintaprosessin k\u00e4ytt\u00f6\u00f6n. Audiovisuaalista materiaalia, samoin kuin Kolibr\u00eda koskevia mielipiteit\u00e4 k\u00e4ytet\u00e4\u00e4n somessa festivaalin esittelyss\u00e4.&nbsp;<\/p>\n\n\n\n<p>Lis\u00e4tietoa: <a href=\"mailto:info@ninho.fi\" target=\"_blank\" rel=\"noreferrer noopener\">info@ninho.fi<\/a>&nbsp;<\/p>\n","protected":false},"excerpt":{"rendered":"<p>Kutsu sulkeutuu 11.3.2024&nbsp; Kulttuurikeskus Ninho j\u00e4rjest\u00e4\u00e4 kolmannentoista Kolibr\u00ed Festivaalin ja kutsuu taustaltaan ja kokemuksiltaan erilaisia Suomessa asuvia taiteilijoita, tutkijoita ja [\u2026] <a href=\"https:\/\/www.kolibrifestivaali.org\/fi\/kutsu-osallistua-2024-kolibri\/\">Lue lis\u00e4\u00e4 &raquo;<\/a><\/p>\n<div class='heateor_sss_sharing_container heateor_sss_vertical_sharing heateor_sss_bottom_sharing' style='width:34px;right: -10px;top: 100px;-webkit-box-shadow:none;box-shadow:none;' data-heateor-sss-href='https:\/\/www.kolibrifestivaali.org\/fi\/wp-json\/wp\/v2\/posts\/325727'><div class=\"heateor_sss_sharing_ul\"><a aria-label=\"Facebook\" class=\"heateor_sss_facebook\" href=\"https:\/\/www.facebook.com\/sharer\/sharer.php?u=https%3A%2F%2Fwww.kolibrifestivaali.org%2Ffi%2Fwp-json%2Fwp%2Fv2%2Fposts%2F325727\" title=\"Facebook\" rel=\"nofollow noopener\" target=\"_blank\" style=\"font-size:32px!important;box-shadow:none;display:inline-block;vertical-align:middle\"><span class=\"heateor_sss_svg\" style=\"background-color:#0765FE;width:30px;height:30px;border-radius:999px;display:inline-block;opacity:1;float:left;font-size:32px;box-shadow:none;display:inline-block;font-size:16px;padding:0 4px;vertical-align:middle;background-repeat:repeat;overflow:hidden;padding:0;cursor:pointer;box-sizing:content-box\"><svg style=\"display:block;border-radius:999px;\" focusable=\"false\" aria-hidden=\"true\" xmlns=\"http:\/\/www.w3.org\/2000\/svg\" width=\"100%\" height=\"100%\" viewBox=\"0 0 32 32\"><path fill=\"#fff\" d=\"M28 16c0-6.627-5.373-12-12-12S4 9.373 4 16c0 5.628 3.875 10.35 9.101 11.647v-7.98h-2.474V16H13.1v-1.58c0-4.085 1.849-5.978 5.859-5.978.76 0 2.072.15 2.608.298v3.325c-.283-.03-.775-.045-1.386-.045-1.967 0-2.728.745-2.728 2.683V16h3.92l-.673 3.667h-3.247v8.245C23.395 27.195 28 22.135 28 16Z\"><\/path><\/svg><\/span><\/a><a aria-label=\"X\" class=\"heateor_sss_button_x\" href=\"https:\/\/twitter.com\/intent\/tweet?text=Kolibri%20Festivaali%20-%20Kolibri%CC%81%20is%20a%20unique%20multicultural%2C%20free%20and%20open%20art%20festival%20for%20children%20and%20their%20families.&url=https%3A%2F%2Fwww.kolibrifestivaali.org%2Ffi%2Fwp-json%2Fwp%2Fv2%2Fposts%2F325727\" title=\"X\" rel=\"nofollow noopener\" target=\"_blank\" style=\"font-size:32px!important;box-shadow:none;display:inline-block;vertical-align:middle\"><span class=\"heateor_sss_svg heateor_sss_s__default heateor_sss_s_x\" style=\"background-color:#2a2a2a;width:30px;height:30px;border-radius:999px;display:inline-block;opacity:1;float:left;font-size:32px;box-shadow:none;display:inline-block;font-size:16px;padding:0 4px;vertical-align:middle;background-repeat:repeat;overflow:hidden;padding:0;cursor:pointer;box-sizing:content-box\"><svg width=\"100%\" height=\"100%\" style=\"display:block;border-radius:999px;\" focusable=\"false\" aria-hidden=\"true\" xmlns=\"http:\/\/www.w3.org\/2000\/svg\" viewBox=\"0 0 32 32\"><path fill=\"#fff\" d=\"M21.751 7h3.067l-6.7 7.658L26 25.078h-6.172l-4.833-6.32-5.531 6.32h-3.07l7.167-8.19L6 7h6.328l4.37 5.777L21.75 7Zm-1.076 16.242h1.7L11.404 8.74H9.58l11.094 14.503Z\"><\/path><\/svg><\/span><\/a><a aria-label=\"Linkedin\" class=\"heateor_sss_button_linkedin\" href=\"https:\/\/www.linkedin.com\/sharing\/share-offsite\/?url=https%3A%2F%2Fwww.kolibrifestivaali.org%2Ffi%2Fwp-json%2Fwp%2Fv2%2Fposts%2F325727\" title=\"Linkedin\" rel=\"nofollow noopener\" target=\"_blank\" style=\"font-size:32px!important;box-shadow:none;display:inline-block;vertical-align:middle\"><span class=\"heateor_sss_svg heateor_sss_s__default heateor_sss_s_linkedin\" style=\"background-color:#0077b5;width:30px;height:30px;border-radius:999px;display:inline-block;opacity:1;float:left;font-size:32px;box-shadow:none;display:inline-block;font-size:16px;padding:0 4px;vertical-align:middle;background-repeat:repeat;overflow:hidden;padding:0;cursor:pointer;box-sizing:content-box\"><svg style=\"display:block;border-radius:999px;\" focusable=\"false\" aria-hidden=\"true\" xmlns=\"http:\/\/www.w3.org\/2000\/svg\" width=\"100%\" height=\"100%\" viewBox=\"0 0 32 32\"><path d=\"M6.227 12.61h4.19v13.48h-4.19V12.61zm2.095-6.7a2.43 2.43 0 0 1 0 4.86c-1.344 0-2.428-1.09-2.428-2.43s1.084-2.43 2.428-2.43m4.72 6.7h4.02v1.84h.058c.56-1.058 1.927-2.176 3.965-2.176 4.238 0 5.02 2.792 5.02 6.42v7.395h-4.183v-6.56c0-1.564-.03-3.574-2.178-3.574-2.18 0-2.514 1.7-2.514 3.46v6.668h-4.187V12.61z\" fill=\"#fff\"><\/path><\/svg><\/span><\/a><a aria-label=\"Instagram\" class=\"heateor_sss_button_instagram\" href=\"https:\/\/www.instagram.com\/\" title=\"Instagram\" rel=\"nofollow noopener\" target=\"_blank\" style=\"font-size:32px!important;box-shadow:none;display:inline-block;vertical-align:middle\"><span class=\"heateor_sss_svg\" style=\"background-color:#53beee;width:30px;height:30px;border-radius:999px;display:inline-block;opacity:1;float:left;font-size:32px;box-shadow:none;display:inline-block;font-size:16px;padding:0 4px;vertical-align:middle;background-repeat:repeat;overflow:hidden;padding:0;cursor:pointer;box-sizing:content-box\"><svg style=\"display:block;border-radius:999px;\" version=\"1.1\" viewBox=\"-10 -10 148 148\" width=\"100%\" height=\"100%\" xml:space=\"preserve\" xmlns=\"http:\/\/www.w3.org\/2000\/svg\" xmlns:xlink=\"http:\/\/www.w3.org\/1999\/xlink\"><g><g><path d=\"M86,112H42c-14.336,0-26-11.663-26-26V42c0-14.337,11.664-26,26-26h44c14.337,0,26,11.663,26,26v44 C112,100.337,100.337,112,86,112z M42,24c-9.925,0-18,8.074-18,18v44c0,9.925,8.075,18,18,18h44c9.926,0,18-8.075,18-18V42 c0-9.926-8.074-18-18-18H42z\" fill=\"#fff\"><\/path><\/g><g><path d=\"M64,88c-13.234,0-24-10.767-24-24c0-13.234,10.766-24,24-24s24,10.766,24,24C88,77.233,77.234,88,64,88z M64,48c-8.822,0-16,7.178-16,16s7.178,16,16,16c8.822,0,16-7.178,16-16S72.822,48,64,48z\" fill=\"#fff\"><\/path><\/g><g><circle cx=\"89.5\" cy=\"38.5\" fill=\"#fff\" r=\"5.5\"><\/circle><\/g><\/g><\/svg><\/span><\/a><\/div><div class=\"heateorSssClear\"><\/div><\/div>","protected":false},"author":13,"featured_media":325711,"comment_status":"closed","ping_status":"closed","sticky":false,"template":"","format":"standard","meta":{"_acf_changed":false,"footnotes":""},"categories":[20],"tags":[867,854,855],"class_list":["post-325727","post","type-post","status-publish","format-standard","has-post-thumbnail","hentry","category-news-archive-fi","tag-kolibri-2024-fi","tag-kolibri-2024-4","tag-open-call-4"],"acf":[],"yoast_head":"<!-- This site is optimized with the Yoast SEO plugin v27.5 - https:\/\/yoast.com\/product\/yoast-seo-wordpress\/ -->\n<title>Avoin kutsu osallistua vuoden 2024 Kolibr\u00ed -ohjelman valintaan\u00a0<\/title>\n<meta name=\"description\" content=\"Kolibr\u00ed Festivaalin ohjelmaehdotuskutsu on nyt auki ja odottaa sinua! L\u00e4het\u00e4 ehdotuksesi 11.3.2024 menness\u00e4!\" \/>\n<meta name=\"robots\" content=\"noindex, follow\" \/>\n<meta property=\"og:locale\" content=\"fi_FI\" \/>\n<meta property=\"og:type\" content=\"article\" \/>\n<meta property=\"og:title\" content=\"Avoin kutsu osallistua vuoden 2024 Kolibr\u00ed -ohjelman valintaan\u00a0\" \/>\n<meta property=\"og:description\" content=\"Kolibr\u00ed Festivaalin ohjelmaehdotuskutsu on nyt auki ja odottaa sinua! L\u00e4het\u00e4 ehdotuksesi 11.3.2024 menness\u00e4!\" \/>\n<meta property=\"og:url\" content=\"https:\/\/www.kolibrifestivaali.org\/fi\/kutsu-osallistua-2024-kolibri\/\" \/>\n<meta property=\"og:site_name\" content=\"Kolibri Festivaali\" \/>\n<meta property=\"article:published_time\" content=\"2024-02-09T09:59:44+00:00\" \/>\n<meta property=\"article:modified_time\" content=\"2024-08-20T11:57:24+00:00\" \/>\n<meta property=\"og:image\" content=\"https:\/\/www.kolibrifestivaali.org\/wp-content\/uploads\/2024\/02\/kolibri-festivaali-open-call-2024.jpg\" \/>\n\t<meta property=\"og:image:width\" content=\"2048\" \/>\n\t<meta property=\"og:image:height\" content=\"1165\" \/>\n\t<meta property=\"og:image:type\" content=\"image\/jpeg\" \/>\n<meta name=\"author\" content=\"Marta Berm\u00fadez\" \/>\n<meta name=\"twitter:card\" content=\"summary_large_image\" \/>\n<meta name=\"twitter:label1\" content=\"Kirjoittanut\" \/>\n\t<meta name=\"twitter:data1\" content=\"Marta Berm\u00fadez\" \/>\n\t<meta name=\"twitter:label2\" content=\"Arvioitu lukuaika\" \/>\n\t<meta name=\"twitter:data2\" content=\"4 minuuttia\" \/>\n<script type=\"application\/ld+json\" class=\"yoast-schema-graph\">{\"@context\":\"https:\\\/\\\/schema.org\",\"@graph\":[{\"@type\":\"Article\",\"@id\":\"https:\\\/\\\/www.kolibrifestivaali.org\\\/fi\\\/kutsu-osallistua-2024-kolibri\\\/#article\",\"isPartOf\":{\"@id\":\"https:\\\/\\\/www.kolibrifestivaali.org\\\/fi\\\/kutsu-osallistua-2024-kolibri\\\/\"},\"author\":{\"name\":\"Marta Berm\u00fadez\",\"@id\":\"https:\\\/\\\/www.kolibrifestivaali.org\\\/fi\\\/#\\\/schema\\\/person\\\/a4d882046c0f7b03960be07d8b5713ba\"},\"headline\":\"Avoin kutsu osallistua vuoden 2024 Kolibr\u00ed -ohjelman valintaan\u00a0\",\"datePublished\":\"2024-02-09T09:59:44+00:00\",\"dateModified\":\"2024-08-20T11:57:24+00:00\",\"mainEntityOfPage\":{\"@id\":\"https:\\\/\\\/www.kolibrifestivaali.org\\\/fi\\\/kutsu-osallistua-2024-kolibri\\\/\"},\"wordCount\":1078,\"image\":{\"@id\":\"https:\\\/\\\/www.kolibrifestivaali.org\\\/fi\\\/kutsu-osallistua-2024-kolibri\\\/#primaryimage\"},\"thumbnailUrl\":\"https:\\\/\\\/www.kolibrifestivaali.org\\\/wp-content\\\/uploads\\\/2024\\\/02\\\/kolibri-festivaali-open-call-2024.jpg\",\"keywords\":[\"kolibri 2024\",\"kolibri 2024\",\"open call\"],\"articleSection\":[\"News\"],\"inLanguage\":\"fi\"},{\"@type\":\"WebPage\",\"@id\":\"https:\\\/\\\/www.kolibrifestivaali.org\\\/fi\\\/kutsu-osallistua-2024-kolibri\\\/\",\"url\":\"https:\\\/\\\/www.kolibrifestivaali.org\\\/fi\\\/kutsu-osallistua-2024-kolibri\\\/\",\"name\":\"Avoin kutsu osallistua vuoden 2024 Kolibr\u00ed -ohjelman valintaan\u00a0\",\"isPartOf\":{\"@id\":\"https:\\\/\\\/www.kolibrifestivaali.org\\\/fi\\\/#website\"},\"primaryImageOfPage\":{\"@id\":\"https:\\\/\\\/www.kolibrifestivaali.org\\\/fi\\\/kutsu-osallistua-2024-kolibri\\\/#primaryimage\"},\"image\":{\"@id\":\"https:\\\/\\\/www.kolibrifestivaali.org\\\/fi\\\/kutsu-osallistua-2024-kolibri\\\/#primaryimage\"},\"thumbnailUrl\":\"https:\\\/\\\/www.kolibrifestivaali.org\\\/wp-content\\\/uploads\\\/2024\\\/02\\\/kolibri-festivaali-open-call-2024.jpg\",\"datePublished\":\"2024-02-09T09:59:44+00:00\",\"dateModified\":\"2024-08-20T11:57:24+00:00\",\"author\":{\"@id\":\"https:\\\/\\\/www.kolibrifestivaali.org\\\/fi\\\/#\\\/schema\\\/person\\\/a4d882046c0f7b03960be07d8b5713ba\"},\"description\":\"Kolibr\u00ed Festivaalin ohjelmaehdotuskutsu on nyt auki ja odottaa sinua! L\u00e4het\u00e4 ehdotuksesi 11.3.2024 menness\u00e4!\",\"breadcrumb\":{\"@id\":\"https:\\\/\\\/www.kolibrifestivaali.org\\\/fi\\\/kutsu-osallistua-2024-kolibri\\\/#breadcrumb\"},\"inLanguage\":\"fi\",\"potentialAction\":[{\"@type\":\"ReadAction\",\"target\":[\"https:\\\/\\\/www.kolibrifestivaali.org\\\/fi\\\/kutsu-osallistua-2024-kolibri\\\/\"]}]},{\"@type\":\"ImageObject\",\"inLanguage\":\"fi\",\"@id\":\"https:\\\/\\\/www.kolibrifestivaali.org\\\/fi\\\/kutsu-osallistua-2024-kolibri\\\/#primaryimage\",\"url\":\"https:\\\/\\\/www.kolibrifestivaali.org\\\/wp-content\\\/uploads\\\/2024\\\/02\\\/kolibri-festivaali-open-call-2024.jpg\",\"contentUrl\":\"https:\\\/\\\/www.kolibrifestivaali.org\\\/wp-content\\\/uploads\\\/2024\\\/02\\\/kolibri-festivaali-open-call-2024.jpg\",\"width\":2048,\"height\":1165},{\"@type\":\"BreadcrumbList\",\"@id\":\"https:\\\/\\\/www.kolibrifestivaali.org\\\/fi\\\/kutsu-osallistua-2024-kolibri\\\/#breadcrumb\",\"itemListElement\":[{\"@type\":\"ListItem\",\"position\":1,\"name\":\"Home\",\"item\":\"https:\\\/\\\/www.kolibrifestivaali.org\\\/fi\\\/\"},{\"@type\":\"ListItem\",\"position\":2,\"name\":\"Avoin kutsu osallistua vuoden 2024 Kolibr\u00ed -ohjelman valintaan\u00a0\"}]},{\"@type\":\"WebSite\",\"@id\":\"https:\\\/\\\/www.kolibrifestivaali.org\\\/fi\\\/#website\",\"url\":\"https:\\\/\\\/www.kolibrifestivaali.org\\\/fi\\\/\",\"name\":\"Kolibri Festivaali\",\"description\":\"Kolibri\u0301 is a unique multicultural, free and open art festival for children and their families.\",\"inLanguage\":\"fi\"},{\"@type\":\"Person\",\"@id\":\"https:\\\/\\\/www.kolibrifestivaali.org\\\/fi\\\/#\\\/schema\\\/person\\\/a4d882046c0f7b03960be07d8b5713ba\",\"name\":\"Marta Berm\u00fadez\",\"image\":{\"@type\":\"ImageObject\",\"inLanguage\":\"fi\",\"@id\":\"https:\\\/\\\/secure.gravatar.com\\\/avatar\\\/35700c2014d565cf72e89c0e712b6bc70303de9d0796b72a069bbd235e79a7b5?s=96&d=mm&r=g\",\"url\":\"https:\\\/\\\/secure.gravatar.com\\\/avatar\\\/35700c2014d565cf72e89c0e712b6bc70303de9d0796b72a069bbd235e79a7b5?s=96&d=mm&r=g\",\"contentUrl\":\"https:\\\/\\\/secure.gravatar.com\\\/avatar\\\/35700c2014d565cf72e89c0e712b6bc70303de9d0796b72a069bbd235e79a7b5?s=96&d=mm&r=g\",\"caption\":\"Marta Berm\u00fadez\"}}]}<\/script>\n<!-- \/ Yoast SEO plugin. -->","yoast_head_json":{"title":"Avoin kutsu osallistua vuoden 2024 Kolibr\u00ed -ohjelman valintaan\u00a0","description":"Kolibr\u00ed Festivaalin ohjelmaehdotuskutsu on nyt auki ja odottaa sinua! L\u00e4het\u00e4 ehdotuksesi 11.3.2024 menness\u00e4!","robots":{"index":"noindex","follow":"follow"},"og_locale":"fi_FI","og_type":"article","og_title":"Avoin kutsu osallistua vuoden 2024 Kolibr\u00ed -ohjelman valintaan\u00a0","og_description":"Kolibr\u00ed Festivaalin ohjelmaehdotuskutsu on nyt auki ja odottaa sinua! L\u00e4het\u00e4 ehdotuksesi 11.3.2024 menness\u00e4!","og_url":"https:\/\/www.kolibrifestivaali.org\/fi\/kutsu-osallistua-2024-kolibri\/","og_site_name":"Kolibri Festivaali","article_published_time":"2024-02-09T09:59:44+00:00","article_modified_time":"2024-08-20T11:57:24+00:00","og_image":[{"width":2048,"height":1165,"url":"https:\/\/www.kolibrifestivaali.org\/wp-content\/uploads\/2024\/02\/kolibri-festivaali-open-call-2024.jpg","type":"image\/jpeg"}],"author":"Marta Berm\u00fadez","twitter_card":"summary_large_image","twitter_misc":{"Kirjoittanut":"Marta Berm\u00fadez","Arvioitu lukuaika":"4 minuuttia"},"schema":{"@context":"https:\/\/schema.org","@graph":[{"@type":"Article","@id":"https:\/\/www.kolibrifestivaali.org\/fi\/kutsu-osallistua-2024-kolibri\/#article","isPartOf":{"@id":"https:\/\/www.kolibrifestivaali.org\/fi\/kutsu-osallistua-2024-kolibri\/"},"author":{"name":"Marta Berm\u00fadez","@id":"https:\/\/www.kolibrifestivaali.org\/fi\/#\/schema\/person\/a4d882046c0f7b03960be07d8b5713ba"},"headline":"Avoin kutsu osallistua vuoden 2024 Kolibr\u00ed -ohjelman valintaan\u00a0","datePublished":"2024-02-09T09:59:44+00:00","dateModified":"2024-08-20T11:57:24+00:00","mainEntityOfPage":{"@id":"https:\/\/www.kolibrifestivaali.org\/fi\/kutsu-osallistua-2024-kolibri\/"},"wordCount":1078,"image":{"@id":"https:\/\/www.kolibrifestivaali.org\/fi\/kutsu-osallistua-2024-kolibri\/#primaryimage"},"thumbnailUrl":"https:\/\/www.kolibrifestivaali.org\/wp-content\/uploads\/2024\/02\/kolibri-festivaali-open-call-2024.jpg","keywords":["kolibri 2024","kolibri 2024","open call"],"articleSection":["News"],"inLanguage":"fi"},{"@type":"WebPage","@id":"https:\/\/www.kolibrifestivaali.org\/fi\/kutsu-osallistua-2024-kolibri\/","url":"https:\/\/www.kolibrifestivaali.org\/fi\/kutsu-osallistua-2024-kolibri\/","name":"Avoin kutsu osallistua vuoden 2024 Kolibr\u00ed -ohjelman valintaan\u00a0","isPartOf":{"@id":"https:\/\/www.kolibrifestivaali.org\/fi\/#website"},"primaryImageOfPage":{"@id":"https:\/\/www.kolibrifestivaali.org\/fi\/kutsu-osallistua-2024-kolibri\/#primaryimage"},"image":{"@id":"https:\/\/www.kolibrifestivaali.org\/fi\/kutsu-osallistua-2024-kolibri\/#primaryimage"},"thumbnailUrl":"https:\/\/www.kolibrifestivaali.org\/wp-content\/uploads\/2024\/02\/kolibri-festivaali-open-call-2024.jpg","datePublished":"2024-02-09T09:59:44+00:00","dateModified":"2024-08-20T11:57:24+00:00","author":{"@id":"https:\/\/www.kolibrifestivaali.org\/fi\/#\/schema\/person\/a4d882046c0f7b03960be07d8b5713ba"},"description":"Kolibr\u00ed Festivaalin ohjelmaehdotuskutsu on nyt auki ja odottaa sinua! L\u00e4het\u00e4 ehdotuksesi 11.3.2024 menness\u00e4!","breadcrumb":{"@id":"https:\/\/www.kolibrifestivaali.org\/fi\/kutsu-osallistua-2024-kolibri\/#breadcrumb"},"inLanguage":"fi","potentialAction":[{"@type":"ReadAction","target":["https:\/\/www.kolibrifestivaali.org\/fi\/kutsu-osallistua-2024-kolibri\/"]}]},{"@type":"ImageObject","inLanguage":"fi","@id":"https:\/\/www.kolibrifestivaali.org\/fi\/kutsu-osallistua-2024-kolibri\/#primaryimage","url":"https:\/\/www.kolibrifestivaali.org\/wp-content\/uploads\/2024\/02\/kolibri-festivaali-open-call-2024.jpg","contentUrl":"https:\/\/www.kolibrifestivaali.org\/wp-content\/uploads\/2024\/02\/kolibri-festivaali-open-call-2024.jpg","width":2048,"height":1165},{"@type":"BreadcrumbList","@id":"https:\/\/www.kolibrifestivaali.org\/fi\/kutsu-osallistua-2024-kolibri\/#breadcrumb","itemListElement":[{"@type":"ListItem","position":1,"name":"Home","item":"https:\/\/www.kolibrifestivaali.org\/fi\/"},{"@type":"ListItem","position":2,"name":"Avoin kutsu osallistua vuoden 2024 Kolibr\u00ed -ohjelman valintaan\u00a0"}]},{"@type":"WebSite","@id":"https:\/\/www.kolibrifestivaali.org\/fi\/#website","url":"https:\/\/www.kolibrifestivaali.org\/fi\/","name":"Kolibri Festivaali","description":"Kolibri\u0301 is a unique multicultural, free and open art festival for children and their families.","inLanguage":"fi"},{"@type":"Person","@id":"https:\/\/www.kolibrifestivaali.org\/fi\/#\/schema\/person\/a4d882046c0f7b03960be07d8b5713ba","name":"Marta Berm\u00fadez","image":{"@type":"ImageObject","inLanguage":"fi","@id":"https:\/\/secure.gravatar.com\/avatar\/35700c2014d565cf72e89c0e712b6bc70303de9d0796b72a069bbd235e79a7b5?s=96&d=mm&r=g","url":"https:\/\/secure.gravatar.com\/avatar\/35700c2014d565cf72e89c0e712b6bc70303de9d0796b72a069bbd235e79a7b5?s=96&d=mm&r=g","contentUrl":"https:\/\/secure.gravatar.com\/avatar\/35700c2014d565cf72e89c0e712b6bc70303de9d0796b72a069bbd235e79a7b5?s=96&d=mm&r=g","caption":"Marta Berm\u00fadez"}}]}},"_links":{"self":[{"href":"https:\/\/www.kolibrifestivaali.org\/fi\/wp-json\/wp\/v2\/posts\/325727","targetHints":{"allow":["GET"]}}],"collection":[{"href":"https:\/\/www.kolibrifestivaali.org\/fi\/wp-json\/wp\/v2\/posts"}],"about":[{"href":"https:\/\/www.kolibrifestivaali.org\/fi\/wp-json\/wp\/v2\/types\/post"}],"author":[{"embeddable":true,"href":"https:\/\/www.kolibrifestivaali.org\/fi\/wp-json\/wp\/v2\/users\/13"}],"replies":[{"embeddable":true,"href":"https:\/\/www.kolibrifestivaali.org\/fi\/wp-json\/wp\/v2\/comments?post=325727"}],"version-history":[{"count":3,"href":"https:\/\/www.kolibrifestivaali.org\/fi\/wp-json\/wp\/v2\/posts\/325727\/revisions"}],"predecessor-version":[{"id":326640,"href":"https:\/\/www.kolibrifestivaali.org\/fi\/wp-json\/wp\/v2\/posts\/325727\/revisions\/326640"}],"wp:featuredmedia":[{"embeddable":true,"href":"https:\/\/www.kolibrifestivaali.org\/fi\/wp-json\/wp\/v2\/media\/325711"}],"wp:attachment":[{"href":"https:\/\/www.kolibrifestivaali.org\/fi\/wp-json\/wp\/v2\/media?parent=325727"}],"wp:term":[{"taxonomy":"category","embeddable":true,"href":"https:\/\/www.kolibrifestivaali.org\/fi\/wp-json\/wp\/v2\/categories?post=325727"},{"taxonomy":"post_tag","embeddable":true,"href":"https:\/\/www.kolibrifestivaali.org\/fi\/wp-json\/wp\/v2\/tags?post=325727"}],"curies":[{"name":"wp","href":"https:\/\/api.w.org\/{rel}","templated":true}]}}