{"id":1139,"date":"2015-09-03T21:50:14","date_gmt":"2015-09-03T18:50:14","guid":{"rendered":"https:\/\/www.kolibrifestivaali.org\/uncategorized-fi\/panel-uusia-suomalaisia\/"},"modified":"2021-09-01T15:08:43","modified_gmt":"2021-09-01T12:08:43","slug":"panel-uusia-suomalaisia","status":"publish","type":"post","link":"https:\/\/www.kolibrifestivaali.org\/fi\/panel-uusia-suomalaisia\/","title":{"rendered":"Paneeli: Uusia suomalaisia"},"content":{"rendered":"<p><strong>Tiistaina 15.9.<\/strong>\u00a0(klo 17-19)<br \/>\n<a href=\"http:\/\/www.helmet.fi\/entressenkirjasto\">Entresse Kirjasto<\/a>, Estradi, Siltakatu 11, 02770 Espoo<\/p>\n<p style=\"text-align: justify;\">Uusia suomalaisia on toimittaja Anni Valtosen ja valokuvaaja Milka Alasen vuonna 2014 julkaisema kirja, jossa monimuotoistuvaa Suomea ja suomalaisuutta l\u00e4hestyt\u00e4\u00e4n kahden kulttuurin perheiden ja heid\u00e4n tarinoiden v\u00e4lityksell\u00e4. Kirjaan perustuva valokuvan\u00e4yttely on esill\u00e4 Entressen kirjaston n\u00e4yttelytilassa 7.-27.9.2015. N\u00e4yttelyyn ja paneeliin on vapaa p\u00e4\u00e4sy.<\/p>\n<p><strong>Paneelikeskustelun vet\u00e4j\u00e4:<\/strong> Toimittaja Anni Valtonen<br \/>\nKeskustelua sopeutumisesta, ennakkoluuloista, kulttuurieroista, kasvatuksesta, koulutuksesta, mahdollisuuksista.<\/p>\n<p><strong>Panelistit:<\/strong><br \/>\n&#8211; Sharad Shakya, nepalilaissyntyinen muusikko, yksi Uusia suomalaisia -kirjan isist\u00e4<br \/>\n&#8211; Mariana Salgado, argentiinalaissyntyinen muotoilija Argentiinasta, yksi Uusia suomalaisia -kirjan \u00e4ideist\u00e4<br \/>\n&#8211; Andrea Botero, kolumbialaissyntyinen tutkija, yksi Uusia suomalaisia -kirjan \u00e4ideist\u00e4<br \/>\n&#8211; Tanja del Angel. kaksikulttuurisen perheen \u00e4iti,Duo-projektin koordinaattori\/Familia Club<\/p>\n<p><strong>Paneelin kieli:<\/strong> Englantia<br \/>\n<strong>J\u00e4rjest\u00e4j\u00e4:<\/strong> Kolibr\u00ed -festivaali yhteisty\u00f6ss\u00e4 kahden kulttuurin perheiden Duo-projektin ja Familia ry:n kanssa<\/p>\n","protected":false},"excerpt":{"rendered":"<p>Tiistaina 15.9.\u00a0(klo 17-19) Entresse Kirjasto, Estradi, Siltakatu 11, 02770 Espoo Uusia suomalaisia on toimittaja Anni Valtosen ja valokuvaaja Milka Alasen [\u2026] <a href=\"https:\/\/www.kolibrifestivaali.org\/fi\/panel-uusia-suomalaisia\/\">Lue lis\u00e4\u00e4 &raquo;<\/a><\/p>\n<div class='heateor_sss_sharing_container heateor_sss_vertical_sharing heateor_sss_bottom_sharing' style='width:34px;right: -10px;top: 100px;-webkit-box-shadow:none;box-shadow:none;' data-heateor-sss-href='https:\/\/www.kolibrifestivaali.org\/fi\/wp-json\/wp\/v2\/posts\/1139'><div class=\"heateor_sss_sharing_ul\"><a aria-label=\"Facebook\" class=\"heateor_sss_facebook\" href=\"https:\/\/www.facebook.com\/sharer\/sharer.php?u=https%3A%2F%2Fwww.kolibrifestivaali.org%2Ffi%2Fwp-json%2Fwp%2Fv2%2Fposts%2F1139\" title=\"Facebook\" rel=\"nofollow noopener\" target=\"_blank\" style=\"font-size:32px!important;box-shadow:none;display:inline-block;vertical-align:middle\"><span class=\"heateor_sss_svg\" style=\"background-color:#0765FE;width:30px;height:30px;border-radius:999px;display:inline-block;opacity:1;float:left;font-size:32px;box-shadow:none;display:inline-block;font-size:16px;padding:0 4px;vertical-align:middle;background-repeat:repeat;overflow:hidden;padding:0;cursor:pointer;box-sizing:content-box\"><svg style=\"display:block;border-radius:999px;\" focusable=\"false\" aria-hidden=\"true\" xmlns=\"http:\/\/www.w3.org\/2000\/svg\" width=\"100%\" height=\"100%\" viewBox=\"0 0 32 32\"><path fill=\"#fff\" d=\"M28 16c0-6.627-5.373-12-12-12S4 9.373 4 16c0 5.628 3.875 10.35 9.101 11.647v-7.98h-2.474V16H13.1v-1.58c0-4.085 1.849-5.978 5.859-5.978.76 0 2.072.15 2.608.298v3.325c-.283-.03-.775-.045-1.386-.045-1.967 0-2.728.745-2.728 2.683V16h3.92l-.673 3.667h-3.247v8.245C23.395 27.195 28 22.135 28 16Z\"><\/path><\/svg><\/span><\/a><a aria-label=\"X\" class=\"heateor_sss_button_x\" href=\"https:\/\/twitter.com\/intent\/tweet?text=Kolibri%20Festivaali%20-%20Kolibri%CC%81%20is%20a%20unique%20multicultural%2C%20free%20and%20open%20art%20festival%20for%20children%20and%20their%20families.&url=https%3A%2F%2Fwww.kolibrifestivaali.org%2Ffi%2Fwp-json%2Fwp%2Fv2%2Fposts%2F1139\" title=\"X\" rel=\"nofollow noopener\" target=\"_blank\" style=\"font-size:32px!important;box-shadow:none;display:inline-block;vertical-align:middle\"><span class=\"heateor_sss_svg heateor_sss_s__default heateor_sss_s_x\" style=\"background-color:#2a2a2a;width:30px;height:30px;border-radius:999px;display:inline-block;opacity:1;float:left;font-size:32px;box-shadow:none;display:inline-block;font-size:16px;padding:0 4px;vertical-align:middle;background-repeat:repeat;overflow:hidden;padding:0;cursor:pointer;box-sizing:content-box\"><svg width=\"100%\" height=\"100%\" style=\"display:block;border-radius:999px;\" focusable=\"false\" aria-hidden=\"true\" xmlns=\"http:\/\/www.w3.org\/2000\/svg\" viewBox=\"0 0 32 32\"><path fill=\"#fff\" d=\"M21.751 7h3.067l-6.7 7.658L26 25.078h-6.172l-4.833-6.32-5.531 6.32h-3.07l7.167-8.19L6 7h6.328l4.37 5.777L21.75 7Zm-1.076 16.242h1.7L11.404 8.74H9.58l11.094 14.503Z\"><\/path><\/svg><\/span><\/a><a aria-label=\"Linkedin\" class=\"heateor_sss_button_linkedin\" href=\"https:\/\/www.linkedin.com\/sharing\/share-offsite\/?url=https%3A%2F%2Fwww.kolibrifestivaali.org%2Ffi%2Fwp-json%2Fwp%2Fv2%2Fposts%2F1139\" title=\"Linkedin\" rel=\"nofollow noopener\" target=\"_blank\" style=\"font-size:32px!important;box-shadow:none;display:inline-block;vertical-align:middle\"><span class=\"heateor_sss_svg heateor_sss_s__default heateor_sss_s_linkedin\" style=\"background-color:#0077b5;width:30px;height:30px;border-radius:999px;display:inline-block;opacity:1;float:left;font-size:32px;box-shadow:none;display:inline-block;font-size:16px;padding:0 4px;vertical-align:middle;background-repeat:repeat;overflow:hidden;padding:0;cursor:pointer;box-sizing:content-box\"><svg style=\"display:block;border-radius:999px;\" focusable=\"false\" aria-hidden=\"true\" xmlns=\"http:\/\/www.w3.org\/2000\/svg\" width=\"100%\" height=\"100%\" viewBox=\"0 0 32 32\"><path d=\"M6.227 12.61h4.19v13.48h-4.19V12.61zm2.095-6.7a2.43 2.43 0 0 1 0 4.86c-1.344 0-2.428-1.09-2.428-2.43s1.084-2.43 2.428-2.43m4.72 6.7h4.02v1.84h.058c.56-1.058 1.927-2.176 3.965-2.176 4.238 0 5.02 2.792 5.02 6.42v7.395h-4.183v-6.56c0-1.564-.03-3.574-2.178-3.574-2.18 0-2.514 1.7-2.514 3.46v6.668h-4.187V12.61z\" fill=\"#fff\"><\/path><\/svg><\/span><\/a><a aria-label=\"Instagram\" class=\"heateor_sss_button_instagram\" href=\"https:\/\/www.instagram.com\/\" title=\"Instagram\" rel=\"nofollow noopener\" target=\"_blank\" style=\"font-size:32px!important;box-shadow:none;display:inline-block;vertical-align:middle\"><span class=\"heateor_sss_svg\" style=\"background-color:#53beee;width:30px;height:30px;border-radius:999px;display:inline-block;opacity:1;float:left;font-size:32px;box-shadow:none;display:inline-block;font-size:16px;padding:0 4px;vertical-align:middle;background-repeat:repeat;overflow:hidden;padding:0;cursor:pointer;box-sizing:content-box\"><svg style=\"display:block;border-radius:999px;\" version=\"1.1\" viewBox=\"-10 -10 148 148\" width=\"100%\" height=\"100%\" xml:space=\"preserve\" xmlns=\"http:\/\/www.w3.org\/2000\/svg\" xmlns:xlink=\"http:\/\/www.w3.org\/1999\/xlink\"><g><g><path d=\"M86,112H42c-14.336,0-26-11.663-26-26V42c0-14.337,11.664-26,26-26h44c14.337,0,26,11.663,26,26v44 C112,100.337,100.337,112,86,112z M42,24c-9.925,0-18,8.074-18,18v44c0,9.925,8.075,18,18,18h44c9.926,0,18-8.075,18-18V42 c0-9.926-8.074-18-18-18H42z\" fill=\"#fff\"><\/path><\/g><g><path d=\"M64,88c-13.234,0-24-10.767-24-24c0-13.234,10.766-24,24-24s24,10.766,24,24C88,77.233,77.234,88,64,88z M64,48c-8.822,0-16,7.178-16,16s7.178,16,16,16c8.822,0,16-7.178,16-16S72.822,48,64,48z\" fill=\"#fff\"><\/path><\/g><g><circle cx=\"89.5\" cy=\"38.5\" fill=\"#fff\" r=\"5.5\"><\/circle><\/g><\/g><\/svg><\/span><\/a><\/div><div class=\"heateorSssClear\"><\/div><\/div>","protected":false},"author":3,"featured_media":6591,"comment_status":"closed","ping_status":"closed","sticky":false,"template":"","format":"standard","meta":{"_acf_changed":false,"footnotes":""},"categories":[20],"tags":[],"class_list":["post-1139","post","type-post","status-publish","format-standard","has-post-thumbnail","hentry","category-news-archive-fi"],"acf":[],"yoast_head":"<!-- This site is optimized with the Yoast SEO plugin v27.5 - https:\/\/yoast.com\/product\/yoast-seo-wordpress\/ -->\n<title>Paneeli: Uusia suomalaisia - Kolibri Festivaali<\/title>\n<meta name=\"robots\" content=\"noindex, follow\" \/>\n<meta property=\"og:locale\" content=\"fi_FI\" \/>\n<meta property=\"og:type\" content=\"article\" \/>\n<meta property=\"og:title\" content=\"Paneeli: Uusia suomalaisia - Kolibri Festivaali\" \/>\n<meta property=\"og:description\" content=\"Tiistaina 15.9.\u00a0(klo 17-19) Entresse Kirjasto, Estradi, Siltakatu 11, 02770 Espoo Uusia suomalaisia on toimittaja Anni Valtosen ja valokuvaaja Milka Alasen [\u2026] Lue lis\u00e4\u00e4 &raquo;\" \/>\n<meta property=\"og:url\" content=\"https:\/\/www.kolibrifestivaali.org\/fi\/panel-uusia-suomalaisia\/\" \/>\n<meta property=\"og:site_name\" content=\"Kolibri Festivaali\" \/>\n<meta property=\"article:published_time\" content=\"2015-09-03T18:50:14+00:00\" \/>\n<meta property=\"article:modified_time\" content=\"2021-09-01T12:08:43+00:00\" \/>\n<meta property=\"og:image\" content=\"https:\/\/www.kolibrifestivaali.org\/wp-content\/uploads\/2021\/09\/kari-ja-menzel-6495-1-scaled.jpg\" \/>\n\t<meta property=\"og:image:width\" content=\"2560\" \/>\n\t<meta property=\"og:image:height\" content=\"1707\" \/>\n\t<meta property=\"og:image:type\" content=\"image\/jpeg\" \/>\n<meta name=\"author\" content=\"Lau\" \/>\n<meta name=\"twitter:card\" content=\"summary_large_image\" \/>\n<meta name=\"twitter:label1\" content=\"Kirjoittanut\" \/>\n\t<meta name=\"twitter:data1\" content=\"Lau\" \/>\n\t<meta name=\"twitter:label2\" content=\"Arvioitu lukuaika\" \/>\n\t<meta name=\"twitter:data2\" content=\"1 minuutti\" \/>\n<script type=\"application\/ld+json\" class=\"yoast-schema-graph\">{\"@context\":\"https:\\\/\\\/schema.org\",\"@graph\":[{\"@type\":\"Article\",\"@id\":\"https:\\\/\\\/www.kolibrifestivaali.org\\\/fi\\\/panel-uusia-suomalaisia\\\/#article\",\"isPartOf\":{\"@id\":\"https:\\\/\\\/www.kolibrifestivaali.org\\\/fi\\\/panel-uusia-suomalaisia\\\/\"},\"author\":{\"name\":\"Lau\",\"@id\":\"https:\\\/\\\/www.kolibrifestivaali.org\\\/fi\\\/#\\\/schema\\\/person\\\/a92cc7d5257a10f417b07f1b5170a0bc\"},\"headline\":\"Paneeli: Uusia suomalaisia\",\"datePublished\":\"2015-09-03T18:50:14+00:00\",\"dateModified\":\"2021-09-01T12:08:43+00:00\",\"mainEntityOfPage\":{\"@id\":\"https:\\\/\\\/www.kolibrifestivaali.org\\\/fi\\\/panel-uusia-suomalaisia\\\/\"},\"wordCount\":135,\"image\":{\"@id\":\"https:\\\/\\\/www.kolibrifestivaali.org\\\/fi\\\/panel-uusia-suomalaisia\\\/#primaryimage\"},\"thumbnailUrl\":\"https:\\\/\\\/www.kolibrifestivaali.org\\\/wp-content\\\/uploads\\\/2021\\\/09\\\/kari-ja-menzel-6495-1-scaled.jpg\",\"articleSection\":[\"News\"],\"inLanguage\":\"fi\"},{\"@type\":\"WebPage\",\"@id\":\"https:\\\/\\\/www.kolibrifestivaali.org\\\/fi\\\/panel-uusia-suomalaisia\\\/\",\"url\":\"https:\\\/\\\/www.kolibrifestivaali.org\\\/fi\\\/panel-uusia-suomalaisia\\\/\",\"name\":\"Paneeli: Uusia suomalaisia - Kolibri Festivaali\",\"isPartOf\":{\"@id\":\"https:\\\/\\\/www.kolibrifestivaali.org\\\/fi\\\/#website\"},\"primaryImageOfPage\":{\"@id\":\"https:\\\/\\\/www.kolibrifestivaali.org\\\/fi\\\/panel-uusia-suomalaisia\\\/#primaryimage\"},\"image\":{\"@id\":\"https:\\\/\\\/www.kolibrifestivaali.org\\\/fi\\\/panel-uusia-suomalaisia\\\/#primaryimage\"},\"thumbnailUrl\":\"https:\\\/\\\/www.kolibrifestivaali.org\\\/wp-content\\\/uploads\\\/2021\\\/09\\\/kari-ja-menzel-6495-1-scaled.jpg\",\"datePublished\":\"2015-09-03T18:50:14+00:00\",\"dateModified\":\"2021-09-01T12:08:43+00:00\",\"author\":{\"@id\":\"https:\\\/\\\/www.kolibrifestivaali.org\\\/fi\\\/#\\\/schema\\\/person\\\/a92cc7d5257a10f417b07f1b5170a0bc\"},\"breadcrumb\":{\"@id\":\"https:\\\/\\\/www.kolibrifestivaali.org\\\/fi\\\/panel-uusia-suomalaisia\\\/#breadcrumb\"},\"inLanguage\":\"fi\",\"potentialAction\":[{\"@type\":\"ReadAction\",\"target\":[\"https:\\\/\\\/www.kolibrifestivaali.org\\\/fi\\\/panel-uusia-suomalaisia\\\/\"]}]},{\"@type\":\"ImageObject\",\"inLanguage\":\"fi\",\"@id\":\"https:\\\/\\\/www.kolibrifestivaali.org\\\/fi\\\/panel-uusia-suomalaisia\\\/#primaryimage\",\"url\":\"https:\\\/\\\/www.kolibrifestivaali.org\\\/wp-content\\\/uploads\\\/2021\\\/09\\\/kari-ja-menzel-6495-1-scaled.jpg\",\"contentUrl\":\"https:\\\/\\\/www.kolibrifestivaali.org\\\/wp-content\\\/uploads\\\/2021\\\/09\\\/kari-ja-menzel-6495-1-scaled.jpg\",\"width\":2560,\"height\":1707},{\"@type\":\"BreadcrumbList\",\"@id\":\"https:\\\/\\\/www.kolibrifestivaali.org\\\/fi\\\/panel-uusia-suomalaisia\\\/#breadcrumb\",\"itemListElement\":[{\"@type\":\"ListItem\",\"position\":1,\"name\":\"Home\",\"item\":\"https:\\\/\\\/www.kolibrifestivaali.org\\\/fi\\\/\"},{\"@type\":\"ListItem\",\"position\":2,\"name\":\"Paneeli: Uusia suomalaisia\"}]},{\"@type\":\"WebSite\",\"@id\":\"https:\\\/\\\/www.kolibrifestivaali.org\\\/fi\\\/#website\",\"url\":\"https:\\\/\\\/www.kolibrifestivaali.org\\\/fi\\\/\",\"name\":\"Kolibri Festivaali\",\"description\":\"Kolibri\u0301 is a unique multicultural, free and open art festival for children and their families.\",\"inLanguage\":\"fi\"},{\"@type\":\"Person\",\"@id\":\"https:\\\/\\\/www.kolibrifestivaali.org\\\/fi\\\/#\\\/schema\\\/person\\\/a92cc7d5257a10f417b07f1b5170a0bc\",\"name\":\"Lau\",\"image\":{\"@type\":\"ImageObject\",\"inLanguage\":\"fi\",\"@id\":\"https:\\\/\\\/secure.gravatar.com\\\/avatar\\\/2ee43f6c356b9b7ad7ddf26db92953a090f59b0357aa82d6c566096a261a7e8b?s=96&d=mm&r=g\",\"url\":\"https:\\\/\\\/secure.gravatar.com\\\/avatar\\\/2ee43f6c356b9b7ad7ddf26db92953a090f59b0357aa82d6c566096a261a7e8b?s=96&d=mm&r=g\",\"contentUrl\":\"https:\\\/\\\/secure.gravatar.com\\\/avatar\\\/2ee43f6c356b9b7ad7ddf26db92953a090f59b0357aa82d6c566096a261a7e8b?s=96&d=mm&r=g\",\"caption\":\"Lau\"}}]}<\/script>\n<!-- \/ Yoast SEO plugin. -->","yoast_head_json":{"title":"Paneeli: Uusia suomalaisia - Kolibri Festivaali","robots":{"index":"noindex","follow":"follow"},"og_locale":"fi_FI","og_type":"article","og_title":"Paneeli: Uusia suomalaisia - Kolibri Festivaali","og_description":"Tiistaina 15.9.\u00a0(klo 17-19) Entresse Kirjasto, Estradi, Siltakatu 11, 02770 Espoo Uusia suomalaisia on toimittaja Anni Valtosen ja valokuvaaja Milka Alasen [\u2026] Lue lis\u00e4\u00e4 &raquo;","og_url":"https:\/\/www.kolibrifestivaali.org\/fi\/panel-uusia-suomalaisia\/","og_site_name":"Kolibri Festivaali","article_published_time":"2015-09-03T18:50:14+00:00","article_modified_time":"2021-09-01T12:08:43+00:00","og_image":[{"width":2560,"height":1707,"url":"https:\/\/www.kolibrifestivaali.org\/wp-content\/uploads\/2021\/09\/kari-ja-menzel-6495-1-scaled.jpg","type":"image\/jpeg"}],"author":"Lau","twitter_card":"summary_large_image","twitter_misc":{"Kirjoittanut":"Lau","Arvioitu lukuaika":"1 minuutti"},"schema":{"@context":"https:\/\/schema.org","@graph":[{"@type":"Article","@id":"https:\/\/www.kolibrifestivaali.org\/fi\/panel-uusia-suomalaisia\/#article","isPartOf":{"@id":"https:\/\/www.kolibrifestivaali.org\/fi\/panel-uusia-suomalaisia\/"},"author":{"name":"Lau","@id":"https:\/\/www.kolibrifestivaali.org\/fi\/#\/schema\/person\/a92cc7d5257a10f417b07f1b5170a0bc"},"headline":"Paneeli: Uusia suomalaisia","datePublished":"2015-09-03T18:50:14+00:00","dateModified":"2021-09-01T12:08:43+00:00","mainEntityOfPage":{"@id":"https:\/\/www.kolibrifestivaali.org\/fi\/panel-uusia-suomalaisia\/"},"wordCount":135,"image":{"@id":"https:\/\/www.kolibrifestivaali.org\/fi\/panel-uusia-suomalaisia\/#primaryimage"},"thumbnailUrl":"https:\/\/www.kolibrifestivaali.org\/wp-content\/uploads\/2021\/09\/kari-ja-menzel-6495-1-scaled.jpg","articleSection":["News"],"inLanguage":"fi"},{"@type":"WebPage","@id":"https:\/\/www.kolibrifestivaali.org\/fi\/panel-uusia-suomalaisia\/","url":"https:\/\/www.kolibrifestivaali.org\/fi\/panel-uusia-suomalaisia\/","name":"Paneeli: Uusia suomalaisia - Kolibri Festivaali","isPartOf":{"@id":"https:\/\/www.kolibrifestivaali.org\/fi\/#website"},"primaryImageOfPage":{"@id":"https:\/\/www.kolibrifestivaali.org\/fi\/panel-uusia-suomalaisia\/#primaryimage"},"image":{"@id":"https:\/\/www.kolibrifestivaali.org\/fi\/panel-uusia-suomalaisia\/#primaryimage"},"thumbnailUrl":"https:\/\/www.kolibrifestivaali.org\/wp-content\/uploads\/2021\/09\/kari-ja-menzel-6495-1-scaled.jpg","datePublished":"2015-09-03T18:50:14+00:00","dateModified":"2021-09-01T12:08:43+00:00","author":{"@id":"https:\/\/www.kolibrifestivaali.org\/fi\/#\/schema\/person\/a92cc7d5257a10f417b07f1b5170a0bc"},"breadcrumb":{"@id":"https:\/\/www.kolibrifestivaali.org\/fi\/panel-uusia-suomalaisia\/#breadcrumb"},"inLanguage":"fi","potentialAction":[{"@type":"ReadAction","target":["https:\/\/www.kolibrifestivaali.org\/fi\/panel-uusia-suomalaisia\/"]}]},{"@type":"ImageObject","inLanguage":"fi","@id":"https:\/\/www.kolibrifestivaali.org\/fi\/panel-uusia-suomalaisia\/#primaryimage","url":"https:\/\/www.kolibrifestivaali.org\/wp-content\/uploads\/2021\/09\/kari-ja-menzel-6495-1-scaled.jpg","contentUrl":"https:\/\/www.kolibrifestivaali.org\/wp-content\/uploads\/2021\/09\/kari-ja-menzel-6495-1-scaled.jpg","width":2560,"height":1707},{"@type":"BreadcrumbList","@id":"https:\/\/www.kolibrifestivaali.org\/fi\/panel-uusia-suomalaisia\/#breadcrumb","itemListElement":[{"@type":"ListItem","position":1,"name":"Home","item":"https:\/\/www.kolibrifestivaali.org\/fi\/"},{"@type":"ListItem","position":2,"name":"Paneeli: Uusia suomalaisia"}]},{"@type":"WebSite","@id":"https:\/\/www.kolibrifestivaali.org\/fi\/#website","url":"https:\/\/www.kolibrifestivaali.org\/fi\/","name":"Kolibri Festivaali","description":"Kolibri\u0301 is a unique multicultural, free and open art festival for children and their families.","inLanguage":"fi"},{"@type":"Person","@id":"https:\/\/www.kolibrifestivaali.org\/fi\/#\/schema\/person\/a92cc7d5257a10f417b07f1b5170a0bc","name":"Lau","image":{"@type":"ImageObject","inLanguage":"fi","@id":"https:\/\/secure.gravatar.com\/avatar\/2ee43f6c356b9b7ad7ddf26db92953a090f59b0357aa82d6c566096a261a7e8b?s=96&d=mm&r=g","url":"https:\/\/secure.gravatar.com\/avatar\/2ee43f6c356b9b7ad7ddf26db92953a090f59b0357aa82d6c566096a261a7e8b?s=96&d=mm&r=g","contentUrl":"https:\/\/secure.gravatar.com\/avatar\/2ee43f6c356b9b7ad7ddf26db92953a090f59b0357aa82d6c566096a261a7e8b?s=96&d=mm&r=g","caption":"Lau"}}]}},"_links":{"self":[{"href":"https:\/\/www.kolibrifestivaali.org\/fi\/wp-json\/wp\/v2\/posts\/1139","targetHints":{"allow":["GET"]}}],"collection":[{"href":"https:\/\/www.kolibrifestivaali.org\/fi\/wp-json\/wp\/v2\/posts"}],"about":[{"href":"https:\/\/www.kolibrifestivaali.org\/fi\/wp-json\/wp\/v2\/types\/post"}],"author":[{"embeddable":true,"href":"https:\/\/www.kolibrifestivaali.org\/fi\/wp-json\/wp\/v2\/users\/3"}],"replies":[{"embeddable":true,"href":"https:\/\/www.kolibrifestivaali.org\/fi\/wp-json\/wp\/v2\/comments?post=1139"}],"version-history":[{"count":0,"href":"https:\/\/www.kolibrifestivaali.org\/fi\/wp-json\/wp\/v2\/posts\/1139\/revisions"}],"wp:featuredmedia":[{"embeddable":true,"href":"https:\/\/www.kolibrifestivaali.org\/fi\/wp-json\/wp\/v2\/media\/6591"}],"wp:attachment":[{"href":"https:\/\/www.kolibrifestivaali.org\/fi\/wp-json\/wp\/v2\/media?parent=1139"}],"wp:term":[{"taxonomy":"category","embeddable":true,"href":"https:\/\/www.kolibrifestivaali.org\/fi\/wp-json\/wp\/v2\/categories?post=1139"},{"taxonomy":"post_tag","embeddable":true,"href":"https:\/\/www.kolibrifestivaali.org\/fi\/wp-json\/wp\/v2\/tags?post=1139"}],"curies":[{"name":"wp","href":"https:\/\/api.w.org\/{rel}","templated":true}]}}