{"id":328600,"date":"2025-08-19T11:38:08","date_gmt":"2025-08-19T08:38:08","guid":{"rendered":"https:\/\/www.kolibrifestivaali.org\/?p=328600"},"modified":"2025-08-19T15:02:43","modified_gmt":"2025-08-19T12:02:43","slug":"kolibri-festivaali-10-anos","status":"publish","type":"post","link":"https:\/\/www.kolibrifestivaali.org\/es\/kolibri-festivaali-10-anos\/","title":{"rendered":"Kolibr\u00ed Festivaali celebra 10 a\u00f1os de diversidad en el sector cultural infantil"},"content":{"rendered":"\n<ul class=\"wp-block-list\">\n<li>Kolibr\u00ed Festivaali es un festival de arte gratuito, interdisciplinario y multicultural para infancias y sus familias.<\/li>\n\n\n\n<li><strong>40 artistas de 20 nacionalidades<\/strong> diferentes ofrecer\u00e1n un programa lleno de vida, <strong>en 20 idiomas<\/strong>, con talleres de arte, cuentacuentos, actuaciones, juegos y conciertos para todas las familias.<\/li>\n\n\n\n<li>Los <strong>artistas invitados<\/strong> son la poeta espa\u00f1ola <strong>Mar Benegas<\/strong> y el ilustrador y escritor argentino Gustavo Ariel Rosemffet Abramovich \u2018<strong>Gusti<\/strong>\u2019.<\/li>\n\n\n\n<li><strong>Desde<\/strong> su primera edici\u00f3n en <strong>2015<\/strong>, <strong>m\u00e1s de 20 000 personas<\/strong> de todas las edades han disfrutado de sus actividades.<\/li>\n\n\n\n<li>\u00a1Acomp\u00e1\u00f1anos <strong>del 13 al 27 de septiembre de 2025 en Espoo, Vantaa y Helsinki<\/strong>!<\/li>\n<\/ul>\n\n\n\n<p>El festival cultural infantil Kolibr\u00ed Festivaali celebra su 10 aniversario con una edici\u00f3n muy especial, que girar\u00e1 en torno al tema principal Deseos. Despu\u00e9s de 10 a\u00f1os, Kolibr\u00ed ha logrado ser uno de los m\u00e1s grandes de Finlandia, siendo adem\u00e1s el que ofrece m\u00e1s actividades gratuitas y multiling\u00fces. As\u00ed, Kolibr\u00ed es un festival \u00fanico que ofrece diversi\u00f3n, cultura y diversidad para todas las edades.<\/p>\n\n\n\n<p>Diez a\u00f1os en los que m\u00e1s de 20 000 personas han disfrutado de oferta cultural gratuita, de calidad, multicultural, diversa y multiling\u00fce. Centenares de actividades multiculturales para las infancias y sus familias han permitido adem\u00e1s que m\u00e1s de 200 artistas internacionales y organizaciones tengan un espacio en el que ofrecer una oferta cultural de calidad, en las lenguas minoritarias existentes en Finlandia.<\/p>\n\n\n\n<h2 class=\"wp-block-heading has-text-align-left\">Invitados especiales de excepci\u00f3n<\/h2>\n\n\n\n<p>En una edici\u00f3n tan especial, Kolibr\u00ed contar\u00e1 con dos invitados internacionales excepcionales. El 18.9. la poeta espa\u00f1ola <strong>Mar Benegas<\/strong>, ofrecer\u00e1 dos ponencias sobre literatura infantil en la <a href=\"https:\/\/www.kolibrifestivaali.org\/es\/event\/como-si-fuera-una-cereza-poesia-y-creatividad-en-la-infancia\/\">Universidad de Helsinki<\/a> (12 pm) y el <a href=\"https:\/\/www.kolibrifestivaali.org\/es\/event\/de-la-nana-al-cuento-conferencia-de-mar-benegas\/\">Centro Cultural STOA<\/a> (5 pm). Adem\u00e1s, facilitar\u00e1 varias <a href=\"https:\/\/www.kolibrifestivaali.org\/es\/event\/le-pondremos-un-bigote\/\">sesiones de cuentacuentos<\/a> para las familias en Lastenkulttuurikeskus Pessi (Vantaa &#8211; 20.9.).<\/p>\n\n\n\n<p>Conoce m\u00e1s informaci\u00f3n sobre su obra y su <a href=\"https:\/\/www.kolibrifestivaali.org\/es\/mar-benegas-guest-artist-kolibri-2025\/\">agenda completa AQU\u00cd<\/a><\/p>\n\n\n\n<p>El ilustrador y escritor argentino <strong>Gustavo Ariel Rosemffet Abramovich \u2018Gusti\u2019,<\/strong> ha sido el encargado de la imagen oficial de este a\u00f1o. Siguiendo la idea del tema principal, Deseos, el artista ha creado una imagen \u00fanica, con una constelaci\u00f3n llena de estrellas que simbolizan todos los deseos de respeto por la diversidad, inclusi\u00f3n y multiling\u00fcismo.<\/p>\n\n\n\n<p>Gusti visitar\u00e1 Finlandia para ofrecer un <a href=\"https:\/\/www.kolibrifestivaali.org\/es\/event\/ventanas-para-mirar-lo-diferente-creatividad-imagen-y-expresion\/\">taller de arte profesional<\/a> en Ammattiopisto LIVE (24.9. &#8211; 9 am) y un <a href=\"https:\/\/www.kolibrifestivaali.org\/es\/event\/jugar-y-pintar\/\">taller de arte para familias<\/a> en Annantalo (Helsinki \u2013 27.9).<\/p>\n\n\n\n<p>Conoce m\u00e1s informaci\u00f3n sobre su obra y su <a href=\"https:\/\/www.kolibrifestivaali.org\/es\/gusti-illustrator-image-kolibri-festivaali-2025\/\">agenda completa AQU\u00cd<\/a><\/p>\n\n\n\n<h2 class=\"wp-block-heading has-text-align-left\">La cultura S\u00e1mi y Roma llegan a Kolibr\u00ed Festivaali<\/h2>\n\n\n\n<p>Una de las novedades m\u00e1s importantes de este a\u00f1o es que el programa ofrecer\u00e1 por primera vez actividades en los idiomas s\u00e1mi del norte y roma.<\/p>\n\n\n\n<p>La educadora y artista s\u00e1mi, <a href=\"https:\/\/www.kolibrifestivaali.org\/es\/artist\/petra-biret-magga-vars\/\"><strong>Petra Biret Magga-Vars<\/strong><\/a>, vendr\u00e1 desde Laponia para ofrecer talleres de yoik y arte (Annantalo \u2013 27.9.). La artista Roma, <strong>Anette \u00c5kerlund<\/strong>, interpretar\u00e1 un <a href=\"https:\/\/www.kolibrifestivaali.org\/es\/event\/loolo-dzii-corazon-rojo\/\">concierto de flamenco<\/a> y m\u00fasica tradicional Roma para todas las familias (Biblioteca Sello 13.9.).<\/p>\n\n\n\n<p>Con estas actividades, apoyadas por la Fundaci\u00f3n Suomi Kulttuurirahasto, las familias conocer\u00e1n m\u00e1s sobre estas culturas y ofrecer\u00e1n un espacio para ambas comunidades, en las que disfrutar en familia de su idioma y cultura.<\/p>\n\n\n\n<p>Adem\u00e1s, el programa incluir\u00e1 un total de <strong>40 artistas de 20 nacionalidades<\/strong> diferentes, que ofrecer\u00e1n <strong>53 actividades en 20 idiomas<\/strong>, incluyendo talleres de arte, cuentacuentos, juegos y conciertos para disfrutar en familia.<\/p>\n\n\n\n<h2 class=\"wp-block-heading has-text-align-left\">Los 3 tradicionales D\u00edas de Familias ser\u00e1n en:<\/h2>\n\n\n\n<ul class=\"wp-block-list\">\n<li>13.9.2025 Biblioteca Sello en Espoo | 11 am \u2013 5 pm.<\/li>\n\n\n\n<li>20.9.2025 Lastenkulttuurikeskus Pessi en Vantaa | 11 am \u2013 5 pm.<\/li>\n\n\n\n<li>27.9.2025 Annantalo en Helsinki | 11 am \u2013 5 pm.<\/li>\n<\/ul>\n\n\n\n<p>Pessi y Annantalo tambi\u00e9n acoger\u00e1n la tradicional <a href=\"https:\/\/www.kolibrifestivaali.org\/es\/kolibri-2025-childrens-book-fair\/\"><strong>Feria del Libro Infantil en Espa\u00f1ol y Portugu\u00e9s<\/strong><\/a>, con libros infantiles nuevos y de segunda mano, donde adem\u00e1s se podr\u00e1n conseguir libros de Mar Benegas y Gusti, firmados por los autores.<\/p>\n\n\n\n<p>La <strong><a href=\"https:\/\/www.kolibrifestivaali.org\/es\/event\/inauguracion-de-kolibri-festivaali-2025\/\">Inauguraci\u00f3n<\/a> de Kolibr\u00ed <\/strong>ser\u00e1 en Kulttuurikeskus Caisa (23.8. &#8211; 4 pm) con un concierto infantil de la mano de la banda multicultural KA\u00d4S.<\/p>\n\n\n\n<p>Conoce todo el program en <a href=\"https:\/\/www.kolibrifestivaali.org\/es\/\">www.kolibrifestivaali.org<\/a><\/p>\n\n\n\n<p>S\u00edguenos en Instagram, Facebook y YouTube: @kolilbrifestivaali<\/p>\n\n\n\n<p>Para m\u00e1s informaci\u00f3n o para concertar entrevistas con los artistas y el equipo de producci\u00f3n, pueden contactar con:<\/p>\n\n\n\n<p>Marta Berm\u00fadez, Coordinadora de Comunicaciones: <a href=\"mailto:marta.bermudez@ninho.fi\">marta.bermudez@ninho.fi<\/a><\/p>\n\n\n\n<p><\/p>\n\n\n\n<p>Kolibr\u00ed es una producci\u00f3n de <a href=\"https:\/\/www.ninho.fi\/\">Kulttuurikeskus Ninho ry<\/a>, una asociaci\u00f3n multicultural finlandesa que trabaja para desarrollar una cultura infantil m\u00e1s diversa y pluriling\u00fce en Finlandia.<\/p>\n\n\n\n<p>Este festival es posible gracias al apoyo de la Ciudad de Helsinki, TAIKE, Svenska Kulturfonden, Suomen Kulttuurirahasto, Direcci\u00f3n General del Libro, del C\u00f3mic y de la Lectura del Ministerio de Cultura y Deportes de Espa\u00f1a, Ciudad de Espoo, Fundaci\u00f3n Otto A. Malm, Fundaci\u00f3n William Thurings Stiftelse, la Municipalidad de Vantaa, Helmet Espoo, Vantaan Kultuurilapset, Instituto Iberoamericano de Finlandia, las Embajadas de Argentina, Brasil, Colombia, Chile, Espa\u00f1a, M\u00e9xico, Per\u00fa, Uruguay y Portugal, Wood Program de la Universidad de Aalto, Ammattiopisto LIVE, Kuvittajat ry, Peque\u00f1o Mundo, Helsinki Festival, Universidad de Helsinki, Globe Art Point, Asociaci\u00f3n de Profesores de Portugu\u00e9s de Finlandia, A buen paso Editorial.<\/p>\n","protected":false},"excerpt":{"rendered":"<p>El festival cultural infantil Kolibr\u00ed Festivaali celebra su 10 aniversario con una edici\u00f3n muy especial, que girar\u00e1 en torno al [\u2026] <a href=\"https:\/\/www.kolibrifestivaali.org\/es\/kolibri-festivaali-10-anos\/\">Lue lis\u00e4\u00e4 &raquo;<\/a><\/p>\n<div class='heateor_sss_sharing_container heateor_sss_vertical_sharing heateor_sss_bottom_sharing' style='width:34px;right: -10px;top: 100px;-webkit-box-shadow:none;box-shadow:none;' data-heateor-sss-href='https:\/\/www.kolibrifestivaali.org\/es\/wp-json\/wp\/v2\/posts\/328600'><div class=\"heateor_sss_sharing_ul\"><a aria-label=\"Facebook\" class=\"heateor_sss_facebook\" href=\"https:\/\/www.facebook.com\/sharer\/sharer.php?u=https%3A%2F%2Fwww.kolibrifestivaali.org%2Fes%2Fwp-json%2Fwp%2Fv2%2Fposts%2F328600\" title=\"Facebook\" rel=\"nofollow noopener\" target=\"_blank\" style=\"font-size:32px!important;box-shadow:none;display:inline-block;vertical-align:middle\"><span class=\"heateor_sss_svg\" style=\"background-color:#0765FE;width:30px;height:30px;border-radius:999px;display:inline-block;opacity:1;float:left;font-size:32px;box-shadow:none;display:inline-block;font-size:16px;padding:0 4px;vertical-align:middle;background-repeat:repeat;overflow:hidden;padding:0;cursor:pointer;box-sizing:content-box\"><svg style=\"display:block;border-radius:999px;\" focusable=\"false\" aria-hidden=\"true\" xmlns=\"http:\/\/www.w3.org\/2000\/svg\" width=\"100%\" height=\"100%\" viewBox=\"0 0 32 32\"><path fill=\"#fff\" d=\"M28 16c0-6.627-5.373-12-12-12S4 9.373 4 16c0 5.628 3.875 10.35 9.101 11.647v-7.98h-2.474V16H13.1v-1.58c0-4.085 1.849-5.978 5.859-5.978.76 0 2.072.15 2.608.298v3.325c-.283-.03-.775-.045-1.386-.045-1.967 0-2.728.745-2.728 2.683V16h3.92l-.673 3.667h-3.247v8.245C23.395 27.195 28 22.135 28 16Z\"><\/path><\/svg><\/span><\/a><a aria-label=\"X\" class=\"heateor_sss_button_x\" href=\"https:\/\/twitter.com\/intent\/tweet?text=Kolibri%20Festivaali%20-%20Kolibri%CC%81%20is%20a%20unique%20multicultural%2C%20free%20and%20open%20art%20festival%20for%20children%20and%20their%20families.&url=https%3A%2F%2Fwww.kolibrifestivaali.org%2Fes%2Fwp-json%2Fwp%2Fv2%2Fposts%2F328600\" title=\"X\" rel=\"nofollow noopener\" target=\"_blank\" style=\"font-size:32px!important;box-shadow:none;display:inline-block;vertical-align:middle\"><span class=\"heateor_sss_svg heateor_sss_s__default heateor_sss_s_x\" style=\"background-color:#2a2a2a;width:30px;height:30px;border-radius:999px;display:inline-block;opacity:1;float:left;font-size:32px;box-shadow:none;display:inline-block;font-size:16px;padding:0 4px;vertical-align:middle;background-repeat:repeat;overflow:hidden;padding:0;cursor:pointer;box-sizing:content-box\"><svg width=\"100%\" height=\"100%\" style=\"display:block;border-radius:999px;\" focusable=\"false\" aria-hidden=\"true\" xmlns=\"http:\/\/www.w3.org\/2000\/svg\" viewBox=\"0 0 32 32\"><path fill=\"#fff\" d=\"M21.751 7h3.067l-6.7 7.658L26 25.078h-6.172l-4.833-6.32-5.531 6.32h-3.07l7.167-8.19L6 7h6.328l4.37 5.777L21.75 7Zm-1.076 16.242h1.7L11.404 8.74H9.58l11.094 14.503Z\"><\/path><\/svg><\/span><\/a><a aria-label=\"Linkedin\" class=\"heateor_sss_button_linkedin\" href=\"https:\/\/www.linkedin.com\/sharing\/share-offsite\/?url=https%3A%2F%2Fwww.kolibrifestivaali.org%2Fes%2Fwp-json%2Fwp%2Fv2%2Fposts%2F328600\" title=\"Linkedin\" rel=\"nofollow noopener\" target=\"_blank\" style=\"font-size:32px!important;box-shadow:none;display:inline-block;vertical-align:middle\"><span class=\"heateor_sss_svg heateor_sss_s__default heateor_sss_s_linkedin\" style=\"background-color:#0077b5;width:30px;height:30px;border-radius:999px;display:inline-block;opacity:1;float:left;font-size:32px;box-shadow:none;display:inline-block;font-size:16px;padding:0 4px;vertical-align:middle;background-repeat:repeat;overflow:hidden;padding:0;cursor:pointer;box-sizing:content-box\"><svg style=\"display:block;border-radius:999px;\" focusable=\"false\" aria-hidden=\"true\" xmlns=\"http:\/\/www.w3.org\/2000\/svg\" width=\"100%\" height=\"100%\" viewBox=\"0 0 32 32\"><path d=\"M6.227 12.61h4.19v13.48h-4.19V12.61zm2.095-6.7a2.43 2.43 0 0 1 0 4.86c-1.344 0-2.428-1.09-2.428-2.43s1.084-2.43 2.428-2.43m4.72 6.7h4.02v1.84h.058c.56-1.058 1.927-2.176 3.965-2.176 4.238 0 5.02 2.792 5.02 6.42v7.395h-4.183v-6.56c0-1.564-.03-3.574-2.178-3.574-2.18 0-2.514 1.7-2.514 3.46v6.668h-4.187V12.61z\" fill=\"#fff\"><\/path><\/svg><\/span><\/a><a aria-label=\"Instagram\" class=\"heateor_sss_button_instagram\" href=\"https:\/\/www.instagram.com\/\" title=\"Instagram\" rel=\"nofollow noopener\" target=\"_blank\" style=\"font-size:32px!important;box-shadow:none;display:inline-block;vertical-align:middle\"><span class=\"heateor_sss_svg\" style=\"background-color:#53beee;width:30px;height:30px;border-radius:999px;display:inline-block;opacity:1;float:left;font-size:32px;box-shadow:none;display:inline-block;font-size:16px;padding:0 4px;vertical-align:middle;background-repeat:repeat;overflow:hidden;padding:0;cursor:pointer;box-sizing:content-box\"><svg style=\"display:block;border-radius:999px;\" version=\"1.1\" viewBox=\"-10 -10 148 148\" width=\"100%\" height=\"100%\" xml:space=\"preserve\" xmlns=\"http:\/\/www.w3.org\/2000\/svg\" xmlns:xlink=\"http:\/\/www.w3.org\/1999\/xlink\"><g><g><path d=\"M86,112H42c-14.336,0-26-11.663-26-26V42c0-14.337,11.664-26,26-26h44c14.337,0,26,11.663,26,26v44 C112,100.337,100.337,112,86,112z M42,24c-9.925,0-18,8.074-18,18v44c0,9.925,8.075,18,18,18h44c9.926,0,18-8.075,18-18V42 c0-9.926-8.074-18-18-18H42z\" fill=\"#fff\"><\/path><\/g><g><path d=\"M64,88c-13.234,0-24-10.767-24-24c0-13.234,10.766-24,24-24s24,10.766,24,24C88,77.233,77.234,88,64,88z M64,48c-8.822,0-16,7.178-16,16s7.178,16,16,16c8.822,0,16-7.178,16-16S72.822,48,64,48z\" fill=\"#fff\"><\/path><\/g><g><circle cx=\"89.5\" cy=\"38.5\" fill=\"#fff\" r=\"5.5\"><\/circle><\/g><\/g><\/svg><\/span><\/a><\/div><div class=\"heateorSssClear\"><\/div><\/div>","protected":false},"author":13,"featured_media":328428,"comment_status":"closed","ping_status":"closed","sticky":false,"template":"","format":"standard","meta":{"_acf_changed":false,"footnotes":""},"categories":[22],"tags":[938],"class_list":["post-328600","post","type-post","status-publish","format-standard","has-post-thumbnail","hentry","category-news-archive-es","tag-kolibri-festivaali-2025-es"],"acf":[],"yoast_head":"<!-- This site is optimized with the Yoast SEO plugin v27.5 - https:\/\/yoast.com\/product\/yoast-seo-wordpress\/ -->\n<title>Kolibr\u00ed Festivaali celebra 10 a\u00f1os de diversidad en el sector cultural infantil - Kolibri Festivaali<\/title>\n<meta name=\"description\" content=\"40 artistas de 20 nacionalidades ofrecer\u00e1n m\u00e1s de 50 actividades \u00a1Acomp\u00e1\u00f1anos del 13 al 27 de septiembre de 2025 en Espoo, Vantaa y Helsinki!\" \/>\n<meta name=\"robots\" content=\"index, follow, max-snippet:-1, max-image-preview:large, max-video-preview:-1\" \/>\n<link rel=\"canonical\" href=\"https:\/\/www.kolibrifestivaali.org\/es\/kolibri-festivaali-10-anos\/\" \/>\n<meta property=\"og:locale\" content=\"es_ES\" \/>\n<meta property=\"og:type\" content=\"article\" \/>\n<meta property=\"og:title\" content=\"Kolibr\u00ed Festivaali celebra 10 a\u00f1os de diversidad en el sector cultural infantil - Kolibri Festivaali\" \/>\n<meta property=\"og:description\" content=\"40 artistas de 20 nacionalidades ofrecer\u00e1n m\u00e1s de 50 actividades \u00a1Acomp\u00e1\u00f1anos del 13 al 27 de septiembre de 2025 en Espoo, Vantaa y Helsinki!\" \/>\n<meta property=\"og:url\" content=\"https:\/\/www.kolibrifestivaali.org\/es\/kolibri-festivaali-10-anos\/\" \/>\n<meta property=\"og:site_name\" content=\"Kolibri Festivaali\" \/>\n<meta property=\"article:published_time\" content=\"2025-08-19T08:38:08+00:00\" \/>\n<meta property=\"article:modified_time\" content=\"2025-08-19T12:02:43+00:00\" \/>\n<meta property=\"og:image\" content=\"https:\/\/www.kolibrifestivaali.org\/wp-content\/uploads\/2025\/08\/kolibri-2025-web-snippet.jpg\" \/>\n\t<meta property=\"og:image:width\" content=\"1920\" \/>\n\t<meta property=\"og:image:height\" content=\"1080\" \/>\n\t<meta property=\"og:image:type\" content=\"image\/jpeg\" \/>\n<meta name=\"author\" content=\"Marta Berm\u00fadez\" \/>\n<meta name=\"twitter:card\" content=\"summary_large_image\" \/>\n<meta name=\"twitter:label1\" content=\"Escrito por\" \/>\n\t<meta name=\"twitter:data1\" content=\"Marta Berm\u00fadez\" \/>\n\t<meta name=\"twitter:label2\" content=\"Tiempo de lectura\" \/>\n\t<meta name=\"twitter:data2\" content=\"4 minutos\" \/>\n<script type=\"application\/ld+json\" class=\"yoast-schema-graph\">{\"@context\":\"https:\\\/\\\/schema.org\",\"@graph\":[{\"@type\":\"Article\",\"@id\":\"https:\\\/\\\/www.kolibrifestivaali.org\\\/es\\\/kolibri-festivaali-10-anos\\\/#article\",\"isPartOf\":{\"@id\":\"https:\\\/\\\/www.kolibrifestivaali.org\\\/es\\\/kolibri-festivaali-10-anos\\\/\"},\"author\":{\"name\":\"Marta Berm\u00fadez\",\"@id\":\"https:\\\/\\\/www.kolibrifestivaali.org\\\/es\\\/#\\\/schema\\\/person\\\/a4d882046c0f7b03960be07d8b5713ba\"},\"headline\":\"Kolibr\u00ed Festivaali celebra 10 a\u00f1os de diversidad en el sector cultural infantil\",\"datePublished\":\"2025-08-19T08:38:08+00:00\",\"dateModified\":\"2025-08-19T12:02:43+00:00\",\"mainEntityOfPage\":{\"@id\":\"https:\\\/\\\/www.kolibrifestivaali.org\\\/es\\\/kolibri-festivaali-10-anos\\\/\"},\"wordCount\":838,\"image\":{\"@id\":\"https:\\\/\\\/www.kolibrifestivaali.org\\\/es\\\/kolibri-festivaali-10-anos\\\/#primaryimage\"},\"thumbnailUrl\":\"https:\\\/\\\/www.kolibrifestivaali.org\\\/wp-content\\\/uploads\\\/2025\\\/08\\\/kolibri-2025-web-snippet.jpg\",\"keywords\":[\"kolibri festivaali 2025\"],\"articleSection\":[\"News\"],\"inLanguage\":\"es\"},{\"@type\":\"WebPage\",\"@id\":\"https:\\\/\\\/www.kolibrifestivaali.org\\\/es\\\/kolibri-festivaali-10-anos\\\/\",\"url\":\"https:\\\/\\\/www.kolibrifestivaali.org\\\/es\\\/kolibri-festivaali-10-anos\\\/\",\"name\":\"Kolibr\u00ed Festivaali celebra 10 a\u00f1os de diversidad en el sector cultural infantil - Kolibri Festivaali\",\"isPartOf\":{\"@id\":\"https:\\\/\\\/www.kolibrifestivaali.org\\\/es\\\/#website\"},\"primaryImageOfPage\":{\"@id\":\"https:\\\/\\\/www.kolibrifestivaali.org\\\/es\\\/kolibri-festivaali-10-anos\\\/#primaryimage\"},\"image\":{\"@id\":\"https:\\\/\\\/www.kolibrifestivaali.org\\\/es\\\/kolibri-festivaali-10-anos\\\/#primaryimage\"},\"thumbnailUrl\":\"https:\\\/\\\/www.kolibrifestivaali.org\\\/wp-content\\\/uploads\\\/2025\\\/08\\\/kolibri-2025-web-snippet.jpg\",\"datePublished\":\"2025-08-19T08:38:08+00:00\",\"dateModified\":\"2025-08-19T12:02:43+00:00\",\"author\":{\"@id\":\"https:\\\/\\\/www.kolibrifestivaali.org\\\/es\\\/#\\\/schema\\\/person\\\/a4d882046c0f7b03960be07d8b5713ba\"},\"description\":\"40 artistas de 20 nacionalidades ofrecer\u00e1n m\u00e1s de 50 actividades \u00a1Acomp\u00e1\u00f1anos del 13 al 27 de septiembre de 2025 en Espoo, Vantaa y Helsinki!\",\"breadcrumb\":{\"@id\":\"https:\\\/\\\/www.kolibrifestivaali.org\\\/es\\\/kolibri-festivaali-10-anos\\\/#breadcrumb\"},\"inLanguage\":\"es\",\"potentialAction\":[{\"@type\":\"ReadAction\",\"target\":[\"https:\\\/\\\/www.kolibrifestivaali.org\\\/es\\\/kolibri-festivaali-10-anos\\\/\"]}]},{\"@type\":\"ImageObject\",\"inLanguage\":\"es\",\"@id\":\"https:\\\/\\\/www.kolibrifestivaali.org\\\/es\\\/kolibri-festivaali-10-anos\\\/#primaryimage\",\"url\":\"https:\\\/\\\/www.kolibrifestivaali.org\\\/wp-content\\\/uploads\\\/2025\\\/08\\\/kolibri-2025-web-snippet.jpg\",\"contentUrl\":\"https:\\\/\\\/www.kolibrifestivaali.org\\\/wp-content\\\/uploads\\\/2025\\\/08\\\/kolibri-2025-web-snippet.jpg\",\"width\":1920,\"height\":1080,\"caption\":\"The image shows the official artwork for Kolibr\u00ed Festivaali 2025: a starry sky, with a hummingbird formed by a constellation, and the festival dates\"},{\"@type\":\"BreadcrumbList\",\"@id\":\"https:\\\/\\\/www.kolibrifestivaali.org\\\/es\\\/kolibri-festivaali-10-anos\\\/#breadcrumb\",\"itemListElement\":[{\"@type\":\"ListItem\",\"position\":1,\"name\":\"Home\",\"item\":\"https:\\\/\\\/www.kolibrifestivaali.org\\\/es\\\/\"},{\"@type\":\"ListItem\",\"position\":2,\"name\":\"Kolibr\u00ed Festivaali celebra 10 a\u00f1os de diversidad en el sector cultural infantil\"}]},{\"@type\":\"WebSite\",\"@id\":\"https:\\\/\\\/www.kolibrifestivaali.org\\\/es\\\/#website\",\"url\":\"https:\\\/\\\/www.kolibrifestivaali.org\\\/es\\\/\",\"name\":\"Kolibri Festivaali\",\"description\":\"Kolibri\u0301 is a unique multicultural, free and open art festival for children and their families.\",\"inLanguage\":\"es\"},{\"@type\":\"Person\",\"@id\":\"https:\\\/\\\/www.kolibrifestivaali.org\\\/es\\\/#\\\/schema\\\/person\\\/a4d882046c0f7b03960be07d8b5713ba\",\"name\":\"Marta Berm\u00fadez\",\"image\":{\"@type\":\"ImageObject\",\"inLanguage\":\"es\",\"@id\":\"https:\\\/\\\/secure.gravatar.com\\\/avatar\\\/35700c2014d565cf72e89c0e712b6bc70303de9d0796b72a069bbd235e79a7b5?s=96&d=mm&r=g\",\"url\":\"https:\\\/\\\/secure.gravatar.com\\\/avatar\\\/35700c2014d565cf72e89c0e712b6bc70303de9d0796b72a069bbd235e79a7b5?s=96&d=mm&r=g\",\"contentUrl\":\"https:\\\/\\\/secure.gravatar.com\\\/avatar\\\/35700c2014d565cf72e89c0e712b6bc70303de9d0796b72a069bbd235e79a7b5?s=96&d=mm&r=g\",\"caption\":\"Marta Berm\u00fadez\"}}]}<\/script>\n<!-- \/ Yoast SEO plugin. -->","yoast_head_json":{"title":"Kolibr\u00ed Festivaali celebra 10 a\u00f1os de diversidad en el sector cultural infantil - Kolibri Festivaali","description":"40 artistas de 20 nacionalidades ofrecer\u00e1n m\u00e1s de 50 actividades \u00a1Acomp\u00e1\u00f1anos del 13 al 27 de septiembre de 2025 en Espoo, Vantaa y Helsinki!","robots":{"index":"index","follow":"follow","max-snippet":"max-snippet:-1","max-image-preview":"max-image-preview:large","max-video-preview":"max-video-preview:-1"},"canonical":"https:\/\/www.kolibrifestivaali.org\/es\/kolibri-festivaali-10-anos\/","og_locale":"es_ES","og_type":"article","og_title":"Kolibr\u00ed Festivaali celebra 10 a\u00f1os de diversidad en el sector cultural infantil - Kolibri Festivaali","og_description":"40 artistas de 20 nacionalidades ofrecer\u00e1n m\u00e1s de 50 actividades \u00a1Acomp\u00e1\u00f1anos del 13 al 27 de septiembre de 2025 en Espoo, Vantaa y Helsinki!","og_url":"https:\/\/www.kolibrifestivaali.org\/es\/kolibri-festivaali-10-anos\/","og_site_name":"Kolibri Festivaali","article_published_time":"2025-08-19T08:38:08+00:00","article_modified_time":"2025-08-19T12:02:43+00:00","og_image":[{"width":1920,"height":1080,"url":"https:\/\/www.kolibrifestivaali.org\/wp-content\/uploads\/2025\/08\/kolibri-2025-web-snippet.jpg","type":"image\/jpeg"}],"author":"Marta Berm\u00fadez","twitter_card":"summary_large_image","twitter_misc":{"Escrito por":"Marta Berm\u00fadez","Tiempo de lectura":"4 minutos"},"schema":{"@context":"https:\/\/schema.org","@graph":[{"@type":"Article","@id":"https:\/\/www.kolibrifestivaali.org\/es\/kolibri-festivaali-10-anos\/#article","isPartOf":{"@id":"https:\/\/www.kolibrifestivaali.org\/es\/kolibri-festivaali-10-anos\/"},"author":{"name":"Marta Berm\u00fadez","@id":"https:\/\/www.kolibrifestivaali.org\/es\/#\/schema\/person\/a4d882046c0f7b03960be07d8b5713ba"},"headline":"Kolibr\u00ed Festivaali celebra 10 a\u00f1os de diversidad en el sector cultural infantil","datePublished":"2025-08-19T08:38:08+00:00","dateModified":"2025-08-19T12:02:43+00:00","mainEntityOfPage":{"@id":"https:\/\/www.kolibrifestivaali.org\/es\/kolibri-festivaali-10-anos\/"},"wordCount":838,"image":{"@id":"https:\/\/www.kolibrifestivaali.org\/es\/kolibri-festivaali-10-anos\/#primaryimage"},"thumbnailUrl":"https:\/\/www.kolibrifestivaali.org\/wp-content\/uploads\/2025\/08\/kolibri-2025-web-snippet.jpg","keywords":["kolibri festivaali 2025"],"articleSection":["News"],"inLanguage":"es"},{"@type":"WebPage","@id":"https:\/\/www.kolibrifestivaali.org\/es\/kolibri-festivaali-10-anos\/","url":"https:\/\/www.kolibrifestivaali.org\/es\/kolibri-festivaali-10-anos\/","name":"Kolibr\u00ed Festivaali celebra 10 a\u00f1os de diversidad en el sector cultural infantil - Kolibri Festivaali","isPartOf":{"@id":"https:\/\/www.kolibrifestivaali.org\/es\/#website"},"primaryImageOfPage":{"@id":"https:\/\/www.kolibrifestivaali.org\/es\/kolibri-festivaali-10-anos\/#primaryimage"},"image":{"@id":"https:\/\/www.kolibrifestivaali.org\/es\/kolibri-festivaali-10-anos\/#primaryimage"},"thumbnailUrl":"https:\/\/www.kolibrifestivaali.org\/wp-content\/uploads\/2025\/08\/kolibri-2025-web-snippet.jpg","datePublished":"2025-08-19T08:38:08+00:00","dateModified":"2025-08-19T12:02:43+00:00","author":{"@id":"https:\/\/www.kolibrifestivaali.org\/es\/#\/schema\/person\/a4d882046c0f7b03960be07d8b5713ba"},"description":"40 artistas de 20 nacionalidades ofrecer\u00e1n m\u00e1s de 50 actividades \u00a1Acomp\u00e1\u00f1anos del 13 al 27 de septiembre de 2025 en Espoo, Vantaa y Helsinki!","breadcrumb":{"@id":"https:\/\/www.kolibrifestivaali.org\/es\/kolibri-festivaali-10-anos\/#breadcrumb"},"inLanguage":"es","potentialAction":[{"@type":"ReadAction","target":["https:\/\/www.kolibrifestivaali.org\/es\/kolibri-festivaali-10-anos\/"]}]},{"@type":"ImageObject","inLanguage":"es","@id":"https:\/\/www.kolibrifestivaali.org\/es\/kolibri-festivaali-10-anos\/#primaryimage","url":"https:\/\/www.kolibrifestivaali.org\/wp-content\/uploads\/2025\/08\/kolibri-2025-web-snippet.jpg","contentUrl":"https:\/\/www.kolibrifestivaali.org\/wp-content\/uploads\/2025\/08\/kolibri-2025-web-snippet.jpg","width":1920,"height":1080,"caption":"The image shows the official artwork for Kolibr\u00ed Festivaali 2025: a starry sky, with a hummingbird formed by a constellation, and the festival dates"},{"@type":"BreadcrumbList","@id":"https:\/\/www.kolibrifestivaali.org\/es\/kolibri-festivaali-10-anos\/#breadcrumb","itemListElement":[{"@type":"ListItem","position":1,"name":"Home","item":"https:\/\/www.kolibrifestivaali.org\/es\/"},{"@type":"ListItem","position":2,"name":"Kolibr\u00ed Festivaali celebra 10 a\u00f1os de diversidad en el sector cultural infantil"}]},{"@type":"WebSite","@id":"https:\/\/www.kolibrifestivaali.org\/es\/#website","url":"https:\/\/www.kolibrifestivaali.org\/es\/","name":"Kolibri Festivaali","description":"Kolibri\u0301 is a unique multicultural, free and open art festival for children and their families.","inLanguage":"es"},{"@type":"Person","@id":"https:\/\/www.kolibrifestivaali.org\/es\/#\/schema\/person\/a4d882046c0f7b03960be07d8b5713ba","name":"Marta Berm\u00fadez","image":{"@type":"ImageObject","inLanguage":"es","@id":"https:\/\/secure.gravatar.com\/avatar\/35700c2014d565cf72e89c0e712b6bc70303de9d0796b72a069bbd235e79a7b5?s=96&d=mm&r=g","url":"https:\/\/secure.gravatar.com\/avatar\/35700c2014d565cf72e89c0e712b6bc70303de9d0796b72a069bbd235e79a7b5?s=96&d=mm&r=g","contentUrl":"https:\/\/secure.gravatar.com\/avatar\/35700c2014d565cf72e89c0e712b6bc70303de9d0796b72a069bbd235e79a7b5?s=96&d=mm&r=g","caption":"Marta Berm\u00fadez"}}]}},"_links":{"self":[{"href":"https:\/\/www.kolibrifestivaali.org\/es\/wp-json\/wp\/v2\/posts\/328600","targetHints":{"allow":["GET"]}}],"collection":[{"href":"https:\/\/www.kolibrifestivaali.org\/es\/wp-json\/wp\/v2\/posts"}],"about":[{"href":"https:\/\/www.kolibrifestivaali.org\/es\/wp-json\/wp\/v2\/types\/post"}],"author":[{"embeddable":true,"href":"https:\/\/www.kolibrifestivaali.org\/es\/wp-json\/wp\/v2\/users\/13"}],"replies":[{"embeddable":true,"href":"https:\/\/www.kolibrifestivaali.org\/es\/wp-json\/wp\/v2\/comments?post=328600"}],"version-history":[{"count":1,"href":"https:\/\/www.kolibrifestivaali.org\/es\/wp-json\/wp\/v2\/posts\/328600\/revisions"}],"predecessor-version":[{"id":328601,"href":"https:\/\/www.kolibrifestivaali.org\/es\/wp-json\/wp\/v2\/posts\/328600\/revisions\/328601"}],"wp:featuredmedia":[{"embeddable":true,"href":"https:\/\/www.kolibrifestivaali.org\/es\/wp-json\/wp\/v2\/media\/328428"}],"wp:attachment":[{"href":"https:\/\/www.kolibrifestivaali.org\/es\/wp-json\/wp\/v2\/media?parent=328600"}],"wp:term":[{"taxonomy":"category","embeddable":true,"href":"https:\/\/www.kolibrifestivaali.org\/es\/wp-json\/wp\/v2\/categories?post=328600"},{"taxonomy":"post_tag","embeddable":true,"href":"https:\/\/www.kolibrifestivaali.org\/es\/wp-json\/wp\/v2\/tags?post=328600"}],"curies":[{"name":"wp","href":"https:\/\/api.w.org\/{rel}","templated":true}]}}