{"id":327313,"date":"2025-06-06T09:46:14","date_gmt":"2025-06-06T06:46:14","guid":{"rendered":"https:\/\/www.kolibrifestivaali.org\/news-archive-es\/mar-benegas-guest-artist-kolibri-2025\/"},"modified":"2025-09-04T12:09:27","modified_gmt":"2025-09-04T09:09:27","slug":"mar-benegas-guest-artist-kolibri-2025","status":"publish","type":"post","link":"https:\/\/www.kolibrifestivaali.org\/es\/mar-benegas-guest-artist-kolibri-2025\/","title":{"rendered":"Conoce a Mar Benegas, Artista Invitada de Kolibr\u00ed Festivaali 2025 &#8211; 10\u00ba Aniversario"},"content":{"rendered":"\n<p>Kolibr\u00ed Festivaali lleva desde 2015 invitando a artistas iberoamericanos, para que compartan su arte con las familias de Finlandia. Actores, ilustradores y escritores que durante unos d\u00edas nos dejan entrar en su mundo creativo. Y en un a\u00f1o tan especial como el <strong>d\u00e9cimo aniversario<\/strong>, estamos muy contentos de contaros que tendremos la gran suerte de compartir unos d\u00edas con la <strong>escritora y gestora cultural <a href=\"https:\/\/www.marbenegas.es\/\" target=\"_blank\" rel=\"noreferrer noopener\">Mar Benegas<\/a><\/strong> (Valencia, Espa\u00f1a, 1975).&nbsp;<\/p>\n\n\n\n<p>Hablar de Mar Benegas es hablar de <strong>poes\u00eda<\/strong>, de versos y palabras, de cuentos, canciones y sonidos. Es hablar de recitar, <strong>cantar<\/strong>, contar y ense\u00f1ar a narrar. Y por supuesto, incluso m\u00e1s este a\u00f1o, es hablar de desear.&nbsp;&nbsp;<\/p>\n\n\n\n<p>Porque como ella misma cuenta, \u00ab<strong>el deseo y la esperanza se trenzan con los mismos hilos<\/strong>. Somos seres de deseo. So\u00f1ar, esperar, ser y desear. Estos verbos constituyen la materia prima de los sue\u00f1os, de la ficci\u00f3n, de los libros y la poes\u00eda. Son nuestros verbos preferidos\u201d.&nbsp;<\/p>\n\n\n\n<p>Lo escrib\u00eda en \u2018<a href=\"https:\/\/elsitiodelaspalabras.es\/el-deseo-y-la-esperanza-el-sitio-de-las-palabras\/\" target=\"_blank\" rel=\"noreferrer noopener\">El sitio de las palabras<\/a>\u2019. Una plataforma online que cofund\u00f3 en 2013 con el poeta y profesor Jes\u00fas Ge, que se ha convertido en <strong>un rinc\u00f3n para amantes de la literatura<\/strong>. Desde all\u00ed sugieren libros y ofrecen cursos y actividades, tanto para infancias como para adultos, con los que buscan fomentar la animaci\u00f3n lectora.&nbsp;&nbsp;<\/p>\n\n\n\n<p>Porque todos, en alg\u00fan momento, tenemos la necesidad de contar. Mar Benegas lleva contando historias desde hace mucho tiempo. Sobre todo historias para infancias. <strong>Hasta 61 libros<\/strong> infantiles y juveniles, as\u00ed como <strong>ensayos, poes\u00eda para adultos y antolog\u00edas<\/strong>. Historias que han llegado hasta China, Brasil, Corea, Italia o Francia y que han sido reconocidas con importantes premios.&nbsp;<\/p>\n\n\n\n<h2 class=\"wp-block-heading has-text-align-left\">Algunos premios conseguidos:&nbsp;&nbsp;&nbsp;<\/h2>\n\n\n\n<ul class=\"wp-block-list\">\n<li>\u201cDice el sol Dice la luna\u201d: Premio Nacional al <strong>mejor libro infantil<\/strong> editado en <strong>Chile<\/strong> en 2023, otorgado por la C\u00e1mara del Libro de Chile. Premio \u00abLos 20 mejores del 2023\u00bb de la Fundaci\u00f3n Cuatrogatos (Miami, Estados Unidos).&nbsp;<\/li>\n<\/ul>\n\n\n\n<ul class=\"wp-block-list\">\n<li>\u00abRuidos y Ruiditos\u00bb: <strong>Mejor Libro de poes\u00eda<\/strong> 2023, otorgado por el Banco del Libro de <strong>Venezuela<\/strong>.&nbsp;<\/li>\n<\/ul>\n\n\n\n<ul class=\"wp-block-list\">\n<li>XXVI Premio <strong>Cervantes Chico 2022<\/strong>, otorgado por el Ayuntamiento de Alcal\u00e1 de Henares (Espa\u00f1a).&nbsp;<\/li>\n<\/ul>\n\n\n\n<ul class=\"wp-block-list\">\n<li>\u201cCoraz\u00f3n de p\u00e1jaro\u201d: Menci\u00f3n especial categor\u00eda Poes\u00eda en el <strong>Premio<\/strong> <strong>Ragazzi<\/strong> de la <strong>Bologna<\/strong> Childrens Book Fair, 2021.&nbsp;&nbsp;<\/li>\n<\/ul>\n\n\n\n<ul class=\"wp-block-list\">\n<li>\u00abI aqu\u00ed dins qui hi ha?\u00bb: <strong>Premi Serra D&#8217;Or<\/strong> de la Cr\u00edtica 2018, como Mejor libro infantil.&nbsp;&nbsp;<\/li>\n<\/ul>\n\n\n\n<ul class=\"wp-block-list\">\n<li>\u00abAbecedario del cuerpo imaginado\u00bb: <strong>Mejor Libro Juvenil<\/strong> 2014 del Banco del Libro de <strong>Venezuela<\/strong>.&nbsp;<\/li>\n<\/ul>\n\n\n\n<ul class=\"wp-block-list\">\n<li>\u00abCon el ojo de la I\u00bb: Los 20 mejores libros infantiles de 2016, Fundaci\u00f3n Cuatrogatos.&nbsp;<\/li>\n<\/ul>\n\n\n\n<ul class=\"wp-block-list\">\n<li>\u00abVersos como una casa\u00bb: Los 20 mejores libros infantiles de 2017, Fundaci\u00f3n Cuatrogatos.&nbsp;<\/li>\n<\/ul>\n\n\n\n<p>No podemos olvidar su faceta como formadora y conferenciante especializada en poes\u00eda, <strong>animaci\u00f3n a la lectura<\/strong> y creatividad. Es directora de las Jornadas de Animaci\u00f3n a la Lectura, Escritura y Observaci\u00f3n (<a href=\"https:\/\/jaleovalencia.es\/es\/\" target=\"_blank\" rel=\"noreferrer noopener\">JALEO<\/a>), que se realizan en Valencia, Madrid y online.&nbsp;&nbsp;&nbsp;<\/p>\n\n\n\n<p>Acaba de publicar junto a Jes\u00fas Ge <strong>\u201cCreatividad sin pantallas\u201d<\/strong> (Grijalbo, 2025). Una obra con la que nos proponen volver a la tradici\u00f3n, a las canciones y juegos callejeros de anta\u00f1o, cuando no hab\u00eda pantallas y las infancias se entreten\u00edan con lo primero que encontraban.&nbsp;<\/p>\n\n\n\n<h2 class=\"wp-block-heading has-text-align-left\">Otros t\u00edtulos que no te puedes perder:&nbsp;&nbsp;<\/h2>\n\n\n\n<ul class=\"wp-block-list\">\n<li>Colecci\u00f3n La Cereza (libros musicales para beb\u00e9s, editorial Combel, editado en castellano y catal\u00e1n).&nbsp;<\/li>\n<\/ul>\n\n\n\n<ul class=\"wp-block-list\">\n<li>\u201c44 poemas para leer con ni\u00f1os\u201d (Editorial Litera Libros, 2013).<\/li>\n<\/ul>\n\n\n\n<ul class=\"wp-block-list\">\n<li>Colecci\u00f3n Cocolor, \u201cEl libro rojo y El libro azul\u201d (Editorial Litera, 2017).&nbsp;<\/li>\n<\/ul>\n\n\n\n<ul class=\"wp-block-list\">\n<li>\u201c<strong>\u00bfNicolasa, y tu casa?<\/strong>\u201d (Combel, 2018-2019, editado en castellano y catal\u00e1n).&nbsp;<\/li>\n<\/ul>\n\n\n\n<ul class=\"wp-block-list\">\n<li>\u201c<strong>Coraz\u00f3n de p\u00e1jaro<\/strong>\u201d (Akiara Books, 2020, editado en castellano, catal\u00e1n y portugu\u00e9s, menci\u00f3n especial premio Bolonia 2020).&nbsp;<\/li>\n<\/ul>\n\n\n\n<ul class=\"wp-block-list\">\n<li>\u201cMi primer abecedario, el carnaval de las letras\u201d (Penguin, 2022).&nbsp;<\/li>\n<\/ul>\n\n\n\n<ul class=\"wp-block-list\">\n<li>\u201cCuentos como nunca los hemos contado\u201d (Grijalbo, 2023).&nbsp;<\/li>\n<\/ul>\n\n\n\n<p>Recuerda que en <a href=\"https:\/\/helmet.finna.fi\/\" target=\"_blank\" rel=\"noreferrer noopener\">Helmet<\/a> puedes encontrar muchas de sus obras, con las que seguro pasas divertidos momentos con tus peques.&nbsp;<\/p>\n\n\n\n<h2 class=\"wp-block-heading has-text-align-left\">\u00a1No te pierdas las <strong>actividades de Mar Benegas<\/strong> incluidas en el programa de<strong> Kolibr\u00ed 2025<\/strong>!&nbsp;&nbsp;<\/h2>\n\n\n\n<ul class=\"wp-block-list\">\n<li>18.9.2025 \u2013 12 pm \u2013 Universidad de Helsinki (Centro de Idiomas &#8211; Festive hall, Fabianinkatu 26, Helsinki) \u2013\u00a0<a href=\"https:\/\/www.kolibrifestivaali.org\/es\/event\/como-si-fuera-una-cereza-poesia-y-creatividad-en-la-infancia\/\">\u2018Como si fuera una cereza\u2019 \u2013 Poes\u00eda y creatividad en la infancia<\/a>: Mar Benegas will speak about the importance of poetry in early childhood \u2013 and why it\u2019s essential to make it accessible to children.<\/li>\n\n\n\n<li>18.9.2025 \u2013 5 pm \u2013 Centro Cultural STOA (Helsinki) \u2013&nbsp;<a href=\"https:\/\/www.kolibrifestivaali.org\/es\/event\/de-la-nana-al-cuento-conferencia-de-mar-benegas\/\">\u2018De la nana al cuento\u2019 \u2013 Conferencia de Mar Benegas:<\/a> recorrido te\u00f3rico y pr\u00e1ctico sobre la primera infancia y su relaci\u00f3n con la literatura. La acompa\u00f1ar\u00e1 la escritora italiana Arianna Squilloni, fundadora de la editorial A buen paso. Squilloni hablar\u00e1 sobre el nacimiento y transformaci\u00f3n de los libros de Benegas publicados por su editorial.<\/li>\n\n\n\n<li>20.9.2025 \u2013 11 am \u2013 Lastenkulttuurikeskus Pessi (Vantaa):&nbsp;<a href=\"https:\/\/www.kolibrifestivaali.org\/es\/event\/le-pondremos-un-bigote\/\">\u00bfLe pondremos un bitgote?<\/a>: sesi\u00f3n de cuentacuentos interactiva.  <\/li>\n\n\n\n<li>20.9.2025 \u2013 2 pm \u2013 Lastenkulttuurikeskus Pessi (Vantaa):&nbsp;<a href=\"https:\/\/www.kolibrifestivaali.org\/es\/event\/nicolasa-y-tu-casa\/\">Nicolasa, \u00bfy tu casa?<\/a>: divertida sesi\u00f3n de cuentacuentos cantada.<\/li>\n\n\n\n<li>20.9.2025 \u2013 12 pm and 3:30 pm \u2013 Lastenkulttuurikeskus Pessi (Vantaa):&nbsp;<a href=\"https:\/\/www.kolibrifestivaali.org\/es\/event\/mar-benegas-sesion-de-firma-de-libros-en-la-feria-del-libro-infantil\/\">Sesi\u00f3n de firma de libros en la Feria del Libro Infantil<\/a>. La escritora espa\u00f1ola firmar\u00e1 ejemplares durante la feria. \u00a1No te lo pierdas! Adem\u00e1s, \u00a1por primera vez en Kolibr\u00ed tendremos Editorial Invitada! En la Feria del Libro podr\u00e1s comprar los libros de Mar, gracias a la colaboraci\u00f3n de su editorial&nbsp;<a href=\"https:\/\/www.abuenpaso.com\/\" target=\"_blank\" rel=\"noreferrer noopener\">A buen paso<\/a>.<\/li>\n<\/ul>\n\n\n\n<p><a href=\"https:\/\/www.kolibrifestivaali.org\/es\/program\/\">Programa completo<\/a> <\/p>\n\n\n\n<p>Puedes seguirla en Instagram (@benegasmar), Facebook (<a href=\"https:\/\/www.facebook.com\/benegasmar\" target=\"_blank\" rel=\"noreferrer noopener\">@benegasmar<\/a> y @<a href=\"https:\/\/www.facebook.com\/MarBenegaspoeta\" target=\"_blank\" rel=\"noreferrer noopener\">MarBenegaspoeta<\/a>), y X (@benegasmar).<\/p>\n\n\n\n<p>La participaci\u00f3n de Mar Benegas en Kolibr\u00ed Festivaali es gracias a la colaboraci\u00f3n de la Direcci\u00f3n General del Libro, del C\u00f3mic y de la Lectura del Ministerio de Cultura y Deportes de Espa\u00f1a.&nbsp; <\/p>\n","protected":false},"excerpt":{"rendered":"<p>Kolibr\u00ed Festivaali lleva desde 2015 invitando a artistas iberoamericanos, para que compartan su arte con las familias de Finlandia. Actores, [\u2026] <a href=\"https:\/\/www.kolibrifestivaali.org\/es\/mar-benegas-guest-artist-kolibri-2025\/\">Lue lis\u00e4\u00e4 &raquo;<\/a><\/p>\n<div class='heateor_sss_sharing_container heateor_sss_vertical_sharing heateor_sss_bottom_sharing' style='width:34px;right: -10px;top: 100px;-webkit-box-shadow:none;box-shadow:none;' data-heateor-sss-href='https:\/\/www.kolibrifestivaali.org\/es\/wp-json\/wp\/v2\/posts\/327313'><div class=\"heateor_sss_sharing_ul\"><a aria-label=\"Facebook\" class=\"heateor_sss_facebook\" href=\"https:\/\/www.facebook.com\/sharer\/sharer.php?u=https%3A%2F%2Fwww.kolibrifestivaali.org%2Fes%2Fwp-json%2Fwp%2Fv2%2Fposts%2F327313\" title=\"Facebook\" rel=\"nofollow noopener\" target=\"_blank\" style=\"font-size:32px!important;box-shadow:none;display:inline-block;vertical-align:middle\"><span class=\"heateor_sss_svg\" style=\"background-color:#0765FE;width:30px;height:30px;border-radius:999px;display:inline-block;opacity:1;float:left;font-size:32px;box-shadow:none;display:inline-block;font-size:16px;padding:0 4px;vertical-align:middle;background-repeat:repeat;overflow:hidden;padding:0;cursor:pointer;box-sizing:content-box\"><svg style=\"display:block;border-radius:999px;\" focusable=\"false\" aria-hidden=\"true\" xmlns=\"http:\/\/www.w3.org\/2000\/svg\" width=\"100%\" height=\"100%\" viewBox=\"0 0 32 32\"><path fill=\"#fff\" d=\"M28 16c0-6.627-5.373-12-12-12S4 9.373 4 16c0 5.628 3.875 10.35 9.101 11.647v-7.98h-2.474V16H13.1v-1.58c0-4.085 1.849-5.978 5.859-5.978.76 0 2.072.15 2.608.298v3.325c-.283-.03-.775-.045-1.386-.045-1.967 0-2.728.745-2.728 2.683V16h3.92l-.673 3.667h-3.247v8.245C23.395 27.195 28 22.135 28 16Z\"><\/path><\/svg><\/span><\/a><a aria-label=\"X\" class=\"heateor_sss_button_x\" href=\"https:\/\/twitter.com\/intent\/tweet?text=Kolibri%20Festivaali%20-%20Kolibri%CC%81%20is%20a%20unique%20multicultural%2C%20free%20and%20open%20art%20festival%20for%20children%20and%20their%20families.&url=https%3A%2F%2Fwww.kolibrifestivaali.org%2Fes%2Fwp-json%2Fwp%2Fv2%2Fposts%2F327313\" title=\"X\" rel=\"nofollow noopener\" target=\"_blank\" style=\"font-size:32px!important;box-shadow:none;display:inline-block;vertical-align:middle\"><span class=\"heateor_sss_svg heateor_sss_s__default heateor_sss_s_x\" style=\"background-color:#2a2a2a;width:30px;height:30px;border-radius:999px;display:inline-block;opacity:1;float:left;font-size:32px;box-shadow:none;display:inline-block;font-size:16px;padding:0 4px;vertical-align:middle;background-repeat:repeat;overflow:hidden;padding:0;cursor:pointer;box-sizing:content-box\"><svg width=\"100%\" height=\"100%\" style=\"display:block;border-radius:999px;\" focusable=\"false\" aria-hidden=\"true\" xmlns=\"http:\/\/www.w3.org\/2000\/svg\" viewBox=\"0 0 32 32\"><path fill=\"#fff\" d=\"M21.751 7h3.067l-6.7 7.658L26 25.078h-6.172l-4.833-6.32-5.531 6.32h-3.07l7.167-8.19L6 7h6.328l4.37 5.777L21.75 7Zm-1.076 16.242h1.7L11.404 8.74H9.58l11.094 14.503Z\"><\/path><\/svg><\/span><\/a><a aria-label=\"Linkedin\" class=\"heateor_sss_button_linkedin\" href=\"https:\/\/www.linkedin.com\/sharing\/share-offsite\/?url=https%3A%2F%2Fwww.kolibrifestivaali.org%2Fes%2Fwp-json%2Fwp%2Fv2%2Fposts%2F327313\" title=\"Linkedin\" rel=\"nofollow noopener\" target=\"_blank\" style=\"font-size:32px!important;box-shadow:none;display:inline-block;vertical-align:middle\"><span class=\"heateor_sss_svg heateor_sss_s__default heateor_sss_s_linkedin\" style=\"background-color:#0077b5;width:30px;height:30px;border-radius:999px;display:inline-block;opacity:1;float:left;font-size:32px;box-shadow:none;display:inline-block;font-size:16px;padding:0 4px;vertical-align:middle;background-repeat:repeat;overflow:hidden;padding:0;cursor:pointer;box-sizing:content-box\"><svg style=\"display:block;border-radius:999px;\" focusable=\"false\" aria-hidden=\"true\" xmlns=\"http:\/\/www.w3.org\/2000\/svg\" width=\"100%\" height=\"100%\" viewBox=\"0 0 32 32\"><path d=\"M6.227 12.61h4.19v13.48h-4.19V12.61zm2.095-6.7a2.43 2.43 0 0 1 0 4.86c-1.344 0-2.428-1.09-2.428-2.43s1.084-2.43 2.428-2.43m4.72 6.7h4.02v1.84h.058c.56-1.058 1.927-2.176 3.965-2.176 4.238 0 5.02 2.792 5.02 6.42v7.395h-4.183v-6.56c0-1.564-.03-3.574-2.178-3.574-2.18 0-2.514 1.7-2.514 3.46v6.668h-4.187V12.61z\" fill=\"#fff\"><\/path><\/svg><\/span><\/a><a aria-label=\"Instagram\" class=\"heateor_sss_button_instagram\" href=\"https:\/\/www.instagram.com\/\" title=\"Instagram\" rel=\"nofollow noopener\" target=\"_blank\" style=\"font-size:32px!important;box-shadow:none;display:inline-block;vertical-align:middle\"><span class=\"heateor_sss_svg\" style=\"background-color:#53beee;width:30px;height:30px;border-radius:999px;display:inline-block;opacity:1;float:left;font-size:32px;box-shadow:none;display:inline-block;font-size:16px;padding:0 4px;vertical-align:middle;background-repeat:repeat;overflow:hidden;padding:0;cursor:pointer;box-sizing:content-box\"><svg style=\"display:block;border-radius:999px;\" version=\"1.1\" viewBox=\"-10 -10 148 148\" width=\"100%\" height=\"100%\" xml:space=\"preserve\" xmlns=\"http:\/\/www.w3.org\/2000\/svg\" xmlns:xlink=\"http:\/\/www.w3.org\/1999\/xlink\"><g><g><path d=\"M86,112H42c-14.336,0-26-11.663-26-26V42c0-14.337,11.664-26,26-26h44c14.337,0,26,11.663,26,26v44 C112,100.337,100.337,112,86,112z M42,24c-9.925,0-18,8.074-18,18v44c0,9.925,8.075,18,18,18h44c9.926,0,18-8.075,18-18V42 c0-9.926-8.074-18-18-18H42z\" fill=\"#fff\"><\/path><\/g><g><path d=\"M64,88c-13.234,0-24-10.767-24-24c0-13.234,10.766-24,24-24s24,10.766,24,24C88,77.233,77.234,88,64,88z M64,48c-8.822,0-16,7.178-16,16s7.178,16,16,16c8.822,0,16-7.178,16-16S72.822,48,64,48z\" fill=\"#fff\"><\/path><\/g><g><circle cx=\"89.5\" cy=\"38.5\" fill=\"#fff\" r=\"5.5\"><\/circle><\/g><\/g><\/svg><\/span><\/a><\/div><div class=\"heateorSssClear\"><\/div><\/div>","protected":false},"author":13,"featured_media":327306,"comment_status":"closed","ping_status":"closed","sticky":false,"template":"","format":"standard","meta":{"_acf_changed":false,"footnotes":""},"categories":[22],"tags":[938],"class_list":["post-327313","post","type-post","status-publish","format-standard","has-post-thumbnail","hentry","category-news-archive-es","tag-kolibri-festivaali-2025-es"],"acf":[],"yoast_head":"<!-- This site is optimized with the Yoast SEO plugin v27.5 - https:\/\/yoast.com\/product\/yoast-seo-wordpress\/ -->\n<title>Conoce a Mar Benegas, Artista Invitada de Kolibr\u00ed Festivaali 2025 - 10\u00ba Aniversario - Kolibri Festivaali<\/title>\n<meta name=\"description\" content=\"Conoce a Mar Benegas, \u00a1Artista Invitada de Kolibr\u00ed Festivaali 2025 \u2013 10\u00ba Aniversario! No te pierdas sus talleres en la 14a edici\u00f3n de Kolibr\u00ed\" \/>\n<meta name=\"robots\" content=\"noindex, follow\" \/>\n<meta property=\"og:locale\" content=\"es_ES\" \/>\n<meta property=\"og:type\" content=\"article\" \/>\n<meta property=\"og:title\" content=\"Conoce a Mar Benegas, Artista Invitada de Kolibr\u00ed Festivaali 2025 - 10\u00ba Aniversario - Kolibri Festivaali\" \/>\n<meta property=\"og:description\" content=\"Conoce a Mar Benegas, \u00a1Artista Invitada de Kolibr\u00ed Festivaali 2025 \u2013 10\u00ba Aniversario! No te pierdas sus talleres en la 14a edici\u00f3n de Kolibr\u00ed\" \/>\n<meta property=\"og:url\" content=\"https:\/\/www.kolibrifestivaali.org\/es\/mar-benegas-guest-artist-kolibri-2025\/\" \/>\n<meta property=\"og:site_name\" content=\"Kolibri Festivaali\" \/>\n<meta property=\"article:published_time\" content=\"2025-06-06T06:46:14+00:00\" \/>\n<meta property=\"article:modified_time\" content=\"2025-09-04T09:09:27+00:00\" \/>\n<meta property=\"og:image\" content=\"https:\/\/www.kolibrifestivaali.org\/wp-content\/uploads\/2025\/06\/mar-benegas-picture-7.jpg\" \/>\n\t<meta property=\"og:image:width\" content=\"1920\" \/>\n\t<meta property=\"og:image:height\" content=\"1407\" \/>\n\t<meta property=\"og:image:type\" content=\"image\/jpeg\" \/>\n<meta name=\"author\" content=\"Marta Berm\u00fadez\" \/>\n<meta name=\"twitter:card\" content=\"summary_large_image\" \/>\n<meta name=\"twitter:label1\" content=\"Escrito por\" \/>\n\t<meta name=\"twitter:data1\" content=\"Marta Berm\u00fadez\" \/>\n\t<meta name=\"twitter:label2\" content=\"Tiempo de lectura\" \/>\n\t<meta name=\"twitter:data2\" content=\"5 minutos\" \/>\n<script type=\"application\/ld+json\" class=\"yoast-schema-graph\">{\"@context\":\"https:\\\/\\\/schema.org\",\"@graph\":[{\"@type\":\"Article\",\"@id\":\"https:\\\/\\\/www.kolibrifestivaali.org\\\/es\\\/mar-benegas-guest-artist-kolibri-2025\\\/#article\",\"isPartOf\":{\"@id\":\"https:\\\/\\\/www.kolibrifestivaali.org\\\/es\\\/mar-benegas-guest-artist-kolibri-2025\\\/\"},\"author\":{\"name\":\"Marta Berm\u00fadez\",\"@id\":\"https:\\\/\\\/www.kolibrifestivaali.org\\\/es\\\/#\\\/schema\\\/person\\\/a4d882046c0f7b03960be07d8b5713ba\"},\"headline\":\"Conoce a Mar Benegas, Artista Invitada de Kolibr\u00ed Festivaali 2025 &#8211; 10\u00ba Aniversario\",\"datePublished\":\"2025-06-06T06:46:14+00:00\",\"dateModified\":\"2025-09-04T09:09:27+00:00\",\"mainEntityOfPage\":{\"@id\":\"https:\\\/\\\/www.kolibrifestivaali.org\\\/es\\\/mar-benegas-guest-artist-kolibri-2025\\\/\"},\"wordCount\":958,\"image\":{\"@id\":\"https:\\\/\\\/www.kolibrifestivaali.org\\\/es\\\/mar-benegas-guest-artist-kolibri-2025\\\/#primaryimage\"},\"thumbnailUrl\":\"https:\\\/\\\/www.kolibrifestivaali.org\\\/wp-content\\\/uploads\\\/2025\\\/06\\\/mar-benegas-picture-7.jpg\",\"keywords\":[\"kolibri festivaali 2025\"],\"articleSection\":[\"News\"],\"inLanguage\":\"es\"},{\"@type\":\"WebPage\",\"@id\":\"https:\\\/\\\/www.kolibrifestivaali.org\\\/es\\\/mar-benegas-guest-artist-kolibri-2025\\\/\",\"url\":\"https:\\\/\\\/www.kolibrifestivaali.org\\\/es\\\/mar-benegas-guest-artist-kolibri-2025\\\/\",\"name\":\"Conoce a Mar Benegas, Artista Invitada de Kolibr\u00ed Festivaali 2025 - 10\u00ba Aniversario - Kolibri Festivaali\",\"isPartOf\":{\"@id\":\"https:\\\/\\\/www.kolibrifestivaali.org\\\/es\\\/#website\"},\"primaryImageOfPage\":{\"@id\":\"https:\\\/\\\/www.kolibrifestivaali.org\\\/es\\\/mar-benegas-guest-artist-kolibri-2025\\\/#primaryimage\"},\"image\":{\"@id\":\"https:\\\/\\\/www.kolibrifestivaali.org\\\/es\\\/mar-benegas-guest-artist-kolibri-2025\\\/#primaryimage\"},\"thumbnailUrl\":\"https:\\\/\\\/www.kolibrifestivaali.org\\\/wp-content\\\/uploads\\\/2025\\\/06\\\/mar-benegas-picture-7.jpg\",\"datePublished\":\"2025-06-06T06:46:14+00:00\",\"dateModified\":\"2025-09-04T09:09:27+00:00\",\"author\":{\"@id\":\"https:\\\/\\\/www.kolibrifestivaali.org\\\/es\\\/#\\\/schema\\\/person\\\/a4d882046c0f7b03960be07d8b5713ba\"},\"description\":\"Conoce a Mar Benegas, \u00a1Artista Invitada de Kolibr\u00ed Festivaali 2025 \u2013 10\u00ba Aniversario! No te pierdas sus talleres en la 14a edici\u00f3n de Kolibr\u00ed\",\"breadcrumb\":{\"@id\":\"https:\\\/\\\/www.kolibrifestivaali.org\\\/es\\\/mar-benegas-guest-artist-kolibri-2025\\\/#breadcrumb\"},\"inLanguage\":\"es\",\"potentialAction\":[{\"@type\":\"ReadAction\",\"target\":[\"https:\\\/\\\/www.kolibrifestivaali.org\\\/es\\\/mar-benegas-guest-artist-kolibri-2025\\\/\"]}]},{\"@type\":\"ImageObject\",\"inLanguage\":\"es\",\"@id\":\"https:\\\/\\\/www.kolibrifestivaali.org\\\/es\\\/mar-benegas-guest-artist-kolibri-2025\\\/#primaryimage\",\"url\":\"https:\\\/\\\/www.kolibrifestivaali.org\\\/wp-content\\\/uploads\\\/2025\\\/06\\\/mar-benegas-picture-7.jpg\",\"contentUrl\":\"https:\\\/\\\/www.kolibrifestivaali.org\\\/wp-content\\\/uploads\\\/2025\\\/06\\\/mar-benegas-picture-7.jpg\",\"width\":1920,\"height\":1407,\"caption\":\"Mar Benegas, Spanish writer, poet and cultural producer.\"},{\"@type\":\"BreadcrumbList\",\"@id\":\"https:\\\/\\\/www.kolibrifestivaali.org\\\/es\\\/mar-benegas-guest-artist-kolibri-2025\\\/#breadcrumb\",\"itemListElement\":[{\"@type\":\"ListItem\",\"position\":1,\"name\":\"Home\",\"item\":\"https:\\\/\\\/www.kolibrifestivaali.org\\\/es\\\/\"},{\"@type\":\"ListItem\",\"position\":2,\"name\":\"Conoce a Mar Benegas, Artista Invitada de Kolibr\u00ed Festivaali 2025 &#8211; 10\u00ba Aniversario\"}]},{\"@type\":\"WebSite\",\"@id\":\"https:\\\/\\\/www.kolibrifestivaali.org\\\/es\\\/#website\",\"url\":\"https:\\\/\\\/www.kolibrifestivaali.org\\\/es\\\/\",\"name\":\"Kolibri Festivaali\",\"description\":\"Kolibri\u0301 is a unique multicultural, free and open art festival for children and their families.\",\"inLanguage\":\"es\"},{\"@type\":\"Person\",\"@id\":\"https:\\\/\\\/www.kolibrifestivaali.org\\\/es\\\/#\\\/schema\\\/person\\\/a4d882046c0f7b03960be07d8b5713ba\",\"name\":\"Marta Berm\u00fadez\",\"image\":{\"@type\":\"ImageObject\",\"inLanguage\":\"es\",\"@id\":\"https:\\\/\\\/secure.gravatar.com\\\/avatar\\\/35700c2014d565cf72e89c0e712b6bc70303de9d0796b72a069bbd235e79a7b5?s=96&d=mm&r=g\",\"url\":\"https:\\\/\\\/secure.gravatar.com\\\/avatar\\\/35700c2014d565cf72e89c0e712b6bc70303de9d0796b72a069bbd235e79a7b5?s=96&d=mm&r=g\",\"contentUrl\":\"https:\\\/\\\/secure.gravatar.com\\\/avatar\\\/35700c2014d565cf72e89c0e712b6bc70303de9d0796b72a069bbd235e79a7b5?s=96&d=mm&r=g\",\"caption\":\"Marta Berm\u00fadez\"}}]}<\/script>\n<!-- \/ Yoast SEO plugin. -->","yoast_head_json":{"title":"Conoce a Mar Benegas, Artista Invitada de Kolibr\u00ed Festivaali 2025 - 10\u00ba Aniversario - Kolibri Festivaali","description":"Conoce a Mar Benegas, \u00a1Artista Invitada de Kolibr\u00ed Festivaali 2025 \u2013 10\u00ba Aniversario! No te pierdas sus talleres en la 14a edici\u00f3n de Kolibr\u00ed","robots":{"index":"noindex","follow":"follow"},"og_locale":"es_ES","og_type":"article","og_title":"Conoce a Mar Benegas, Artista Invitada de Kolibr\u00ed Festivaali 2025 - 10\u00ba Aniversario - Kolibri Festivaali","og_description":"Conoce a Mar Benegas, \u00a1Artista Invitada de Kolibr\u00ed Festivaali 2025 \u2013 10\u00ba Aniversario! No te pierdas sus talleres en la 14a edici\u00f3n de Kolibr\u00ed","og_url":"https:\/\/www.kolibrifestivaali.org\/es\/mar-benegas-guest-artist-kolibri-2025\/","og_site_name":"Kolibri Festivaali","article_published_time":"2025-06-06T06:46:14+00:00","article_modified_time":"2025-09-04T09:09:27+00:00","og_image":[{"width":1920,"height":1407,"url":"https:\/\/www.kolibrifestivaali.org\/wp-content\/uploads\/2025\/06\/mar-benegas-picture-7.jpg","type":"image\/jpeg"}],"author":"Marta Berm\u00fadez","twitter_card":"summary_large_image","twitter_misc":{"Escrito por":"Marta Berm\u00fadez","Tiempo de lectura":"5 minutos"},"schema":{"@context":"https:\/\/schema.org","@graph":[{"@type":"Article","@id":"https:\/\/www.kolibrifestivaali.org\/es\/mar-benegas-guest-artist-kolibri-2025\/#article","isPartOf":{"@id":"https:\/\/www.kolibrifestivaali.org\/es\/mar-benegas-guest-artist-kolibri-2025\/"},"author":{"name":"Marta Berm\u00fadez","@id":"https:\/\/www.kolibrifestivaali.org\/es\/#\/schema\/person\/a4d882046c0f7b03960be07d8b5713ba"},"headline":"Conoce a Mar Benegas, Artista Invitada de Kolibr\u00ed Festivaali 2025 &#8211; 10\u00ba Aniversario","datePublished":"2025-06-06T06:46:14+00:00","dateModified":"2025-09-04T09:09:27+00:00","mainEntityOfPage":{"@id":"https:\/\/www.kolibrifestivaali.org\/es\/mar-benegas-guest-artist-kolibri-2025\/"},"wordCount":958,"image":{"@id":"https:\/\/www.kolibrifestivaali.org\/es\/mar-benegas-guest-artist-kolibri-2025\/#primaryimage"},"thumbnailUrl":"https:\/\/www.kolibrifestivaali.org\/wp-content\/uploads\/2025\/06\/mar-benegas-picture-7.jpg","keywords":["kolibri festivaali 2025"],"articleSection":["News"],"inLanguage":"es"},{"@type":"WebPage","@id":"https:\/\/www.kolibrifestivaali.org\/es\/mar-benegas-guest-artist-kolibri-2025\/","url":"https:\/\/www.kolibrifestivaali.org\/es\/mar-benegas-guest-artist-kolibri-2025\/","name":"Conoce a Mar Benegas, Artista Invitada de Kolibr\u00ed Festivaali 2025 - 10\u00ba Aniversario - Kolibri Festivaali","isPartOf":{"@id":"https:\/\/www.kolibrifestivaali.org\/es\/#website"},"primaryImageOfPage":{"@id":"https:\/\/www.kolibrifestivaali.org\/es\/mar-benegas-guest-artist-kolibri-2025\/#primaryimage"},"image":{"@id":"https:\/\/www.kolibrifestivaali.org\/es\/mar-benegas-guest-artist-kolibri-2025\/#primaryimage"},"thumbnailUrl":"https:\/\/www.kolibrifestivaali.org\/wp-content\/uploads\/2025\/06\/mar-benegas-picture-7.jpg","datePublished":"2025-06-06T06:46:14+00:00","dateModified":"2025-09-04T09:09:27+00:00","author":{"@id":"https:\/\/www.kolibrifestivaali.org\/es\/#\/schema\/person\/a4d882046c0f7b03960be07d8b5713ba"},"description":"Conoce a Mar Benegas, \u00a1Artista Invitada de Kolibr\u00ed Festivaali 2025 \u2013 10\u00ba Aniversario! No te pierdas sus talleres en la 14a edici\u00f3n de Kolibr\u00ed","breadcrumb":{"@id":"https:\/\/www.kolibrifestivaali.org\/es\/mar-benegas-guest-artist-kolibri-2025\/#breadcrumb"},"inLanguage":"es","potentialAction":[{"@type":"ReadAction","target":["https:\/\/www.kolibrifestivaali.org\/es\/mar-benegas-guest-artist-kolibri-2025\/"]}]},{"@type":"ImageObject","inLanguage":"es","@id":"https:\/\/www.kolibrifestivaali.org\/es\/mar-benegas-guest-artist-kolibri-2025\/#primaryimage","url":"https:\/\/www.kolibrifestivaali.org\/wp-content\/uploads\/2025\/06\/mar-benegas-picture-7.jpg","contentUrl":"https:\/\/www.kolibrifestivaali.org\/wp-content\/uploads\/2025\/06\/mar-benegas-picture-7.jpg","width":1920,"height":1407,"caption":"Mar Benegas, Spanish writer, poet and cultural producer."},{"@type":"BreadcrumbList","@id":"https:\/\/www.kolibrifestivaali.org\/es\/mar-benegas-guest-artist-kolibri-2025\/#breadcrumb","itemListElement":[{"@type":"ListItem","position":1,"name":"Home","item":"https:\/\/www.kolibrifestivaali.org\/es\/"},{"@type":"ListItem","position":2,"name":"Conoce a Mar Benegas, Artista Invitada de Kolibr\u00ed Festivaali 2025 &#8211; 10\u00ba Aniversario"}]},{"@type":"WebSite","@id":"https:\/\/www.kolibrifestivaali.org\/es\/#website","url":"https:\/\/www.kolibrifestivaali.org\/es\/","name":"Kolibri Festivaali","description":"Kolibri\u0301 is a unique multicultural, free and open art festival for children and their families.","inLanguage":"es"},{"@type":"Person","@id":"https:\/\/www.kolibrifestivaali.org\/es\/#\/schema\/person\/a4d882046c0f7b03960be07d8b5713ba","name":"Marta Berm\u00fadez","image":{"@type":"ImageObject","inLanguage":"es","@id":"https:\/\/secure.gravatar.com\/avatar\/35700c2014d565cf72e89c0e712b6bc70303de9d0796b72a069bbd235e79a7b5?s=96&d=mm&r=g","url":"https:\/\/secure.gravatar.com\/avatar\/35700c2014d565cf72e89c0e712b6bc70303de9d0796b72a069bbd235e79a7b5?s=96&d=mm&r=g","contentUrl":"https:\/\/secure.gravatar.com\/avatar\/35700c2014d565cf72e89c0e712b6bc70303de9d0796b72a069bbd235e79a7b5?s=96&d=mm&r=g","caption":"Marta Berm\u00fadez"}}]}},"_links":{"self":[{"href":"https:\/\/www.kolibrifestivaali.org\/es\/wp-json\/wp\/v2\/posts\/327313","targetHints":{"allow":["GET"]}}],"collection":[{"href":"https:\/\/www.kolibrifestivaali.org\/es\/wp-json\/wp\/v2\/posts"}],"about":[{"href":"https:\/\/www.kolibrifestivaali.org\/es\/wp-json\/wp\/v2\/types\/post"}],"author":[{"embeddable":true,"href":"https:\/\/www.kolibrifestivaali.org\/es\/wp-json\/wp\/v2\/users\/13"}],"replies":[{"embeddable":true,"href":"https:\/\/www.kolibrifestivaali.org\/es\/wp-json\/wp\/v2\/comments?post=327313"}],"version-history":[{"count":9,"href":"https:\/\/www.kolibrifestivaali.org\/es\/wp-json\/wp\/v2\/posts\/327313\/revisions"}],"predecessor-version":[{"id":328671,"href":"https:\/\/www.kolibrifestivaali.org\/es\/wp-json\/wp\/v2\/posts\/327313\/revisions\/328671"}],"wp:featuredmedia":[{"embeddable":true,"href":"https:\/\/www.kolibrifestivaali.org\/es\/wp-json\/wp\/v2\/media\/327306"}],"wp:attachment":[{"href":"https:\/\/www.kolibrifestivaali.org\/es\/wp-json\/wp\/v2\/media?parent=327313"}],"wp:term":[{"taxonomy":"category","embeddable":true,"href":"https:\/\/www.kolibrifestivaali.org\/es\/wp-json\/wp\/v2\/categories?post=327313"},{"taxonomy":"post_tag","embeddable":true,"href":"https:\/\/www.kolibrifestivaali.org\/es\/wp-json\/wp\/v2\/tags?post=327313"}],"curies":[{"name":"wp","href":"https:\/\/api.w.org\/{rel}","templated":true}]}}