{"id":327095,"date":"2025-05-12T14:27:08","date_gmt":"2025-05-12T11:27:08","guid":{"rendered":"https:\/\/www.kolibrifestivaali.org\/news-archive-es\/gusti-illustrator-image-kolibri-festivaali-2025\/"},"modified":"2025-09-05T12:05:22","modified_gmt":"2025-09-05T09:05:22","slug":"gusti-illustrator-image-kolibri-festivaali-2025","status":"publish","type":"post","link":"https:\/\/www.kolibrifestivaali.org\/es\/gusti-illustrator-image-kolibri-festivaali-2025\/","title":{"rendered":"Gusti, ilustrador de la imagen de Kolibr\u00ed Festivaali 2025 \u2013 10\u00ba aniversario"},"content":{"rendered":"\n<p>Si os contamos que el <strong>ilustrador encargado de la imagen oficial del d\u00e9cimo aniversario de Kolibr\u00ed<\/strong> es <strong>Gustavo Ariel Rosemffet Abramovich<\/strong> (AR), tal vez no os suene familiar. Pero si os decimos que es Gusti, seguro que os sacamos una sonrisa en la cara.&nbsp;<\/p>\n\n\n\n<p>En una edici\u00f3n tan especial, en la que <strong>nuestro Kolibr\u00ed lleva 10 a\u00f1os aleteando para conseguir mayor diversidad en el sector cultural infantil<\/strong>, no pod\u00edamos dejar a nuestro querido pajarito en mejores manos y pinceles.&nbsp;&nbsp;&nbsp;&nbsp;<\/p>\n\n\n\n<p>Para Kolibr\u00ed Festivaali es un gran honor contar con Gusti como ilustrador de la imagen oficial de nuestro d\u00e9cimo aniversario. <strong>Os invitamos<\/strong> a conocerlo un poco m\u00e1s, a descubrir su obra \u00a1y por supuesto a <strong>participar en sus charlas y talleres durante el festival!<\/strong>&nbsp;&nbsp;&nbsp;<\/p>\n\n\n\n<h2 class=\"wp-block-heading has-text-align-left\">40 a\u00f1os ilustrando literatura e inclusi\u00f3n<\/h2>\n\n\n\n<p>Tras obtener su t\u00edtulo de T\u00e9cnico de Dise\u00f1o y Promoci\u00f3n Publicitaria por la argentina Escuela de Arte Fernando Fader, comenz\u00f3 a trabajar ilustrando revistas y en estudios de animaci\u00f3n tan conocidos como Catu y Hanna Barbera.&nbsp;&nbsp;<\/p>\n\n\n\n<p>Pero pronto decidi\u00f3 centrarse en la creaci\u00f3n literaria, escribiendo e ilustrando libros infantiles y juveniles.&nbsp;<\/p>\n\n\n\n<p>De hecho, en sus m\u00e1s de 40 a\u00f1os de carrera, ha superado ya la cifra<strong> de 150 libros publicados en m\u00e1s de 20 idiomas, <\/strong>en editoriales de <strong>Jap\u00f3n, Taiw\u00e1n, Suiza, Francia, Espa\u00f1a, Argentina, Alemania o Estados Unidos.&nbsp;&nbsp;<\/strong><\/p>\n\n\n\n<p>Un inmenso trabajo con el que ha ganado prestigiosos premios como el <strong>Bratislava Golden Apple Prix<\/strong>, el <strong>Premio Nacional de Ilustraci\u00f3n en Espa\u00f1a<\/strong>, el Premio <strong>Lazarillo<\/strong>, o el Premio <strong>JUNCEDA<\/strong> concedido por la Asociaci\u00f3n Profesional de Ilustradores de Catalunya (Espa\u00f1a), donde reside desde hace muchos a\u00f1os.&nbsp;&nbsp;&nbsp;<\/p>\n\n\n\n<p>En 2016 gan\u00f3 el <a href=\"https:\/\/www.bolognachildrensbookfair.com\/media\/libro\/press_release\/2016\/ENNNCs_BRAW_2016.pdf\" target=\"_blank\" rel=\"noreferrer noopener\"><strong>Bologna Ragazzi Award<\/strong><\/a> en la categor\u00eda de discapacidad por su \u00edntima obra <em>Mallko y pap\u00e1 <\/em>(Oc\u00e9ano Traves\u00eda), en la que nos deja ver c\u00f3mo es ser el padre, madre o hermano de Mallko, su hijo con S\u00edndrome de Down.&nbsp;&nbsp;<\/p>\n\n\n\n<p>Y es que, si hay que destacar un tema en los libros escritos e ilustrados por Gusti, es sin duda el de la inclusi\u00f3n, o la igualdad de oportunidades.&nbsp;&nbsp;<\/p>\n\n\n\n<p>Una realidad ilustrada y escrita con la naturalidad y el humor necesarios en muchas otras de sus obras, como por ejemplo <strong>\u00abNo somos angelitos\u00bb<\/strong> (Oc\u00e9ano Traves\u00eda).&nbsp;&nbsp;&nbsp;<\/p>\n\n\n\n<blockquote class=\"wp-block-quote is-layout-flow wp-block-quote-is-layout-flow\">\n<p>\u201cLa discapacidad da miedo. Estos temas se tratan con pinzas. \u00bfPor qu\u00e9 tenemos tanto miedo a hablar del tema? Soy mejor persona desde que naci\u00f3 mi hijo, y no lo cambiar\u00eda por nada, pero tambi\u00e9n hay d\u00edas en que se te cae el mundo encima\u201d, explica.&nbsp;<\/p>\n<\/blockquote>\n\n\n\n<p>Actualmente est\u00e1 finalizando <strong>su pr\u00f3xima obra \u00abEs muy f\u00e1cil viajar con un oso\u00bb<\/strong>.<em> <\/em>Un libro con mucho humor inspirado en las an\u00e9cdotas vividas con su hijo Mallko en los aeropuertos.&nbsp;&nbsp;&nbsp;&nbsp;<\/p>\n\n\n\n<p>Y es que, como Gusti reclama, \u201clos ni\u00f1os con discapacidad tambi\u00e9n tienen derecho a hacer el gamberro y a hacer tonter\u00edas\u201d.&nbsp;<\/p>\n\n\n\n<div class=\"wp-block-columns is-layout-flex wp-container-core-columns-is-layout-9d6595d7 wp-block-columns-is-layout-flex\">\n<div class=\"wp-block-column is-layout-flow wp-block-column-is-layout-flow\" style=\"flex-basis:66.66%\">\n<figure class=\"wp-block-image size-large\"><img decoding=\"async\" width=\"1280\" height=\"1570\" src=\"https:\/\/www.kolibrifestivaali.org\/wp-content\/uploads\/2025\/05\/img-20221019-090152-1280x1570.jpg\" alt=\"\" class=\"wp-image-327089\" srcset=\"https:\/\/www.kolibrifestivaali.org\/wp-content\/uploads\/2025\/05\/img-20221019-090152-1280x1570.jpg 1280w, https:\/\/www.kolibrifestivaali.org\/wp-content\/uploads\/2025\/05\/img-20221019-090152-350x429.jpg 350w, https:\/\/www.kolibrifestivaali.org\/wp-content\/uploads\/2025\/05\/img-20221019-090152-768x942.jpg 768w, https:\/\/www.kolibrifestivaali.org\/wp-content\/uploads\/2025\/05\/img-20221019-090152-1252x1536.jpg 1252w, https:\/\/www.kolibrifestivaali.org\/wp-content\/uploads\/2025\/05\/img-20221019-090152-500x613.jpg 500w, https:\/\/www.kolibrifestivaali.org\/wp-content\/uploads\/2025\/05\/img-20221019-090152-830x1018.jpg 830w, https:\/\/www.kolibrifestivaali.org\/wp-content\/uploads\/2025\/05\/img-20221019-090152.jpg 1565w\" sizes=\"(max-width: 1280px) 100vw, 1280px\" \/><\/figure>\n<\/div>\n\n\n\n<div class=\"wp-block-column is-layout-flow wp-block-column-is-layout-flow\" style=\"flex-basis:33.33%\">\n<p><\/p>\n\n\n\n<p class=\"has-text-align-left\">Una perspectiva inclusiva que vuelca en sus talleres de arte y acciones colectivas como murales art\u00edsticos, en los que genera espacios donde todo el mundo es bienvenido a aprender y a pasarlo bien.&nbsp;<\/p>\n<\/div>\n<\/div>\n\n\n\n<p>En 2014 cofund\u00f3 la <a href=\"https:\/\/www.windown.org\/\" target=\"_blank\" rel=\"noreferrer noopener\">asociaci\u00f3n Windown<\/a>, con la que promueve <strong>talleres de arte inclusivos<\/strong> desde la ciudad catalana Sant Cugat del Vall\u00e8s. Si quieres apoyar este proyecto, en la p\u00e1gina web de la asociaci\u00f3n se pueden comprar los cuadros creados en los talleres por los artistas.&nbsp;&nbsp;&nbsp;&nbsp;<\/p>\n\n\n\n<p>Adem\u00e1s de escritor, ilustrador y activista por los derechos de las personas con discapacidad, no podemos olvidar sus <strong>proyectos de reciclaje en M\u00e9xico y Colombia<\/strong>, o sus trabajos en <strong>defensa del c\u00f3ndor andino<\/strong> o las aves en Sudam\u00e9rica. Trabajos en los que muestra su otra gran pasi\u00f3n, la naturaleza.&nbsp;&nbsp;&nbsp;<\/p>\n\n\n\n<h2 class=\"wp-block-heading\">Otros t\u00edtulos premiados:&nbsp;<\/h2>\n\n\n\n<ul class=\"wp-block-list\">\n<li>\u00abMallko y pap\u00e1\u00bb.&nbsp;<\/li>\n\n\n\n<li>\u00abPap\u00e1 se fue a la selva\u00bb.&nbsp;<\/li>\n\n\n\n<li>\u00abEl elefante encadenado\u00bb.&nbsp;<\/li>\n\n\n\n<li>\u00abMedio Elefante\u00bb.&nbsp;<\/li>\n\n\n\n<li>\u00abLa mosca\u00bb.&nbsp;<\/li>\n\n\n\n<li>\u00abErnesto el le\u00f3n hambriento\u00bb.&nbsp;<\/li>\n\n\n\n<li>\u00abLa peque\u00f1a Wu-li\u00bb (Premio Lazarillo).&nbsp;<\/li>\n\n\n\n<li>\u00abEl pirata valiente\u00bb (Premio Nacional de Ilustraci\u00f3n).&nbsp;<\/li>\n\n\n\n<li>\u00abU\u00f1a y carne\u00bb (Premio Apelles Mestres).&nbsp;<\/li>\n\n\n\n<li>\u00abPip i el color\u00bb (Pomme d&#8217;Or de Bratislava).&nbsp;<\/li>\n\n\n\n<li>\u00abUn cabello azul\u00bb (Espasa Calpe).&nbsp;<\/li>\n<\/ul>\n\n\n\n<p>Recuerda que en las <a href=\"https:\/\/helmet.finna.fi\/Search\/\" target=\"_blank\" rel=\"noreferrer noopener\">bibliotecas Helmet<\/a> puedes encontrar muchas de las obras de Gusti, as\u00ed como otras en las que ha participado como ilustrador.&nbsp;&nbsp;<\/p>\n\n\n\n<h2 class=\"wp-block-heading has-text-align-left\">No te pierdas las actividades que Gusti facilitar\u00e1 en Kolibr\u00ed Festivaali 2025&nbsp;&nbsp;<\/h2>\n\n\n\n<ul class=\"wp-block-list\">\n<li>24.9.2025 | 9:00 am | Ammatiopisto LIVE | <a href=\"https:\/\/www.kolibrifestivaali.org\/es\/event\/ventanas-para-mirar-lo-diferente-creatividad-imagen-y-expresion\/\">Ventanas para mirar lo diferente: creatividad, imagen y expresi\u00f3n<\/a>: Gusti facilitar\u00e1 un taller profesional dirigido a educadores que trabajan con personas con discapacidad.<\/li>\n\n\n\n<li>27.9.2025 | 11 am + 2 pm | Annantalo | <a href=\"https:\/\/www.kolibrifestivaali.org\/es\/event\/jugar-y-pintar\/\">\u00a1Jugar y pintar!<\/a>: Un taller para disfrutar, crear y expresarnos libremente.&nbsp;<\/li>\n\n\n\n<li>27.9.2025 | 12:30 pm + 3:30 pm | Annantalo | <a href=\"https:\/\/www.kolibrifestivaali.org\/es\/event\/gusti-sesion-de-firma-de-libros-en-la-feria-del-libro-infantil\/\">Sesi\u00f3n de firma de libros en la Feria del Libro Infantil<\/a>: Gusti firmar\u00e1 ejemplares durante la feria. \u00a1No te lo pierdas!<\/li>\n<\/ul>\n\n\n\n<p><a href=\"https:\/\/www.kolibrifestivaali.org\/es\/program\/\">Programa completo<\/a> <\/p>\n\n\n\n<p>Puedes seguir su trabajo en Instagram (<a href=\"https:\/\/gusti.rosemffet\/\" target=\"_blank\" rel=\"noreferrer noopener\">@gusti.rosemffet<\/a>), Facebook (<a href=\"https:\/\/www.facebook.com\/gusti.rosemffet\" target=\"_blank\" rel=\"noreferrer noopener\">@gusti.rosemffet<\/a>) y X (@gustillimpi) #gustillimpi&nbsp;<\/p>\n\n\n\n<p>La participaci\u00f3n de Gusti en Kolibr\u00ed Festivaali es gracias a <a href=\"https:\/\/www.cultura.gob.es\/cultura\/libro-bibliotecas.html\" target=\"_blank\" rel=\"noreferrer noopener\">Direcci\u00f3n General del Libro, del C\u00f3mic y de la Lectura<\/a> del Ministerio de Cultura y Deportes de Espa\u00f1a, &nbsp;<a href=\"https:\/\/efinl.cancilleria.gob.ar\/\" target=\"_blank\" rel=\"noreferrer noopener\">Embajada de Argentina en Finlandia<\/a>, <a href=\"https:\/\/www.livesaatio.fi\/opisto\/hakijalle\/telma-koulutus\/toimipaikat\/leppavaara\" target=\"_blank\" rel=\"noreferrer noopener\">Ammattiopisto LIVE<\/a>.  &nbsp;<\/p>\n","protected":false},"excerpt":{"rendered":"<p>Si os contamos que el ilustrador encargado de la imagen oficial del d\u00e9cimo aniversario de Kolibr\u00ed es Gustavo Ariel Rosemffet [\u2026] <a href=\"https:\/\/www.kolibrifestivaali.org\/es\/gusti-illustrator-image-kolibri-festivaali-2025\/\">Lue lis\u00e4\u00e4 &raquo;<\/a><\/p>\n<div class='heateor_sss_sharing_container heateor_sss_vertical_sharing heateor_sss_bottom_sharing' style='width:34px;right: -10px;top: 100px;-webkit-box-shadow:none;box-shadow:none;' data-heateor-sss-href='https:\/\/www.kolibrifestivaali.org\/es\/wp-json\/wp\/v2\/posts\/327095'><div class=\"heateor_sss_sharing_ul\"><a aria-label=\"Facebook\" class=\"heateor_sss_facebook\" href=\"https:\/\/www.facebook.com\/sharer\/sharer.php?u=https%3A%2F%2Fwww.kolibrifestivaali.org%2Fes%2Fwp-json%2Fwp%2Fv2%2Fposts%2F327095\" title=\"Facebook\" rel=\"nofollow noopener\" target=\"_blank\" style=\"font-size:32px!important;box-shadow:none;display:inline-block;vertical-align:middle\"><span class=\"heateor_sss_svg\" style=\"background-color:#0765FE;width:30px;height:30px;border-radius:999px;display:inline-block;opacity:1;float:left;font-size:32px;box-shadow:none;display:inline-block;font-size:16px;padding:0 4px;vertical-align:middle;background-repeat:repeat;overflow:hidden;padding:0;cursor:pointer;box-sizing:content-box\"><svg style=\"display:block;border-radius:999px;\" focusable=\"false\" aria-hidden=\"true\" xmlns=\"http:\/\/www.w3.org\/2000\/svg\" width=\"100%\" height=\"100%\" viewBox=\"0 0 32 32\"><path fill=\"#fff\" d=\"M28 16c0-6.627-5.373-12-12-12S4 9.373 4 16c0 5.628 3.875 10.35 9.101 11.647v-7.98h-2.474V16H13.1v-1.58c0-4.085 1.849-5.978 5.859-5.978.76 0 2.072.15 2.608.298v3.325c-.283-.03-.775-.045-1.386-.045-1.967 0-2.728.745-2.728 2.683V16h3.92l-.673 3.667h-3.247v8.245C23.395 27.195 28 22.135 28 16Z\"><\/path><\/svg><\/span><\/a><a aria-label=\"X\" class=\"heateor_sss_button_x\" href=\"https:\/\/twitter.com\/intent\/tweet?text=Kolibri%20Festivaali%20-%20Kolibri%CC%81%20is%20a%20unique%20multicultural%2C%20free%20and%20open%20art%20festival%20for%20children%20and%20their%20families.&url=https%3A%2F%2Fwww.kolibrifestivaali.org%2Fes%2Fwp-json%2Fwp%2Fv2%2Fposts%2F327095\" title=\"X\" rel=\"nofollow noopener\" target=\"_blank\" style=\"font-size:32px!important;box-shadow:none;display:inline-block;vertical-align:middle\"><span class=\"heateor_sss_svg heateor_sss_s__default heateor_sss_s_x\" style=\"background-color:#2a2a2a;width:30px;height:30px;border-radius:999px;display:inline-block;opacity:1;float:left;font-size:32px;box-shadow:none;display:inline-block;font-size:16px;padding:0 4px;vertical-align:middle;background-repeat:repeat;overflow:hidden;padding:0;cursor:pointer;box-sizing:content-box\"><svg width=\"100%\" height=\"100%\" style=\"display:block;border-radius:999px;\" focusable=\"false\" aria-hidden=\"true\" xmlns=\"http:\/\/www.w3.org\/2000\/svg\" viewBox=\"0 0 32 32\"><path fill=\"#fff\" d=\"M21.751 7h3.067l-6.7 7.658L26 25.078h-6.172l-4.833-6.32-5.531 6.32h-3.07l7.167-8.19L6 7h6.328l4.37 5.777L21.75 7Zm-1.076 16.242h1.7L11.404 8.74H9.58l11.094 14.503Z\"><\/path><\/svg><\/span><\/a><a aria-label=\"Linkedin\" class=\"heateor_sss_button_linkedin\" href=\"https:\/\/www.linkedin.com\/sharing\/share-offsite\/?url=https%3A%2F%2Fwww.kolibrifestivaali.org%2Fes%2Fwp-json%2Fwp%2Fv2%2Fposts%2F327095\" title=\"Linkedin\" rel=\"nofollow noopener\" target=\"_blank\" style=\"font-size:32px!important;box-shadow:none;display:inline-block;vertical-align:middle\"><span class=\"heateor_sss_svg heateor_sss_s__default heateor_sss_s_linkedin\" style=\"background-color:#0077b5;width:30px;height:30px;border-radius:999px;display:inline-block;opacity:1;float:left;font-size:32px;box-shadow:none;display:inline-block;font-size:16px;padding:0 4px;vertical-align:middle;background-repeat:repeat;overflow:hidden;padding:0;cursor:pointer;box-sizing:content-box\"><svg style=\"display:block;border-radius:999px;\" focusable=\"false\" aria-hidden=\"true\" xmlns=\"http:\/\/www.w3.org\/2000\/svg\" width=\"100%\" height=\"100%\" viewBox=\"0 0 32 32\"><path d=\"M6.227 12.61h4.19v13.48h-4.19V12.61zm2.095-6.7a2.43 2.43 0 0 1 0 4.86c-1.344 0-2.428-1.09-2.428-2.43s1.084-2.43 2.428-2.43m4.72 6.7h4.02v1.84h.058c.56-1.058 1.927-2.176 3.965-2.176 4.238 0 5.02 2.792 5.02 6.42v7.395h-4.183v-6.56c0-1.564-.03-3.574-2.178-3.574-2.18 0-2.514 1.7-2.514 3.46v6.668h-4.187V12.61z\" fill=\"#fff\"><\/path><\/svg><\/span><\/a><a aria-label=\"Instagram\" class=\"heateor_sss_button_instagram\" href=\"https:\/\/www.instagram.com\/\" title=\"Instagram\" rel=\"nofollow noopener\" target=\"_blank\" style=\"font-size:32px!important;box-shadow:none;display:inline-block;vertical-align:middle\"><span class=\"heateor_sss_svg\" style=\"background-color:#53beee;width:30px;height:30px;border-radius:999px;display:inline-block;opacity:1;float:left;font-size:32px;box-shadow:none;display:inline-block;font-size:16px;padding:0 4px;vertical-align:middle;background-repeat:repeat;overflow:hidden;padding:0;cursor:pointer;box-sizing:content-box\"><svg style=\"display:block;border-radius:999px;\" version=\"1.1\" viewBox=\"-10 -10 148 148\" width=\"100%\" height=\"100%\" xml:space=\"preserve\" xmlns=\"http:\/\/www.w3.org\/2000\/svg\" xmlns:xlink=\"http:\/\/www.w3.org\/1999\/xlink\"><g><g><path d=\"M86,112H42c-14.336,0-26-11.663-26-26V42c0-14.337,11.664-26,26-26h44c14.337,0,26,11.663,26,26v44 C112,100.337,100.337,112,86,112z M42,24c-9.925,0-18,8.074-18,18v44c0,9.925,8.075,18,18,18h44c9.926,0,18-8.075,18-18V42 c0-9.926-8.074-18-18-18H42z\" fill=\"#fff\"><\/path><\/g><g><path d=\"M64,88c-13.234,0-24-10.767-24-24c0-13.234,10.766-24,24-24s24,10.766,24,24C88,77.233,77.234,88,64,88z M64,48c-8.822,0-16,7.178-16,16s7.178,16,16,16c8.822,0,16-7.178,16-16S72.822,48,64,48z\" fill=\"#fff\"><\/path><\/g><g><circle cx=\"89.5\" cy=\"38.5\" fill=\"#fff\" r=\"5.5\"><\/circle><\/g><\/g><\/svg><\/span><\/a><\/div><div class=\"heateorSssClear\"><\/div><\/div>","protected":false},"author":13,"featured_media":327081,"comment_status":"closed","ping_status":"closed","sticky":false,"template":"","format":"standard","meta":{"_acf_changed":false,"footnotes":""},"categories":[22],"tags":[938],"class_list":["post-327095","post","type-post","status-publish","format-standard","has-post-thumbnail","hentry","category-news-archive-es","tag-kolibri-festivaali-2025-es"],"acf":[],"yoast_head":"<!-- This site is optimized with the Yoast SEO plugin v27.5 - https:\/\/yoast.com\/product\/yoast-seo-wordpress\/ -->\n<title>Gusti, ilustrador de la imagen de Kolibr\u00ed Festivaali 2025 \u2013 10\u00ba aniversario - Kolibri Festivaali<\/title>\n<meta name=\"description\" content=\"Os invitamos a conocerlo un poco m\u00e1s, a descubrir su obra \u00a1y por supuesto a participar en sus charlas y talleres durante el festival!\u00a0\u00a0\" \/>\n<meta name=\"robots\" content=\"index, follow, max-snippet:-1, max-image-preview:large, max-video-preview:-1\" \/>\n<link rel=\"canonical\" href=\"https:\/\/www.kolibrifestivaali.org\/es\/gusti-illustrator-image-kolibri-festivaali-2025\/\" \/>\n<meta property=\"og:locale\" content=\"es_ES\" \/>\n<meta property=\"og:type\" content=\"article\" \/>\n<meta property=\"og:title\" content=\"Gusti, ilustrador de la imagen de Kolibr\u00ed Festivaali 2025 \u2013 10\u00ba aniversario - Kolibri Festivaali\" \/>\n<meta property=\"og:description\" content=\"Os invitamos a conocerlo un poco m\u00e1s, a descubrir su obra \u00a1y por supuesto a participar en sus charlas y talleres durante el festival!\u00a0\u00a0\" \/>\n<meta property=\"og:url\" content=\"https:\/\/www.kolibrifestivaali.org\/es\/gusti-illustrator-image-kolibri-festivaali-2025\/\" \/>\n<meta property=\"og:site_name\" content=\"Kolibri Festivaali\" \/>\n<meta property=\"article:published_time\" content=\"2025-05-12T11:27:08+00:00\" \/>\n<meta property=\"article:modified_time\" content=\"2025-09-05T09:05:22+00:00\" \/>\n<meta property=\"og:image\" content=\"https:\/\/www.kolibrifestivaali.org\/wp-content\/uploads\/2025\/05\/gusti-kolibri-2025-guest-illustrator.jpg\" \/>\n\t<meta property=\"og:image:width\" content=\"1920\" \/>\n\t<meta property=\"og:image:height\" content=\"1440\" \/>\n\t<meta property=\"og:image:type\" content=\"image\/jpeg\" \/>\n<meta name=\"author\" content=\"Marta Berm\u00fadez\" \/>\n<meta name=\"twitter:card\" content=\"summary_large_image\" \/>\n<meta name=\"twitter:label1\" content=\"Escrito por\" \/>\n\t<meta name=\"twitter:data1\" content=\"Marta Berm\u00fadez\" \/>\n\t<meta name=\"twitter:label2\" content=\"Tiempo de lectura\" \/>\n\t<meta name=\"twitter:data2\" content=\"4 minutos\" \/>\n<script type=\"application\/ld+json\" class=\"yoast-schema-graph\">{\"@context\":\"https:\\\/\\\/schema.org\",\"@graph\":[{\"@type\":\"Article\",\"@id\":\"https:\\\/\\\/www.kolibrifestivaali.org\\\/es\\\/gusti-illustrator-image-kolibri-festivaali-2025\\\/#article\",\"isPartOf\":{\"@id\":\"https:\\\/\\\/www.kolibrifestivaali.org\\\/es\\\/gusti-illustrator-image-kolibri-festivaali-2025\\\/\"},\"author\":{\"name\":\"Marta Berm\u00fadez\",\"@id\":\"https:\\\/\\\/www.kolibrifestivaali.org\\\/es\\\/#\\\/schema\\\/person\\\/a4d882046c0f7b03960be07d8b5713ba\"},\"headline\":\"Gusti, ilustrador de la imagen de Kolibr\u00ed Festivaali 2025 \u2013 10\u00ba aniversario\",\"datePublished\":\"2025-05-12T11:27:08+00:00\",\"dateModified\":\"2025-09-05T09:05:22+00:00\",\"mainEntityOfPage\":{\"@id\":\"https:\\\/\\\/www.kolibrifestivaali.org\\\/es\\\/gusti-illustrator-image-kolibri-festivaali-2025\\\/\"},\"wordCount\":913,\"image\":{\"@id\":\"https:\\\/\\\/www.kolibrifestivaali.org\\\/es\\\/gusti-illustrator-image-kolibri-festivaali-2025\\\/#primaryimage\"},\"thumbnailUrl\":\"https:\\\/\\\/www.kolibrifestivaali.org\\\/wp-content\\\/uploads\\\/2025\\\/05\\\/gusti-kolibri-2025-guest-illustrator.jpg\",\"keywords\":[\"kolibri festivaali 2025\"],\"articleSection\":[\"News\"],\"inLanguage\":\"es\"},{\"@type\":\"WebPage\",\"@id\":\"https:\\\/\\\/www.kolibrifestivaali.org\\\/es\\\/gusti-illustrator-image-kolibri-festivaali-2025\\\/\",\"url\":\"https:\\\/\\\/www.kolibrifestivaali.org\\\/es\\\/gusti-illustrator-image-kolibri-festivaali-2025\\\/\",\"name\":\"Gusti, ilustrador de la imagen de Kolibr\u00ed Festivaali 2025 \u2013 10\u00ba aniversario - Kolibri Festivaali\",\"isPartOf\":{\"@id\":\"https:\\\/\\\/www.kolibrifestivaali.org\\\/es\\\/#website\"},\"primaryImageOfPage\":{\"@id\":\"https:\\\/\\\/www.kolibrifestivaali.org\\\/es\\\/gusti-illustrator-image-kolibri-festivaali-2025\\\/#primaryimage\"},\"image\":{\"@id\":\"https:\\\/\\\/www.kolibrifestivaali.org\\\/es\\\/gusti-illustrator-image-kolibri-festivaali-2025\\\/#primaryimage\"},\"thumbnailUrl\":\"https:\\\/\\\/www.kolibrifestivaali.org\\\/wp-content\\\/uploads\\\/2025\\\/05\\\/gusti-kolibri-2025-guest-illustrator.jpg\",\"datePublished\":\"2025-05-12T11:27:08+00:00\",\"dateModified\":\"2025-09-05T09:05:22+00:00\",\"author\":{\"@id\":\"https:\\\/\\\/www.kolibrifestivaali.org\\\/es\\\/#\\\/schema\\\/person\\\/a4d882046c0f7b03960be07d8b5713ba\"},\"description\":\"Os invitamos a conocerlo un poco m\u00e1s, a descubrir su obra \u00a1y por supuesto a participar en sus charlas y talleres durante el festival!\u00a0\u00a0\",\"breadcrumb\":{\"@id\":\"https:\\\/\\\/www.kolibrifestivaali.org\\\/es\\\/gusti-illustrator-image-kolibri-festivaali-2025\\\/#breadcrumb\"},\"inLanguage\":\"es\",\"potentialAction\":[{\"@type\":\"ReadAction\",\"target\":[\"https:\\\/\\\/www.kolibrifestivaali.org\\\/es\\\/gusti-illustrator-image-kolibri-festivaali-2025\\\/\"]}]},{\"@type\":\"ImageObject\",\"inLanguage\":\"es\",\"@id\":\"https:\\\/\\\/www.kolibrifestivaali.org\\\/es\\\/gusti-illustrator-image-kolibri-festivaali-2025\\\/#primaryimage\",\"url\":\"https:\\\/\\\/www.kolibrifestivaali.org\\\/wp-content\\\/uploads\\\/2025\\\/05\\\/gusti-kolibri-2025-guest-illustrator.jpg\",\"contentUrl\":\"https:\\\/\\\/www.kolibrifestivaali.org\\\/wp-content\\\/uploads\\\/2025\\\/05\\\/gusti-kolibri-2025-guest-illustrator.jpg\",\"width\":1920,\"height\":1440},{\"@type\":\"BreadcrumbList\",\"@id\":\"https:\\\/\\\/www.kolibrifestivaali.org\\\/es\\\/gusti-illustrator-image-kolibri-festivaali-2025\\\/#breadcrumb\",\"itemListElement\":[{\"@type\":\"ListItem\",\"position\":1,\"name\":\"Home\",\"item\":\"https:\\\/\\\/www.kolibrifestivaali.org\\\/es\\\/\"},{\"@type\":\"ListItem\",\"position\":2,\"name\":\"Gusti, ilustrador de la imagen de Kolibr\u00ed Festivaali 2025 \u2013 10\u00ba aniversario\"}]},{\"@type\":\"WebSite\",\"@id\":\"https:\\\/\\\/www.kolibrifestivaali.org\\\/es\\\/#website\",\"url\":\"https:\\\/\\\/www.kolibrifestivaali.org\\\/es\\\/\",\"name\":\"Kolibri Festivaali\",\"description\":\"Kolibri\u0301 is a unique multicultural, free and open art festival for children and their families.\",\"inLanguage\":\"es\"},{\"@type\":\"Person\",\"@id\":\"https:\\\/\\\/www.kolibrifestivaali.org\\\/es\\\/#\\\/schema\\\/person\\\/a4d882046c0f7b03960be07d8b5713ba\",\"name\":\"Marta Berm\u00fadez\",\"image\":{\"@type\":\"ImageObject\",\"inLanguage\":\"es\",\"@id\":\"https:\\\/\\\/secure.gravatar.com\\\/avatar\\\/35700c2014d565cf72e89c0e712b6bc70303de9d0796b72a069bbd235e79a7b5?s=96&d=mm&r=g\",\"url\":\"https:\\\/\\\/secure.gravatar.com\\\/avatar\\\/35700c2014d565cf72e89c0e712b6bc70303de9d0796b72a069bbd235e79a7b5?s=96&d=mm&r=g\",\"contentUrl\":\"https:\\\/\\\/secure.gravatar.com\\\/avatar\\\/35700c2014d565cf72e89c0e712b6bc70303de9d0796b72a069bbd235e79a7b5?s=96&d=mm&r=g\",\"caption\":\"Marta Berm\u00fadez\"}}]}<\/script>\n<!-- \/ Yoast SEO plugin. -->","yoast_head_json":{"title":"Gusti, ilustrador de la imagen de Kolibr\u00ed Festivaali 2025 \u2013 10\u00ba aniversario - Kolibri Festivaali","description":"Os invitamos a conocerlo un poco m\u00e1s, a descubrir su obra \u00a1y por supuesto a participar en sus charlas y talleres durante el festival!\u00a0\u00a0","robots":{"index":"index","follow":"follow","max-snippet":"max-snippet:-1","max-image-preview":"max-image-preview:large","max-video-preview":"max-video-preview:-1"},"canonical":"https:\/\/www.kolibrifestivaali.org\/es\/gusti-illustrator-image-kolibri-festivaali-2025\/","og_locale":"es_ES","og_type":"article","og_title":"Gusti, ilustrador de la imagen de Kolibr\u00ed Festivaali 2025 \u2013 10\u00ba aniversario - Kolibri Festivaali","og_description":"Os invitamos a conocerlo un poco m\u00e1s, a descubrir su obra \u00a1y por supuesto a participar en sus charlas y talleres durante el festival!\u00a0\u00a0","og_url":"https:\/\/www.kolibrifestivaali.org\/es\/gusti-illustrator-image-kolibri-festivaali-2025\/","og_site_name":"Kolibri Festivaali","article_published_time":"2025-05-12T11:27:08+00:00","article_modified_time":"2025-09-05T09:05:22+00:00","og_image":[{"width":1920,"height":1440,"url":"https:\/\/www.kolibrifestivaali.org\/wp-content\/uploads\/2025\/05\/gusti-kolibri-2025-guest-illustrator.jpg","type":"image\/jpeg"}],"author":"Marta Berm\u00fadez","twitter_card":"summary_large_image","twitter_misc":{"Escrito por":"Marta Berm\u00fadez","Tiempo de lectura":"4 minutos"},"schema":{"@context":"https:\/\/schema.org","@graph":[{"@type":"Article","@id":"https:\/\/www.kolibrifestivaali.org\/es\/gusti-illustrator-image-kolibri-festivaali-2025\/#article","isPartOf":{"@id":"https:\/\/www.kolibrifestivaali.org\/es\/gusti-illustrator-image-kolibri-festivaali-2025\/"},"author":{"name":"Marta Berm\u00fadez","@id":"https:\/\/www.kolibrifestivaali.org\/es\/#\/schema\/person\/a4d882046c0f7b03960be07d8b5713ba"},"headline":"Gusti, ilustrador de la imagen de Kolibr\u00ed Festivaali 2025 \u2013 10\u00ba aniversario","datePublished":"2025-05-12T11:27:08+00:00","dateModified":"2025-09-05T09:05:22+00:00","mainEntityOfPage":{"@id":"https:\/\/www.kolibrifestivaali.org\/es\/gusti-illustrator-image-kolibri-festivaali-2025\/"},"wordCount":913,"image":{"@id":"https:\/\/www.kolibrifestivaali.org\/es\/gusti-illustrator-image-kolibri-festivaali-2025\/#primaryimage"},"thumbnailUrl":"https:\/\/www.kolibrifestivaali.org\/wp-content\/uploads\/2025\/05\/gusti-kolibri-2025-guest-illustrator.jpg","keywords":["kolibri festivaali 2025"],"articleSection":["News"],"inLanguage":"es"},{"@type":"WebPage","@id":"https:\/\/www.kolibrifestivaali.org\/es\/gusti-illustrator-image-kolibri-festivaali-2025\/","url":"https:\/\/www.kolibrifestivaali.org\/es\/gusti-illustrator-image-kolibri-festivaali-2025\/","name":"Gusti, ilustrador de la imagen de Kolibr\u00ed Festivaali 2025 \u2013 10\u00ba aniversario - Kolibri Festivaali","isPartOf":{"@id":"https:\/\/www.kolibrifestivaali.org\/es\/#website"},"primaryImageOfPage":{"@id":"https:\/\/www.kolibrifestivaali.org\/es\/gusti-illustrator-image-kolibri-festivaali-2025\/#primaryimage"},"image":{"@id":"https:\/\/www.kolibrifestivaali.org\/es\/gusti-illustrator-image-kolibri-festivaali-2025\/#primaryimage"},"thumbnailUrl":"https:\/\/www.kolibrifestivaali.org\/wp-content\/uploads\/2025\/05\/gusti-kolibri-2025-guest-illustrator.jpg","datePublished":"2025-05-12T11:27:08+00:00","dateModified":"2025-09-05T09:05:22+00:00","author":{"@id":"https:\/\/www.kolibrifestivaali.org\/es\/#\/schema\/person\/a4d882046c0f7b03960be07d8b5713ba"},"description":"Os invitamos a conocerlo un poco m\u00e1s, a descubrir su obra \u00a1y por supuesto a participar en sus charlas y talleres durante el festival!\u00a0\u00a0","breadcrumb":{"@id":"https:\/\/www.kolibrifestivaali.org\/es\/gusti-illustrator-image-kolibri-festivaali-2025\/#breadcrumb"},"inLanguage":"es","potentialAction":[{"@type":"ReadAction","target":["https:\/\/www.kolibrifestivaali.org\/es\/gusti-illustrator-image-kolibri-festivaali-2025\/"]}]},{"@type":"ImageObject","inLanguage":"es","@id":"https:\/\/www.kolibrifestivaali.org\/es\/gusti-illustrator-image-kolibri-festivaali-2025\/#primaryimage","url":"https:\/\/www.kolibrifestivaali.org\/wp-content\/uploads\/2025\/05\/gusti-kolibri-2025-guest-illustrator.jpg","contentUrl":"https:\/\/www.kolibrifestivaali.org\/wp-content\/uploads\/2025\/05\/gusti-kolibri-2025-guest-illustrator.jpg","width":1920,"height":1440},{"@type":"BreadcrumbList","@id":"https:\/\/www.kolibrifestivaali.org\/es\/gusti-illustrator-image-kolibri-festivaali-2025\/#breadcrumb","itemListElement":[{"@type":"ListItem","position":1,"name":"Home","item":"https:\/\/www.kolibrifestivaali.org\/es\/"},{"@type":"ListItem","position":2,"name":"Gusti, ilustrador de la imagen de Kolibr\u00ed Festivaali 2025 \u2013 10\u00ba aniversario"}]},{"@type":"WebSite","@id":"https:\/\/www.kolibrifestivaali.org\/es\/#website","url":"https:\/\/www.kolibrifestivaali.org\/es\/","name":"Kolibri Festivaali","description":"Kolibri\u0301 is a unique multicultural, free and open art festival for children and their families.","inLanguage":"es"},{"@type":"Person","@id":"https:\/\/www.kolibrifestivaali.org\/es\/#\/schema\/person\/a4d882046c0f7b03960be07d8b5713ba","name":"Marta Berm\u00fadez","image":{"@type":"ImageObject","inLanguage":"es","@id":"https:\/\/secure.gravatar.com\/avatar\/35700c2014d565cf72e89c0e712b6bc70303de9d0796b72a069bbd235e79a7b5?s=96&d=mm&r=g","url":"https:\/\/secure.gravatar.com\/avatar\/35700c2014d565cf72e89c0e712b6bc70303de9d0796b72a069bbd235e79a7b5?s=96&d=mm&r=g","contentUrl":"https:\/\/secure.gravatar.com\/avatar\/35700c2014d565cf72e89c0e712b6bc70303de9d0796b72a069bbd235e79a7b5?s=96&d=mm&r=g","caption":"Marta Berm\u00fadez"}}]}},"_links":{"self":[{"href":"https:\/\/www.kolibrifestivaali.org\/es\/wp-json\/wp\/v2\/posts\/327095","targetHints":{"allow":["GET"]}}],"collection":[{"href":"https:\/\/www.kolibrifestivaali.org\/es\/wp-json\/wp\/v2\/posts"}],"about":[{"href":"https:\/\/www.kolibrifestivaali.org\/es\/wp-json\/wp\/v2\/types\/post"}],"author":[{"embeddable":true,"href":"https:\/\/www.kolibrifestivaali.org\/es\/wp-json\/wp\/v2\/users\/13"}],"replies":[{"embeddable":true,"href":"https:\/\/www.kolibrifestivaali.org\/es\/wp-json\/wp\/v2\/comments?post=327095"}],"version-history":[{"count":15,"href":"https:\/\/www.kolibrifestivaali.org\/es\/wp-json\/wp\/v2\/posts\/327095\/revisions"}],"predecessor-version":[{"id":328678,"href":"https:\/\/www.kolibrifestivaali.org\/es\/wp-json\/wp\/v2\/posts\/327095\/revisions\/328678"}],"wp:featuredmedia":[{"embeddable":true,"href":"https:\/\/www.kolibrifestivaali.org\/es\/wp-json\/wp\/v2\/media\/327081"}],"wp:attachment":[{"href":"https:\/\/www.kolibrifestivaali.org\/es\/wp-json\/wp\/v2\/media?parent=327095"}],"wp:term":[{"taxonomy":"category","embeddable":true,"href":"https:\/\/www.kolibrifestivaali.org\/es\/wp-json\/wp\/v2\/categories?post=327095"},{"taxonomy":"post_tag","embeddable":true,"href":"https:\/\/www.kolibrifestivaali.org\/es\/wp-json\/wp\/v2\/tags?post=327095"}],"curies":[{"name":"wp","href":"https:\/\/api.w.org\/{rel}","templated":true}]}}