{"id":326948,"date":"2025-03-03T11:40:51","date_gmt":"2025-03-03T09:40:51","guid":{"rendered":"https:\/\/www.kolibrifestivaali.org\/news-archive-es\/kolibri-festivaali-2025-sami-roma\/"},"modified":"2025-03-29T23:04:38","modified_gmt":"2025-03-29T21:04:38","slug":"kolibri-festivaali-2025-sami-roma","status":"publish","type":"post","link":"https:\/\/www.kolibrifestivaali.org\/es\/kolibri-festivaali-2025-sami-roma\/","title":{"rendered":"Convocatoria especial para creativos S\u00e1mi y Roma para el 10\u00ba Aniversario del Kolibr\u00ed Festivaali 2025\u00a0"},"content":{"rendered":"\n<p><a href=\"https:\/\/www.ninho.fi\/\">Kulttuurikeskus Ninho ry <\/a>invita a artistas, investigadores y otros profesionales S\u00e1mi y Roma en los campos de la educaci\u00f3n, las artes y la cultura a enviar sus propuestas de actividades para formar parte del programa del <strong>10\u00ba aniversario de Kolibr\u00ed Festivaali<\/strong> (13-27.9.2025) en Helsinki, Vantaa, Espoo y, por primera vez, en Tampere.<\/p>\n\n\n\n<h2 class=\"wp-block-heading\"><strong><a href=\"https:\/\/forms.office.com\/Pages\/ResponsePage.aspx?id=hALT0TzrCUm4mkUnJpZIP4jl_yve1XVGjdTTnauX0RtUNlE1RVVLUDVKWkc3WE1JM0ZNVU5PRUJRNCQlQCN0PWcu\" target=\"_blank\" rel=\"noreferrer noopener\">Env\u00eda tu propuesta<\/a> antes del 6.4.2025.<\/strong>\u00a0<\/h2>\n\n\n\n<h2 class=\"wp-block-heading\">Tema del 10\u00ba Aniversario de Kolibr\u00ed: Deseos&nbsp;<\/h2>\n\n\n\n<p>Kolibr\u00ed Festivaali 2025 es una celebraci\u00f3n muy especial: \u00a1nuestro 10\u00ba aniversario! Queremos festejarlo con un tema inspirador: <strong>los deseos<\/strong>. Buscamos propuestas inspiradas en un deseo para la infancia de hoy, asegurando que todas las infancias puedan crear, jugar, aprender y compartir en comunidad.&nbsp;<\/p>\n\n\n\n<p>Buscamos propuestas alineadas con los objetivos y la metodolog\u00eda de nuestro festival y que respondan al tema de 2025.&nbsp;<\/p>\n\n\n\n<h3 class=\"wp-block-heading\">Formatos<\/h3>\n\n\n\n<ul class=\"wp-block-list\">\n<li>Taller corto (60 min)&nbsp;<\/li>\n<\/ul>\n\n\n\n<ul class=\"wp-block-list\">\n<li>Taller continuo (180 min)&nbsp;<\/li>\n<\/ul>\n\n\n\n<ul class=\"wp-block-list\">\n<li>Cuentacuento (30 min para beb\u00e9s y 60 min para otras edades)&nbsp;<\/li>\n<\/ul>\n\n\n\n<ul class=\"wp-block-list\">\n<li>Espect\u00e1culos (60 min): obras de teatro, conciertos, etc.&nbsp;<\/li>\n<\/ul>\n\n\n\n<h3 class=\"wp-block-heading\">Honorarios:&nbsp;<\/h3>\n\n\n\n<ul class=\"wp-block-list\">\n<li><strong>Talleres \/ Cuentacuentos:<\/strong> 85 \u20ac\/h por artista (incluidos costos de seguridad social), 1 artista por actividad.&nbsp;<\/li>\n<\/ul>\n\n\n\n<ul class=\"wp-block-list\">\n<li><strong>Taller continuo:<\/strong> 210 \u20ac por artista (incluidos costos de seguridad social), m\u00e1ximo 2 artistas por taller.&nbsp;<\/li>\n<\/ul>\n\n\n\n<ul class=\"wp-block-list\">\n<li><strong>Espect\u00e1culo:<\/strong> 250 \u20ac por artista (incluidos costos de seguridad social), m\u00e1ximo 3 artistas por espect\u00e1culo.&nbsp;<\/li>\n<\/ul>\n\n\n\n<ul class=\"wp-block-list\">\n<li>*<strong>Conciertos:<\/strong> 250 \u20ac por artista (incluidos costos de seguridad social), m\u00e1ximo 3 artistas por concierto.&nbsp;<\/li>\n<\/ul>\n\n\n\n<p>Ofrecemos apoyo financiero para cubrir costos de materiales (dentro de lo razonable), as\u00ed como los espacios, equipos y t\u00e9cnicos de sonido e iluminaci\u00f3n.&nbsp;&nbsp;<\/p>\n\n\n\n<h2 class=\"wp-block-heading\">IMPORTANTE&nbsp;<\/h2>\n\n\n\n<p>Kolibr\u00ed Festivaali es una nueva forma de experimentar y crear cultura infantil, teniendo como punto de partida la diversidad en Finlandia. Su prop\u00f3sito es ofrecer un espacio seguro y positivo para disfrutar tiempo en familia, aprender sobre el arte, la ciencia y la cultura, y fomentar el di\u00e1logo, el respeto mutuo y la comprensi\u00f3n desde la infancia.&nbsp;<\/p>\n\n\n\n<h2 class=\"wp-block-heading\">Criterios de selecci\u00f3n&nbsp;<\/h2>\n\n\n\n<p>Las propuestas ser\u00e1n seleccionadas seg\u00fan la disponibilidad de fondos y su alineaci\u00f3n con el tema del aniversario.&nbsp;<\/p>\n\n\n\n<p><strong>Se dar\u00e1 especial consideraci\u00f3n a propuestas que:&nbsp;<\/strong><\/p>\n\n\n\n<ul class=\"wp-block-list\">\n<li>Fomenten la participaci\u00f3n activa de infancias con discapacidades, beb\u00e9s, mujeres embarazadas, madres y padres como facilitadores de actividades, personas mayores junto con primera infancia e infancias mayores de 10 a\u00f1os.&nbsp;<\/li>\n\n\n\n<li>Involucren talentos de Kulttuurikeskus Ninho ry o de otras asociaciones similares con un plan de cooperaci\u00f3n mutua.&nbsp;<\/li>\n\n\n\n<li>Puedan reclutar voluntarios para la actividad (Nota: las personas multiling\u00fces que asisten como voluntarias reciben un certificado de participaci\u00f3n en \u00e1reas como arte, ciencias y traducci\u00f3n).&nbsp;<\/li>\n<\/ul>\n\n\n\n<h2 class=\"wp-block-heading\">Env\u00edo de propuestas&nbsp;<\/h2>\n\n\n\n<p>Completa el <strong><a href=\"https:\/\/forms.office.com\/Pages\/ResponsePage.aspx?id=hALT0TzrCUm4mkUnJpZIP4jl_yve1XVGjdTTnauX0RtUNlE1RVVLUDVKWkc3WE1JM0ZNVU5PRUJRNCQlQCN0PWcu\" target=\"_blank\" rel=\"noreferrer noopener\">formulario de inscripci\u00f3n<\/a><\/strong> antes del 6.4.2025 a las 23:59.\u00a0<\/p>\n\n\n\n<p>El formulario est\u00e1 en ingl\u00e9s, pero puedes responder en ingl\u00e9s, espa\u00f1ol o portugu\u00e9s.&nbsp;<\/p>\n\n\n\n<p>Si tu propuesta es un espect\u00e1culo, env\u00eda im\u00e1genes y enlaces a v\u00eddeos de presentaciones anteriores (si est\u00e1n disponibles).&nbsp;<\/p>\n\n\n\n<h2 class=\"wp-block-heading\">Resultados&nbsp;<\/h2>\n\n\n\n<p>El 10 de abril de 2025, las propuestas seleccionadas se publicar\u00e1n en <a href=\"http:\/\/www.kolibrifestivaali.org\/\" target=\"_blank\" rel=\"noreferrer noopener\">www.kolibrifestivaali.org<\/a>. Revisa tu correo electr\u00f3nico, ya que la informaci\u00f3n se enviar\u00e1 desde <a href=\"mailto:info@ninho.fi\" target=\"_blank\" rel=\"noreferrer noopener\"><strong>info@ninho.fi<\/strong><\/a>.&nbsp;<\/p>\n\n\n\n<p>Las decisiones de selecci\u00f3n son definitivas e inapelables.&nbsp;<\/p>\n\n\n\n<p><strong>Formaci\u00f3n obligatoria para los artistas seleccionados<\/strong>.<\/p>\n\n\n\n<p>Todos los artistas seleccionados participar\u00e1n en <strong>talleres de formaci\u00f3n<\/strong>. Estas sesiones siguen la metodolog\u00eda de Kolibr\u00ed y proporcionar\u00e1n herramientas no s\u00f3lo para combatir el racismo, sino tambi\u00e9n para mejorar las propuestas originales y ofrecer ideas concretas para acciones inclusivas. Los talleres est\u00e1n previstos para mayo\/junio de 2025 y se realizar\u00e1n en formato h\u00edbrido.&nbsp;<\/p>\n\n\n\n<p>Toda la informaci\u00f3n recopilada es confidencial y de uso exclusivo para este proceso de selecci\u00f3n.&nbsp;<\/p>\n\n\n\n<p><strong>Para m\u00e1s informaci\u00f3n: <\/strong>N\u00faria Rovira, <a href=\"mailto:nuria.rovira@ninho.fi\">nuria.rovira@ninho.fi<\/a> o <a href=\"mailto:info@ninho.fi\">info@ninho.fi<\/a><\/p>\n\n\n\n<p><a href=\"https:\/\/www.kolibrifestivaali.org\/es\/news-archive-es\/kolibri-festivaali-2025-open-call\/\" target=\"_blank\" rel=\"noreferrer noopener\"><strong>M\u00e1s detalles en la convocatoria general<\/strong><\/a>&nbsp;<\/p>\n\n\n\n<p><a href=\"https:\/\/forms.office.com\/Pages\/ResponsePage.aspx?id=hALT0TzrCUm4mkUnJpZIP4jl_yve1XVGjdTTnauX0RtUNlE1RVVLUDVKWkc3WE1JM0ZNVU5PRUJRNCQlQCN0PWcu\" target=\"_blank\" rel=\"noreferrer noopener\">\u00a1<strong>Env\u00eda tu propuesta ahora!<\/strong><\/a><a href=\"https:\/\/forms.office.com\/e\/zBa8EWAG8E\">&nbsp;<\/a><\/p>\n\n\n\n<p><\/p>\n","protected":false},"excerpt":{"rendered":"<p>Kulttuurikeskus Ninho ry invita a artistas, investigadores y otros profesionales S\u00e1mi y Roma en los campos de la educaci\u00f3n, las [\u2026] <a href=\"https:\/\/www.kolibrifestivaali.org\/es\/kolibri-festivaali-2025-sami-roma\/\">Lue lis\u00e4\u00e4 &raquo;<\/a><\/p>\n<div class='heateor_sss_sharing_container heateor_sss_vertical_sharing heateor_sss_bottom_sharing' style='width:34px;right: -10px;top: 100px;-webkit-box-shadow:none;box-shadow:none;' data-heateor-sss-href='https:\/\/www.kolibrifestivaali.org\/es\/wp-json\/wp\/v2\/posts\/326948'><div class=\"heateor_sss_sharing_ul\"><a aria-label=\"Facebook\" class=\"heateor_sss_facebook\" href=\"https:\/\/www.facebook.com\/sharer\/sharer.php?u=https%3A%2F%2Fwww.kolibrifestivaali.org%2Fes%2Fwp-json%2Fwp%2Fv2%2Fposts%2F326948\" title=\"Facebook\" rel=\"nofollow noopener\" target=\"_blank\" style=\"font-size:32px!important;box-shadow:none;display:inline-block;vertical-align:middle\"><span class=\"heateor_sss_svg\" style=\"background-color:#0765FE;width:30px;height:30px;border-radius:999px;display:inline-block;opacity:1;float:left;font-size:32px;box-shadow:none;display:inline-block;font-size:16px;padding:0 4px;vertical-align:middle;background-repeat:repeat;overflow:hidden;padding:0;cursor:pointer;box-sizing:content-box\"><svg style=\"display:block;border-radius:999px;\" focusable=\"false\" aria-hidden=\"true\" xmlns=\"http:\/\/www.w3.org\/2000\/svg\" width=\"100%\" height=\"100%\" viewBox=\"0 0 32 32\"><path fill=\"#fff\" d=\"M28 16c0-6.627-5.373-12-12-12S4 9.373 4 16c0 5.628 3.875 10.35 9.101 11.647v-7.98h-2.474V16H13.1v-1.58c0-4.085 1.849-5.978 5.859-5.978.76 0 2.072.15 2.608.298v3.325c-.283-.03-.775-.045-1.386-.045-1.967 0-2.728.745-2.728 2.683V16h3.92l-.673 3.667h-3.247v8.245C23.395 27.195 28 22.135 28 16Z\"><\/path><\/svg><\/span><\/a><a aria-label=\"X\" class=\"heateor_sss_button_x\" href=\"https:\/\/twitter.com\/intent\/tweet?text=Kolibri%20Festivaali%20-%20Kolibri%CC%81%20is%20a%20unique%20multicultural%2C%20free%20and%20open%20art%20festival%20for%20children%20and%20their%20families.&url=https%3A%2F%2Fwww.kolibrifestivaali.org%2Fes%2Fwp-json%2Fwp%2Fv2%2Fposts%2F326948\" title=\"X\" rel=\"nofollow noopener\" target=\"_blank\" style=\"font-size:32px!important;box-shadow:none;display:inline-block;vertical-align:middle\"><span class=\"heateor_sss_svg heateor_sss_s__default heateor_sss_s_x\" style=\"background-color:#2a2a2a;width:30px;height:30px;border-radius:999px;display:inline-block;opacity:1;float:left;font-size:32px;box-shadow:none;display:inline-block;font-size:16px;padding:0 4px;vertical-align:middle;background-repeat:repeat;overflow:hidden;padding:0;cursor:pointer;box-sizing:content-box\"><svg width=\"100%\" height=\"100%\" style=\"display:block;border-radius:999px;\" focusable=\"false\" aria-hidden=\"true\" xmlns=\"http:\/\/www.w3.org\/2000\/svg\" viewBox=\"0 0 32 32\"><path fill=\"#fff\" d=\"M21.751 7h3.067l-6.7 7.658L26 25.078h-6.172l-4.833-6.32-5.531 6.32h-3.07l7.167-8.19L6 7h6.328l4.37 5.777L21.75 7Zm-1.076 16.242h1.7L11.404 8.74H9.58l11.094 14.503Z\"><\/path><\/svg><\/span><\/a><a aria-label=\"Linkedin\" class=\"heateor_sss_button_linkedin\" href=\"https:\/\/www.linkedin.com\/sharing\/share-offsite\/?url=https%3A%2F%2Fwww.kolibrifestivaali.org%2Fes%2Fwp-json%2Fwp%2Fv2%2Fposts%2F326948\" title=\"Linkedin\" rel=\"nofollow noopener\" target=\"_blank\" style=\"font-size:32px!important;box-shadow:none;display:inline-block;vertical-align:middle\"><span class=\"heateor_sss_svg heateor_sss_s__default heateor_sss_s_linkedin\" style=\"background-color:#0077b5;width:30px;height:30px;border-radius:999px;display:inline-block;opacity:1;float:left;font-size:32px;box-shadow:none;display:inline-block;font-size:16px;padding:0 4px;vertical-align:middle;background-repeat:repeat;overflow:hidden;padding:0;cursor:pointer;box-sizing:content-box\"><svg style=\"display:block;border-radius:999px;\" focusable=\"false\" aria-hidden=\"true\" xmlns=\"http:\/\/www.w3.org\/2000\/svg\" width=\"100%\" height=\"100%\" viewBox=\"0 0 32 32\"><path d=\"M6.227 12.61h4.19v13.48h-4.19V12.61zm2.095-6.7a2.43 2.43 0 0 1 0 4.86c-1.344 0-2.428-1.09-2.428-2.43s1.084-2.43 2.428-2.43m4.72 6.7h4.02v1.84h.058c.56-1.058 1.927-2.176 3.965-2.176 4.238 0 5.02 2.792 5.02 6.42v7.395h-4.183v-6.56c0-1.564-.03-3.574-2.178-3.574-2.18 0-2.514 1.7-2.514 3.46v6.668h-4.187V12.61z\" fill=\"#fff\"><\/path><\/svg><\/span><\/a><a aria-label=\"Instagram\" class=\"heateor_sss_button_instagram\" href=\"https:\/\/www.instagram.com\/\" title=\"Instagram\" rel=\"nofollow noopener\" target=\"_blank\" style=\"font-size:32px!important;box-shadow:none;display:inline-block;vertical-align:middle\"><span class=\"heateor_sss_svg\" style=\"background-color:#53beee;width:30px;height:30px;border-radius:999px;display:inline-block;opacity:1;float:left;font-size:32px;box-shadow:none;display:inline-block;font-size:16px;padding:0 4px;vertical-align:middle;background-repeat:repeat;overflow:hidden;padding:0;cursor:pointer;box-sizing:content-box\"><svg style=\"display:block;border-radius:999px;\" version=\"1.1\" viewBox=\"-10 -10 148 148\" width=\"100%\" height=\"100%\" xml:space=\"preserve\" xmlns=\"http:\/\/www.w3.org\/2000\/svg\" xmlns:xlink=\"http:\/\/www.w3.org\/1999\/xlink\"><g><g><path d=\"M86,112H42c-14.336,0-26-11.663-26-26V42c0-14.337,11.664-26,26-26h44c14.337,0,26,11.663,26,26v44 C112,100.337,100.337,112,86,112z M42,24c-9.925,0-18,8.074-18,18v44c0,9.925,8.075,18,18,18h44c9.926,0,18-8.075,18-18V42 c0-9.926-8.074-18-18-18H42z\" fill=\"#fff\"><\/path><\/g><g><path d=\"M64,88c-13.234,0-24-10.767-24-24c0-13.234,10.766-24,24-24s24,10.766,24,24C88,77.233,77.234,88,64,88z M64,48c-8.822,0-16,7.178-16,16s7.178,16,16,16c8.822,0,16-7.178,16-16S72.822,48,64,48z\" fill=\"#fff\"><\/path><\/g><g><circle cx=\"89.5\" cy=\"38.5\" fill=\"#fff\" r=\"5.5\"><\/circle><\/g><\/g><\/svg><\/span><\/a><\/div><div class=\"heateorSssClear\"><\/div><\/div>","protected":false},"author":13,"featured_media":326945,"comment_status":"closed","ping_status":"closed","sticky":false,"template":"","format":"standard","meta":{"_acf_changed":false,"footnotes":""},"categories":[22],"tags":[938],"class_list":["post-326948","post","type-post","status-publish","format-standard","has-post-thumbnail","hentry","category-news-archive-es","tag-kolibri-festivaali-2025-es"],"acf":[],"yoast_head":"<!-- This site is optimized with the Yoast SEO plugin v27.5 - https:\/\/yoast.com\/product\/yoast-seo-wordpress\/ -->\n<title>Convocatoria especial para creativos S\u00e1mi y Roma para el 10\u00ba Aniversario del Kolibr\u00ed Festivaali 2025\u00a0 - Kolibri Festivaali<\/title>\n<meta name=\"robots\" content=\"index, follow, max-snippet:-1, max-image-preview:large, max-video-preview:-1\" \/>\n<link rel=\"canonical\" href=\"https:\/\/www.kolibrifestivaali.org\/es\/kolibri-festivaali-2025-sami-roma\/\" \/>\n<meta property=\"og:locale\" content=\"es_ES\" \/>\n<meta property=\"og:type\" content=\"article\" \/>\n<meta property=\"og:title\" content=\"Convocatoria especial para creativos S\u00e1mi y Roma para el 10\u00ba Aniversario del Kolibr\u00ed Festivaali 2025\u00a0 - Kolibri Festivaali\" \/>\n<meta property=\"og:description\" content=\"Kulttuurikeskus Ninho ry invita a artistas, investigadores y otros profesionales S\u00e1mi y Roma en los campos de la educaci\u00f3n, las [\u2026] Lue lis\u00e4\u00e4 &raquo;\" \/>\n<meta property=\"og:url\" content=\"https:\/\/www.kolibrifestivaali.org\/es\/kolibri-festivaali-2025-sami-roma\/\" \/>\n<meta property=\"og:site_name\" content=\"Kolibri Festivaali\" \/>\n<meta property=\"article:published_time\" content=\"2025-03-03T09:40:51+00:00\" \/>\n<meta property=\"article:modified_time\" content=\"2025-03-29T21:04:38+00:00\" \/>\n<meta property=\"og:image\" content=\"https:\/\/www.kolibrifestivaali.org\/wp-content\/uploads\/2025\/03\/kolibri-open-call-2025-sami-roma.jpg\" \/>\n\t<meta property=\"og:image:width\" content=\"800\" \/>\n\t<meta property=\"og:image:height\" content=\"450\" \/>\n\t<meta property=\"og:image:type\" content=\"image\/jpeg\" \/>\n<meta name=\"author\" content=\"Marta Berm\u00fadez\" \/>\n<meta name=\"twitter:card\" content=\"summary_large_image\" \/>\n<meta name=\"twitter:label1\" content=\"Escrito por\" \/>\n\t<meta name=\"twitter:data1\" content=\"Marta Berm\u00fadez\" \/>\n\t<meta name=\"twitter:label2\" content=\"Tiempo de lectura\" \/>\n\t<meta name=\"twitter:data2\" content=\"3 minutos\" \/>\n<script type=\"application\/ld+json\" class=\"yoast-schema-graph\">{\"@context\":\"https:\\\/\\\/schema.org\",\"@graph\":[{\"@type\":\"Article\",\"@id\":\"https:\\\/\\\/www.kolibrifestivaali.org\\\/es\\\/kolibri-festivaali-2025-sami-roma\\\/#article\",\"isPartOf\":{\"@id\":\"https:\\\/\\\/www.kolibrifestivaali.org\\\/es\\\/kolibri-festivaali-2025-sami-roma\\\/\"},\"author\":{\"name\":\"Marta Berm\u00fadez\",\"@id\":\"https:\\\/\\\/www.kolibrifestivaali.org\\\/es\\\/#\\\/schema\\\/person\\\/a4d882046c0f7b03960be07d8b5713ba\"},\"headline\":\"Convocatoria especial para creativos S\u00e1mi y Roma para el 10\u00ba Aniversario del Kolibr\u00ed Festivaali 2025\u00a0\",\"datePublished\":\"2025-03-03T09:40:51+00:00\",\"dateModified\":\"2025-03-29T21:04:38+00:00\",\"mainEntityOfPage\":{\"@id\":\"https:\\\/\\\/www.kolibrifestivaali.org\\\/es\\\/kolibri-festivaali-2025-sami-roma\\\/\"},\"wordCount\":658,\"image\":{\"@id\":\"https:\\\/\\\/www.kolibrifestivaali.org\\\/es\\\/kolibri-festivaali-2025-sami-roma\\\/#primaryimage\"},\"thumbnailUrl\":\"https:\\\/\\\/www.kolibrifestivaali.org\\\/wp-content\\\/uploads\\\/2025\\\/03\\\/kolibri-open-call-2025-sami-roma.jpg\",\"keywords\":[\"kolibri festivaali 2025\"],\"articleSection\":[\"News\"],\"inLanguage\":\"es\"},{\"@type\":\"WebPage\",\"@id\":\"https:\\\/\\\/www.kolibrifestivaali.org\\\/es\\\/kolibri-festivaali-2025-sami-roma\\\/\",\"url\":\"https:\\\/\\\/www.kolibrifestivaali.org\\\/es\\\/kolibri-festivaali-2025-sami-roma\\\/\",\"name\":\"Convocatoria especial para creativos S\u00e1mi y Roma para el 10\u00ba Aniversario del Kolibr\u00ed Festivaali 2025\u00a0 - Kolibri Festivaali\",\"isPartOf\":{\"@id\":\"https:\\\/\\\/www.kolibrifestivaali.org\\\/es\\\/#website\"},\"primaryImageOfPage\":{\"@id\":\"https:\\\/\\\/www.kolibrifestivaali.org\\\/es\\\/kolibri-festivaali-2025-sami-roma\\\/#primaryimage\"},\"image\":{\"@id\":\"https:\\\/\\\/www.kolibrifestivaali.org\\\/es\\\/kolibri-festivaali-2025-sami-roma\\\/#primaryimage\"},\"thumbnailUrl\":\"https:\\\/\\\/www.kolibrifestivaali.org\\\/wp-content\\\/uploads\\\/2025\\\/03\\\/kolibri-open-call-2025-sami-roma.jpg\",\"datePublished\":\"2025-03-03T09:40:51+00:00\",\"dateModified\":\"2025-03-29T21:04:38+00:00\",\"author\":{\"@id\":\"https:\\\/\\\/www.kolibrifestivaali.org\\\/es\\\/#\\\/schema\\\/person\\\/a4d882046c0f7b03960be07d8b5713ba\"},\"breadcrumb\":{\"@id\":\"https:\\\/\\\/www.kolibrifestivaali.org\\\/es\\\/kolibri-festivaali-2025-sami-roma\\\/#breadcrumb\"},\"inLanguage\":\"es\",\"potentialAction\":[{\"@type\":\"ReadAction\",\"target\":[\"https:\\\/\\\/www.kolibrifestivaali.org\\\/es\\\/kolibri-festivaali-2025-sami-roma\\\/\"]}]},{\"@type\":\"ImageObject\",\"inLanguage\":\"es\",\"@id\":\"https:\\\/\\\/www.kolibrifestivaali.org\\\/es\\\/kolibri-festivaali-2025-sami-roma\\\/#primaryimage\",\"url\":\"https:\\\/\\\/www.kolibrifestivaali.org\\\/wp-content\\\/uploads\\\/2025\\\/03\\\/kolibri-open-call-2025-sami-roma.jpg\",\"contentUrl\":\"https:\\\/\\\/www.kolibrifestivaali.org\\\/wp-content\\\/uploads\\\/2025\\\/03\\\/kolibri-open-call-2025-sami-roma.jpg\",\"width\":800,\"height\":450},{\"@type\":\"BreadcrumbList\",\"@id\":\"https:\\\/\\\/www.kolibrifestivaali.org\\\/es\\\/kolibri-festivaali-2025-sami-roma\\\/#breadcrumb\",\"itemListElement\":[{\"@type\":\"ListItem\",\"position\":1,\"name\":\"Home\",\"item\":\"https:\\\/\\\/www.kolibrifestivaali.org\\\/es\\\/\"},{\"@type\":\"ListItem\",\"position\":2,\"name\":\"Convocatoria especial para creativos S\u00e1mi y Roma para el 10\u00ba Aniversario del Kolibr\u00ed Festivaali 2025\u00a0\"}]},{\"@type\":\"WebSite\",\"@id\":\"https:\\\/\\\/www.kolibrifestivaali.org\\\/es\\\/#website\",\"url\":\"https:\\\/\\\/www.kolibrifestivaali.org\\\/es\\\/\",\"name\":\"Kolibri Festivaali\",\"description\":\"Kolibri\u0301 is a unique multicultural, free and open art festival for children and their families.\",\"inLanguage\":\"es\"},{\"@type\":\"Person\",\"@id\":\"https:\\\/\\\/www.kolibrifestivaali.org\\\/es\\\/#\\\/schema\\\/person\\\/a4d882046c0f7b03960be07d8b5713ba\",\"name\":\"Marta Berm\u00fadez\",\"image\":{\"@type\":\"ImageObject\",\"inLanguage\":\"es\",\"@id\":\"https:\\\/\\\/secure.gravatar.com\\\/avatar\\\/35700c2014d565cf72e89c0e712b6bc70303de9d0796b72a069bbd235e79a7b5?s=96&d=mm&r=g\",\"url\":\"https:\\\/\\\/secure.gravatar.com\\\/avatar\\\/35700c2014d565cf72e89c0e712b6bc70303de9d0796b72a069bbd235e79a7b5?s=96&d=mm&r=g\",\"contentUrl\":\"https:\\\/\\\/secure.gravatar.com\\\/avatar\\\/35700c2014d565cf72e89c0e712b6bc70303de9d0796b72a069bbd235e79a7b5?s=96&d=mm&r=g\",\"caption\":\"Marta Berm\u00fadez\"}}]}<\/script>\n<!-- \/ Yoast SEO plugin. -->","yoast_head_json":{"title":"Convocatoria especial para creativos S\u00e1mi y Roma para el 10\u00ba Aniversario del Kolibr\u00ed Festivaali 2025\u00a0 - Kolibri Festivaali","robots":{"index":"index","follow":"follow","max-snippet":"max-snippet:-1","max-image-preview":"max-image-preview:large","max-video-preview":"max-video-preview:-1"},"canonical":"https:\/\/www.kolibrifestivaali.org\/es\/kolibri-festivaali-2025-sami-roma\/","og_locale":"es_ES","og_type":"article","og_title":"Convocatoria especial para creativos S\u00e1mi y Roma para el 10\u00ba Aniversario del Kolibr\u00ed Festivaali 2025\u00a0 - Kolibri Festivaali","og_description":"Kulttuurikeskus Ninho ry invita a artistas, investigadores y otros profesionales S\u00e1mi y Roma en los campos de la educaci\u00f3n, las [\u2026] Lue lis\u00e4\u00e4 &raquo;","og_url":"https:\/\/www.kolibrifestivaali.org\/es\/kolibri-festivaali-2025-sami-roma\/","og_site_name":"Kolibri Festivaali","article_published_time":"2025-03-03T09:40:51+00:00","article_modified_time":"2025-03-29T21:04:38+00:00","og_image":[{"width":800,"height":450,"url":"https:\/\/www.kolibrifestivaali.org\/wp-content\/uploads\/2025\/03\/kolibri-open-call-2025-sami-roma.jpg","type":"image\/jpeg"}],"author":"Marta Berm\u00fadez","twitter_card":"summary_large_image","twitter_misc":{"Escrito por":"Marta Berm\u00fadez","Tiempo de lectura":"3 minutos"},"schema":{"@context":"https:\/\/schema.org","@graph":[{"@type":"Article","@id":"https:\/\/www.kolibrifestivaali.org\/es\/kolibri-festivaali-2025-sami-roma\/#article","isPartOf":{"@id":"https:\/\/www.kolibrifestivaali.org\/es\/kolibri-festivaali-2025-sami-roma\/"},"author":{"name":"Marta Berm\u00fadez","@id":"https:\/\/www.kolibrifestivaali.org\/es\/#\/schema\/person\/a4d882046c0f7b03960be07d8b5713ba"},"headline":"Convocatoria especial para creativos S\u00e1mi y Roma para el 10\u00ba Aniversario del Kolibr\u00ed Festivaali 2025\u00a0","datePublished":"2025-03-03T09:40:51+00:00","dateModified":"2025-03-29T21:04:38+00:00","mainEntityOfPage":{"@id":"https:\/\/www.kolibrifestivaali.org\/es\/kolibri-festivaali-2025-sami-roma\/"},"wordCount":658,"image":{"@id":"https:\/\/www.kolibrifestivaali.org\/es\/kolibri-festivaali-2025-sami-roma\/#primaryimage"},"thumbnailUrl":"https:\/\/www.kolibrifestivaali.org\/wp-content\/uploads\/2025\/03\/kolibri-open-call-2025-sami-roma.jpg","keywords":["kolibri festivaali 2025"],"articleSection":["News"],"inLanguage":"es"},{"@type":"WebPage","@id":"https:\/\/www.kolibrifestivaali.org\/es\/kolibri-festivaali-2025-sami-roma\/","url":"https:\/\/www.kolibrifestivaali.org\/es\/kolibri-festivaali-2025-sami-roma\/","name":"Convocatoria especial para creativos S\u00e1mi y Roma para el 10\u00ba Aniversario del Kolibr\u00ed Festivaali 2025\u00a0 - Kolibri Festivaali","isPartOf":{"@id":"https:\/\/www.kolibrifestivaali.org\/es\/#website"},"primaryImageOfPage":{"@id":"https:\/\/www.kolibrifestivaali.org\/es\/kolibri-festivaali-2025-sami-roma\/#primaryimage"},"image":{"@id":"https:\/\/www.kolibrifestivaali.org\/es\/kolibri-festivaali-2025-sami-roma\/#primaryimage"},"thumbnailUrl":"https:\/\/www.kolibrifestivaali.org\/wp-content\/uploads\/2025\/03\/kolibri-open-call-2025-sami-roma.jpg","datePublished":"2025-03-03T09:40:51+00:00","dateModified":"2025-03-29T21:04:38+00:00","author":{"@id":"https:\/\/www.kolibrifestivaali.org\/es\/#\/schema\/person\/a4d882046c0f7b03960be07d8b5713ba"},"breadcrumb":{"@id":"https:\/\/www.kolibrifestivaali.org\/es\/kolibri-festivaali-2025-sami-roma\/#breadcrumb"},"inLanguage":"es","potentialAction":[{"@type":"ReadAction","target":["https:\/\/www.kolibrifestivaali.org\/es\/kolibri-festivaali-2025-sami-roma\/"]}]},{"@type":"ImageObject","inLanguage":"es","@id":"https:\/\/www.kolibrifestivaali.org\/es\/kolibri-festivaali-2025-sami-roma\/#primaryimage","url":"https:\/\/www.kolibrifestivaali.org\/wp-content\/uploads\/2025\/03\/kolibri-open-call-2025-sami-roma.jpg","contentUrl":"https:\/\/www.kolibrifestivaali.org\/wp-content\/uploads\/2025\/03\/kolibri-open-call-2025-sami-roma.jpg","width":800,"height":450},{"@type":"BreadcrumbList","@id":"https:\/\/www.kolibrifestivaali.org\/es\/kolibri-festivaali-2025-sami-roma\/#breadcrumb","itemListElement":[{"@type":"ListItem","position":1,"name":"Home","item":"https:\/\/www.kolibrifestivaali.org\/es\/"},{"@type":"ListItem","position":2,"name":"Convocatoria especial para creativos S\u00e1mi y Roma para el 10\u00ba Aniversario del Kolibr\u00ed Festivaali 2025\u00a0"}]},{"@type":"WebSite","@id":"https:\/\/www.kolibrifestivaali.org\/es\/#website","url":"https:\/\/www.kolibrifestivaali.org\/es\/","name":"Kolibri Festivaali","description":"Kolibri\u0301 is a unique multicultural, free and open art festival for children and their families.","inLanguage":"es"},{"@type":"Person","@id":"https:\/\/www.kolibrifestivaali.org\/es\/#\/schema\/person\/a4d882046c0f7b03960be07d8b5713ba","name":"Marta Berm\u00fadez","image":{"@type":"ImageObject","inLanguage":"es","@id":"https:\/\/secure.gravatar.com\/avatar\/35700c2014d565cf72e89c0e712b6bc70303de9d0796b72a069bbd235e79a7b5?s=96&d=mm&r=g","url":"https:\/\/secure.gravatar.com\/avatar\/35700c2014d565cf72e89c0e712b6bc70303de9d0796b72a069bbd235e79a7b5?s=96&d=mm&r=g","contentUrl":"https:\/\/secure.gravatar.com\/avatar\/35700c2014d565cf72e89c0e712b6bc70303de9d0796b72a069bbd235e79a7b5?s=96&d=mm&r=g","caption":"Marta Berm\u00fadez"}}]}},"_links":{"self":[{"href":"https:\/\/www.kolibrifestivaali.org\/es\/wp-json\/wp\/v2\/posts\/326948","targetHints":{"allow":["GET"]}}],"collection":[{"href":"https:\/\/www.kolibrifestivaali.org\/es\/wp-json\/wp\/v2\/posts"}],"about":[{"href":"https:\/\/www.kolibrifestivaali.org\/es\/wp-json\/wp\/v2\/types\/post"}],"author":[{"embeddable":true,"href":"https:\/\/www.kolibrifestivaali.org\/es\/wp-json\/wp\/v2\/users\/13"}],"replies":[{"embeddable":true,"href":"https:\/\/www.kolibrifestivaali.org\/es\/wp-json\/wp\/v2\/comments?post=326948"}],"version-history":[{"count":6,"href":"https:\/\/www.kolibrifestivaali.org\/es\/wp-json\/wp\/v2\/posts\/326948\/revisions"}],"predecessor-version":[{"id":327028,"href":"https:\/\/www.kolibrifestivaali.org\/es\/wp-json\/wp\/v2\/posts\/326948\/revisions\/327028"}],"wp:featuredmedia":[{"embeddable":true,"href":"https:\/\/www.kolibrifestivaali.org\/es\/wp-json\/wp\/v2\/media\/326945"}],"wp:attachment":[{"href":"https:\/\/www.kolibrifestivaali.org\/es\/wp-json\/wp\/v2\/media?parent=326948"}],"wp:term":[{"taxonomy":"category","embeddable":true,"href":"https:\/\/www.kolibrifestivaali.org\/es\/wp-json\/wp\/v2\/categories?post=326948"},{"taxonomy":"post_tag","embeddable":true,"href":"https:\/\/www.kolibrifestivaali.org\/es\/wp-json\/wp\/v2\/tags?post=326948"}],"curies":[{"name":"wp","href":"https:\/\/api.w.org\/{rel}","templated":true}]}}