{"id":326898,"date":"2025-02-05T16:52:02","date_gmt":"2025-02-05T14:52:02","guid":{"rendered":"https:\/\/www.kolibrifestivaali.org\/news-archive-es\/kolibri-festivaali-2025-open-call\/"},"modified":"2025-03-03T14:44:21","modified_gmt":"2025-03-03T12:44:21","slug":"kolibri-festivaali-2025-open-call","status":"publish","type":"post","link":"https:\/\/www.kolibrifestivaali.org\/es\/kolibri-festivaali-2025-open-call\/","title":{"rendered":"Convocatoria para la selecci\u00f3n de propuestas art\u00edsticas de Kolibr\u00ed Festivaali 2025"},"content":{"rendered":"\n<p><a href=\"https:\/\/www.ninho.fi\/\" target=\"_blank\" rel=\"noreferrer noopener\">Kulttuurikeskus Ninho ry<\/a> invita a artistas, investigadores y otros trabajadores de la educaci\u00f3n, el arte y la cultura, de diferentes or\u00edgenes y experiencias, residentes en Finlandia, a enviar sus propuestas para la selecci\u00f3n del programa de Kolibr\u00ed Festivaali 2025.<\/p>\n\n\n\n<p>Kolibr\u00ed es un espacio de encuentro entre las artes, las ciencias, la creatividad, los idiomas y las infancias. Kolibr\u00ed Festivaali se realizar\u00e1 desde 13.-27.9.2025 en Helsinki, Espoo, Vantaa \u00a1y por primera vez en Tampere!<\/p>\n\n\n\n<h4 class=\"wp-block-heading\"><strong><a href=\"https:\/\/forms.office.com\/Pages\/ResponsePage.aspx?id=hALT0TzrCUm4mkUnJpZIP0pwZ4mhYclLr3iB7biQzzdUQUFZUE4zSDYyRUUzTTI0WkRQMU81TzQ3My4u\" target=\"_blank\" rel=\"noreferrer noopener\">Env\u00eda tu propuesta<\/a> hasta el 10.3.2025<\/strong>.&nbsp;<\/h4>\n\n\n\n<p>\u00a1Adem\u00e1s est\u00e1 abierta una <a href=\"https:\/\/www.kolibrifestivaali.org\/es\/news-archive-es\/kolibri-festivaali-2025-sami-roma\/\"><strong>convocatoria especial para creativos S\u00e1mi y Roma<\/strong><\/a> para Kolibr\u00ed Festivaali 2025! <strong>Aplica antes del 31.3.2025<\/strong>.<\/p>\n\n\n\n<h2 class=\"wp-block-heading\">El tema del 10<sup>\u00ba<\/sup> Aniversario y 14\u00aa edici\u00f3n es: Deseos &nbsp;<\/h2>\n\n\n\n<p><strong>Kolibr\u00ed Festivaali 2025 marca una celebraci\u00f3n muy especial: \u00a1el d\u00e9cimo aniversario!&nbsp;&nbsp;<\/strong><\/p>\n\n\n\n<p>En Finlandia, los aniversarios redondos tienen un significado \u00fanico. Queremos celebrar estos 10 a\u00f1os de Kolibr\u00ed con un tema central lleno de inspiraci\u00f3n: <em>los deseos<\/em>. <strong>Esos profundos anhelos que buscamos al momento de soplar las velas de un pastel de cumplea\u00f1os.&nbsp;<\/strong><\/p>\n\n\n\n<p>Por eso, invitamos a todas las personas creativas, trabajadores de la educaci\u00f3n, la ciencia y la cultura, a formar parte de esta celebraci\u00f3n enviando propuestas que den vida al programa aniversario.&nbsp;&nbsp;<\/p>\n\n\n\n<p>Para este Kolibr\u00ed Aniversario, buscamos <strong>propuestas inspiradas por un deseo dirigido a las infancias contempor\u00e1neas<\/strong>; para que nadie quede fuera del acceso y disfrute del tiempo de crear, jugar, aprender y compartir en comunidad, mientras hacemos nuevas amistades, en un espacio donde las lenguas de herencia no sean un secreto que solo se usa en casa.&nbsp;<\/p>\n\n\n\n<p>\u00a1<strong>An\u00edmate a so\u00f1ar y a compartir tu visi\u00f3n con nosotros<\/strong>, <strong>para construir juntos Kolibr\u00ed Festivaali 2025 \u2014 D\u00e9cimo Aniversario!&nbsp;<\/strong><\/p>\n\n\n\n<p><strong>Esta convocatoria cierra el lunes 10 de marzo a las 23:59 h<\/strong>. Aunque el formulario para enviar las propuestas est\u00e1 en ingl\u00e9s, se puede completar en ingl\u00e9s, espa\u00f1ol o portugu\u00e9s.&nbsp;&nbsp;<\/p>\n\n\n\n<h3 class=\"wp-block-heading\">Propuestas&nbsp;&nbsp;<\/h3>\n\n\n\n<p>Buscamos ideas de propuestas acordes con los objetivos y la metodolog\u00eda de Kolibr\u00ed festivaali que responda al tema 2025. Seleccionaremos propuestas destinadas a infancias pluriling\u00fces y diversas.&nbsp;&nbsp;<\/p>\n\n\n\n<h3 class=\"wp-block-heading\">Audiencias&nbsp;&nbsp;<\/h3>\n\n\n\n<ul class=\"wp-block-list\">\n<li>Familias, en todas sus variantes del amor, que provienen de distintas realidades y usan distintas lenguas de herencia.&nbsp;&nbsp;<\/li>\n<\/ul>\n\n\n\n<ul class=\"wp-block-list\">\n<li>Infancias con habilidades diversas, desde los 3 meses hasta los 10 a\u00f1os.&nbsp;&nbsp;<\/li>\n<\/ul>\n\n\n\n<p>Desde el 2018, se han identificado entre las familias que participan del festival, el uso de m\u00e1s 32 lenguas de herencia diferentes, adem\u00e1s de espa\u00f1ol, portugu\u00e9s, fin\u00e9s, sueco e ingl\u00e9s.<\/p>\n\n\n\n<p>El <a href=\"https:\/\/www.kolibrifestivaali.org\/es\/ediciones-pasadas\/\">programa de Kolibr\u00ed<\/a> combina desde las expresiones ancestrales del arte y la cultura hasta los actuales avances tecnol\u00f3gicos y cient\u00edficos. Es as\u00ed, que aceptamos propuestas de disciplinas, y sus combinaciones, tales como: literatura, artes gr\u00e1ficas y visuales, dise\u00f1o, arquitectura, m\u00fasica, danza, teatro, circo, ciencias, cultura culinaria, entre otras.&nbsp;&nbsp;<\/p>\n\n\n\n<h3 class=\"wp-block-heading\">Los formatos pueden ser:&nbsp;&nbsp;<\/h3>\n\n\n\n<ul class=\"wp-block-list\">\n<li>Talleres de corta duraci\u00f3n (60 min).&nbsp;&nbsp;<\/li>\n<\/ul>\n\n\n\n<ul class=\"wp-block-list\">\n<li>Talleres de larga duraci\u00f3n &#8211; <em>Non-stop<\/em> (180 min).&nbsp;&nbsp;<\/li>\n<\/ul>\n\n\n\n<ul class=\"wp-block-list\">\n<li>Cuentacuentos (30 min para beb\u00e9s y 60 min para todas las edades).&nbsp;&nbsp;<\/li>\n<\/ul>\n\n\n\n<ul class=\"wp-block-list\">\n<li>Performances (60 min):&nbsp;espect\u00e1culos, obras de teatro, conciertos, etc.&nbsp;&nbsp;<\/li>\n<\/ul>\n\n\n\n<p><strong>Compensaci\u00f3n:<\/strong>&nbsp;&nbsp;<\/p>\n\n\n\n<ul class=\"wp-block-list\">\n<li>Talleres \/ Cuentacuentos: 85\u20ac\/h por artista (incluidos los costos de Seguridad Social) &#8211; 1 artista por actividad.  &nbsp;<\/li>\n<\/ul>\n\n\n\n<ul class=\"wp-block-list\">\n<li>Non-stop: 210\u20ac por artista (incluidos los costos de Seguridad Social) &#8211; max. 2 artistas por taller.&nbsp;&nbsp;<\/li>\n<\/ul>\n\n\n\n<ul class=\"wp-block-list\">\n<li>Performance: 250\u20ac por artista (incluidos los costos de Seguridad Social) &#8211; max. 3 artistas por performance.&nbsp;&nbsp;<\/li>\n<\/ul>\n\n\n\n<ul class=\"wp-block-list\">\n<li>*Conciertos: 250\u20ac por artista (incluidos los costos de Seguridad Social) &#8211; max. 3 artistas por performance.&nbsp;&nbsp;<\/li>\n<\/ul>\n\n\n\n<p><strong>Cubrimos<\/strong> los costos de <strong>materiales<\/strong> (montos razonables) y, tambi\u00e9n los costos de las <strong>salas<\/strong>, equipos y la <strong>t\u00e9cnica<\/strong> de luz y sonido. Desafortunadamente <strong>no<\/strong> contamos con recursos para cubrir gastos de <strong>traslado<\/strong> a Helsinki, ni alquileres extra de equipos de ning\u00fan tipo.<\/p>\n\n\n\n<p>* Despu\u00e9s de leer todas las propuestas recibidas, nos gustar\u00eda programar una reuni\u00f3n en l\u00ednea con al menos uno de los miembros del grupo para comprender mejor c\u00f3mo funciona la presentaci\u00f3n y cu\u00e1les son los requisitos. Por favor, preste atenci\u00f3n a la informaci\u00f3n enviada por <a href=\"mailto:info@ninho.fi\">info@ninho.fi<\/a>&nbsp;<\/p>\n\n\n\n<h3 class=\"wp-block-heading\"><strong>IMPORTANT<\/strong>E&nbsp;&nbsp;<\/h3>\n\n\n\n<p>Kolibr\u00ed Festivaali es una nueva manera de experimentar y de hacer cultura infantil desde la diversidad en Finlandia. El prop\u00f3sito del Festival es ofrecer un espacio seguro y positivo para disfrutar del tiempo de calidad en familia, donde el di\u00e1logo, el respeto y entendimiento m\u00fatuo se viven desde la primera infancia.&nbsp;&nbsp;<\/p>\n\n\n\n<h2 class=\"wp-block-heading\"><strong>Ejes metodol\u00f3gicos del programa de Kolibr\u00ed<\/strong>:&nbsp;&nbsp;<\/h2>\n\n\n\n<ul class=\"wp-block-list\">\n<li><strong>Inter-generacionalidad<\/strong>: infancias junto con las personas adultas y adultas mayores.<\/li>\n<\/ul>\n\n\n\n<ul class=\"wp-block-list\">\n<li><strong>Pluriling\u00fcismo<\/strong>: las lenguas de herencia habladas en casa no son un secreto, sino un activo cultural para aprender.&nbsp;&nbsp;<\/li>\n<\/ul>\n\n\n\n<ul class=\"wp-block-list\">\n<li><strong>Accesibilidad<\/strong>: todas las infancias y personas adultas son bienvenidas y respetadas tal como son; participan y disfrutan de las actividades sin temor a ser discriminadas. Nos esforzamos por hacer adaptaciones que permitan la participaci\u00f3n de personas con discapacidad y esperamos que nuestros artistas y sus propuestas hagan lo mismo.<\/li>\n<\/ul>\n\n\n\n<ul class=\"wp-block-list\">\n<li><strong>Diversidad<\/strong>: familias, infancias y facilitadores participan de un programa de actividades que valora lo que tienen de \u00fanico y especial.&nbsp;&nbsp;<\/li>\n<\/ul>\n\n\n\n<p><strong>\u00bfQu\u00e9 entendemos por diversidad?&nbsp;<\/strong>&nbsp;<\/p>\n\n\n\n<p>En la diferencia est\u00e1 la belleza: vivimos en una sociedad multicultural llena de contrastes. Somos personas diferentes por g\u00e9nero, sexualidad, raza, etnicidad, edad, habilidades y discapacidades, ocupaci\u00f3n, nacionalidad y mucho m\u00e1s. Celebrar la diversidad es abrazar nuestras diferencias, aprender de cada persona y apreciar la belleza de construir algo nuevo juntos (<em>Declaraci\u00f3n de Diversidad<\/em>, Kulttuurikeskus Ninho, 2022).<\/p>\n\n\n\n<h2 class=\"wp-block-heading\">Criterios&nbsp;&nbsp;<\/h2>\n\n\n\n<p>Las propuestas se seleccionar\u00e1n de acuerdo a la disponibilidad de fondos y dependiendo de c\u00f3mo respondan a los siguientes criterios:&nbsp;&nbsp;<\/p>\n\n\n\n<ul class=\"wp-block-list\">\n<li><strong>Fomentar<\/strong> las capacidades de: asombro, creaci\u00f3n, disfrute, experimentaci\u00f3n y el trabajo cooperativo en la infancia.&nbsp;&nbsp;<\/li>\n<\/ul>\n\n\n\n<ul class=\"wp-block-list\">\n<li>Promover <strong>valores<\/strong> como el respeto mutuo, el di\u00e1logo y la riqueza de la diversidad.&nbsp;&nbsp;<\/li>\n<\/ul>\n\n\n\n<ul class=\"wp-block-list\">\n<li><strong>V\u00ednculo con el tema<\/strong> 2025.&nbsp;&nbsp;<\/li>\n<\/ul>\n\n\n\n<ul class=\"wp-block-list\">\n<li>Fomentar la participaci\u00f3n activa de la d\u00edada familiar en las siguientes edades<strong>. <\/strong><\/li>\n<\/ul>\n\n\n\n<p><\/p>\n\n\n\n<p><strong>Edades:&nbsp;&nbsp;<\/strong><\/p>\n\n\n\n<ol class=\"wp-block-list\">\n<li>Beb\u00e9s de 3 meses a 12 meses o no caminadores.<\/li>\n\n\n\n<li>1 a 4 a\u00f1os, caminadores.<\/li>\n\n\n\n<li>4 a 7 a\u00f1os, preescolares.<\/li>\n\n\n\n<li>Mayores de 7 a\u00f1os, escolares.&nbsp;<\/li>\n<\/ol>\n\n\n\n<ul class=\"wp-block-list\">\n<li>Favorecer <strong>ambientes<\/strong> de participaci\u00f3n <strong>pluriling\u00fces<\/strong>: las actividades que usen m\u00faltiples idiomas tendr\u00e1n preferencia.<\/li>\n<\/ul>\n\n\n\n<ul class=\"wp-block-list\">\n<li>En literatura, teatro y m\u00fasica tu actividad puede ser en una lengua minoritaria en Finlandia. &nbsp;<\/li>\n<\/ul>\n\n\n\n<ul class=\"wp-block-list\">\n<li>Favorecer la sustentabilidad en t\u00e9rminos de presupuesto (costos razonables y realistas), el uso de materiales reciclados, de bajo impacto ecol\u00f3gico y de bajo costo.&nbsp;<\/li>\n<\/ul>\n\n\n\n<p><strong>Merecer\u00e1n especial atenci\u00f3n propuestas que fomenten::<\/strong>&nbsp;&nbsp;<\/p>\n\n\n\n<ul class=\"wp-block-list\">\n<li>La participaci\u00f3n activa de infancias con habilidades diversas, beb\u00e9s, embarazadas, padres de familia, como facilitadores de actividades de programa, de adultos mayores junto con las infancias, as\u00ed como con mayores de 10 a\u00f1os.&nbsp;&nbsp;<\/li>\n<\/ul>\n\n\n\n<ul class=\"wp-block-list\">\n<li>La participaci\u00f3n de talentos miembros de la Asociaci\u00f3n Kulttuurikeskus Ninho ry, asociaciones de artistas o similares, quienes propongan un plan de cooperaci\u00f3n mutua.&nbsp;&nbsp;<\/li>\n<\/ul>\n\n\n\n<ul class=\"wp-block-list\">\n<li>La capacidad de reclutar voluntarios para la actividad (personas pluriling\u00fces, que asistan en las actividades). Se emitir\u00e1 un certificado de asistencia en \u00e1reas como arte, ciencias y traducci\u00f3n.&nbsp;&nbsp;<\/li>\n<\/ul>\n\n\n\n<h2 class=\"wp-block-heading\">Env\u00edo de propuestas&nbsp;&nbsp;<\/h2>\n\n\n\n<ul class=\"wp-block-list\">\n<li><strong>Env\u00eda tu propuesta rellenando el <a href=\"https:\/\/application%20form\/\" target=\"_blank\" rel=\"noreferrer noopener\"><\/a><a href=\"https:\/\/forms.office.com\/Pages\/ResponsePage.aspx?id=hALT0TzrCUm4mkUnJpZIP0pwZ4mhYclLr3iB7biQzzdUQUFZUE4zSDYyRUUzTTI0WkRQMU81TzQ3My4u\" target=\"_blank\" rel=\"noreferrer noopener\">Formulario de Aplicaciones<\/a> hasta el 10 de marzo de 2025 a las 23:59 pm<\/strong>.&nbsp;<\/li>\n<\/ul>\n\n\n\n<ul class=\"wp-block-list\">\n<li>El formulario est\u00e1 en ingl\u00e9s, a\u00fan as\u00ed puede completarlo en ingl\u00e9s, espa\u00f1ol o portugu\u00e9s..&nbsp;&nbsp;<\/li>\n<\/ul>\n\n\n\n<ul class=\"wp-block-list\">\n<li>Para performances sugerimos adjuntar fotos y enlaces a v\u00eddeos de presentaciones anteriores..&nbsp;&nbsp;<\/li>\n<\/ul>\n\n\n\n<h2 class=\"wp-block-heading\">Resultados&nbsp;&nbsp;<\/h2>\n\n\n\n<ul class=\"wp-block-list\">\n<li>Las propuestas seleccionadas se publicar\u00e1n el 10.4.2025 en el blog de <a href=\"https:\/\/www.kolibrifestivaali.org\/es\/\" target=\"_blank\" rel=\"noreferrer noopener\"><\/a><a href=\"https:\/\/www.kolibrifestivaali.org\/es\/\">www.kolibrifestivaali.org<\/a>. Por favor, presta atenci\u00f3n a la informaci\u00f3n enviada por <a href=\"mailto:info-kolibri@ninho.fi\" target=\"_blank\" rel=\"noreferrer noopener\"><\/a><a href=\"mailto:info@ninho.fi\">info@ninho.fi<\/a>&nbsp;&nbsp;<\/li>\n<\/ul>\n\n\n\n<ul class=\"wp-block-list\">\n<li>Tan pronto se obtenga la confirmacion de fondos, se publicar\u00e1n los resultados finales de esta selecci\u00f3n&nbsp;&nbsp;<\/li>\n<\/ul>\n\n\n\n<ul class=\"wp-block-list\">\n<li>Los resultados de la selecci\u00f3n son definitivos e inapelables..&nbsp;&nbsp;<\/li>\n<\/ul>\n\n\n\n<p><strong>Todas las personas seleccionadas participar\u00e1n en un par de sesiones h\u00edbridas de formaci\u00f3n interna, a realizarse entre mayo\/junio 2025<\/strong>. All\u00ed se presentar\u00e1n informaci\u00f3n y aspectos centrales de la propuesta de Kolibr\u00ed y recursos pr\u00e1cticos para mejorar la accesibilidad e inclusi\u00f3n, as\u00ed como pr\u00e1cticas anti-racistas en las propuestas seleccionadas. Estas sesiones est\u00e1n a cargo de personas expertas.<strong>&nbsp;&nbsp;<\/strong><\/p>\n\n\n\n<p>Toda la informaci\u00f3n recopilada es confidencial y de uso exclusivo para esta selecci\u00f3n. El material audiovisual, as\u00ed como las opiniones acerca de Kolibr\u00ed ser\u00e1n usados en los medios sociales para la promoci\u00f3n del Festival.&nbsp;&nbsp;<\/p>\n\n\n\n<p><strong>M\u00e1s informaci\u00f3n<\/strong>: <a href=\"mailto:info@ninho.fi\">info@ninho.fi<\/a>&nbsp;<\/p>\n\n\n\n<p><\/p>\n\n\n\n<h3 class=\"wp-block-heading\"><strong><a href=\"https:\/\/forms.office.com\/Pages\/ResponsePage.aspx?id=hALT0TzrCUm4mkUnJpZIP0pwZ4mhYclLr3iB7biQzzdUQUFZUE4zSDYyRUUzTTI0WkRQMU81TzQ3My4u\" target=\"_blank\" rel=\"noreferrer noopener\">Env\u00eda tu propuesta<\/a> <\/strong><\/h3>\n","protected":false},"excerpt":{"rendered":"<p>Kulttuurikeskus Ninho ry invita a artistas, investigadores y otros trabajadores de la educaci\u00f3n, el arte y la cultura, de diferentes [\u2026] <a href=\"https:\/\/www.kolibrifestivaali.org\/es\/kolibri-festivaali-2025-open-call\/\">Lue lis\u00e4\u00e4 &raquo;<\/a><\/p>\n<div class='heateor_sss_sharing_container heateor_sss_vertical_sharing heateor_sss_bottom_sharing' style='width:34px;right: -10px;top: 100px;-webkit-box-shadow:none;box-shadow:none;' data-heateor-sss-href='https:\/\/www.kolibrifestivaali.org\/es\/wp-json\/wp\/v2\/posts\/326898'><div class=\"heateor_sss_sharing_ul\"><a aria-label=\"Facebook\" class=\"heateor_sss_facebook\" href=\"https:\/\/www.facebook.com\/sharer\/sharer.php?u=https%3A%2F%2Fwww.kolibrifestivaali.org%2Fes%2Fwp-json%2Fwp%2Fv2%2Fposts%2F326898\" title=\"Facebook\" rel=\"nofollow noopener\" target=\"_blank\" style=\"font-size:32px!important;box-shadow:none;display:inline-block;vertical-align:middle\"><span class=\"heateor_sss_svg\" style=\"background-color:#0765FE;width:30px;height:30px;border-radius:999px;display:inline-block;opacity:1;float:left;font-size:32px;box-shadow:none;display:inline-block;font-size:16px;padding:0 4px;vertical-align:middle;background-repeat:repeat;overflow:hidden;padding:0;cursor:pointer;box-sizing:content-box\"><svg style=\"display:block;border-radius:999px;\" focusable=\"false\" aria-hidden=\"true\" xmlns=\"http:\/\/www.w3.org\/2000\/svg\" width=\"100%\" height=\"100%\" viewBox=\"0 0 32 32\"><path fill=\"#fff\" d=\"M28 16c0-6.627-5.373-12-12-12S4 9.373 4 16c0 5.628 3.875 10.35 9.101 11.647v-7.98h-2.474V16H13.1v-1.58c0-4.085 1.849-5.978 5.859-5.978.76 0 2.072.15 2.608.298v3.325c-.283-.03-.775-.045-1.386-.045-1.967 0-2.728.745-2.728 2.683V16h3.92l-.673 3.667h-3.247v8.245C23.395 27.195 28 22.135 28 16Z\"><\/path><\/svg><\/span><\/a><a aria-label=\"X\" class=\"heateor_sss_button_x\" href=\"https:\/\/twitter.com\/intent\/tweet?text=Kolibri%20Festivaali%20-%20Kolibri%CC%81%20is%20a%20unique%20multicultural%2C%20free%20and%20open%20art%20festival%20for%20children%20and%20their%20families.&url=https%3A%2F%2Fwww.kolibrifestivaali.org%2Fes%2Fwp-json%2Fwp%2Fv2%2Fposts%2F326898\" title=\"X\" rel=\"nofollow noopener\" target=\"_blank\" style=\"font-size:32px!important;box-shadow:none;display:inline-block;vertical-align:middle\"><span class=\"heateor_sss_svg heateor_sss_s__default heateor_sss_s_x\" style=\"background-color:#2a2a2a;width:30px;height:30px;border-radius:999px;display:inline-block;opacity:1;float:left;font-size:32px;box-shadow:none;display:inline-block;font-size:16px;padding:0 4px;vertical-align:middle;background-repeat:repeat;overflow:hidden;padding:0;cursor:pointer;box-sizing:content-box\"><svg width=\"100%\" height=\"100%\" style=\"display:block;border-radius:999px;\" focusable=\"false\" aria-hidden=\"true\" xmlns=\"http:\/\/www.w3.org\/2000\/svg\" viewBox=\"0 0 32 32\"><path fill=\"#fff\" d=\"M21.751 7h3.067l-6.7 7.658L26 25.078h-6.172l-4.833-6.32-5.531 6.32h-3.07l7.167-8.19L6 7h6.328l4.37 5.777L21.75 7Zm-1.076 16.242h1.7L11.404 8.74H9.58l11.094 14.503Z\"><\/path><\/svg><\/span><\/a><a aria-label=\"Linkedin\" class=\"heateor_sss_button_linkedin\" href=\"https:\/\/www.linkedin.com\/sharing\/share-offsite\/?url=https%3A%2F%2Fwww.kolibrifestivaali.org%2Fes%2Fwp-json%2Fwp%2Fv2%2Fposts%2F326898\" title=\"Linkedin\" rel=\"nofollow noopener\" target=\"_blank\" style=\"font-size:32px!important;box-shadow:none;display:inline-block;vertical-align:middle\"><span class=\"heateor_sss_svg heateor_sss_s__default heateor_sss_s_linkedin\" style=\"background-color:#0077b5;width:30px;height:30px;border-radius:999px;display:inline-block;opacity:1;float:left;font-size:32px;box-shadow:none;display:inline-block;font-size:16px;padding:0 4px;vertical-align:middle;background-repeat:repeat;overflow:hidden;padding:0;cursor:pointer;box-sizing:content-box\"><svg style=\"display:block;border-radius:999px;\" focusable=\"false\" aria-hidden=\"true\" xmlns=\"http:\/\/www.w3.org\/2000\/svg\" width=\"100%\" height=\"100%\" viewBox=\"0 0 32 32\"><path d=\"M6.227 12.61h4.19v13.48h-4.19V12.61zm2.095-6.7a2.43 2.43 0 0 1 0 4.86c-1.344 0-2.428-1.09-2.428-2.43s1.084-2.43 2.428-2.43m4.72 6.7h4.02v1.84h.058c.56-1.058 1.927-2.176 3.965-2.176 4.238 0 5.02 2.792 5.02 6.42v7.395h-4.183v-6.56c0-1.564-.03-3.574-2.178-3.574-2.18 0-2.514 1.7-2.514 3.46v6.668h-4.187V12.61z\" fill=\"#fff\"><\/path><\/svg><\/span><\/a><a aria-label=\"Instagram\" class=\"heateor_sss_button_instagram\" href=\"https:\/\/www.instagram.com\/\" title=\"Instagram\" rel=\"nofollow noopener\" target=\"_blank\" style=\"font-size:32px!important;box-shadow:none;display:inline-block;vertical-align:middle\"><span class=\"heateor_sss_svg\" style=\"background-color:#53beee;width:30px;height:30px;border-radius:999px;display:inline-block;opacity:1;float:left;font-size:32px;box-shadow:none;display:inline-block;font-size:16px;padding:0 4px;vertical-align:middle;background-repeat:repeat;overflow:hidden;padding:0;cursor:pointer;box-sizing:content-box\"><svg style=\"display:block;border-radius:999px;\" version=\"1.1\" viewBox=\"-10 -10 148 148\" width=\"100%\" height=\"100%\" xml:space=\"preserve\" xmlns=\"http:\/\/www.w3.org\/2000\/svg\" xmlns:xlink=\"http:\/\/www.w3.org\/1999\/xlink\"><g><g><path d=\"M86,112H42c-14.336,0-26-11.663-26-26V42c0-14.337,11.664-26,26-26h44c14.337,0,26,11.663,26,26v44 C112,100.337,100.337,112,86,112z M42,24c-9.925,0-18,8.074-18,18v44c0,9.925,8.075,18,18,18h44c9.926,0,18-8.075,18-18V42 c0-9.926-8.074-18-18-18H42z\" fill=\"#fff\"><\/path><\/g><g><path d=\"M64,88c-13.234,0-24-10.767-24-24c0-13.234,10.766-24,24-24s24,10.766,24,24C88,77.233,77.234,88,64,88z M64,48c-8.822,0-16,7.178-16,16s7.178,16,16,16c8.822,0,16-7.178,16-16S72.822,48,64,48z\" fill=\"#fff\"><\/path><\/g><g><circle cx=\"89.5\" cy=\"38.5\" fill=\"#fff\" r=\"5.5\"><\/circle><\/g><\/g><\/svg><\/span><\/a><\/div><div class=\"heateorSssClear\"><\/div><\/div>","protected":false},"author":13,"featured_media":326887,"comment_status":"closed","ping_status":"closed","sticky":false,"template":"","format":"standard","meta":{"_acf_changed":false,"footnotes":""},"categories":[22],"tags":[938],"class_list":["post-326898","post","type-post","status-publish","format-standard","has-post-thumbnail","hentry","category-news-archive-es","tag-kolibri-festivaali-2025-es"],"acf":[],"yoast_head":"<!-- This site is optimized with the Yoast SEO plugin v27.5 - https:\/\/yoast.com\/product\/yoast-seo-wordpress\/ -->\n<title>Convocatoria para la selecci\u00f3n de propuestas art\u00edsticas de Kolibr\u00ed Festivaali 2025 - Kolibri Festivaali<\/title>\n<meta name=\"description\" content=\"Kolibr\u00ed Festivaali 2025 marca una celebraci\u00f3n especial: \u00a1nuestro d\u00e9cimo cumplea\u00f1os! Kolibr\u00ed tendr\u00e1 lugar entre el 13-27 de septiembre. \u00a1Env\u00eda tu propuesta hasta el 10.3!\" \/>\n<meta name=\"robots\" content=\"index, follow, max-snippet:-1, max-image-preview:large, max-video-preview:-1\" \/>\n<link rel=\"canonical\" href=\"https:\/\/www.kolibrifestivaali.org\/es\/kolibri-festivaali-2025-open-call\/\" \/>\n<meta property=\"og:locale\" content=\"es_ES\" \/>\n<meta property=\"og:type\" content=\"article\" \/>\n<meta property=\"og:title\" content=\"Convocatoria para la selecci\u00f3n de propuestas art\u00edsticas de Kolibr\u00ed Festivaali 2025 - Kolibri Festivaali\" \/>\n<meta property=\"og:description\" content=\"Kolibr\u00ed Festivaali 2025 marca una celebraci\u00f3n especial: \u00a1nuestro d\u00e9cimo cumplea\u00f1os! Kolibr\u00ed tendr\u00e1 lugar entre el 13-27 de septiembre. \u00a1Env\u00eda tu propuesta hasta el 10.3!\" \/>\n<meta property=\"og:url\" content=\"https:\/\/www.kolibrifestivaali.org\/es\/kolibri-festivaali-2025-open-call\/\" \/>\n<meta property=\"og:site_name\" content=\"Kolibri Festivaali\" \/>\n<meta property=\"article:published_time\" content=\"2025-02-05T14:52:02+00:00\" \/>\n<meta property=\"article:modified_time\" content=\"2025-03-03T12:44:21+00:00\" \/>\n<meta property=\"og:image\" content=\"https:\/\/www.kolibrifestivaali.org\/wp-content\/uploads\/2025\/02\/kolibri-2025-open-call-1280x720.png\" \/>\n\t<meta property=\"og:image:width\" content=\"1280\" \/>\n\t<meta property=\"og:image:height\" content=\"720\" \/>\n\t<meta property=\"og:image:type\" content=\"image\/png\" \/>\n<meta name=\"author\" content=\"Marta Berm\u00fadez\" \/>\n<meta name=\"twitter:card\" content=\"summary_large_image\" \/>\n<meta name=\"twitter:label1\" content=\"Escrito por\" \/>\n\t<meta name=\"twitter:data1\" content=\"Marta Berm\u00fadez\" \/>\n\t<meta name=\"twitter:label2\" content=\"Tiempo de lectura\" \/>\n\t<meta name=\"twitter:data2\" content=\"6 minutos\" \/>\n<script type=\"application\/ld+json\" class=\"yoast-schema-graph\">{\"@context\":\"https:\\\/\\\/schema.org\",\"@graph\":[{\"@type\":\"Article\",\"@id\":\"https:\\\/\\\/www.kolibrifestivaali.org\\\/es\\\/kolibri-festivaali-2025-open-call\\\/#article\",\"isPartOf\":{\"@id\":\"https:\\\/\\\/www.kolibrifestivaali.org\\\/es\\\/kolibri-festivaali-2025-open-call\\\/\"},\"author\":{\"name\":\"Marta Berm\u00fadez\",\"@id\":\"https:\\\/\\\/www.kolibrifestivaali.org\\\/es\\\/#\\\/schema\\\/person\\\/a4d882046c0f7b03960be07d8b5713ba\"},\"headline\":\"Convocatoria para la selecci\u00f3n de propuestas art\u00edsticas de Kolibr\u00ed Festivaali 2025\",\"datePublished\":\"2025-02-05T14:52:02+00:00\",\"dateModified\":\"2025-03-03T12:44:21+00:00\",\"mainEntityOfPage\":{\"@id\":\"https:\\\/\\\/www.kolibrifestivaali.org\\\/es\\\/kolibri-festivaali-2025-open-call\\\/\"},\"wordCount\":1467,\"image\":{\"@id\":\"https:\\\/\\\/www.kolibrifestivaali.org\\\/es\\\/kolibri-festivaali-2025-open-call\\\/#primaryimage\"},\"thumbnailUrl\":\"https:\\\/\\\/www.kolibrifestivaali.org\\\/wp-content\\\/uploads\\\/2025\\\/02\\\/kolibri-2025-open-call.png\",\"keywords\":[\"kolibri festivaali 2025\"],\"articleSection\":[\"News\"],\"inLanguage\":\"es\"},{\"@type\":\"WebPage\",\"@id\":\"https:\\\/\\\/www.kolibrifestivaali.org\\\/es\\\/kolibri-festivaali-2025-open-call\\\/\",\"url\":\"https:\\\/\\\/www.kolibrifestivaali.org\\\/es\\\/kolibri-festivaali-2025-open-call\\\/\",\"name\":\"Convocatoria para la selecci\u00f3n de propuestas art\u00edsticas de Kolibr\u00ed Festivaali 2025 - Kolibri Festivaali\",\"isPartOf\":{\"@id\":\"https:\\\/\\\/www.kolibrifestivaali.org\\\/es\\\/#website\"},\"primaryImageOfPage\":{\"@id\":\"https:\\\/\\\/www.kolibrifestivaali.org\\\/es\\\/kolibri-festivaali-2025-open-call\\\/#primaryimage\"},\"image\":{\"@id\":\"https:\\\/\\\/www.kolibrifestivaali.org\\\/es\\\/kolibri-festivaali-2025-open-call\\\/#primaryimage\"},\"thumbnailUrl\":\"https:\\\/\\\/www.kolibrifestivaali.org\\\/wp-content\\\/uploads\\\/2025\\\/02\\\/kolibri-2025-open-call.png\",\"datePublished\":\"2025-02-05T14:52:02+00:00\",\"dateModified\":\"2025-03-03T12:44:21+00:00\",\"author\":{\"@id\":\"https:\\\/\\\/www.kolibrifestivaali.org\\\/es\\\/#\\\/schema\\\/person\\\/a4d882046c0f7b03960be07d8b5713ba\"},\"description\":\"Kolibr\u00ed Festivaali 2025 marca una celebraci\u00f3n especial: \u00a1nuestro d\u00e9cimo cumplea\u00f1os! Kolibr\u00ed tendr\u00e1 lugar entre el 13-27 de septiembre. \u00a1Env\u00eda tu propuesta hasta el 10.3!\",\"breadcrumb\":{\"@id\":\"https:\\\/\\\/www.kolibrifestivaali.org\\\/es\\\/kolibri-festivaali-2025-open-call\\\/#breadcrumb\"},\"inLanguage\":\"es\",\"potentialAction\":[{\"@type\":\"ReadAction\",\"target\":[\"https:\\\/\\\/www.kolibrifestivaali.org\\\/es\\\/kolibri-festivaali-2025-open-call\\\/\"]}]},{\"@type\":\"ImageObject\",\"inLanguage\":\"es\",\"@id\":\"https:\\\/\\\/www.kolibrifestivaali.org\\\/es\\\/kolibri-festivaali-2025-open-call\\\/#primaryimage\",\"url\":\"https:\\\/\\\/www.kolibrifestivaali.org\\\/wp-content\\\/uploads\\\/2025\\\/02\\\/kolibri-2025-open-call.png\",\"contentUrl\":\"https:\\\/\\\/www.kolibrifestivaali.org\\\/wp-content\\\/uploads\\\/2025\\\/02\\\/kolibri-2025-open-call.png\",\"width\":1920,\"height\":1080,\"caption\":\"kolibri festivaali 2025 open call\"},{\"@type\":\"BreadcrumbList\",\"@id\":\"https:\\\/\\\/www.kolibrifestivaali.org\\\/es\\\/kolibri-festivaali-2025-open-call\\\/#breadcrumb\",\"itemListElement\":[{\"@type\":\"ListItem\",\"position\":1,\"name\":\"Home\",\"item\":\"https:\\\/\\\/www.kolibrifestivaali.org\\\/es\\\/\"},{\"@type\":\"ListItem\",\"position\":2,\"name\":\"Convocatoria para la selecci\u00f3n de propuestas art\u00edsticas de Kolibr\u00ed Festivaali 2025\"}]},{\"@type\":\"WebSite\",\"@id\":\"https:\\\/\\\/www.kolibrifestivaali.org\\\/es\\\/#website\",\"url\":\"https:\\\/\\\/www.kolibrifestivaali.org\\\/es\\\/\",\"name\":\"Kolibri Festivaali\",\"description\":\"Kolibri\u0301 is a unique multicultural, free and open art festival for children and their families.\",\"inLanguage\":\"es\"},{\"@type\":\"Person\",\"@id\":\"https:\\\/\\\/www.kolibrifestivaali.org\\\/es\\\/#\\\/schema\\\/person\\\/a4d882046c0f7b03960be07d8b5713ba\",\"name\":\"Marta Berm\u00fadez\",\"image\":{\"@type\":\"ImageObject\",\"inLanguage\":\"es\",\"@id\":\"https:\\\/\\\/secure.gravatar.com\\\/avatar\\\/35700c2014d565cf72e89c0e712b6bc70303de9d0796b72a069bbd235e79a7b5?s=96&d=mm&r=g\",\"url\":\"https:\\\/\\\/secure.gravatar.com\\\/avatar\\\/35700c2014d565cf72e89c0e712b6bc70303de9d0796b72a069bbd235e79a7b5?s=96&d=mm&r=g\",\"contentUrl\":\"https:\\\/\\\/secure.gravatar.com\\\/avatar\\\/35700c2014d565cf72e89c0e712b6bc70303de9d0796b72a069bbd235e79a7b5?s=96&d=mm&r=g\",\"caption\":\"Marta Berm\u00fadez\"}}]}<\/script>\n<!-- \/ Yoast SEO plugin. -->","yoast_head_json":{"title":"Convocatoria para la selecci\u00f3n de propuestas art\u00edsticas de Kolibr\u00ed Festivaali 2025 - Kolibri Festivaali","description":"Kolibr\u00ed Festivaali 2025 marca una celebraci\u00f3n especial: \u00a1nuestro d\u00e9cimo cumplea\u00f1os! Kolibr\u00ed tendr\u00e1 lugar entre el 13-27 de septiembre. \u00a1Env\u00eda tu propuesta hasta el 10.3!","robots":{"index":"index","follow":"follow","max-snippet":"max-snippet:-1","max-image-preview":"max-image-preview:large","max-video-preview":"max-video-preview:-1"},"canonical":"https:\/\/www.kolibrifestivaali.org\/es\/kolibri-festivaali-2025-open-call\/","og_locale":"es_ES","og_type":"article","og_title":"Convocatoria para la selecci\u00f3n de propuestas art\u00edsticas de Kolibr\u00ed Festivaali 2025 - Kolibri Festivaali","og_description":"Kolibr\u00ed Festivaali 2025 marca una celebraci\u00f3n especial: \u00a1nuestro d\u00e9cimo cumplea\u00f1os! Kolibr\u00ed tendr\u00e1 lugar entre el 13-27 de septiembre. \u00a1Env\u00eda tu propuesta hasta el 10.3!","og_url":"https:\/\/www.kolibrifestivaali.org\/es\/kolibri-festivaali-2025-open-call\/","og_site_name":"Kolibri Festivaali","article_published_time":"2025-02-05T14:52:02+00:00","article_modified_time":"2025-03-03T12:44:21+00:00","og_image":[{"width":1280,"height":720,"url":"https:\/\/www.kolibrifestivaali.org\/wp-content\/uploads\/2025\/02\/kolibri-2025-open-call-1280x720.png","type":"image\/png"}],"author":"Marta Berm\u00fadez","twitter_card":"summary_large_image","twitter_misc":{"Escrito por":"Marta Berm\u00fadez","Tiempo de lectura":"6 minutos"},"schema":{"@context":"https:\/\/schema.org","@graph":[{"@type":"Article","@id":"https:\/\/www.kolibrifestivaali.org\/es\/kolibri-festivaali-2025-open-call\/#article","isPartOf":{"@id":"https:\/\/www.kolibrifestivaali.org\/es\/kolibri-festivaali-2025-open-call\/"},"author":{"name":"Marta Berm\u00fadez","@id":"https:\/\/www.kolibrifestivaali.org\/es\/#\/schema\/person\/a4d882046c0f7b03960be07d8b5713ba"},"headline":"Convocatoria para la selecci\u00f3n de propuestas art\u00edsticas de Kolibr\u00ed Festivaali 2025","datePublished":"2025-02-05T14:52:02+00:00","dateModified":"2025-03-03T12:44:21+00:00","mainEntityOfPage":{"@id":"https:\/\/www.kolibrifestivaali.org\/es\/kolibri-festivaali-2025-open-call\/"},"wordCount":1467,"image":{"@id":"https:\/\/www.kolibrifestivaali.org\/es\/kolibri-festivaali-2025-open-call\/#primaryimage"},"thumbnailUrl":"https:\/\/www.kolibrifestivaali.org\/wp-content\/uploads\/2025\/02\/kolibri-2025-open-call.png","keywords":["kolibri festivaali 2025"],"articleSection":["News"],"inLanguage":"es"},{"@type":"WebPage","@id":"https:\/\/www.kolibrifestivaali.org\/es\/kolibri-festivaali-2025-open-call\/","url":"https:\/\/www.kolibrifestivaali.org\/es\/kolibri-festivaali-2025-open-call\/","name":"Convocatoria para la selecci\u00f3n de propuestas art\u00edsticas de Kolibr\u00ed Festivaali 2025 - Kolibri Festivaali","isPartOf":{"@id":"https:\/\/www.kolibrifestivaali.org\/es\/#website"},"primaryImageOfPage":{"@id":"https:\/\/www.kolibrifestivaali.org\/es\/kolibri-festivaali-2025-open-call\/#primaryimage"},"image":{"@id":"https:\/\/www.kolibrifestivaali.org\/es\/kolibri-festivaali-2025-open-call\/#primaryimage"},"thumbnailUrl":"https:\/\/www.kolibrifestivaali.org\/wp-content\/uploads\/2025\/02\/kolibri-2025-open-call.png","datePublished":"2025-02-05T14:52:02+00:00","dateModified":"2025-03-03T12:44:21+00:00","author":{"@id":"https:\/\/www.kolibrifestivaali.org\/es\/#\/schema\/person\/a4d882046c0f7b03960be07d8b5713ba"},"description":"Kolibr\u00ed Festivaali 2025 marca una celebraci\u00f3n especial: \u00a1nuestro d\u00e9cimo cumplea\u00f1os! Kolibr\u00ed tendr\u00e1 lugar entre el 13-27 de septiembre. \u00a1Env\u00eda tu propuesta hasta el 10.3!","breadcrumb":{"@id":"https:\/\/www.kolibrifestivaali.org\/es\/kolibri-festivaali-2025-open-call\/#breadcrumb"},"inLanguage":"es","potentialAction":[{"@type":"ReadAction","target":["https:\/\/www.kolibrifestivaali.org\/es\/kolibri-festivaali-2025-open-call\/"]}]},{"@type":"ImageObject","inLanguage":"es","@id":"https:\/\/www.kolibrifestivaali.org\/es\/kolibri-festivaali-2025-open-call\/#primaryimage","url":"https:\/\/www.kolibrifestivaali.org\/wp-content\/uploads\/2025\/02\/kolibri-2025-open-call.png","contentUrl":"https:\/\/www.kolibrifestivaali.org\/wp-content\/uploads\/2025\/02\/kolibri-2025-open-call.png","width":1920,"height":1080,"caption":"kolibri festivaali 2025 open call"},{"@type":"BreadcrumbList","@id":"https:\/\/www.kolibrifestivaali.org\/es\/kolibri-festivaali-2025-open-call\/#breadcrumb","itemListElement":[{"@type":"ListItem","position":1,"name":"Home","item":"https:\/\/www.kolibrifestivaali.org\/es\/"},{"@type":"ListItem","position":2,"name":"Convocatoria para la selecci\u00f3n de propuestas art\u00edsticas de Kolibr\u00ed Festivaali 2025"}]},{"@type":"WebSite","@id":"https:\/\/www.kolibrifestivaali.org\/es\/#website","url":"https:\/\/www.kolibrifestivaali.org\/es\/","name":"Kolibri Festivaali","description":"Kolibri\u0301 is a unique multicultural, free and open art festival for children and their families.","inLanguage":"es"},{"@type":"Person","@id":"https:\/\/www.kolibrifestivaali.org\/es\/#\/schema\/person\/a4d882046c0f7b03960be07d8b5713ba","name":"Marta Berm\u00fadez","image":{"@type":"ImageObject","inLanguage":"es","@id":"https:\/\/secure.gravatar.com\/avatar\/35700c2014d565cf72e89c0e712b6bc70303de9d0796b72a069bbd235e79a7b5?s=96&d=mm&r=g","url":"https:\/\/secure.gravatar.com\/avatar\/35700c2014d565cf72e89c0e712b6bc70303de9d0796b72a069bbd235e79a7b5?s=96&d=mm&r=g","contentUrl":"https:\/\/secure.gravatar.com\/avatar\/35700c2014d565cf72e89c0e712b6bc70303de9d0796b72a069bbd235e79a7b5?s=96&d=mm&r=g","caption":"Marta Berm\u00fadez"}}]}},"_links":{"self":[{"href":"https:\/\/www.kolibrifestivaali.org\/es\/wp-json\/wp\/v2\/posts\/326898","targetHints":{"allow":["GET"]}}],"collection":[{"href":"https:\/\/www.kolibrifestivaali.org\/es\/wp-json\/wp\/v2\/posts"}],"about":[{"href":"https:\/\/www.kolibrifestivaali.org\/es\/wp-json\/wp\/v2\/types\/post"}],"author":[{"embeddable":true,"href":"https:\/\/www.kolibrifestivaali.org\/es\/wp-json\/wp\/v2\/users\/13"}],"replies":[{"embeddable":true,"href":"https:\/\/www.kolibrifestivaali.org\/es\/wp-json\/wp\/v2\/comments?post=326898"}],"version-history":[{"count":7,"href":"https:\/\/www.kolibrifestivaali.org\/es\/wp-json\/wp\/v2\/posts\/326898\/revisions"}],"predecessor-version":[{"id":326995,"href":"https:\/\/www.kolibrifestivaali.org\/es\/wp-json\/wp\/v2\/posts\/326898\/revisions\/326995"}],"wp:featuredmedia":[{"embeddable":true,"href":"https:\/\/www.kolibrifestivaali.org\/es\/wp-json\/wp\/v2\/media\/326887"}],"wp:attachment":[{"href":"https:\/\/www.kolibrifestivaali.org\/es\/wp-json\/wp\/v2\/media?parent=326898"}],"wp:term":[{"taxonomy":"category","embeddable":true,"href":"https:\/\/www.kolibrifestivaali.org\/es\/wp-json\/wp\/v2\/categories?post=326898"},{"taxonomy":"post_tag","embeddable":true,"href":"https:\/\/www.kolibrifestivaali.org\/es\/wp-json\/wp\/v2\/tags?post=326898"}],"curies":[{"name":"wp","href":"https:\/\/api.w.org\/{rel}","templated":true}]}}