{"id":326841,"date":"2024-10-11T11:31:04","date_gmt":"2024-10-11T08:31:04","guid":{"rendered":"https:\/\/www.kolibrifestivaali.org\/news-archive-es\/kolibri-2024-results\/"},"modified":"2024-10-22T09:16:07","modified_gmt":"2024-10-22T06:16:07","slug":"kolibri-2024-results","status":"publish","type":"post","link":"https:\/\/www.kolibrifestivaali.org\/es\/kolibri-2024-results\/","title":{"rendered":"Resultados de Kolibr\u00ed 2024: Caleidoscopio trae nuevas audiencias y m\u00e1s comunidades"},"content":{"rendered":"\n<p>Kolibr\u00ed Festivaali 2024 ha concluido, y como siempre, es hora de revisar los resultados, escuchar los comentarios de nuestro p\u00fablico, artistas, equipo voluntario y todas las personas involucradas, y analizar c\u00f3mo avanzar y d\u00f3nde mejorar.\u00a0<\/p>\n\n\n\n<p>Este a\u00f1o, el programa se cre\u00f3 a partir de propuestas de <strong>37 trabajadores culturales <\/strong>seleccionados a trav\u00e9s de nuestra <a href=\"https:\/\/www.kolibrifestivaali.org\/news-archive\/kolibri-festivaali-2024-final-selection\/\">convocatoria abierta anual<\/a>. Entre artistas y creativos participantes hab\u00eda m\u00fasicos, dise\u00f1adores, ilustradores, escritores, cuentacuentos, investigadores y animadores culturales de <strong>15 nacionalidades<\/strong>. <\/p>\n\n\n\n<p>La ilustradora chilena <a href=\"https:\/\/www.kolibrifestivaali.org\/es\/news-archive-es\/javiera-mac-lean-ilustradora-kolibri-festivaali-2024\/\">Javiera Mac-lean<\/a> fue la <strong>creadora<\/strong> de la <strong>imagen oficial<\/strong> de <strong>Kolibr\u00ed Festivaali 2024<\/strong>, y la empresa portuguesa <a href=\"https:\/\/www.kolibrifestivaali.org\/es\/news-archive-es\/o-som-do-algodao-kolibri-festivaali-2024\/\">O Som do Algod\u00e3o<\/a>, especializada en la primera infancia, fue la <strong>Compa\u00f1\u00eda Invitada<\/strong>.\u00a0 <\/p>\n\n\n\n<p>Kolibr\u00ed present\u00f3 <strong>43 actividades<\/strong> diferentes a lo largo de los <strong>6 d\u00edas<\/strong> del festival. A pesar de tener 3 d\u00edas menos que la edici\u00f3n anterior, hemos <strong>renovado nuestro p\u00fablico y alcanzado m\u00e1s comunidades<\/strong>.\u00a0<\/p>\n\n\n\n<p>Nos provoca especial emoci\u00f3n haber celebrado nuestra <strong>primera gran inauguraci\u00f3n en el Centro Cultural STOA<\/strong>, gracias a la colaboraci\u00f3n con el equipo del proyecto KOTO, liderado por Ahmed Al-Nawas. Esta inauguraci\u00f3n, donde disfrutamos de la actuaci\u00f3n INDABA, nos permiti\u00f3 llevar Kolibr\u00ed a It\u00e4keskus (Helsinki).\u00a0<\/p>\n\n\n\n<p> En total, el n\u00famero de asistentes a las actividades fue de <strong>2644 personas<\/strong>:\u00a0<\/p>\n\n\n\n<ul class=\"wp-block-list\">\n<li>24.9. <strong>Inauguraci\u00f3n<\/strong> &#8211; Centro Cultural <strong>STOA<\/strong> (Helsinki): <strong>175 asistentes.<\/strong>\u00a0<\/li>\n<\/ul>\n\n\n\n<ul class=\"wp-block-list\">\n<li>14.9. D\u00eda de Familia \u2013 <strong>Biblioteca Sello <\/strong>(Espoo): <strong>950 asistentes.<\/strong> En comparaci\u00f3n con el a\u00f1o pasado, el primer D\u00eda deF amilia atrajo a 534 personas m\u00e1s.\u00a0<\/li>\n<\/ul>\n\n\n\n<ul class=\"wp-block-list\">\n<li>21.9. D\u00eda de Familia &#8211; <strong>Lastenkulttuurikeskus Pessi<\/strong> (Vantaa): <strong>525 asistentes.<\/strong>\u00a0<\/li>\n<\/ul>\n\n\n\n<ul class=\"wp-block-list\">\n<li>26.9. <strong>Encuentro de O Som do Algod\u00e3o con Assitej: 10 asistentes.<\/strong>\u00a0<\/li>\n<\/ul>\n\n\n\n<ul class=\"wp-block-list\">\n<li>28.9. D\u00eda de Familia &#8211; <strong>Vuotalo y Biblioteca de Vuosaari <\/strong>(Helsinki):<strong> 942 asistentes.<\/strong> El \u00faltimo D\u00eda de Familia vio hasta 618 personas m\u00e1s participando en todas las actividades, en comparaci\u00f3n con el a\u00f1o pasado.\u00a0<\/li>\n<\/ul>\n\n\n\n<ul class=\"wp-block-list\">\n<li>30.9. <strong>Taller de O Som do Algod\u00e3o en Lastenkulttuurikeskus Pessi<\/strong> (Vantaa): <strong>12 asistentes.<\/strong><\/li>\n\n\n\n<li>30.9. <strong>Uusi suomalisuus nyt! Debate <\/strong>Mailmaan Kuvalehti + actuaci\u00f3n <strong>INDABA<\/strong>: <strong>30 asistentes.<\/strong>\u00a0<\/li>\n<\/ul>\n\n\n\n<p>Tampoco podemos olvidar la tradicional <a href=\"https:\/\/www.kolibrifestivaali.org\/es\/news-archive-es\/kolibri-2024-feria-libro-infantil\/\">Feria del Libro Infantil en espa\u00f1ol y portugu\u00e9s<\/a>, celebrada en Lastenkulttuurikeskus Pessi y Vuotalo. Muchas familias vinieron a conseguir libros infantiles nuevos y de segunda mano.\u00a0 <\/p>\n\n\n\n<p>Esta 13\u00aa edici\u00f3n introdujo un nuevo espacio llamado el <strong>Rinc\u00f3n de la Comida<\/strong>, donde las familias pueden comer juntas y recargar energ\u00edas para disfrutar de todo el D\u00eda de Familia, trayendo su propia comida o fiambreras.\u00a0<\/p>\n\n\n\n<p>Esta ha sido una nueva incorporaci\u00f3n a los <a href=\"https:\/\/www.kolibrifestivaali.org\/es\/news-archive-es\/kolibri-festivaali-para-todos\/\">espacios de accesibilidad<\/a> de Kolibr\u00ed, como nuestro tradicional Rinc\u00f3n de Tranquilidad, y elementos como los mapas o la publicaci\u00f3n del programa en 5 idiomas.\u00a0<\/p>\n\n\n\n<p>\u00a1Gracias a todas las personas, asociaciones y patrocinadores que hicieron posible Kolibr\u00ed Festivaali 2024!&nbsp;<\/p>\n\n\n\n<p>Menci\u00f3n especial a nuestros incre\u00edbles voluntarios. <strong>Este a\u00f1o, el equipo de voluntarios cont\u00f3 con 51 personas<\/strong>, que ayudaron a traducir textos, comunicar el festival, tomar fotos, dise\u00f1ar, recopilar comentarios y ayudar a artistas y las familias que asistieron al festival. Kolibr\u00ed no ser\u00eda posible sin este incre\u00edble equipo.\u00a0<\/p>\n\n\n\n<h2 class=\"wp-block-heading\"><strong>El regreso de O Som do Algod\u00e3o<\/strong><\/h2>\n\n\n\n<figure class=\"wp-block-image size-large\"><img decoding=\"async\" width=\"1280\" height=\"853\" src=\"https:\/\/www.kolibrifestivaali.org\/wp-content\/uploads\/2024\/10\/kolibri-2024-maikki-kantola-o-som-do-algodao-15-1280x853.jpg\" alt=\"\" class=\"wp-image-326815\" srcset=\"https:\/\/www.kolibrifestivaali.org\/wp-content\/uploads\/2024\/10\/kolibri-2024-maikki-kantola-o-som-do-algodao-15-1280x853.jpg 1280w, https:\/\/www.kolibrifestivaali.org\/wp-content\/uploads\/2024\/10\/kolibri-2024-maikki-kantola-o-som-do-algodao-15-350x233.jpg 350w, https:\/\/www.kolibrifestivaali.org\/wp-content\/uploads\/2024\/10\/kolibri-2024-maikki-kantola-o-som-do-algodao-15-768x512.jpg 768w, https:\/\/www.kolibrifestivaali.org\/wp-content\/uploads\/2024\/10\/kolibri-2024-maikki-kantola-o-som-do-algodao-15-1536x1024.jpg 1536w, https:\/\/www.kolibrifestivaali.org\/wp-content\/uploads\/2024\/10\/kolibri-2024-maikki-kantola-o-som-do-algodao-15-500x333.jpg 500w, https:\/\/www.kolibrifestivaali.org\/wp-content\/uploads\/2024\/10\/kolibri-2024-maikki-kantola-o-som-do-algodao-15-830x553.jpg 830w, https:\/\/www.kolibrifestivaali.org\/wp-content\/uploads\/2024\/10\/kolibri-2024-maikki-kantola-o-som-do-algodao-15.jpg 1920w\" sizes=\"(max-width: 1280px) 100vw, 1280px\" \/><figcaption class=\"wp-element-caption\">Picture: Maikki Kantola<\/figcaption><\/figure>\n\n\n\n<p>La compa\u00f1\u00eda portuguesa <strong>O Som do Algod\u00e3o regres\u00f3 a Kolibr\u00ed por segunda vez<\/strong>, cinco a\u00f1os despu\u00e9s de su primera visita en 2019. Como Compa\u00f1\u00eda Invitada en 2024, Mariana Santos y Dulce Moreira nos hicieron re\u00edr, cantar y emocionarnos con su obra <em><strong>\u00bfQu\u00e9 historias cuenta la luna?<\/strong><\/em>, con 2 actuaciones en Vuotalo.\u00a0<\/p>\n\n\n\n<p>Aunque muchos de los casi <strong>100 espectadores<\/strong> no hablaban portugu\u00e9s, tanto adultos como infancias rieron, cantaron y se divirtieron en un espect\u00e1culo entretenido y emocionante, que busc\u00f3 la participaci\u00f3n del p\u00fablico desde el principio.\u00a0 <\/p>\n\n\n\n<blockquote class=\"wp-block-quote is-layout-flow wp-block-quote-is-layout-flow\">\n<p>\u201cA veces, como adultos, vamos a espect\u00e1culos y no entendemos nada. Est\u00e1 bien si las infancias no entienden, pero especialmente a edades tempranas, los beb\u00e9s son como esponjas. Absorben estos est\u00edmulos y tienen un gran impacto en ellos. Nuestros espect\u00e1culos son experiencias art\u00edsticas para la familia\u201d.\u00a0<\/p>\n<cite>Mariana Santos<\/cite><\/blockquote>\n\n\n\n<p>Una vez m\u00e1s, se demostr\u00f3 que Kolibr\u00ed, al igual que muchas de las actividades multiling\u00fces que celebramos en <a href=\"https:\/\/www.ninho.fi\/\">Kulttuurikeskus Ninho<\/a> a lo largo del a\u00f1o, puede ser disfrutado por todos, independientemente del idioma.\u00a0<\/p>\n\n\n\n<p>Durante el evento de <strong>networking organizado en colaboraci\u00f3n con Assitej<\/strong>, tuvimos la suerte de conocer el proceso creativo de la compa\u00f1\u00eda, as\u00ed como reflexionar sobre el teatro infantil y c\u00f3mo llegar a las infancias y sus familias.\u00a0<\/p>\n\n\n\n<div class=\"wp-block-columns is-layout-flex wp-container-core-columns-is-layout-9d6595d7 wp-block-columns-is-layout-flex\">\n<div class=\"wp-block-column is-layout-flow wp-block-column-is-layout-flow\">\n<p>Con <em>Poemario<\/em>, su taller para profesionales, las participantes jugaron con ritmos, canciones, palabras improvisadas, poemas y movimiento. Fue un taller muy interesante donde las dos artistas portuguesas mostraron c\u00f3mo juegan con las palabras, algo muy presente en sus obras, y c\u00f3mo crear ambientes esc\u00e9nicos y canciones o poemas para involucrar al p\u00fablico.\u00a0\u00a0<\/p>\n<\/div>\n\n\n\n<div class=\"wp-block-column is-layout-flow wp-block-column-is-layout-flow\">\n<figure class=\"wp-block-image size-large\"><img decoding=\"async\" width=\"1280\" height=\"853\" src=\"https:\/\/www.kolibrifestivaali.org\/wp-content\/uploads\/2024\/10\/img-1570-1280x853.jpg\" alt=\"\" class=\"wp-image-326820\" srcset=\"https:\/\/www.kolibrifestivaali.org\/wp-content\/uploads\/2024\/10\/img-1570-1280x853.jpg 1280w, https:\/\/www.kolibrifestivaali.org\/wp-content\/uploads\/2024\/10\/img-1570-350x233.jpg 350w, https:\/\/www.kolibrifestivaali.org\/wp-content\/uploads\/2024\/10\/img-1570-768x512.jpg 768w, https:\/\/www.kolibrifestivaali.org\/wp-content\/uploads\/2024\/10\/img-1570-1536x1024.jpg 1536w, https:\/\/www.kolibrifestivaali.org\/wp-content\/uploads\/2024\/10\/img-1570-500x333.jpg 500w, https:\/\/www.kolibrifestivaali.org\/wp-content\/uploads\/2024\/10\/img-1570-830x553.jpg 830w, https:\/\/www.kolibrifestivaali.org\/wp-content\/uploads\/2024\/10\/img-1570.jpg 1920w\" sizes=\"(max-width: 1280px) 100vw, 1280px\" \/><figcaption class=\"wp-element-caption\">Poemario. Training for professionals. <\/figcaption><\/figure>\n<\/div>\n<\/div>\n\n\n\n<h2 class=\"wp-block-heading\"><strong>\u00bfQu\u00e9 piensa el p\u00fablico de Kolibr\u00ed 2024?<\/strong>\u00a0\u00a0<\/h2>\n\n\n\n<p>Este a\u00f1o disfrutamos de talleres de arte, danza, m\u00fasica y movimiento, muskari, la performance INDABA, y el concierto de Jaranas del Norte, la experiencia l\u00fadica de Touch Wood ry, y, por supuesto, nuestras tradicionales sesiones multiling\u00fces de cuentacuentos.&nbsp;&nbsp;<\/p>\n\n\n\n<p>Aqu\u00ed hay algunas reacciones del p\u00fablico en Kolibr\u00ed Festivaali 2024, respondiendo a la pregunta \u201c<strong>\u00bfQu\u00e9 fue lo que m\u00e1s te gust\u00f3?<\/strong>\u201d:\u00a0<\/p>\n\n\n\n<ul class=\"wp-block-list\">\n<li>Lo l\u00fadico del festival.\u00a0<\/li>\n\n\n\n<li>La m\u00fasica y la interacci\u00f3n de la gente.\u00a0<\/li>\n\n\n\n<li>El evento fue muy entretenido e interesante.\u00a0<\/li>\n\n\n\n<li>La atm\u00f3sfera general, la tolerancia hacia las diferencias.\u00a0<\/li>\n\n\n\n<li>La atm\u00f3sfera y la alegr\u00eda de felicidad con la obra: unirse con la familia. \u00a1Muchas gracias!\u00a0<\/li>\n\n\n\n<li>Calidad de la m\u00fasica.\u00a0<\/li>\n\n\n\n<li>Amabilidad de la gente.\u00a0<\/li>\n\n\n\n<li>\u00a1Las buenas vibras!\u00a0<\/li>\n\n\n\n<li>La variedad de actividades y el ambiente positivo y amigable.\u00a0<\/li>\n\n\n\n<li>Compartir el momento con mis hijos.\u00a0<\/li>\n\n\n\n<li>Me encanta la idea de un mundo sin fronteras y la igualdad para todos.\u00a0<\/li>\n\n\n\n<li>El multiculturalismo del evento.\u00a0<\/li>\n\n\n\n<li>Conocer gente.\u00a0<\/li>\n\n\n\n<li>La posibilidad de explorar muchas \u00e1reas como el arte y la m\u00fasica y expresarnos en un ambiente amigable y acogedor.\u00a0<\/li>\n\n\n\n<li>Muchos programas, ambiente amigable.\u00a0<\/li>\n\n\n\n<li>La oportunidad de participar en un evento multicultural organizado por una comunidad multicultural.\u00a0<\/li>\n\n\n\n<li>Muchas actividades geniales, teatro portugu\u00e9s maravilloso (aunque no entendimos el portugu\u00e9s) y un concierto final incre\u00edble, lo disfrutamos absolutamente.\u00a0<\/li>\n\n\n\n<li>La atm\u00f3sfera fue genial. Soy hispanohablante y me encant\u00f3 conocer a muchos hispanohablantes all\u00ed.\u00a0<\/li>\n\n\n\n<li>Nos encant\u00f3 todo. Hemos estado participando desde el principio y cada vez consigue ser mejor y mejor. \u00a1Gracias por su gran trabajo!\u00a0<\/li>\n<\/ul>\n\n\n\n<blockquote class=\"wp-block-quote is-layout-flow wp-block-quote-is-layout-flow\">\n<p>Nos encant\u00f3 todo. Hemos estado participando desde el principio y cada vez consigue ser mejor y mejor. \u00a1Gracias por su gran trabajo!\u00a0<\/p>\n<\/blockquote>\n\n\n\n<p>Si a\u00fan no has dado tu opini\u00f3n, \u00a1ahora es el momento!\u00a0Rellena el <a href=\"https:\/\/forms.office.com\/Pages\/ResponsePage.aspx?id=hALT0TzrCUm4mkUnJpZIP4jl_yve1XVGjdTTnauX0RtUNDFRODVYTEpYVFlFNldXQ0ZZMzJOVTNCRyQlQCN0PWcu\">formulario<\/a> y ayuda a mejorar Kolibr\u00ed.   <\/p>\n\n\n\n<div style=\"height:22px\" aria-hidden=\"true\" class=\"wp-block-spacer\"><\/div>\n\n\n\n<h2 class=\"wp-block-heading\">\u00a1Prop\u00f3n el tema central de Kolibr\u00ed 2025!<\/h2>\n\n\n\n<p>\u00a1Kolibr\u00ed cumple 10 a\u00f1os en 2025! Como queremos que toda la comunidad sea parte de ello, \u00a1env\u00eda tus ideas! \u00bfCu\u00e1l crees que deber\u00eda ser el tema central? \u00a1Rellena el formulario antes del 26 de octubre!\u00a0<\/p>\n\n\n\n<iframe width=\"640px\" height=\"480px\" src=\"https:\/\/forms.office.com\/e\/skY6MgMvjX?embed=true\" frameborder=\"0\" marginwidth=\"0\" marginheight=\"0\" style=\"border: none; max-width:100%; max-height:100vh\" allowfullscreen webkitallowfullscreen mozallowfullscreen msallowfullscreen> <\/iframe>\n\n\n\n<h2 class=\"wp-block-heading\"><strong>\u00bfQu\u00e9 piensan los artistas de Kolibr\u00ed 2024?<\/strong>\u00a0\u00a0<\/h2>\n\n\n\n<p>Los participantes destacaron la atm\u00f3sfera c\u00e1lida, inclusiva y multicultural de Kolibr\u00ed Festivaali. Apreciaron la libertad art\u00edstica y el apoyo proporcionado por el equipo bien organizado y acogedor, en particular el entusiasmo de Laura Gazzotti y el resto del personal. Mencionaron las instrucciones claras para el evento y la ayuda proporcionada por los voluntarios.\u00a0<\/p>\n\n\n\n<blockquote class=\"wp-block-quote is-layout-flow wp-block-quote-is-layout-flow\">\n<p>\u201cEs una comunidad c\u00e1lida, acogedora, creativa, diversa y divertida, y el trabajo que hacen para que esto suceda es incre\u00edble. \u00a1Gracias y felicidades por otro maravilloso Kolibr\u00ed!\u201d<\/p>\n<cite>Laura Hytti (Coordinadora \u2013 Belingual &#8211; Familia Ry)<\/cite><\/blockquote>\n\n\n\n<h2 class=\"wp-block-heading\">\u00a1Mirando ya con emoci\u00f3n el 10 aniversario!\u00a0<\/h2>\n\n\n\n<p><strong>\u00a1El pr\u00f3ximo a\u00f1o Kolibr\u00ed cumplir\u00e1 10 a\u00f1os!<\/strong> Nuestro querido festival se ha convertido en un evento imprescindible en la agenda cultural de Espoo, Vantaa y Helsinki, pero queremos que m\u00e1s ciudades disfruten de una cultura infantil diversa y multicultural, gratuita y de alta calidad.\u00a0<\/p>\n\n\n\n<p>Mucha atenci\u00f3n a las noticias, y si eres artista, recuerda que en enero-febrero de 2025 abriremos nuestra <a href=\"https:\/\/www.kolibrifestivaali.org\/es\/news-archive-es\/convocatoria-seleccion-kolibri-festivaali-2024\/\">convocatoria<\/a> para crear el programa de lo que sin duda ser\u00e1 un festival \u00fanico.\u00a0 <\/p>\n","protected":false},"excerpt":{"rendered":"<p>Kolibr\u00ed Festivaali 2024 ha concluido, y como siempre, es hora de revisar los resultados, escuchar los comentarios de nuestro p\u00fablico, [\u2026] <a href=\"https:\/\/www.kolibrifestivaali.org\/es\/kolibri-2024-results\/\">Lue lis\u00e4\u00e4 &raquo;<\/a><\/p>\n<div class='heateor_sss_sharing_container heateor_sss_vertical_sharing heateor_sss_bottom_sharing' style='width:34px;right: -10px;top: 100px;-webkit-box-shadow:none;box-shadow:none;' data-heateor-sss-href='https:\/\/www.kolibrifestivaali.org\/es\/wp-json\/wp\/v2\/posts\/326841'><div class=\"heateor_sss_sharing_ul\"><a aria-label=\"Facebook\" class=\"heateor_sss_facebook\" href=\"https:\/\/www.facebook.com\/sharer\/sharer.php?u=https%3A%2F%2Fwww.kolibrifestivaali.org%2Fes%2Fwp-json%2Fwp%2Fv2%2Fposts%2F326841\" title=\"Facebook\" rel=\"nofollow noopener\" target=\"_blank\" style=\"font-size:32px!important;box-shadow:none;display:inline-block;vertical-align:middle\"><span class=\"heateor_sss_svg\" style=\"background-color:#0765FE;width:30px;height:30px;border-radius:999px;display:inline-block;opacity:1;float:left;font-size:32px;box-shadow:none;display:inline-block;font-size:16px;padding:0 4px;vertical-align:middle;background-repeat:repeat;overflow:hidden;padding:0;cursor:pointer;box-sizing:content-box\"><svg style=\"display:block;border-radius:999px;\" focusable=\"false\" aria-hidden=\"true\" xmlns=\"http:\/\/www.w3.org\/2000\/svg\" width=\"100%\" height=\"100%\" viewBox=\"0 0 32 32\"><path fill=\"#fff\" d=\"M28 16c0-6.627-5.373-12-12-12S4 9.373 4 16c0 5.628 3.875 10.35 9.101 11.647v-7.98h-2.474V16H13.1v-1.58c0-4.085 1.849-5.978 5.859-5.978.76 0 2.072.15 2.608.298v3.325c-.283-.03-.775-.045-1.386-.045-1.967 0-2.728.745-2.728 2.683V16h3.92l-.673 3.667h-3.247v8.245C23.395 27.195 28 22.135 28 16Z\"><\/path><\/svg><\/span><\/a><a aria-label=\"X\" class=\"heateor_sss_button_x\" href=\"https:\/\/twitter.com\/intent\/tweet?text=Kolibri%20Festivaali%20-%20Kolibri%CC%81%20is%20a%20unique%20multicultural%2C%20free%20and%20open%20art%20festival%20for%20children%20and%20their%20families.&url=https%3A%2F%2Fwww.kolibrifestivaali.org%2Fes%2Fwp-json%2Fwp%2Fv2%2Fposts%2F326841\" title=\"X\" rel=\"nofollow noopener\" target=\"_blank\" style=\"font-size:32px!important;box-shadow:none;display:inline-block;vertical-align:middle\"><span class=\"heateor_sss_svg heateor_sss_s__default heateor_sss_s_x\" style=\"background-color:#2a2a2a;width:30px;height:30px;border-radius:999px;display:inline-block;opacity:1;float:left;font-size:32px;box-shadow:none;display:inline-block;font-size:16px;padding:0 4px;vertical-align:middle;background-repeat:repeat;overflow:hidden;padding:0;cursor:pointer;box-sizing:content-box\"><svg width=\"100%\" height=\"100%\" style=\"display:block;border-radius:999px;\" focusable=\"false\" aria-hidden=\"true\" xmlns=\"http:\/\/www.w3.org\/2000\/svg\" viewBox=\"0 0 32 32\"><path fill=\"#fff\" d=\"M21.751 7h3.067l-6.7 7.658L26 25.078h-6.172l-4.833-6.32-5.531 6.32h-3.07l7.167-8.19L6 7h6.328l4.37 5.777L21.75 7Zm-1.076 16.242h1.7L11.404 8.74H9.58l11.094 14.503Z\"><\/path><\/svg><\/span><\/a><a aria-label=\"Linkedin\" class=\"heateor_sss_button_linkedin\" href=\"https:\/\/www.linkedin.com\/sharing\/share-offsite\/?url=https%3A%2F%2Fwww.kolibrifestivaali.org%2Fes%2Fwp-json%2Fwp%2Fv2%2Fposts%2F326841\" title=\"Linkedin\" rel=\"nofollow noopener\" target=\"_blank\" style=\"font-size:32px!important;box-shadow:none;display:inline-block;vertical-align:middle\"><span class=\"heateor_sss_svg heateor_sss_s__default heateor_sss_s_linkedin\" style=\"background-color:#0077b5;width:30px;height:30px;border-radius:999px;display:inline-block;opacity:1;float:left;font-size:32px;box-shadow:none;display:inline-block;font-size:16px;padding:0 4px;vertical-align:middle;background-repeat:repeat;overflow:hidden;padding:0;cursor:pointer;box-sizing:content-box\"><svg style=\"display:block;border-radius:999px;\" focusable=\"false\" aria-hidden=\"true\" xmlns=\"http:\/\/www.w3.org\/2000\/svg\" width=\"100%\" height=\"100%\" viewBox=\"0 0 32 32\"><path d=\"M6.227 12.61h4.19v13.48h-4.19V12.61zm2.095-6.7a2.43 2.43 0 0 1 0 4.86c-1.344 0-2.428-1.09-2.428-2.43s1.084-2.43 2.428-2.43m4.72 6.7h4.02v1.84h.058c.56-1.058 1.927-2.176 3.965-2.176 4.238 0 5.02 2.792 5.02 6.42v7.395h-4.183v-6.56c0-1.564-.03-3.574-2.178-3.574-2.18 0-2.514 1.7-2.514 3.46v6.668h-4.187V12.61z\" fill=\"#fff\"><\/path><\/svg><\/span><\/a><a aria-label=\"Instagram\" class=\"heateor_sss_button_instagram\" href=\"https:\/\/www.instagram.com\/\" title=\"Instagram\" rel=\"nofollow noopener\" target=\"_blank\" style=\"font-size:32px!important;box-shadow:none;display:inline-block;vertical-align:middle\"><span class=\"heateor_sss_svg\" style=\"background-color:#53beee;width:30px;height:30px;border-radius:999px;display:inline-block;opacity:1;float:left;font-size:32px;box-shadow:none;display:inline-block;font-size:16px;padding:0 4px;vertical-align:middle;background-repeat:repeat;overflow:hidden;padding:0;cursor:pointer;box-sizing:content-box\"><svg style=\"display:block;border-radius:999px;\" version=\"1.1\" viewBox=\"-10 -10 148 148\" width=\"100%\" height=\"100%\" xml:space=\"preserve\" xmlns=\"http:\/\/www.w3.org\/2000\/svg\" xmlns:xlink=\"http:\/\/www.w3.org\/1999\/xlink\"><g><g><path d=\"M86,112H42c-14.336,0-26-11.663-26-26V42c0-14.337,11.664-26,26-26h44c14.337,0,26,11.663,26,26v44 C112,100.337,100.337,112,86,112z M42,24c-9.925,0-18,8.074-18,18v44c0,9.925,8.075,18,18,18h44c9.926,0,18-8.075,18-18V42 c0-9.926-8.074-18-18-18H42z\" fill=\"#fff\"><\/path><\/g><g><path d=\"M64,88c-13.234,0-24-10.767-24-24c0-13.234,10.766-24,24-24s24,10.766,24,24C88,77.233,77.234,88,64,88z M64,48c-8.822,0-16,7.178-16,16s7.178,16,16,16c8.822,0,16-7.178,16-16S72.822,48,64,48z\" fill=\"#fff\"><\/path><\/g><g><circle cx=\"89.5\" cy=\"38.5\" fill=\"#fff\" r=\"5.5\"><\/circle><\/g><\/g><\/svg><\/span><\/a><\/div><div class=\"heateorSssClear\"><\/div><\/div>","protected":false},"author":13,"featured_media":326809,"comment_status":"closed","ping_status":"closed","sticky":false,"template":"","format":"standard","meta":{"_acf_changed":false,"footnotes":""},"categories":[22],"tags":[871],"class_list":["post-326841","post","type-post","status-publish","format-standard","has-post-thumbnail","hentry","category-news-archive-es","tag-kolibri-2024-es"],"acf":[],"yoast_head":"<!-- This site is optimized with the Yoast SEO plugin v27.5 - https:\/\/yoast.com\/product\/yoast-seo-wordpress\/ -->\n<title>Resultados Kolibr\u00ed 2024: Caleidoscopio trae nuevas audiencias y comunidades<\/title>\n<meta name=\"description\" content=\"La 13a edici\u00f3n de Kolibr\u00ed Festivaali, Caleidoscopio, trae audiencias renovadas y m\u00e1s comunidades \u00a1entre los m\u00e1s de 2600 asistentes!\" \/>\n<meta name=\"robots\" content=\"noindex, follow\" \/>\n<meta property=\"og:locale\" content=\"es_ES\" \/>\n<meta property=\"og:type\" content=\"article\" \/>\n<meta property=\"og:title\" content=\"Resultados Kolibr\u00ed 2024: Caleidoscopio trae nuevas audiencias y comunidades\" \/>\n<meta property=\"og:description\" content=\"La 13a edici\u00f3n de Kolibr\u00ed Festivaali, Caleidoscopio, trae audiencias renovadas y m\u00e1s comunidades \u00a1entre los m\u00e1s de 2600 asistentes!\" \/>\n<meta property=\"og:url\" content=\"https:\/\/www.kolibrifestivaali.org\/es\/kolibri-2024-results\/\" \/>\n<meta property=\"og:site_name\" content=\"Kolibri Festivaali\" \/>\n<meta property=\"article:published_time\" content=\"2024-10-11T08:31:04+00:00\" \/>\n<meta property=\"article:modified_time\" content=\"2024-10-22T06:16:07+00:00\" \/>\n<meta property=\"og:image\" content=\"https:\/\/www.kolibrifestivaali.org\/wp-content\/uploads\/2024\/10\/foto-agradecimientos-kolibri-2024.jpg\" \/>\n\t<meta property=\"og:image:width\" content=\"1920\" \/>\n\t<meta property=\"og:image:height\" content=\"1280\" \/>\n\t<meta property=\"og:image:type\" content=\"image\/jpeg\" \/>\n<meta name=\"author\" content=\"Marta Berm\u00fadez\" \/>\n<meta name=\"twitter:card\" content=\"summary_large_image\" \/>\n<meta name=\"twitter:label1\" content=\"Escrito por\" \/>\n\t<meta name=\"twitter:data1\" content=\"Marta Berm\u00fadez\" \/>\n\t<meta name=\"twitter:label2\" content=\"Tiempo de lectura\" \/>\n\t<meta name=\"twitter:data2\" content=\"6 minutos\" \/>\n<script type=\"application\/ld+json\" class=\"yoast-schema-graph\">{\"@context\":\"https:\\\/\\\/schema.org\",\"@graph\":[{\"@type\":\"Article\",\"@id\":\"https:\\\/\\\/www.kolibrifestivaali.org\\\/es\\\/kolibri-2024-results\\\/#article\",\"isPartOf\":{\"@id\":\"https:\\\/\\\/www.kolibrifestivaali.org\\\/es\\\/kolibri-2024-results\\\/\"},\"author\":{\"name\":\"Marta Berm\u00fadez\",\"@id\":\"https:\\\/\\\/www.kolibrifestivaali.org\\\/es\\\/#\\\/schema\\\/person\\\/a4d882046c0f7b03960be07d8b5713ba\"},\"headline\":\"Resultados de Kolibr\u00ed 2024: Caleidoscopio trae nuevas audiencias y m\u00e1s comunidades\",\"datePublished\":\"2024-10-11T08:31:04+00:00\",\"dateModified\":\"2024-10-22T06:16:07+00:00\",\"mainEntityOfPage\":{\"@id\":\"https:\\\/\\\/www.kolibrifestivaali.org\\\/es\\\/kolibri-2024-results\\\/\"},\"wordCount\":1335,\"image\":{\"@id\":\"https:\\\/\\\/www.kolibrifestivaali.org\\\/es\\\/kolibri-2024-results\\\/#primaryimage\"},\"thumbnailUrl\":\"https:\\\/\\\/www.kolibrifestivaali.org\\\/wp-content\\\/uploads\\\/2024\\\/10\\\/foto-agradecimientos-kolibri-2024.jpg\",\"keywords\":[\"kolibri 2024\"],\"articleSection\":[\"News\"],\"inLanguage\":\"es\"},{\"@type\":\"WebPage\",\"@id\":\"https:\\\/\\\/www.kolibrifestivaali.org\\\/es\\\/kolibri-2024-results\\\/\",\"url\":\"https:\\\/\\\/www.kolibrifestivaali.org\\\/es\\\/kolibri-2024-results\\\/\",\"name\":\"Resultados Kolibr\u00ed 2024: Caleidoscopio trae nuevas audiencias y comunidades\",\"isPartOf\":{\"@id\":\"https:\\\/\\\/www.kolibrifestivaali.org\\\/es\\\/#website\"},\"primaryImageOfPage\":{\"@id\":\"https:\\\/\\\/www.kolibrifestivaali.org\\\/es\\\/kolibri-2024-results\\\/#primaryimage\"},\"image\":{\"@id\":\"https:\\\/\\\/www.kolibrifestivaali.org\\\/es\\\/kolibri-2024-results\\\/#primaryimage\"},\"thumbnailUrl\":\"https:\\\/\\\/www.kolibrifestivaali.org\\\/wp-content\\\/uploads\\\/2024\\\/10\\\/foto-agradecimientos-kolibri-2024.jpg\",\"datePublished\":\"2024-10-11T08:31:04+00:00\",\"dateModified\":\"2024-10-22T06:16:07+00:00\",\"author\":{\"@id\":\"https:\\\/\\\/www.kolibrifestivaali.org\\\/es\\\/#\\\/schema\\\/person\\\/a4d882046c0f7b03960be07d8b5713ba\"},\"description\":\"La 13a edici\u00f3n de Kolibr\u00ed Festivaali, Caleidoscopio, trae audiencias renovadas y m\u00e1s comunidades \u00a1entre los m\u00e1s de 2600 asistentes!\",\"breadcrumb\":{\"@id\":\"https:\\\/\\\/www.kolibrifestivaali.org\\\/es\\\/kolibri-2024-results\\\/#breadcrumb\"},\"inLanguage\":\"es\",\"potentialAction\":[{\"@type\":\"ReadAction\",\"target\":[\"https:\\\/\\\/www.kolibrifestivaali.org\\\/es\\\/kolibri-2024-results\\\/\"]}]},{\"@type\":\"ImageObject\",\"inLanguage\":\"es\",\"@id\":\"https:\\\/\\\/www.kolibrifestivaali.org\\\/es\\\/kolibri-2024-results\\\/#primaryimage\",\"url\":\"https:\\\/\\\/www.kolibrifestivaali.org\\\/wp-content\\\/uploads\\\/2024\\\/10\\\/foto-agradecimientos-kolibri-2024.jpg\",\"contentUrl\":\"https:\\\/\\\/www.kolibrifestivaali.org\\\/wp-content\\\/uploads\\\/2024\\\/10\\\/foto-agradecimientos-kolibri-2024.jpg\",\"width\":1920,\"height\":1280},{\"@type\":\"BreadcrumbList\",\"@id\":\"https:\\\/\\\/www.kolibrifestivaali.org\\\/es\\\/kolibri-2024-results\\\/#breadcrumb\",\"itemListElement\":[{\"@type\":\"ListItem\",\"position\":1,\"name\":\"Home\",\"item\":\"https:\\\/\\\/www.kolibrifestivaali.org\\\/es\\\/\"},{\"@type\":\"ListItem\",\"position\":2,\"name\":\"Resultados de Kolibr\u00ed 2024: Caleidoscopio trae nuevas audiencias y m\u00e1s comunidades\"}]},{\"@type\":\"WebSite\",\"@id\":\"https:\\\/\\\/www.kolibrifestivaali.org\\\/es\\\/#website\",\"url\":\"https:\\\/\\\/www.kolibrifestivaali.org\\\/es\\\/\",\"name\":\"Kolibri Festivaali\",\"description\":\"Kolibri\u0301 is a unique multicultural, free and open art festival for children and their families.\",\"inLanguage\":\"es\"},{\"@type\":\"Person\",\"@id\":\"https:\\\/\\\/www.kolibrifestivaali.org\\\/es\\\/#\\\/schema\\\/person\\\/a4d882046c0f7b03960be07d8b5713ba\",\"name\":\"Marta Berm\u00fadez\",\"image\":{\"@type\":\"ImageObject\",\"inLanguage\":\"es\",\"@id\":\"https:\\\/\\\/secure.gravatar.com\\\/avatar\\\/35700c2014d565cf72e89c0e712b6bc70303de9d0796b72a069bbd235e79a7b5?s=96&d=mm&r=g\",\"url\":\"https:\\\/\\\/secure.gravatar.com\\\/avatar\\\/35700c2014d565cf72e89c0e712b6bc70303de9d0796b72a069bbd235e79a7b5?s=96&d=mm&r=g\",\"contentUrl\":\"https:\\\/\\\/secure.gravatar.com\\\/avatar\\\/35700c2014d565cf72e89c0e712b6bc70303de9d0796b72a069bbd235e79a7b5?s=96&d=mm&r=g\",\"caption\":\"Marta Berm\u00fadez\"}}]}<\/script>\n<!-- \/ Yoast SEO plugin. -->","yoast_head_json":{"title":"Resultados Kolibr\u00ed 2024: Caleidoscopio trae nuevas audiencias y comunidades","description":"La 13a edici\u00f3n de Kolibr\u00ed Festivaali, Caleidoscopio, trae audiencias renovadas y m\u00e1s comunidades \u00a1entre los m\u00e1s de 2600 asistentes!","robots":{"index":"noindex","follow":"follow"},"og_locale":"es_ES","og_type":"article","og_title":"Resultados Kolibr\u00ed 2024: Caleidoscopio trae nuevas audiencias y comunidades","og_description":"La 13a edici\u00f3n de Kolibr\u00ed Festivaali, Caleidoscopio, trae audiencias renovadas y m\u00e1s comunidades \u00a1entre los m\u00e1s de 2600 asistentes!","og_url":"https:\/\/www.kolibrifestivaali.org\/es\/kolibri-2024-results\/","og_site_name":"Kolibri Festivaali","article_published_time":"2024-10-11T08:31:04+00:00","article_modified_time":"2024-10-22T06:16:07+00:00","og_image":[{"width":1920,"height":1280,"url":"https:\/\/www.kolibrifestivaali.org\/wp-content\/uploads\/2024\/10\/foto-agradecimientos-kolibri-2024.jpg","type":"image\/jpeg"}],"author":"Marta Berm\u00fadez","twitter_card":"summary_large_image","twitter_misc":{"Escrito por":"Marta Berm\u00fadez","Tiempo de lectura":"6 minutos"},"schema":{"@context":"https:\/\/schema.org","@graph":[{"@type":"Article","@id":"https:\/\/www.kolibrifestivaali.org\/es\/kolibri-2024-results\/#article","isPartOf":{"@id":"https:\/\/www.kolibrifestivaali.org\/es\/kolibri-2024-results\/"},"author":{"name":"Marta Berm\u00fadez","@id":"https:\/\/www.kolibrifestivaali.org\/es\/#\/schema\/person\/a4d882046c0f7b03960be07d8b5713ba"},"headline":"Resultados de Kolibr\u00ed 2024: Caleidoscopio trae nuevas audiencias y m\u00e1s comunidades","datePublished":"2024-10-11T08:31:04+00:00","dateModified":"2024-10-22T06:16:07+00:00","mainEntityOfPage":{"@id":"https:\/\/www.kolibrifestivaali.org\/es\/kolibri-2024-results\/"},"wordCount":1335,"image":{"@id":"https:\/\/www.kolibrifestivaali.org\/es\/kolibri-2024-results\/#primaryimage"},"thumbnailUrl":"https:\/\/www.kolibrifestivaali.org\/wp-content\/uploads\/2024\/10\/foto-agradecimientos-kolibri-2024.jpg","keywords":["kolibri 2024"],"articleSection":["News"],"inLanguage":"es"},{"@type":"WebPage","@id":"https:\/\/www.kolibrifestivaali.org\/es\/kolibri-2024-results\/","url":"https:\/\/www.kolibrifestivaali.org\/es\/kolibri-2024-results\/","name":"Resultados Kolibr\u00ed 2024: Caleidoscopio trae nuevas audiencias y comunidades","isPartOf":{"@id":"https:\/\/www.kolibrifestivaali.org\/es\/#website"},"primaryImageOfPage":{"@id":"https:\/\/www.kolibrifestivaali.org\/es\/kolibri-2024-results\/#primaryimage"},"image":{"@id":"https:\/\/www.kolibrifestivaali.org\/es\/kolibri-2024-results\/#primaryimage"},"thumbnailUrl":"https:\/\/www.kolibrifestivaali.org\/wp-content\/uploads\/2024\/10\/foto-agradecimientos-kolibri-2024.jpg","datePublished":"2024-10-11T08:31:04+00:00","dateModified":"2024-10-22T06:16:07+00:00","author":{"@id":"https:\/\/www.kolibrifestivaali.org\/es\/#\/schema\/person\/a4d882046c0f7b03960be07d8b5713ba"},"description":"La 13a edici\u00f3n de Kolibr\u00ed Festivaali, Caleidoscopio, trae audiencias renovadas y m\u00e1s comunidades \u00a1entre los m\u00e1s de 2600 asistentes!","breadcrumb":{"@id":"https:\/\/www.kolibrifestivaali.org\/es\/kolibri-2024-results\/#breadcrumb"},"inLanguage":"es","potentialAction":[{"@type":"ReadAction","target":["https:\/\/www.kolibrifestivaali.org\/es\/kolibri-2024-results\/"]}]},{"@type":"ImageObject","inLanguage":"es","@id":"https:\/\/www.kolibrifestivaali.org\/es\/kolibri-2024-results\/#primaryimage","url":"https:\/\/www.kolibrifestivaali.org\/wp-content\/uploads\/2024\/10\/foto-agradecimientos-kolibri-2024.jpg","contentUrl":"https:\/\/www.kolibrifestivaali.org\/wp-content\/uploads\/2024\/10\/foto-agradecimientos-kolibri-2024.jpg","width":1920,"height":1280},{"@type":"BreadcrumbList","@id":"https:\/\/www.kolibrifestivaali.org\/es\/kolibri-2024-results\/#breadcrumb","itemListElement":[{"@type":"ListItem","position":1,"name":"Home","item":"https:\/\/www.kolibrifestivaali.org\/es\/"},{"@type":"ListItem","position":2,"name":"Resultados de Kolibr\u00ed 2024: Caleidoscopio trae nuevas audiencias y m\u00e1s comunidades"}]},{"@type":"WebSite","@id":"https:\/\/www.kolibrifestivaali.org\/es\/#website","url":"https:\/\/www.kolibrifestivaali.org\/es\/","name":"Kolibri Festivaali","description":"Kolibri\u0301 is a unique multicultural, free and open art festival for children and their families.","inLanguage":"es"},{"@type":"Person","@id":"https:\/\/www.kolibrifestivaali.org\/es\/#\/schema\/person\/a4d882046c0f7b03960be07d8b5713ba","name":"Marta Berm\u00fadez","image":{"@type":"ImageObject","inLanguage":"es","@id":"https:\/\/secure.gravatar.com\/avatar\/35700c2014d565cf72e89c0e712b6bc70303de9d0796b72a069bbd235e79a7b5?s=96&d=mm&r=g","url":"https:\/\/secure.gravatar.com\/avatar\/35700c2014d565cf72e89c0e712b6bc70303de9d0796b72a069bbd235e79a7b5?s=96&d=mm&r=g","contentUrl":"https:\/\/secure.gravatar.com\/avatar\/35700c2014d565cf72e89c0e712b6bc70303de9d0796b72a069bbd235e79a7b5?s=96&d=mm&r=g","caption":"Marta Berm\u00fadez"}}]}},"_links":{"self":[{"href":"https:\/\/www.kolibrifestivaali.org\/es\/wp-json\/wp\/v2\/posts\/326841","targetHints":{"allow":["GET"]}}],"collection":[{"href":"https:\/\/www.kolibrifestivaali.org\/es\/wp-json\/wp\/v2\/posts"}],"about":[{"href":"https:\/\/www.kolibrifestivaali.org\/es\/wp-json\/wp\/v2\/types\/post"}],"author":[{"embeddable":true,"href":"https:\/\/www.kolibrifestivaali.org\/es\/wp-json\/wp\/v2\/users\/13"}],"replies":[{"embeddable":true,"href":"https:\/\/www.kolibrifestivaali.org\/es\/wp-json\/wp\/v2\/comments?post=326841"}],"version-history":[{"count":2,"href":"https:\/\/www.kolibrifestivaali.org\/es\/wp-json\/wp\/v2\/posts\/326841\/revisions"}],"predecessor-version":[{"id":326844,"href":"https:\/\/www.kolibrifestivaali.org\/es\/wp-json\/wp\/v2\/posts\/326841\/revisions\/326844"}],"wp:featuredmedia":[{"embeddable":true,"href":"https:\/\/www.kolibrifestivaali.org\/es\/wp-json\/wp\/v2\/media\/326809"}],"wp:attachment":[{"href":"https:\/\/www.kolibrifestivaali.org\/es\/wp-json\/wp\/v2\/media?parent=326841"}],"wp:term":[{"taxonomy":"category","embeddable":true,"href":"https:\/\/www.kolibrifestivaali.org\/es\/wp-json\/wp\/v2\/categories?post=326841"},{"taxonomy":"post_tag","embeddable":true,"href":"https:\/\/www.kolibrifestivaali.org\/es\/wp-json\/wp\/v2\/tags?post=326841"}],"curies":[{"name":"wp","href":"https:\/\/api.w.org\/{rel}","templated":true}]}}