{"id":325988,"date":"2024-08-01T14:44:40","date_gmt":"2024-08-01T11:44:40","guid":{"rendered":"https:\/\/www.kolibrifestivaali.org\/?p=325988"},"modified":"2024-08-29T16:31:34","modified_gmt":"2024-08-29T13:31:34","slug":"kolibri-2024-feria-libro-infantil","status":"publish","type":"post","link":"https:\/\/www.kolibrifestivaali.org\/es\/kolibri-2024-feria-libro-infantil\/","title":{"rendered":"Kolibr\u00ed Festivaali 2024 acoger\u00e1 su tradicional Feria del Libro Infantil\u00a0"},"content":{"rendered":"\n<p>La Feria del Libro Infantil de Kolibr\u00ed Festivaali es uno de nuestros eventos m\u00e1s tradicionales y ofrece una oportunidad \u00fanica para llevar a casa libros infantiles en espa\u00f1ol y portugu\u00e9s.&nbsp;Cada a\u00f1o, nos sumergimos en la literatura infantil con una amplia selecci\u00f3n de t\u00edtulos de editoriales de Ibero-Am\u00e9rica. <\/p>\n\n\n\n<p>As\u00ed que no se pierdan la oportunidad de llevar a casa libros infantiles de segunda mano y nuevos para disfrutar con sus peques \ud83d\ude09.&nbsp;<\/p>\n\n\n\n<h3 class=\"wp-block-heading\">\ud83d\udcda Anoten las fechas de la Feria del Libro Infantil Kolibr\u00ed 2024:&nbsp;&nbsp;&nbsp;&nbsp;<\/h3>\n\n\n\n<ul class=\"wp-block-list\">\n<li>21.9.2024 \u2013 Lastenkulttuurikeskus Pessi (Vantaa) \u2013 De 11 am a 5 pm.&nbsp;&nbsp;&nbsp;&nbsp;<\/li>\n\n\n\n<li>28.9.2024 \u2013 Vuotalo (Helsinki) \u2013 De 11 am a 5 pm.&nbsp;&nbsp;&nbsp;&nbsp;<\/li>\n<\/ul>\n\n\n\n<h2 class=\"wp-block-heading\">\u00a1Aceptamos libros de segunda mano! <\/h2>\n\n\n\n<p>Si tienen libros en buen estado en portugu\u00e9s o espa\u00f1ol, que sus peques ya no leen, \u00a1podemos encontrarles un nuevo hogar!&nbsp;&nbsp;<\/p>\n\n\n\n<p>Estas ventas nos ayudan a mantener vivo Kolibr\u00ed, por lo que su contribuci\u00f3n puede ser un libro.<\/p>\n\n\n\n<p>\ud83d\udc99 No se nos ocurre una mejor manera de colaborar.&nbsp;&nbsp;&nbsp;<\/p>\n\n\n\n<h3 class=\"wp-block-heading\">\ud83d\udc47\ud83c\udffe Puntos de recogida de libros 2024!&nbsp;&nbsp;&nbsp;&nbsp;<\/h3>\n\n\n\n<ul class=\"wp-block-list\">\n<li>14.9. | Biblioteca de Sello (Espoo) | De 11 am a 5 pm: Durante el primer D\u00eda de Familia de Kolibr\u00ed 2024 (Infopiste).&nbsp;&nbsp;<\/li>\n\n\n\n<li>Los lunes en Globe Art Point: Malminkatu 5, 00100 Helsinki. De 9 am to 4 pm.<\/li>\n<\/ul>\n\n\n\n<h2 class=\"wp-block-heading\">\u00a1Tambi\u00e9n pueden formar parte del equipo de la Feria del Libro!&nbsp;&nbsp;<\/h2>\n\n\n\n<p>Un maravilloso y divertido equipo de voluntarias y voluntarios organiza la Feria del Libro de Kolibr\u00ed, y puedes ayudarles a recoger y organizar libros para la venta, tanto antes como durante los d\u00edas de la feria en Pessi y Vuotalo.&nbsp;<\/p>\n\n\n\n<p>\u00danete escribiendo a <a href=\"mailto:info@ninho.fi\" target=\"_blank\" rel=\"noreferrer noopener\">info@ninho.fi<\/a> o rellenando nuestro <a href=\"https:\/\/www.kolibrifestivaali.org\/contact-us\/\" target=\"_blank\" rel=\"noreferrer noopener\">formulario de contacto<\/a>.&nbsp;&nbsp;&nbsp;<\/p>\n\n\n\n<p>\u00a1Les esperamos!&nbsp;<\/p>\n\n\n\n<div id=\"med-button-block_177764d576244217cb976bac974349e8\" class=\"med-button aligncenter\">\n\t<a class=\"btn btn-primary\" href=\"https:\/\/www.kolibrifestivaali.org\/es\/program\/\">\n\t\tVean el programa completo \u203a\t<\/a>\n<\/div>","protected":false},"excerpt":{"rendered":"<p>La Feria del Libro Infantil de Kolibr\u00ed Festivaali es uno de nuestros eventos m\u00e1s tradicionales y ofrece una oportunidad \u00fanica [\u2026] <a href=\"https:\/\/www.kolibrifestivaali.org\/es\/kolibri-2024-feria-libro-infantil\/\">Lue lis\u00e4\u00e4 &raquo;<\/a><\/p>\n<div class='heateor_sss_sharing_container heateor_sss_vertical_sharing heateor_sss_bottom_sharing' style='width:34px;right: -10px;top: 100px;-webkit-box-shadow:none;box-shadow:none;' data-heateor-sss-href='https:\/\/www.kolibrifestivaali.org\/es\/wp-json\/wp\/v2\/posts\/325988'><div class=\"heateor_sss_sharing_ul\"><a aria-label=\"Facebook\" class=\"heateor_sss_facebook\" href=\"https:\/\/www.facebook.com\/sharer\/sharer.php?u=https%3A%2F%2Fwww.kolibrifestivaali.org%2Fes%2Fwp-json%2Fwp%2Fv2%2Fposts%2F325988\" title=\"Facebook\" rel=\"nofollow noopener\" target=\"_blank\" style=\"font-size:32px!important;box-shadow:none;display:inline-block;vertical-align:middle\"><span class=\"heateor_sss_svg\" style=\"background-color:#0765FE;width:30px;height:30px;border-radius:999px;display:inline-block;opacity:1;float:left;font-size:32px;box-shadow:none;display:inline-block;font-size:16px;padding:0 4px;vertical-align:middle;background-repeat:repeat;overflow:hidden;padding:0;cursor:pointer;box-sizing:content-box\"><svg style=\"display:block;border-radius:999px;\" focusable=\"false\" aria-hidden=\"true\" xmlns=\"http:\/\/www.w3.org\/2000\/svg\" width=\"100%\" height=\"100%\" viewBox=\"0 0 32 32\"><path fill=\"#fff\" d=\"M28 16c0-6.627-5.373-12-12-12S4 9.373 4 16c0 5.628 3.875 10.35 9.101 11.647v-7.98h-2.474V16H13.1v-1.58c0-4.085 1.849-5.978 5.859-5.978.76 0 2.072.15 2.608.298v3.325c-.283-.03-.775-.045-1.386-.045-1.967 0-2.728.745-2.728 2.683V16h3.92l-.673 3.667h-3.247v8.245C23.395 27.195 28 22.135 28 16Z\"><\/path><\/svg><\/span><\/a><a aria-label=\"X\" class=\"heateor_sss_button_x\" href=\"https:\/\/twitter.com\/intent\/tweet?text=Kolibri%20Festivaali%20-%20Kolibri%CC%81%20is%20a%20unique%20multicultural%2C%20free%20and%20open%20art%20festival%20for%20children%20and%20their%20families.&url=https%3A%2F%2Fwww.kolibrifestivaali.org%2Fes%2Fwp-json%2Fwp%2Fv2%2Fposts%2F325988\" title=\"X\" rel=\"nofollow noopener\" target=\"_blank\" style=\"font-size:32px!important;box-shadow:none;display:inline-block;vertical-align:middle\"><span class=\"heateor_sss_svg heateor_sss_s__default heateor_sss_s_x\" style=\"background-color:#2a2a2a;width:30px;height:30px;border-radius:999px;display:inline-block;opacity:1;float:left;font-size:32px;box-shadow:none;display:inline-block;font-size:16px;padding:0 4px;vertical-align:middle;background-repeat:repeat;overflow:hidden;padding:0;cursor:pointer;box-sizing:content-box\"><svg width=\"100%\" height=\"100%\" style=\"display:block;border-radius:999px;\" focusable=\"false\" aria-hidden=\"true\" xmlns=\"http:\/\/www.w3.org\/2000\/svg\" viewBox=\"0 0 32 32\"><path fill=\"#fff\" d=\"M21.751 7h3.067l-6.7 7.658L26 25.078h-6.172l-4.833-6.32-5.531 6.32h-3.07l7.167-8.19L6 7h6.328l4.37 5.777L21.75 7Zm-1.076 16.242h1.7L11.404 8.74H9.58l11.094 14.503Z\"><\/path><\/svg><\/span><\/a><a aria-label=\"Linkedin\" class=\"heateor_sss_button_linkedin\" href=\"https:\/\/www.linkedin.com\/sharing\/share-offsite\/?url=https%3A%2F%2Fwww.kolibrifestivaali.org%2Fes%2Fwp-json%2Fwp%2Fv2%2Fposts%2F325988\" title=\"Linkedin\" rel=\"nofollow noopener\" target=\"_blank\" style=\"font-size:32px!important;box-shadow:none;display:inline-block;vertical-align:middle\"><span class=\"heateor_sss_svg heateor_sss_s__default heateor_sss_s_linkedin\" style=\"background-color:#0077b5;width:30px;height:30px;border-radius:999px;display:inline-block;opacity:1;float:left;font-size:32px;box-shadow:none;display:inline-block;font-size:16px;padding:0 4px;vertical-align:middle;background-repeat:repeat;overflow:hidden;padding:0;cursor:pointer;box-sizing:content-box\"><svg style=\"display:block;border-radius:999px;\" focusable=\"false\" aria-hidden=\"true\" xmlns=\"http:\/\/www.w3.org\/2000\/svg\" width=\"100%\" height=\"100%\" viewBox=\"0 0 32 32\"><path d=\"M6.227 12.61h4.19v13.48h-4.19V12.61zm2.095-6.7a2.43 2.43 0 0 1 0 4.86c-1.344 0-2.428-1.09-2.428-2.43s1.084-2.43 2.428-2.43m4.72 6.7h4.02v1.84h.058c.56-1.058 1.927-2.176 3.965-2.176 4.238 0 5.02 2.792 5.02 6.42v7.395h-4.183v-6.56c0-1.564-.03-3.574-2.178-3.574-2.18 0-2.514 1.7-2.514 3.46v6.668h-4.187V12.61z\" fill=\"#fff\"><\/path><\/svg><\/span><\/a><a aria-label=\"Instagram\" class=\"heateor_sss_button_instagram\" href=\"https:\/\/www.instagram.com\/\" title=\"Instagram\" rel=\"nofollow noopener\" target=\"_blank\" style=\"font-size:32px!important;box-shadow:none;display:inline-block;vertical-align:middle\"><span class=\"heateor_sss_svg\" style=\"background-color:#53beee;width:30px;height:30px;border-radius:999px;display:inline-block;opacity:1;float:left;font-size:32px;box-shadow:none;display:inline-block;font-size:16px;padding:0 4px;vertical-align:middle;background-repeat:repeat;overflow:hidden;padding:0;cursor:pointer;box-sizing:content-box\"><svg style=\"display:block;border-radius:999px;\" version=\"1.1\" viewBox=\"-10 -10 148 148\" width=\"100%\" height=\"100%\" xml:space=\"preserve\" xmlns=\"http:\/\/www.w3.org\/2000\/svg\" xmlns:xlink=\"http:\/\/www.w3.org\/1999\/xlink\"><g><g><path d=\"M86,112H42c-14.336,0-26-11.663-26-26V42c0-14.337,11.664-26,26-26h44c14.337,0,26,11.663,26,26v44 C112,100.337,100.337,112,86,112z M42,24c-9.925,0-18,8.074-18,18v44c0,9.925,8.075,18,18,18h44c9.926,0,18-8.075,18-18V42 c0-9.926-8.074-18-18-18H42z\" fill=\"#fff\"><\/path><\/g><g><path d=\"M64,88c-13.234,0-24-10.767-24-24c0-13.234,10.766-24,24-24s24,10.766,24,24C88,77.233,77.234,88,64,88z M64,48c-8.822,0-16,7.178-16,16s7.178,16,16,16c8.822,0,16-7.178,16-16S72.822,48,64,48z\" fill=\"#fff\"><\/path><\/g><g><circle cx=\"89.5\" cy=\"38.5\" fill=\"#fff\" r=\"5.5\"><\/circle><\/g><\/g><\/svg><\/span><\/a><\/div><div class=\"heateorSssClear\"><\/div><\/div>","protected":false},"author":13,"featured_media":325983,"comment_status":"closed","ping_status":"closed","sticky":false,"template":"","format":"standard","meta":{"_acf_changed":false,"footnotes":""},"categories":[22],"tags":[741,871],"class_list":["post-325988","post","type-post","status-publish","format-standard","has-post-thumbnail","hentry","category-news-archive-es","tag-children-book-fair-es","tag-kolibri-2024-es"],"acf":[],"yoast_head":"<!-- This site is optimized with the Yoast SEO plugin v27.5 - https:\/\/yoast.com\/product\/yoast-seo-wordpress\/ -->\n<title>Kolibr\u00ed Festivaali 2024 acoger\u00e1 su tradicional Feria del Libro Infantil\u00a0<\/title>\n<meta name=\"description\" content=\"una oportunidad \u00fanica para llevar a casa libros infantiles nuevos y de segunda mano en espa\u00f1ol y portugu\u00e9s. \u00a1Les esperamos!\" \/>\n<meta name=\"robots\" content=\"index, follow, max-snippet:-1, max-image-preview:large, max-video-preview:-1\" \/>\n<link rel=\"canonical\" href=\"https:\/\/www.kolibrifestivaali.org\/es\/kolibri-2024-feria-libro-infantil\/\" \/>\n<meta property=\"og:locale\" content=\"es_ES\" \/>\n<meta property=\"og:type\" content=\"article\" \/>\n<meta property=\"og:title\" content=\"Kolibr\u00ed Festivaali 2024 acoger\u00e1 su tradicional Feria del Libro Infantil\u00a0\" \/>\n<meta property=\"og:description\" content=\"una oportunidad \u00fanica para llevar a casa libros infantiles nuevos y de segunda mano en espa\u00f1ol y portugu\u00e9s. \u00a1Les esperamos!\" \/>\n<meta property=\"og:url\" content=\"https:\/\/www.kolibrifestivaali.org\/es\/kolibri-2024-feria-libro-infantil\/\" \/>\n<meta property=\"og:site_name\" content=\"Kolibri Festivaali\" \/>\n<meta property=\"article:published_time\" content=\"2024-08-01T11:44:40+00:00\" \/>\n<meta property=\"article:modified_time\" content=\"2024-08-29T13:31:34+00:00\" \/>\n<meta property=\"og:image\" content=\"https:\/\/www.kolibrifestivaali.org\/wp-content\/uploads\/2024\/08\/children-book-fair-finland-kolibri-2024.png\" \/>\n\t<meta property=\"og:image:width\" content=\"1920\" \/>\n\t<meta property=\"og:image:height\" content=\"1080\" \/>\n\t<meta property=\"og:image:type\" content=\"image\/png\" \/>\n<meta name=\"author\" content=\"Marta Berm\u00fadez\" \/>\n<meta name=\"twitter:card\" content=\"summary_large_image\" \/>\n<meta name=\"twitter:label1\" content=\"Escrito por\" \/>\n\t<meta name=\"twitter:data1\" content=\"Marta Berm\u00fadez\" \/>\n\t<meta name=\"twitter:label2\" content=\"Tiempo de lectura\" \/>\n\t<meta name=\"twitter:data2\" content=\"2 minutos\" \/>\n<script type=\"application\/ld+json\" class=\"yoast-schema-graph\">{\"@context\":\"https:\\\/\\\/schema.org\",\"@graph\":[{\"@type\":\"Article\",\"@id\":\"https:\\\/\\\/www.kolibrifestivaali.org\\\/es\\\/kolibri-2024-feria-libro-infantil\\\/#article\",\"isPartOf\":{\"@id\":\"https:\\\/\\\/www.kolibrifestivaali.org\\\/es\\\/kolibri-2024-feria-libro-infantil\\\/\"},\"author\":{\"name\":\"Marta Berm\u00fadez\",\"@id\":\"https:\\\/\\\/www.kolibrifestivaali.org\\\/es\\\/#\\\/schema\\\/person\\\/a4d882046c0f7b03960be07d8b5713ba\"},\"headline\":\"Kolibr\u00ed Festivaali 2024 acoger\u00e1 su tradicional Feria del Libro Infantil\u00a0\",\"datePublished\":\"2024-08-01T11:44:40+00:00\",\"dateModified\":\"2024-08-29T13:31:34+00:00\",\"mainEntityOfPage\":{\"@id\":\"https:\\\/\\\/www.kolibrifestivaali.org\\\/es\\\/kolibri-2024-feria-libro-infantil\\\/\"},\"wordCount\":299,\"image\":{\"@id\":\"https:\\\/\\\/www.kolibrifestivaali.org\\\/es\\\/kolibri-2024-feria-libro-infantil\\\/#primaryimage\"},\"thumbnailUrl\":\"https:\\\/\\\/www.kolibrifestivaali.org\\\/wp-content\\\/uploads\\\/2024\\\/08\\\/children-book-fair-finland-kolibri-2024.png\",\"keywords\":[\"children book fair\",\"kolibri 2024\"],\"articleSection\":[\"News\"],\"inLanguage\":\"es\"},{\"@type\":\"WebPage\",\"@id\":\"https:\\\/\\\/www.kolibrifestivaali.org\\\/es\\\/kolibri-2024-feria-libro-infantil\\\/\",\"url\":\"https:\\\/\\\/www.kolibrifestivaali.org\\\/es\\\/kolibri-2024-feria-libro-infantil\\\/\",\"name\":\"Kolibr\u00ed Festivaali 2024 acoger\u00e1 su tradicional Feria del Libro Infantil\u00a0\",\"isPartOf\":{\"@id\":\"https:\\\/\\\/www.kolibrifestivaali.org\\\/es\\\/#website\"},\"primaryImageOfPage\":{\"@id\":\"https:\\\/\\\/www.kolibrifestivaali.org\\\/es\\\/kolibri-2024-feria-libro-infantil\\\/#primaryimage\"},\"image\":{\"@id\":\"https:\\\/\\\/www.kolibrifestivaali.org\\\/es\\\/kolibri-2024-feria-libro-infantil\\\/#primaryimage\"},\"thumbnailUrl\":\"https:\\\/\\\/www.kolibrifestivaali.org\\\/wp-content\\\/uploads\\\/2024\\\/08\\\/children-book-fair-finland-kolibri-2024.png\",\"datePublished\":\"2024-08-01T11:44:40+00:00\",\"dateModified\":\"2024-08-29T13:31:34+00:00\",\"author\":{\"@id\":\"https:\\\/\\\/www.kolibrifestivaali.org\\\/es\\\/#\\\/schema\\\/person\\\/a4d882046c0f7b03960be07d8b5713ba\"},\"description\":\"una oportunidad \u00fanica para llevar a casa libros infantiles nuevos y de segunda mano en espa\u00f1ol y portugu\u00e9s. \u00a1Les esperamos!\",\"breadcrumb\":{\"@id\":\"https:\\\/\\\/www.kolibrifestivaali.org\\\/es\\\/kolibri-2024-feria-libro-infantil\\\/#breadcrumb\"},\"inLanguage\":\"es\",\"potentialAction\":[{\"@type\":\"ReadAction\",\"target\":[\"https:\\\/\\\/www.kolibrifestivaali.org\\\/es\\\/kolibri-2024-feria-libro-infantil\\\/\"]}]},{\"@type\":\"ImageObject\",\"inLanguage\":\"es\",\"@id\":\"https:\\\/\\\/www.kolibrifestivaali.org\\\/es\\\/kolibri-2024-feria-libro-infantil\\\/#primaryimage\",\"url\":\"https:\\\/\\\/www.kolibrifestivaali.org\\\/wp-content\\\/uploads\\\/2024\\\/08\\\/children-book-fair-finland-kolibri-2024.png\",\"contentUrl\":\"https:\\\/\\\/www.kolibrifestivaali.org\\\/wp-content\\\/uploads\\\/2024\\\/08\\\/children-book-fair-finland-kolibri-2024.png\",\"width\":1920,\"height\":1080},{\"@type\":\"BreadcrumbList\",\"@id\":\"https:\\\/\\\/www.kolibrifestivaali.org\\\/es\\\/kolibri-2024-feria-libro-infantil\\\/#breadcrumb\",\"itemListElement\":[{\"@type\":\"ListItem\",\"position\":1,\"name\":\"Home\",\"item\":\"https:\\\/\\\/www.kolibrifestivaali.org\\\/es\\\/\"},{\"@type\":\"ListItem\",\"position\":2,\"name\":\"Kolibr\u00ed Festivaali 2024 acoger\u00e1 su tradicional Feria del Libro Infantil\u00a0\"}]},{\"@type\":\"WebSite\",\"@id\":\"https:\\\/\\\/www.kolibrifestivaali.org\\\/es\\\/#website\",\"url\":\"https:\\\/\\\/www.kolibrifestivaali.org\\\/es\\\/\",\"name\":\"Kolibri Festivaali\",\"description\":\"Kolibri\u0301 is a unique multicultural, free and open art festival for children and their families.\",\"inLanguage\":\"es\"},{\"@type\":\"Person\",\"@id\":\"https:\\\/\\\/www.kolibrifestivaali.org\\\/es\\\/#\\\/schema\\\/person\\\/a4d882046c0f7b03960be07d8b5713ba\",\"name\":\"Marta Berm\u00fadez\",\"image\":{\"@type\":\"ImageObject\",\"inLanguage\":\"es\",\"@id\":\"https:\\\/\\\/secure.gravatar.com\\\/avatar\\\/35700c2014d565cf72e89c0e712b6bc70303de9d0796b72a069bbd235e79a7b5?s=96&d=mm&r=g\",\"url\":\"https:\\\/\\\/secure.gravatar.com\\\/avatar\\\/35700c2014d565cf72e89c0e712b6bc70303de9d0796b72a069bbd235e79a7b5?s=96&d=mm&r=g\",\"contentUrl\":\"https:\\\/\\\/secure.gravatar.com\\\/avatar\\\/35700c2014d565cf72e89c0e712b6bc70303de9d0796b72a069bbd235e79a7b5?s=96&d=mm&r=g\",\"caption\":\"Marta Berm\u00fadez\"}}]}<\/script>\n<!-- \/ Yoast SEO plugin. -->","yoast_head_json":{"title":"Kolibr\u00ed Festivaali 2024 acoger\u00e1 su tradicional Feria del Libro Infantil\u00a0","description":"una oportunidad \u00fanica para llevar a casa libros infantiles nuevos y de segunda mano en espa\u00f1ol y portugu\u00e9s. \u00a1Les esperamos!","robots":{"index":"index","follow":"follow","max-snippet":"max-snippet:-1","max-image-preview":"max-image-preview:large","max-video-preview":"max-video-preview:-1"},"canonical":"https:\/\/www.kolibrifestivaali.org\/es\/kolibri-2024-feria-libro-infantil\/","og_locale":"es_ES","og_type":"article","og_title":"Kolibr\u00ed Festivaali 2024 acoger\u00e1 su tradicional Feria del Libro Infantil\u00a0","og_description":"una oportunidad \u00fanica para llevar a casa libros infantiles nuevos y de segunda mano en espa\u00f1ol y portugu\u00e9s. \u00a1Les esperamos!","og_url":"https:\/\/www.kolibrifestivaali.org\/es\/kolibri-2024-feria-libro-infantil\/","og_site_name":"Kolibri Festivaali","article_published_time":"2024-08-01T11:44:40+00:00","article_modified_time":"2024-08-29T13:31:34+00:00","og_image":[{"width":1920,"height":1080,"url":"https:\/\/www.kolibrifestivaali.org\/wp-content\/uploads\/2024\/08\/children-book-fair-finland-kolibri-2024.png","type":"image\/png"}],"author":"Marta Berm\u00fadez","twitter_card":"summary_large_image","twitter_misc":{"Escrito por":"Marta Berm\u00fadez","Tiempo de lectura":"2 minutos"},"schema":{"@context":"https:\/\/schema.org","@graph":[{"@type":"Article","@id":"https:\/\/www.kolibrifestivaali.org\/es\/kolibri-2024-feria-libro-infantil\/#article","isPartOf":{"@id":"https:\/\/www.kolibrifestivaali.org\/es\/kolibri-2024-feria-libro-infantil\/"},"author":{"name":"Marta Berm\u00fadez","@id":"https:\/\/www.kolibrifestivaali.org\/es\/#\/schema\/person\/a4d882046c0f7b03960be07d8b5713ba"},"headline":"Kolibr\u00ed Festivaali 2024 acoger\u00e1 su tradicional Feria del Libro Infantil\u00a0","datePublished":"2024-08-01T11:44:40+00:00","dateModified":"2024-08-29T13:31:34+00:00","mainEntityOfPage":{"@id":"https:\/\/www.kolibrifestivaali.org\/es\/kolibri-2024-feria-libro-infantil\/"},"wordCount":299,"image":{"@id":"https:\/\/www.kolibrifestivaali.org\/es\/kolibri-2024-feria-libro-infantil\/#primaryimage"},"thumbnailUrl":"https:\/\/www.kolibrifestivaali.org\/wp-content\/uploads\/2024\/08\/children-book-fair-finland-kolibri-2024.png","keywords":["children book fair","kolibri 2024"],"articleSection":["News"],"inLanguage":"es"},{"@type":"WebPage","@id":"https:\/\/www.kolibrifestivaali.org\/es\/kolibri-2024-feria-libro-infantil\/","url":"https:\/\/www.kolibrifestivaali.org\/es\/kolibri-2024-feria-libro-infantil\/","name":"Kolibr\u00ed Festivaali 2024 acoger\u00e1 su tradicional Feria del Libro Infantil\u00a0","isPartOf":{"@id":"https:\/\/www.kolibrifestivaali.org\/es\/#website"},"primaryImageOfPage":{"@id":"https:\/\/www.kolibrifestivaali.org\/es\/kolibri-2024-feria-libro-infantil\/#primaryimage"},"image":{"@id":"https:\/\/www.kolibrifestivaali.org\/es\/kolibri-2024-feria-libro-infantil\/#primaryimage"},"thumbnailUrl":"https:\/\/www.kolibrifestivaali.org\/wp-content\/uploads\/2024\/08\/children-book-fair-finland-kolibri-2024.png","datePublished":"2024-08-01T11:44:40+00:00","dateModified":"2024-08-29T13:31:34+00:00","author":{"@id":"https:\/\/www.kolibrifestivaali.org\/es\/#\/schema\/person\/a4d882046c0f7b03960be07d8b5713ba"},"description":"una oportunidad \u00fanica para llevar a casa libros infantiles nuevos y de segunda mano en espa\u00f1ol y portugu\u00e9s. \u00a1Les esperamos!","breadcrumb":{"@id":"https:\/\/www.kolibrifestivaali.org\/es\/kolibri-2024-feria-libro-infantil\/#breadcrumb"},"inLanguage":"es","potentialAction":[{"@type":"ReadAction","target":["https:\/\/www.kolibrifestivaali.org\/es\/kolibri-2024-feria-libro-infantil\/"]}]},{"@type":"ImageObject","inLanguage":"es","@id":"https:\/\/www.kolibrifestivaali.org\/es\/kolibri-2024-feria-libro-infantil\/#primaryimage","url":"https:\/\/www.kolibrifestivaali.org\/wp-content\/uploads\/2024\/08\/children-book-fair-finland-kolibri-2024.png","contentUrl":"https:\/\/www.kolibrifestivaali.org\/wp-content\/uploads\/2024\/08\/children-book-fair-finland-kolibri-2024.png","width":1920,"height":1080},{"@type":"BreadcrumbList","@id":"https:\/\/www.kolibrifestivaali.org\/es\/kolibri-2024-feria-libro-infantil\/#breadcrumb","itemListElement":[{"@type":"ListItem","position":1,"name":"Home","item":"https:\/\/www.kolibrifestivaali.org\/es\/"},{"@type":"ListItem","position":2,"name":"Kolibr\u00ed Festivaali 2024 acoger\u00e1 su tradicional Feria del Libro Infantil\u00a0"}]},{"@type":"WebSite","@id":"https:\/\/www.kolibrifestivaali.org\/es\/#website","url":"https:\/\/www.kolibrifestivaali.org\/es\/","name":"Kolibri Festivaali","description":"Kolibri\u0301 is a unique multicultural, free and open art festival for children and their families.","inLanguage":"es"},{"@type":"Person","@id":"https:\/\/www.kolibrifestivaali.org\/es\/#\/schema\/person\/a4d882046c0f7b03960be07d8b5713ba","name":"Marta Berm\u00fadez","image":{"@type":"ImageObject","inLanguage":"es","@id":"https:\/\/secure.gravatar.com\/avatar\/35700c2014d565cf72e89c0e712b6bc70303de9d0796b72a069bbd235e79a7b5?s=96&d=mm&r=g","url":"https:\/\/secure.gravatar.com\/avatar\/35700c2014d565cf72e89c0e712b6bc70303de9d0796b72a069bbd235e79a7b5?s=96&d=mm&r=g","contentUrl":"https:\/\/secure.gravatar.com\/avatar\/35700c2014d565cf72e89c0e712b6bc70303de9d0796b72a069bbd235e79a7b5?s=96&d=mm&r=g","caption":"Marta Berm\u00fadez"}}]}},"_links":{"self":[{"href":"https:\/\/www.kolibrifestivaali.org\/es\/wp-json\/wp\/v2\/posts\/325988","targetHints":{"allow":["GET"]}}],"collection":[{"href":"https:\/\/www.kolibrifestivaali.org\/es\/wp-json\/wp\/v2\/posts"}],"about":[{"href":"https:\/\/www.kolibrifestivaali.org\/es\/wp-json\/wp\/v2\/types\/post"}],"author":[{"embeddable":true,"href":"https:\/\/www.kolibrifestivaali.org\/es\/wp-json\/wp\/v2\/users\/13"}],"replies":[{"embeddable":true,"href":"https:\/\/www.kolibrifestivaali.org\/es\/wp-json\/wp\/v2\/comments?post=325988"}],"version-history":[{"count":6,"href":"https:\/\/www.kolibrifestivaali.org\/es\/wp-json\/wp\/v2\/posts\/325988\/revisions"}],"predecessor-version":[{"id":326728,"href":"https:\/\/www.kolibrifestivaali.org\/es\/wp-json\/wp\/v2\/posts\/325988\/revisions\/326728"}],"wp:featuredmedia":[{"embeddable":true,"href":"https:\/\/www.kolibrifestivaali.org\/es\/wp-json\/wp\/v2\/media\/325983"}],"wp:attachment":[{"href":"https:\/\/www.kolibrifestivaali.org\/es\/wp-json\/wp\/v2\/media?parent=325988"}],"wp:term":[{"taxonomy":"category","embeddable":true,"href":"https:\/\/www.kolibrifestivaali.org\/es\/wp-json\/wp\/v2\/categories?post=325988"},{"taxonomy":"post_tag","embeddable":true,"href":"https:\/\/www.kolibrifestivaali.org\/es\/wp-json\/wp\/v2\/tags?post=325988"}],"curies":[{"name":"wp","href":"https:\/\/api.w.org\/{rel}","templated":true}]}}