{"id":325791,"date":"2024-05-06T10:55:17","date_gmt":"2024-05-06T07:55:17","guid":{"rendered":"https:\/\/www.kolibrifestivaali.org\/?p=325791"},"modified":"2024-05-10T11:40:53","modified_gmt":"2024-05-10T08:40:53","slug":"javiera-mac-lean-ilustradora-kolibri-festivaali-2024","status":"publish","type":"post","link":"https:\/\/www.kolibrifestivaali.org\/es\/javiera-mac-lean-ilustradora-kolibri-festivaali-2024\/","title":{"rendered":"Javiera Mac-lean, ilustradora de la imagen de Kolibr\u00ed Festivaali 2024"},"content":{"rendered":"\n<p>Estamos muy felices de presentar a <strong>Javiera Mac-lean<\/strong>, <strong>ilustradora chilena<\/strong> responsable de la creaci\u00f3n de la <strong>imagen oficial&nbsp;de la 13a edici\u00f3n de Kolibr\u00ed Festivaali<\/strong>. Su interpretaci\u00f3n de la imagen de Kolibr\u00ed para el tema <strong><em>Caleidoscopio<\/em><\/strong>, visibiliza&nbsp;por primera vez, la diversidad y el rol de las infancias contempor\u00e1neas en Finlandia.&nbsp;&nbsp;&nbsp;<\/p>\n\n\n\n<div class=\"wp-block-columns is-layout-flex wp-container-core-columns-is-layout-9d6595d7 wp-block-columns-is-layout-flex\">\n<div class=\"wp-block-column is-layout-flow wp-block-column-is-layout-flow\">\n<p>Mac-lean se gradu\u00f3 en <strong>Dise\u00f1o Gr\u00e1fico<\/strong> en la <strong>Universidad del Desarrollo de Santiago de Chile<\/strong>, y estudi\u00f3 el Postgrado en <strong>Ilustraci\u00f3n Creativa<\/strong> en <strong>EINA<\/strong> \u2013 <strong>Universitat Aut\u00f2noma de Barcelona<\/strong>. Ella es <strong>miembro<\/strong> de la Asociaci\u00f3n de ilustradores finlandesa <strong>Kuvittajat ry<\/strong>. Actualmente reside en Helsinki.&nbsp;<\/p>\n\n\n\n<p>En su carrera, ha conseguido importantes <strong>galardones<\/strong> como: el <strong>Imagina Civican 2016<\/strong>. Sus ilustraciones fueron seleccionadas en el&nbsp;9o Cat\u00e1logo Iberoamericano de la Feria del Libro de Guadalajara, M\u00e9xico, 2018. Tambi\u00e9n ha participado de exposiciones colectivas como Colour\u2019s Attack, organizada por la Design &amp; Art Direction, Londres, 2011.&nbsp;<\/p>\n<\/div>\n\n\n\n<div class=\"wp-block-column is-layout-flow wp-block-column-is-layout-flow\">\n<figure class=\"wp-block-image size-large\"><img decoding=\"async\" width=\"1280\" height=\"1810\" src=\"https:\/\/www.kolibrifestivaali.org\/wp-content\/uploads\/2024\/05\/kolibri-festivaali-2024-vertical-min-1280x1810.jpg\" alt=\"\" class=\"wp-image-325844\" srcset=\"https:\/\/www.kolibrifestivaali.org\/wp-content\/uploads\/2024\/05\/kolibri-festivaali-2024-vertical-min-1280x1810.jpg 1280w, https:\/\/www.kolibrifestivaali.org\/wp-content\/uploads\/2024\/05\/kolibri-festivaali-2024-vertical-min-350x495.jpg 350w, https:\/\/www.kolibrifestivaali.org\/wp-content\/uploads\/2024\/05\/kolibri-festivaali-2024-vertical-min-768x1086.jpg 768w, https:\/\/www.kolibrifestivaali.org\/wp-content\/uploads\/2024\/05\/kolibri-festivaali-2024-vertical-min-1086x1536.jpg 1086w, https:\/\/www.kolibrifestivaali.org\/wp-content\/uploads\/2024\/05\/kolibri-festivaali-2024-vertical-min-500x707.jpg 500w, https:\/\/www.kolibrifestivaali.org\/wp-content\/uploads\/2024\/05\/kolibri-festivaali-2024-vertical-min-830x1173.jpg 830w, https:\/\/www.kolibrifestivaali.org\/wp-content\/uploads\/2024\/05\/kolibri-festivaali-2024-vertical-min.jpg 1358w\" sizes=\"(max-width: 1280px) 100vw, 1280px\" \/><figcaption class=\"wp-element-caption\">Kolibr\u00ed Festivaali 2024, Javiera Mac-lean. <\/figcaption><\/figure>\n<\/div>\n<\/div>\n\n\n\n<h2 class=\"wp-block-heading\">Una carrera multidisciplinar llena de humor y color&nbsp;<\/h2>\n\n\n\n<p>Su personalidad curiosa y entusiasta se deja sentir en todos sus proyectos. El <strong>color, el humor y la reflexi\u00f3n<\/strong> son los protagonistas, ya sea en un libro infantil, en un mural, una ventana, producto o un logotipo. &nbsp;<\/p>\n\n\n\n<p>Si quieres disfrutar de sus ilustraciones en <strong>literatura infantil<\/strong>, encontrar\u00e1s hasta 11 preciosas obras como:&nbsp;<\/p>\n\n\n\n<ul class=\"wp-block-list\">\n<li><em>Folding Adventure<\/em>, del cual es autora completa&nbsp;(Bibliogr\u00e1fica Internacional, 2016).&nbsp;<\/li>\n\n\n\n<li><em>Sustos en el recreo<\/em>, escrito por Ver\u00f3nica Murgu\u00eda (Loqueleo, Santillana, 2022).&nbsp;<\/li>\n\n\n\n<li><em>Some daddies<\/em>, escrito por Carol Gordon Ekster (Beaming Books, 2022). &nbsp;<\/li>\n\n\n\n<li><em>Spilt Milk<\/em>, escrito por Haifa Mohareb Sawarka (Alsalwa Books, 2020). &nbsp;<\/li>\n<\/ul>\n\n\n\n<p>Posiblemente su faceta m\u00e1s humor\u00edstica y l\u00fadica se deja ver con \u2018<a href=\"https:\/\/www.instagram.com\/cazuelaelconejo\/\">Cazuela<\/a>\u2019. Un conejo viajero que desde Instagram nos transporta a peculiares lugares de todo el mundo. &nbsp;<\/p>\n\n\n\n<figure class=\"wp-block-image size-large\"><img decoding=\"async\" width=\"1280\" height=\"709\" src=\"https:\/\/www.kolibrifestivaali.org\/wp-content\/uploads\/2024\/05\/vistete-javiera-mac-lean-illustrator-min-1280x709.png\" alt=\"\" class=\"wp-image-325786\" srcset=\"https:\/\/www.kolibrifestivaali.org\/wp-content\/uploads\/2024\/05\/vistete-javiera-mac-lean-illustrator-min-1280x709.png 1280w, https:\/\/www.kolibrifestivaali.org\/wp-content\/uploads\/2024\/05\/vistete-javiera-mac-lean-illustrator-min-350x194.png 350w, https:\/\/www.kolibrifestivaali.org\/wp-content\/uploads\/2024\/05\/vistete-javiera-mac-lean-illustrator-min-768x426.png 768w, https:\/\/www.kolibrifestivaali.org\/wp-content\/uploads\/2024\/05\/vistete-javiera-mac-lean-illustrator-min-1536x851.png 1536w, https:\/\/www.kolibrifestivaali.org\/wp-content\/uploads\/2024\/05\/vistete-javiera-mac-lean-illustrator-min-500x277.png 500w, https:\/\/www.kolibrifestivaali.org\/wp-content\/uploads\/2024\/05\/vistete-javiera-mac-lean-illustrator-min-830x460.png 830w, https:\/\/www.kolibrifestivaali.org\/wp-content\/uploads\/2024\/05\/vistete-javiera-mac-lean-illustrator-min.png 1920w\" sizes=\"(max-width: 1280px) 100vw, 1280px\" \/><figcaption class=\"wp-element-caption\">Ilustraci\u00f3n de <em>V\u00edstete<\/em>, por Gabriela Rubio y Javiera Mac-lean. <\/figcaption><\/figure>\n\n\n\n<p>Sus grandes aficiones son \u201cilustrar en todos los formatos posibles, patinar, hacer m\u00e1scaras y disfraces con materiales reciclados para nosotros y para nuestro peque; viajar para llenar mi cabeza de nuevas experiencias, ver pel\u00edculas y andar en mi bicicleta amada\u201d. &nbsp;<\/p>\n\n\n\n<p>Espera <strong>publicar pronto el libro infantil <em>V\u00edstete<\/em><\/strong>, escrito por la espa\u00f1ola Gabriela Rubio, y \u00abun \u00e1lbum personal para mi peque\u00f1o, entre otros proyectos de los que a\u00fan no puedo hablar\u00bb. Su desaf\u00edo personal m\u00e1s inmediato es aprender&nbsp;fin\u00e9s, \u201cpara poder sentirme m\u00e1s c\u00f3moda y confiada con los futuros proyectos locales\u201d.&nbsp;<\/p>\n\n\n\n<p>De momento, disfrutaremos de su trabajo y pasi\u00f3n en Kolibr\u00ed Festivaali, donde <strong>usar\u00e1 la ilustraci\u00f3n \u201ccomo conexi\u00f3n a las distintas culturas <\/strong>que acoge este tremendo evento cultural\u201d. &nbsp;<\/p>\n\n\n\n<h3 class=\"wp-block-heading\">No te pierdas en septiembre \u00abFace to face\u00bb&#8216;, el Taller de retratos que Javiera Mac-lean facilitar\u00e1 durante los tres D\u00edas de Familia del Kolibr\u00ed. \u00a1Anota las fechas!&nbsp;<\/h3>\n\n\n\n<ul class=\"wp-block-list\">\n<li>14.9.2024 | Biblioteca de Sello, Espoo. &nbsp;<\/li>\n\n\n\n<li>21.9.2024 | Lastenkulttuurikeskus Pessi, Vantaa. &nbsp;&nbsp;<\/li>\n\n\n\n<li>28.9.2024 | Vuotalo, Helsinki.&nbsp;&nbsp;<\/li>\n<\/ul>\n\n\n\n<h3 class=\"wp-block-heading\">Puedes seguir la obra de Javiera Mac-lean en: &nbsp;<\/h3>\n\n\n\n<p>Web: <a href=\"https:\/\/javiera-maclean.myportfolio.com\/\" target=\"_blank\" rel=\"noreferrer noopener\">https:\/\/javiera-maclean.myportfolio.com\/<\/a>&nbsp;&nbsp;<\/p>\n\n\n\n<p>Instagram: <a href=\"https:\/\/www.instagram.com\/javieramaclean\/\">@javieramaclean<\/a>&nbsp;<\/p>\n\n\n\n<p>Facebook: <a href=\"https:\/\/www.facebook.com\/javiera.maclean\">javiera.maclean<\/a>&nbsp;<\/p>\n\n\n\n<p>LinkedIn: <a href=\"https:\/\/www.linkedin.com\/in\/javieramacleanilustracion\/\">javieramacleanilustracion<\/a>&nbsp;<\/p>\n","protected":false},"excerpt":{"rendered":"<p>Estamos muy felices de presentar a Javiera Mac-lean, ilustradora chilena responsable de la creaci\u00f3n de la imagen oficial&nbsp;de la 13a [\u2026] <a href=\"https:\/\/www.kolibrifestivaali.org\/es\/javiera-mac-lean-ilustradora-kolibri-festivaali-2024\/\">Lue lis\u00e4\u00e4 &raquo;<\/a><\/p>\n<div class='heateor_sss_sharing_container heateor_sss_vertical_sharing heateor_sss_bottom_sharing' style='width:34px;right: -10px;top: 100px;-webkit-box-shadow:none;box-shadow:none;' data-heateor-sss-href='https:\/\/www.kolibrifestivaali.org\/es\/wp-json\/wp\/v2\/posts\/325791'><div class=\"heateor_sss_sharing_ul\"><a aria-label=\"Facebook\" class=\"heateor_sss_facebook\" href=\"https:\/\/www.facebook.com\/sharer\/sharer.php?u=https%3A%2F%2Fwww.kolibrifestivaali.org%2Fes%2Fwp-json%2Fwp%2Fv2%2Fposts%2F325791\" title=\"Facebook\" rel=\"nofollow noopener\" target=\"_blank\" style=\"font-size:32px!important;box-shadow:none;display:inline-block;vertical-align:middle\"><span class=\"heateor_sss_svg\" style=\"background-color:#0765FE;width:30px;height:30px;border-radius:999px;display:inline-block;opacity:1;float:left;font-size:32px;box-shadow:none;display:inline-block;font-size:16px;padding:0 4px;vertical-align:middle;background-repeat:repeat;overflow:hidden;padding:0;cursor:pointer;box-sizing:content-box\"><svg style=\"display:block;border-radius:999px;\" focusable=\"false\" aria-hidden=\"true\" xmlns=\"http:\/\/www.w3.org\/2000\/svg\" width=\"100%\" height=\"100%\" viewBox=\"0 0 32 32\"><path fill=\"#fff\" d=\"M28 16c0-6.627-5.373-12-12-12S4 9.373 4 16c0 5.628 3.875 10.35 9.101 11.647v-7.98h-2.474V16H13.1v-1.58c0-4.085 1.849-5.978 5.859-5.978.76 0 2.072.15 2.608.298v3.325c-.283-.03-.775-.045-1.386-.045-1.967 0-2.728.745-2.728 2.683V16h3.92l-.673 3.667h-3.247v8.245C23.395 27.195 28 22.135 28 16Z\"><\/path><\/svg><\/span><\/a><a aria-label=\"X\" class=\"heateor_sss_button_x\" href=\"https:\/\/twitter.com\/intent\/tweet?text=Kolibri%20Festivaali%20-%20Kolibri%CC%81%20is%20a%20unique%20multicultural%2C%20free%20and%20open%20art%20festival%20for%20children%20and%20their%20families.&url=https%3A%2F%2Fwww.kolibrifestivaali.org%2Fes%2Fwp-json%2Fwp%2Fv2%2Fposts%2F325791\" title=\"X\" rel=\"nofollow noopener\" target=\"_blank\" style=\"font-size:32px!important;box-shadow:none;display:inline-block;vertical-align:middle\"><span class=\"heateor_sss_svg heateor_sss_s__default heateor_sss_s_x\" style=\"background-color:#2a2a2a;width:30px;height:30px;border-radius:999px;display:inline-block;opacity:1;float:left;font-size:32px;box-shadow:none;display:inline-block;font-size:16px;padding:0 4px;vertical-align:middle;background-repeat:repeat;overflow:hidden;padding:0;cursor:pointer;box-sizing:content-box\"><svg width=\"100%\" height=\"100%\" style=\"display:block;border-radius:999px;\" focusable=\"false\" aria-hidden=\"true\" xmlns=\"http:\/\/www.w3.org\/2000\/svg\" viewBox=\"0 0 32 32\"><path fill=\"#fff\" d=\"M21.751 7h3.067l-6.7 7.658L26 25.078h-6.172l-4.833-6.32-5.531 6.32h-3.07l7.167-8.19L6 7h6.328l4.37 5.777L21.75 7Zm-1.076 16.242h1.7L11.404 8.74H9.58l11.094 14.503Z\"><\/path><\/svg><\/span><\/a><a aria-label=\"Linkedin\" class=\"heateor_sss_button_linkedin\" href=\"https:\/\/www.linkedin.com\/sharing\/share-offsite\/?url=https%3A%2F%2Fwww.kolibrifestivaali.org%2Fes%2Fwp-json%2Fwp%2Fv2%2Fposts%2F325791\" title=\"Linkedin\" rel=\"nofollow noopener\" target=\"_blank\" style=\"font-size:32px!important;box-shadow:none;display:inline-block;vertical-align:middle\"><span class=\"heateor_sss_svg heateor_sss_s__default heateor_sss_s_linkedin\" style=\"background-color:#0077b5;width:30px;height:30px;border-radius:999px;display:inline-block;opacity:1;float:left;font-size:32px;box-shadow:none;display:inline-block;font-size:16px;padding:0 4px;vertical-align:middle;background-repeat:repeat;overflow:hidden;padding:0;cursor:pointer;box-sizing:content-box\"><svg style=\"display:block;border-radius:999px;\" focusable=\"false\" aria-hidden=\"true\" xmlns=\"http:\/\/www.w3.org\/2000\/svg\" width=\"100%\" height=\"100%\" viewBox=\"0 0 32 32\"><path d=\"M6.227 12.61h4.19v13.48h-4.19V12.61zm2.095-6.7a2.43 2.43 0 0 1 0 4.86c-1.344 0-2.428-1.09-2.428-2.43s1.084-2.43 2.428-2.43m4.72 6.7h4.02v1.84h.058c.56-1.058 1.927-2.176 3.965-2.176 4.238 0 5.02 2.792 5.02 6.42v7.395h-4.183v-6.56c0-1.564-.03-3.574-2.178-3.574-2.18 0-2.514 1.7-2.514 3.46v6.668h-4.187V12.61z\" fill=\"#fff\"><\/path><\/svg><\/span><\/a><a aria-label=\"Instagram\" class=\"heateor_sss_button_instagram\" href=\"https:\/\/www.instagram.com\/\" title=\"Instagram\" rel=\"nofollow noopener\" target=\"_blank\" style=\"font-size:32px!important;box-shadow:none;display:inline-block;vertical-align:middle\"><span class=\"heateor_sss_svg\" style=\"background-color:#53beee;width:30px;height:30px;border-radius:999px;display:inline-block;opacity:1;float:left;font-size:32px;box-shadow:none;display:inline-block;font-size:16px;padding:0 4px;vertical-align:middle;background-repeat:repeat;overflow:hidden;padding:0;cursor:pointer;box-sizing:content-box\"><svg style=\"display:block;border-radius:999px;\" version=\"1.1\" viewBox=\"-10 -10 148 148\" width=\"100%\" height=\"100%\" xml:space=\"preserve\" xmlns=\"http:\/\/www.w3.org\/2000\/svg\" xmlns:xlink=\"http:\/\/www.w3.org\/1999\/xlink\"><g><g><path d=\"M86,112H42c-14.336,0-26-11.663-26-26V42c0-14.337,11.664-26,26-26h44c14.337,0,26,11.663,26,26v44 C112,100.337,100.337,112,86,112z M42,24c-9.925,0-18,8.074-18,18v44c0,9.925,8.075,18,18,18h44c9.926,0,18-8.075,18-18V42 c0-9.926-8.074-18-18-18H42z\" fill=\"#fff\"><\/path><\/g><g><path d=\"M64,88c-13.234,0-24-10.767-24-24c0-13.234,10.766-24,24-24s24,10.766,24,24C88,77.233,77.234,88,64,88z M64,48c-8.822,0-16,7.178-16,16s7.178,16,16,16c8.822,0,16-7.178,16-16S72.822,48,64,48z\" fill=\"#fff\"><\/path><\/g><g><circle cx=\"89.5\" cy=\"38.5\" fill=\"#fff\" r=\"5.5\"><\/circle><\/g><\/g><\/svg><\/span><\/a><\/div><div class=\"heateorSssClear\"><\/div><\/div>","protected":false},"author":13,"featured_media":325766,"comment_status":"closed","ping_status":"closed","sticky":false,"template":"","format":"standard","meta":{"_acf_changed":false,"footnotes":""},"categories":[22],"tags":[859,850],"class_list":["post-325791","post","type-post","status-publish","format-standard","has-post-thumbnail","hentry","category-news-archive-es","tag-javiera-mac-lean-2","tag-kolibri-2024-2"],"acf":[],"yoast_head":"<!-- This site is optimized with the Yoast SEO plugin v27.5 - https:\/\/yoast.com\/product\/yoast-seo-wordpress\/ -->\n<title>Javiera Mac-lean, ilustradora de la imagen de Kolibr\u00ed Festivaali 2024<\/title>\n<meta name=\"description\" content=\"Conoce a Javiera Mac-lean, la ilustradora chilena encargada de la imagen oficial de Kolibr\u00ed Festivaali 2024\" \/>\n<meta name=\"robots\" content=\"index, follow, max-snippet:-1, max-image-preview:large, max-video-preview:-1\" \/>\n<link rel=\"canonical\" href=\"https:\/\/www.kolibrifestivaali.org\/es\/javiera-mac-lean-ilustradora-kolibri-festivaali-2024\/\" \/>\n<meta property=\"og:locale\" content=\"es_ES\" \/>\n<meta property=\"og:type\" content=\"article\" \/>\n<meta property=\"og:title\" content=\"Javiera Mac-lean, ilustradora de la imagen de Kolibr\u00ed Festivaali 2024\" \/>\n<meta property=\"og:description\" content=\"Conoce a Javiera Mac-lean, la ilustradora chilena encargada de la imagen oficial de Kolibr\u00ed Festivaali 2024\" \/>\n<meta property=\"og:url\" content=\"https:\/\/www.kolibrifestivaali.org\/es\/javiera-mac-lean-ilustradora-kolibri-festivaali-2024\/\" \/>\n<meta property=\"og:site_name\" content=\"Kolibri Festivaali\" \/>\n<meta property=\"article:published_time\" content=\"2024-05-06T07:55:17+00:00\" \/>\n<meta property=\"article:modified_time\" content=\"2024-05-10T08:40:53+00:00\" \/>\n<meta property=\"og:image\" content=\"https:\/\/www.kolibrifestivaali.org\/wp-content\/uploads\/2024\/05\/javiera-mac-lean-image.jpg\" \/>\n\t<meta property=\"og:image:width\" content=\"1200\" \/>\n\t<meta property=\"og:image:height\" content=\"640\" \/>\n\t<meta property=\"og:image:type\" content=\"image\/jpeg\" \/>\n<meta name=\"author\" content=\"Marta Berm\u00fadez\" \/>\n<meta name=\"twitter:card\" content=\"summary_large_image\" \/>\n<meta name=\"twitter:label1\" content=\"Escrito por\" \/>\n\t<meta name=\"twitter:data1\" content=\"Marta Berm\u00fadez\" \/>\n\t<meta name=\"twitter:label2\" content=\"Tiempo de lectura\" \/>\n\t<meta name=\"twitter:data2\" content=\"3 minutos\" \/>\n<script type=\"application\/ld+json\" class=\"yoast-schema-graph\">{\"@context\":\"https:\\\/\\\/schema.org\",\"@graph\":[{\"@type\":\"Article\",\"@id\":\"https:\\\/\\\/www.kolibrifestivaali.org\\\/es\\\/javiera-mac-lean-ilustradora-kolibri-festivaali-2024\\\/#article\",\"isPartOf\":{\"@id\":\"https:\\\/\\\/www.kolibrifestivaali.org\\\/es\\\/javiera-mac-lean-ilustradora-kolibri-festivaali-2024\\\/\"},\"author\":{\"name\":\"Marta Berm\u00fadez\",\"@id\":\"https:\\\/\\\/www.kolibrifestivaali.org\\\/es\\\/#\\\/schema\\\/person\\\/a4d882046c0f7b03960be07d8b5713ba\"},\"headline\":\"Javiera Mac-lean, ilustradora de la imagen de Kolibr\u00ed Festivaali 2024\",\"datePublished\":\"2024-05-06T07:55:17+00:00\",\"dateModified\":\"2024-05-10T08:40:53+00:00\",\"mainEntityOfPage\":{\"@id\":\"https:\\\/\\\/www.kolibrifestivaali.org\\\/es\\\/javiera-mac-lean-ilustradora-kolibri-festivaali-2024\\\/\"},\"wordCount\":529,\"image\":{\"@id\":\"https:\\\/\\\/www.kolibrifestivaali.org\\\/es\\\/javiera-mac-lean-ilustradora-kolibri-festivaali-2024\\\/#primaryimage\"},\"thumbnailUrl\":\"https:\\\/\\\/www.kolibrifestivaali.org\\\/wp-content\\\/uploads\\\/2024\\\/05\\\/javiera-mac-lean-image.jpg\",\"keywords\":[\"javiera mac-lean\",\"kolibri 2024\"],\"articleSection\":[\"News\"],\"inLanguage\":\"es\"},{\"@type\":\"WebPage\",\"@id\":\"https:\\\/\\\/www.kolibrifestivaali.org\\\/es\\\/javiera-mac-lean-ilustradora-kolibri-festivaali-2024\\\/\",\"url\":\"https:\\\/\\\/www.kolibrifestivaali.org\\\/es\\\/javiera-mac-lean-ilustradora-kolibri-festivaali-2024\\\/\",\"name\":\"Javiera Mac-lean, ilustradora de la imagen de Kolibr\u00ed Festivaali 2024\",\"isPartOf\":{\"@id\":\"https:\\\/\\\/www.kolibrifestivaali.org\\\/es\\\/#website\"},\"primaryImageOfPage\":{\"@id\":\"https:\\\/\\\/www.kolibrifestivaali.org\\\/es\\\/javiera-mac-lean-ilustradora-kolibri-festivaali-2024\\\/#primaryimage\"},\"image\":{\"@id\":\"https:\\\/\\\/www.kolibrifestivaali.org\\\/es\\\/javiera-mac-lean-ilustradora-kolibri-festivaali-2024\\\/#primaryimage\"},\"thumbnailUrl\":\"https:\\\/\\\/www.kolibrifestivaali.org\\\/wp-content\\\/uploads\\\/2024\\\/05\\\/javiera-mac-lean-image.jpg\",\"datePublished\":\"2024-05-06T07:55:17+00:00\",\"dateModified\":\"2024-05-10T08:40:53+00:00\",\"author\":{\"@id\":\"https:\\\/\\\/www.kolibrifestivaali.org\\\/es\\\/#\\\/schema\\\/person\\\/a4d882046c0f7b03960be07d8b5713ba\"},\"description\":\"Conoce a Javiera Mac-lean, la ilustradora chilena encargada de la imagen oficial de Kolibr\u00ed Festivaali 2024\",\"breadcrumb\":{\"@id\":\"https:\\\/\\\/www.kolibrifestivaali.org\\\/es\\\/javiera-mac-lean-ilustradora-kolibri-festivaali-2024\\\/#breadcrumb\"},\"inLanguage\":\"es\",\"potentialAction\":[{\"@type\":\"ReadAction\",\"target\":[\"https:\\\/\\\/www.kolibrifestivaali.org\\\/es\\\/javiera-mac-lean-ilustradora-kolibri-festivaali-2024\\\/\"]}]},{\"@type\":\"ImageObject\",\"inLanguage\":\"es\",\"@id\":\"https:\\\/\\\/www.kolibrifestivaali.org\\\/es\\\/javiera-mac-lean-ilustradora-kolibri-festivaali-2024\\\/#primaryimage\",\"url\":\"https:\\\/\\\/www.kolibrifestivaali.org\\\/wp-content\\\/uploads\\\/2024\\\/05\\\/javiera-mac-lean-image.jpg\",\"contentUrl\":\"https:\\\/\\\/www.kolibrifestivaali.org\\\/wp-content\\\/uploads\\\/2024\\\/05\\\/javiera-mac-lean-image.jpg\",\"width\":1200,\"height\":640},{\"@type\":\"BreadcrumbList\",\"@id\":\"https:\\\/\\\/www.kolibrifestivaali.org\\\/es\\\/javiera-mac-lean-ilustradora-kolibri-festivaali-2024\\\/#breadcrumb\",\"itemListElement\":[{\"@type\":\"ListItem\",\"position\":1,\"name\":\"Home\",\"item\":\"https:\\\/\\\/www.kolibrifestivaali.org\\\/es\\\/\"},{\"@type\":\"ListItem\",\"position\":2,\"name\":\"Javiera Mac-lean, ilustradora de la imagen de Kolibr\u00ed Festivaali 2024\"}]},{\"@type\":\"WebSite\",\"@id\":\"https:\\\/\\\/www.kolibrifestivaali.org\\\/es\\\/#website\",\"url\":\"https:\\\/\\\/www.kolibrifestivaali.org\\\/es\\\/\",\"name\":\"Kolibri Festivaali\",\"description\":\"Kolibri\u0301 is a unique multicultural, free and open art festival for children and their families.\",\"inLanguage\":\"es\"},{\"@type\":\"Person\",\"@id\":\"https:\\\/\\\/www.kolibrifestivaali.org\\\/es\\\/#\\\/schema\\\/person\\\/a4d882046c0f7b03960be07d8b5713ba\",\"name\":\"Marta Berm\u00fadez\",\"image\":{\"@type\":\"ImageObject\",\"inLanguage\":\"es\",\"@id\":\"https:\\\/\\\/secure.gravatar.com\\\/avatar\\\/35700c2014d565cf72e89c0e712b6bc70303de9d0796b72a069bbd235e79a7b5?s=96&d=mm&r=g\",\"url\":\"https:\\\/\\\/secure.gravatar.com\\\/avatar\\\/35700c2014d565cf72e89c0e712b6bc70303de9d0796b72a069bbd235e79a7b5?s=96&d=mm&r=g\",\"contentUrl\":\"https:\\\/\\\/secure.gravatar.com\\\/avatar\\\/35700c2014d565cf72e89c0e712b6bc70303de9d0796b72a069bbd235e79a7b5?s=96&d=mm&r=g\",\"caption\":\"Marta Berm\u00fadez\"}}]}<\/script>\n<!-- \/ Yoast SEO plugin. -->","yoast_head_json":{"title":"Javiera Mac-lean, ilustradora de la imagen de Kolibr\u00ed Festivaali 2024","description":"Conoce a Javiera Mac-lean, la ilustradora chilena encargada de la imagen oficial de Kolibr\u00ed Festivaali 2024","robots":{"index":"index","follow":"follow","max-snippet":"max-snippet:-1","max-image-preview":"max-image-preview:large","max-video-preview":"max-video-preview:-1"},"canonical":"https:\/\/www.kolibrifestivaali.org\/es\/javiera-mac-lean-ilustradora-kolibri-festivaali-2024\/","og_locale":"es_ES","og_type":"article","og_title":"Javiera Mac-lean, ilustradora de la imagen de Kolibr\u00ed Festivaali 2024","og_description":"Conoce a Javiera Mac-lean, la ilustradora chilena encargada de la imagen oficial de Kolibr\u00ed Festivaali 2024","og_url":"https:\/\/www.kolibrifestivaali.org\/es\/javiera-mac-lean-ilustradora-kolibri-festivaali-2024\/","og_site_name":"Kolibri Festivaali","article_published_time":"2024-05-06T07:55:17+00:00","article_modified_time":"2024-05-10T08:40:53+00:00","og_image":[{"width":1200,"height":640,"url":"https:\/\/www.kolibrifestivaali.org\/wp-content\/uploads\/2024\/05\/javiera-mac-lean-image.jpg","type":"image\/jpeg"}],"author":"Marta Berm\u00fadez","twitter_card":"summary_large_image","twitter_misc":{"Escrito por":"Marta Berm\u00fadez","Tiempo de lectura":"3 minutos"},"schema":{"@context":"https:\/\/schema.org","@graph":[{"@type":"Article","@id":"https:\/\/www.kolibrifestivaali.org\/es\/javiera-mac-lean-ilustradora-kolibri-festivaali-2024\/#article","isPartOf":{"@id":"https:\/\/www.kolibrifestivaali.org\/es\/javiera-mac-lean-ilustradora-kolibri-festivaali-2024\/"},"author":{"name":"Marta Berm\u00fadez","@id":"https:\/\/www.kolibrifestivaali.org\/es\/#\/schema\/person\/a4d882046c0f7b03960be07d8b5713ba"},"headline":"Javiera Mac-lean, ilustradora de la imagen de Kolibr\u00ed Festivaali 2024","datePublished":"2024-05-06T07:55:17+00:00","dateModified":"2024-05-10T08:40:53+00:00","mainEntityOfPage":{"@id":"https:\/\/www.kolibrifestivaali.org\/es\/javiera-mac-lean-ilustradora-kolibri-festivaali-2024\/"},"wordCount":529,"image":{"@id":"https:\/\/www.kolibrifestivaali.org\/es\/javiera-mac-lean-ilustradora-kolibri-festivaali-2024\/#primaryimage"},"thumbnailUrl":"https:\/\/www.kolibrifestivaali.org\/wp-content\/uploads\/2024\/05\/javiera-mac-lean-image.jpg","keywords":["javiera mac-lean","kolibri 2024"],"articleSection":["News"],"inLanguage":"es"},{"@type":"WebPage","@id":"https:\/\/www.kolibrifestivaali.org\/es\/javiera-mac-lean-ilustradora-kolibri-festivaali-2024\/","url":"https:\/\/www.kolibrifestivaali.org\/es\/javiera-mac-lean-ilustradora-kolibri-festivaali-2024\/","name":"Javiera Mac-lean, ilustradora de la imagen de Kolibr\u00ed Festivaali 2024","isPartOf":{"@id":"https:\/\/www.kolibrifestivaali.org\/es\/#website"},"primaryImageOfPage":{"@id":"https:\/\/www.kolibrifestivaali.org\/es\/javiera-mac-lean-ilustradora-kolibri-festivaali-2024\/#primaryimage"},"image":{"@id":"https:\/\/www.kolibrifestivaali.org\/es\/javiera-mac-lean-ilustradora-kolibri-festivaali-2024\/#primaryimage"},"thumbnailUrl":"https:\/\/www.kolibrifestivaali.org\/wp-content\/uploads\/2024\/05\/javiera-mac-lean-image.jpg","datePublished":"2024-05-06T07:55:17+00:00","dateModified":"2024-05-10T08:40:53+00:00","author":{"@id":"https:\/\/www.kolibrifestivaali.org\/es\/#\/schema\/person\/a4d882046c0f7b03960be07d8b5713ba"},"description":"Conoce a Javiera Mac-lean, la ilustradora chilena encargada de la imagen oficial de Kolibr\u00ed Festivaali 2024","breadcrumb":{"@id":"https:\/\/www.kolibrifestivaali.org\/es\/javiera-mac-lean-ilustradora-kolibri-festivaali-2024\/#breadcrumb"},"inLanguage":"es","potentialAction":[{"@type":"ReadAction","target":["https:\/\/www.kolibrifestivaali.org\/es\/javiera-mac-lean-ilustradora-kolibri-festivaali-2024\/"]}]},{"@type":"ImageObject","inLanguage":"es","@id":"https:\/\/www.kolibrifestivaali.org\/es\/javiera-mac-lean-ilustradora-kolibri-festivaali-2024\/#primaryimage","url":"https:\/\/www.kolibrifestivaali.org\/wp-content\/uploads\/2024\/05\/javiera-mac-lean-image.jpg","contentUrl":"https:\/\/www.kolibrifestivaali.org\/wp-content\/uploads\/2024\/05\/javiera-mac-lean-image.jpg","width":1200,"height":640},{"@type":"BreadcrumbList","@id":"https:\/\/www.kolibrifestivaali.org\/es\/javiera-mac-lean-ilustradora-kolibri-festivaali-2024\/#breadcrumb","itemListElement":[{"@type":"ListItem","position":1,"name":"Home","item":"https:\/\/www.kolibrifestivaali.org\/es\/"},{"@type":"ListItem","position":2,"name":"Javiera Mac-lean, ilustradora de la imagen de Kolibr\u00ed Festivaali 2024"}]},{"@type":"WebSite","@id":"https:\/\/www.kolibrifestivaali.org\/es\/#website","url":"https:\/\/www.kolibrifestivaali.org\/es\/","name":"Kolibri Festivaali","description":"Kolibri\u0301 is a unique multicultural, free and open art festival for children and their families.","inLanguage":"es"},{"@type":"Person","@id":"https:\/\/www.kolibrifestivaali.org\/es\/#\/schema\/person\/a4d882046c0f7b03960be07d8b5713ba","name":"Marta Berm\u00fadez","image":{"@type":"ImageObject","inLanguage":"es","@id":"https:\/\/secure.gravatar.com\/avatar\/35700c2014d565cf72e89c0e712b6bc70303de9d0796b72a069bbd235e79a7b5?s=96&d=mm&r=g","url":"https:\/\/secure.gravatar.com\/avatar\/35700c2014d565cf72e89c0e712b6bc70303de9d0796b72a069bbd235e79a7b5?s=96&d=mm&r=g","contentUrl":"https:\/\/secure.gravatar.com\/avatar\/35700c2014d565cf72e89c0e712b6bc70303de9d0796b72a069bbd235e79a7b5?s=96&d=mm&r=g","caption":"Marta Berm\u00fadez"}}]}},"_links":{"self":[{"href":"https:\/\/www.kolibrifestivaali.org\/es\/wp-json\/wp\/v2\/posts\/325791","targetHints":{"allow":["GET"]}}],"collection":[{"href":"https:\/\/www.kolibrifestivaali.org\/es\/wp-json\/wp\/v2\/posts"}],"about":[{"href":"https:\/\/www.kolibrifestivaali.org\/es\/wp-json\/wp\/v2\/types\/post"}],"author":[{"embeddable":true,"href":"https:\/\/www.kolibrifestivaali.org\/es\/wp-json\/wp\/v2\/users\/13"}],"replies":[{"embeddable":true,"href":"https:\/\/www.kolibrifestivaali.org\/es\/wp-json\/wp\/v2\/comments?post=325791"}],"version-history":[{"count":5,"href":"https:\/\/www.kolibrifestivaali.org\/es\/wp-json\/wp\/v2\/posts\/325791\/revisions"}],"predecessor-version":[{"id":325847,"href":"https:\/\/www.kolibrifestivaali.org\/es\/wp-json\/wp\/v2\/posts\/325791\/revisions\/325847"}],"wp:featuredmedia":[{"embeddable":true,"href":"https:\/\/www.kolibrifestivaali.org\/es\/wp-json\/wp\/v2\/media\/325766"}],"wp:attachment":[{"href":"https:\/\/www.kolibrifestivaali.org\/es\/wp-json\/wp\/v2\/media?parent=325791"}],"wp:term":[{"taxonomy":"category","embeddable":true,"href":"https:\/\/www.kolibrifestivaali.org\/es\/wp-json\/wp\/v2\/categories?post=325791"},{"taxonomy":"post_tag","embeddable":true,"href":"https:\/\/www.kolibrifestivaali.org\/es\/wp-json\/wp\/v2\/tags?post=325791"}],"curies":[{"name":"wp","href":"https:\/\/api.w.org\/{rel}","templated":true}]}}