{"id":325719,"date":"2024-02-09T11:21:34","date_gmt":"2024-02-09T09:21:34","guid":{"rendered":"https:\/\/www.kolibrifestivaali.org\/?p=325719"},"modified":"2024-08-20T14:59:23","modified_gmt":"2024-08-20T11:59:23","slug":"convocatoria-seleccion-kolibri-festivaali-2024","status":"publish","type":"post","link":"https:\/\/www.kolibrifestivaali.org\/es\/convocatoria-seleccion-kolibri-festivaali-2024\/","title":{"rendered":"Convocatoria para la selecci\u00f3n de propuestas para Kolibr\u00ed Festivaali 2024"},"content":{"rendered":"\n<p>Env\u00ede su propuesta hasta el <strong>11.3.2024<\/strong>.\u00a0\u00a0<\/p>\n\n\n\n<p><a href=\"https:\/\/www.ninho.fi\/\" target=\"_blank\" rel=\"noreferrer noopener\">Kulttuurikeskus Ninho<\/a> invita a artistas, investigadores y otros trabajadores de la educaci\u00f3n, el arte y la cultura, de diferentes or\u00edgenes y experiencias, residentes en Finlandia, a enviar sus propuestas para la selecci\u00f3n del programa de Kolibr\u00ed Festivaali 2024.\u00a0\u00a0<\/p>\n\n\n\n<p>Kolibr\u00ed es un espacio de encuentro entre las artes, las ciencias, la creatividad, los idiomas y las infancias. <strong>Kolibr\u00ed Festivaali<\/strong> se realizar\u00e1 desde <strong>14-28.9.2024 en Helsinki, Espoo y Vantaa<\/strong>.\u00a0\u00a0<\/p>\n\n\n\n<h3 class=\"wp-block-heading\">El tema de la 13\u00aa edici\u00f3n de Kolibr\u00ed es <em>Caleidoscopio<\/em> \u00a0<\/h3>\n\n\n\n<p>La alegor\u00eda del caleidoscopio <strong>honra la esencia de las infancias contempor\u00e1neas<\/strong>, sirviendo como s\u00edmbolo de los espejos multifac\u00e9ticos que reflejan im\u00e1genes diferentes que van cambiando, evolucionando y formando parte de un puzzle. <strong>Pone de relieve la riqueza de la multiculturalidad<\/strong>.\u00a0\u00a0\u00a0\u00a0<\/p>\n\n\n\n<p>Benjamin Walter conceb\u00eda la historia y la cultura como un caleidoscopio de momentos dispersos, en los que cada fragmento, combinado de manera \u00fanica, puede revelar conexiones inesperadas y significados profundos.&nbsp;<\/p>\n\n\n\n<p>Esta <strong>convocatoria cierra el domingo 11 de marzo de 2024 a las 24h<\/strong>. Aunque el formulario para enviar las propuestas est\u00e1 en ingl\u00e9s, se puede completar en ingl\u00e9s, espa\u00f1ol o portugu\u00e9s.\u00a0\u00a0<\/p>\n\n\n\n<h3 class=\"wp-block-heading\">Propuestas\u00a0\u00a0<\/h3>\n\n\n\n<p>Buscamos ideas de propuestas acordes con los objetivos y la metodolog\u00eda de Kolibr\u00ed festivaali que responda al tema 2024. Seleccionaremos propuestas destinadas a infancias pluriling\u00fces y diversas.&nbsp;&nbsp;<\/p>\n\n\n\n<h3 class=\"wp-block-heading\">Audiencia&nbsp;&nbsp;<\/h3>\n\n\n\n<ul class=\"wp-block-list\">\n<li><strong>Familias<\/strong>, en todas sus variantes del amor, que provienen de distintas realidades y usan distintas lenguas de herencia.\u00a0\u00a0<\/li>\n\n\n\n<li><strong>Infancias<\/strong> con habilidades <strong>diversas<\/strong>, desde los <strong>3 meses hasta los 10 a\u00f1os<\/strong>.\u00a0\u00a0<\/li>\n<\/ul>\n\n\n\n<p>Desde el 2018, se han identificado entre las familias que participan del festival, el uso de <strong>m\u00e1s 32 lenguas de herencia diferentes<\/strong>, adem\u00e1s de espa\u00f1ol, portugu\u00e9s, fin\u00e9s, sueco e ingl\u00e9s.\u00a0\u00a0<\/p>\n\n\n\n<p>El programa de Kolibr\u00ed combina desde las expresiones ancestrales del arte y la cultura hasta los actuales avances tecnol\u00f3gicos y cient\u00edficos. Es as\u00ed, que aceptamos propuestas de disciplinas, y sus combinaciones, tales como: literatura, artes gr\u00e1ficas y visuales, dise\u00f1o, arquitectura, m\u00fasica, danza, teatro, circo, ciencias, cultura culinaria, entre otras.&nbsp;&nbsp;<\/p>\n\n\n\n<h3 class=\"wp-block-heading\">Los formatos pueden ser\u00a0\u00a0<\/h3>\n\n\n\n<ul class=\"wp-block-list\">\n<li>talleres de corta duraci\u00f3n (60 min)&nbsp;&nbsp;<\/li>\n\n\n\n<li>talleres de larga duraci\u00f3n (180 min)&nbsp;&nbsp;<\/li>\n\n\n\n<li>cuentacuentos (30min para beb\u00e9s, y 60 min otras edades)&nbsp;&nbsp;<\/li>\n\n\n\n<li>performances (60min): espect\u00e1culos, obras de teatro, conciertos, etc.&nbsp;&nbsp;<\/li>\n<\/ul>\n\n\n\n<h3 class=\"wp-block-heading\">Compensaci\u00f3n\u00a0\u00a0<\/h3>\n\n\n\n<p>Kulttuurikeskus Ninho cubre compensaciones para los seleccionados as\u00ed:&nbsp;&nbsp;<\/p>\n\n\n\n<ul class=\"wp-block-list\">\n<li><strong>Talleres\/cuentacuentos<\/strong>: 70\u20ac\/h por artista (incluidos los costos seguridad social), m\u00e1x. 2 artistas por actividad.\u00a0\u00a0<\/li>\n\n\n\n<li><strong>Talleres larga duraci\u00f3n<\/strong>: 210\u20ac\/por artista (incluidos los costos seguridad social), m\u00e1x. 2 artistas por actividad.\u00a0\u00a0<\/li>\n\n\n\n<li><strong>Performance<\/strong>: 200\u20ac por artista (incluidos los costos seguridad social), m\u00e1x. 3 artistas por performance.\u00a0\u00a0<\/li>\n\n\n\n<li><strong>Conciertos<\/strong>: 200\u20ac por artista (incluidos los gastos sociales), m\u00e1x. 4 artistas por concierto.\u00a0\u00a0<\/li>\n<\/ul>\n\n\n\n<p>Cubrimos los costos de materiales (montos razonables) y, tambi\u00e9n los costos de las salas, equipos y la t\u00e9cnica de luz y sonido. Desafortunadamente <strong>no <\/strong>contamos con recursos para cubrir<strong> gastos de traslado, ni alquileres extra de equipos<\/strong> de ning\u00fan tipo.\u00a0\u00a0<\/p>\n\n\n\n<p>* Despu\u00e9s de leer todas las propuestas recibidas, nos gustar\u00eda programar una reuni\u00f3n en l\u00ednea con al menos uno de los miembros del grupo para comprender mejor c\u00f3mo funciona la presentaci\u00f3n y cu\u00e1les son los requisitos. Por favor, preste atenci\u00f3n a la informaci\u00f3n enviada por: <a href=\"mailto:info@ninho.fi\" target=\"_blank\" rel=\"noreferrer noopener\">info@ninho.fi<\/a>\u00a0<\/p>\n\n\n\n<h2 class=\"wp-block-heading\">IMPORTANTE\u00a0\u00a0<\/h2>\n\n\n\n<p>Kolibr\u00ed Festivaali es una nueva manera de experimentar y de hacer cultura infantil desde la diversidad en Finlandia. El prop\u00f3sito del Festival es ofrecer un espacio seguro y positivo para disfrutar del tiempo de calidad en familia, donde el di\u00e1logo, el respeto y entendimiento m\u00fatuo se viven desde la primera infancia.&nbsp;&nbsp;<\/p>\n\n\n\n<p>Ejes metodol\u00f3gicos del programa de Kolibr\u00ed:\u00a0\u00a0<\/p>\n\n\n\n<ul class=\"wp-block-list\">\n<li><strong>Inter-generacionalidad<\/strong>: infancias junto con las personas adultas y adultas mayores.\u00a0\u00a0<\/li>\n\n\n\n<li><strong>Pluriling\u00fcismo<\/strong>: las lenguas de herencia habladas en casa no son un secreto.\u00a0\u00a0<\/li>\n\n\n\n<li><strong><a href=\"https:\/\/www.kolibrifestivaali.org\/news-archive\/kolibri-festivaali-for-everyone\/\">Accesibilidad<\/a><\/strong>: todas las infancias y personas adultas son bienvenidas y respetadas tal como son; participan y disfrutan de las actividades sin temor a ser discriminadas. Nos esforzamos creando espacios que permitan la participaci\u00f3n de las personas con discapacidad y esperamos que artistas y propuestas hagan lo mismo.  <\/li>\n\n\n\n<li><strong>Diversidad<\/strong>: familias, infancia y facilitadores participan de un programa de actividades que valora lo que tienen de \u00fanico y especial.\u00a0\u00a0<\/li>\n<\/ul>\n\n\n\n<h3 class=\"wp-block-heading\">\u00bfQu\u00e9 entendemos por diversidad?\u00a0\u00a0<\/h3>\n\n\n\n<p><em>La diversidad significa que las diferentes identidades de las personas son respetadas en un ambiente seguro y positivo. En una sociedad, la diversidad requiere la consideraci\u00f3n y el reconocimiento de todos los grupos, as\u00ed como el respeto y el aprendizaje de nuestras diferencias. <\/em><\/p>\n\n\n\n<p><em>Estas diferencias se pueden basar, por ejemplo, en el g\u00e9nero, la sexualidad, estado social y econ\u00f3mico, la edad, las caracter\u00edsticas f\u00edsicas, dis\/capacidades, apariencia, la religi\u00f3n, el idioma, las diferencias culturales, \u00e9tnicas, de opini\u00f3n pol\u00edtica o ideol\u00f3gica y otras creencias.<\/em> (<em><a href=\"https:\/\/www.ninho.fi\/who-we-are\/\" target=\"_blank\" rel=\"noreferrer noopener\">Gu\u00edas de Diversidad de Ninho<\/a>, 2022<\/em>).\u00a0\u00a0<\/p>\n\n\n\n<h3 class=\"wp-block-heading\">Criterios de selecci\u00f3n\u00a0\u00a0<\/h3>\n\n\n\n<p>Las propuestas se seleccionar\u00e1n de acuerdo a la disponibilidad de fondos y dependiendo de c\u00f3mo respondan a los siguientes criterios:&nbsp;&nbsp;<\/p>\n\n\n\n<ul class=\"wp-block-list\">\n<li>Fomentar las capacidades de: <strong>asombro, creaci\u00f3n, disfrute, experimentaci\u00f3n y el trabajo cooperativo en la infancia.<\/strong><\/li>\n\n\n\n<li>Promover valores como el <strong>respeto mutuo, el di\u00e1logo y la riqueza de la diversidad<\/strong>.\u00a0\u00a0<\/li>\n\n\n\n<li>V\u00ednculo con el tema 2024.&nbsp;&nbsp;<\/li>\n<\/ul>\n\n\n\n<p>Fomentar la <strong>participaci\u00f3n activa de la d\u00edada familiar<\/strong> en las siguientes edades:&nbsp;&nbsp;<\/p>\n\n\n\n<ul class=\"wp-block-list\">\n<li>Beb\u00e9s de 3 meses a 12 meses o no caminadores.&nbsp;&nbsp;<\/li>\n\n\n\n<li>1 a 4 a\u00f1os, caminadores.&nbsp;&nbsp;<\/li>\n\n\n\n<li>4 a 7 a\u00f1os, preescolares.&nbsp;&nbsp;<\/li>\n\n\n\n<li>Mayores de 7 a\u00f1os, escolares.\u00a0\u00a0<\/li>\n<\/ul>\n\n\n\n<ul class=\"wp-block-list\">\n<li>Favorecer <strong>ambientes de participaci\u00f3n pluriling\u00fces<\/strong>: en espa\u00f1ol y\/o portugu\u00e9s, ingl\u00e9s, y\/o fin\u00e9s, y\/o sueco o combinaciones de estos idiomas. Otros idiomas tambi\u00e9n son bienvenidos.\u00a0\u00a0<\/li>\n\n\n\n<li>En literatura y m\u00fasica se privilegian los idiomas arriba mencionados y sus combinaciones.<\/li>\n\n\n\n<li>Favorecer la <strong>sustentabilidad <\/strong>en t\u00e9rminos de <strong>presupuesto <\/strong>(costos razonables y realistas), el uso de materiales reciclados, de bajo impacto ecol\u00f3gico y de bajo costo.\u00a0\u00a0<\/li>\n<\/ul>\n\n\n\n<p>Merecer\u00e1n especial atenci\u00f3n propuestas que fomenten:\u00a0\u00a0<\/p>\n\n\n\n<ul class=\"wp-block-list\">\n<li>la <strong>participaci\u00f3n activa de infancia con habilidades diversas, padres de familia<\/strong>, como facilitadores de actividades de programa, <strong>de adultos mayores<\/strong> junto con los infantes, as\u00ed como con mayores de 10 a\u00f1os.&nbsp;&nbsp;<\/li>\n\n\n\n<li>la participaci\u00f3n de talentos miembros de la Asociaci\u00f3n Kulttuurikeskus Ninho ry, asociaciones de artistas o similares, quienes propongan un plan de cooperaci\u00f3n mutua.&nbsp;&nbsp;<\/li>\n\n\n\n<li>la capacidad de reclutar voluntarios para la actividad (personas pluriling\u00fces, que asistan en las actividades). Se emitir\u00e1 un certificado de asistencia en \u00e1reas como arte, ciencias y traducci\u00f3n.&nbsp;&nbsp;<\/li>\n<\/ul>\n\n\n\n<p>Si bien Kolibr\u00ed es un festival de ra\u00edz iberoamericana, no es un criterio excluyente a otras propuestas o expresiones de otras regiones.\u00a0\u00a0<\/p>\n\n\n\n<h3 class=\"wp-block-heading\">Env\u00edo\u00a0\u00a0<\/h3>\n\n\n\n<ul class=\"wp-block-list\">\n<li>El plazo de env\u00edo de propuestas <strong>cierra <\/strong><strong>el domingo 11.3.2024<\/strong><strong> a medianoche<\/strong>.&nbsp;&nbsp;<\/li>\n\n\n\n<li>Conozca y complete el <a href=\"https:\/\/forms.office.com\/e\/BCMMN2sGxv\" target=\"_blank\" rel=\"noreferrer noopener\">formulario<\/a> para el env\u00edo de propuestas.\u00a0\u00a0<\/li>\n<\/ul>\n\n\n\n<ul class=\"wp-block-list\">\n<li>El formulario est\u00e1 en ingl\u00e9s, pero se puede completar en ingl\u00e9s, espa\u00f1ol o portugu\u00e9s.\u00a0\u00a0<\/li>\n\n\n\n<li>Para performances sugerimos adjuntar fotos y enlaces a v\u00eddeos de presentaciones anteriores.&nbsp;&nbsp;<\/li>\n<\/ul>\n\n\n\n<h3 class=\"wp-block-heading\"><strong>Resultados&nbsp;<\/strong>&nbsp;<\/h3>\n\n\n\n<ul class=\"wp-block-list\">\n<li>Las <strong>propuestas seleccionadas se publicar\u00e1n el 5.4.2024 en blog<\/strong> de\u00a0 <a href=\"https:\/\/www.kolibrifestivaali.org\/\" target=\"_blank\" rel=\"noreferrer noopener\">www.kolibrifestivaali.org<\/a>\u00a0\u00a0<\/li>\n\n\n\n<li>Tan pronto se obtenga la confirmaci\u00f3n de fondos, se publicar\u00e1n los resultados finales de esta selecci\u00f3n.\u00a0\u00a0<\/li>\n\n\n\n<li>Los resultados de la selecci\u00f3n son definitivos e inapelables.&nbsp;&nbsp;<\/li>\n\n\n\n<li>Todas las personas seleccionadas, podr\u00e1n participar de un par de <strong>sesiones online de formaci\u00f3n interna<\/strong>, a realizarse entre mayo\/junio 2024. All\u00ed se presentar\u00e1n informaci\u00f3n y aspectos centrales de la propuesta de Kolibr\u00ed y recursos pr\u00e1cticos para mejorar la accesibilidad e inclusi\u00f3n, as\u00ed como pr\u00e1cticas anti-racistas en las propuestas seleccionadas. Estas sesiones est\u00e1n a cargo de expertos.\u00a0\u00a0<\/li>\n<\/ul>\n\n\n\n<p>Toda la informaci\u00f3n recopilada es confidencial y de uso exclusivo para esta selecci\u00f3n. El material audiovisual, as\u00ed como las opiniones acerca de Kolibr\u00ed ser\u00e1n usados en los medios sociales para la promoci\u00f3n del Festival.&nbsp;&nbsp;<\/p>\n\n\n\n<p><strong>M\u00e1s informaci\u00f3n:<\/strong> <a href=\"mailto:info@ninho.fi\" target=\"_blank\" rel=\"noreferrer noopener\">info@ninho.fi<\/a>\u00a0<\/p>\n","protected":false},"excerpt":{"rendered":"<p>Env\u00ede su propuesta hasta el 11.3.2024.\u00a0\u00a0 Kulttuurikeskus Ninho invita a artistas, investigadores y otros trabajadores de la educaci\u00f3n, el arte [\u2026] <a href=\"https:\/\/www.kolibrifestivaali.org\/es\/convocatoria-seleccion-kolibri-festivaali-2024\/\">Lue lis\u00e4\u00e4 &raquo;<\/a><\/p>\n<div class='heateor_sss_sharing_container heateor_sss_vertical_sharing heateor_sss_bottom_sharing' style='width:34px;right: -10px;top: 100px;-webkit-box-shadow:none;box-shadow:none;' data-heateor-sss-href='https:\/\/www.kolibrifestivaali.org\/es\/wp-json\/wp\/v2\/posts\/325719'><div class=\"heateor_sss_sharing_ul\"><a aria-label=\"Facebook\" class=\"heateor_sss_facebook\" href=\"https:\/\/www.facebook.com\/sharer\/sharer.php?u=https%3A%2F%2Fwww.kolibrifestivaali.org%2Fes%2Fwp-json%2Fwp%2Fv2%2Fposts%2F325719\" title=\"Facebook\" rel=\"nofollow noopener\" target=\"_blank\" style=\"font-size:32px!important;box-shadow:none;display:inline-block;vertical-align:middle\"><span class=\"heateor_sss_svg\" style=\"background-color:#0765FE;width:30px;height:30px;border-radius:999px;display:inline-block;opacity:1;float:left;font-size:32px;box-shadow:none;display:inline-block;font-size:16px;padding:0 4px;vertical-align:middle;background-repeat:repeat;overflow:hidden;padding:0;cursor:pointer;box-sizing:content-box\"><svg style=\"display:block;border-radius:999px;\" focusable=\"false\" aria-hidden=\"true\" xmlns=\"http:\/\/www.w3.org\/2000\/svg\" width=\"100%\" height=\"100%\" viewBox=\"0 0 32 32\"><path fill=\"#fff\" d=\"M28 16c0-6.627-5.373-12-12-12S4 9.373 4 16c0 5.628 3.875 10.35 9.101 11.647v-7.98h-2.474V16H13.1v-1.58c0-4.085 1.849-5.978 5.859-5.978.76 0 2.072.15 2.608.298v3.325c-.283-.03-.775-.045-1.386-.045-1.967 0-2.728.745-2.728 2.683V16h3.92l-.673 3.667h-3.247v8.245C23.395 27.195 28 22.135 28 16Z\"><\/path><\/svg><\/span><\/a><a aria-label=\"X\" class=\"heateor_sss_button_x\" href=\"https:\/\/twitter.com\/intent\/tweet?text=Kolibri%20Festivaali%20-%20Kolibri%CC%81%20is%20a%20unique%20multicultural%2C%20free%20and%20open%20art%20festival%20for%20children%20and%20their%20families.&url=https%3A%2F%2Fwww.kolibrifestivaali.org%2Fes%2Fwp-json%2Fwp%2Fv2%2Fposts%2F325719\" title=\"X\" rel=\"nofollow noopener\" target=\"_blank\" style=\"font-size:32px!important;box-shadow:none;display:inline-block;vertical-align:middle\"><span class=\"heateor_sss_svg heateor_sss_s__default heateor_sss_s_x\" style=\"background-color:#2a2a2a;width:30px;height:30px;border-radius:999px;display:inline-block;opacity:1;float:left;font-size:32px;box-shadow:none;display:inline-block;font-size:16px;padding:0 4px;vertical-align:middle;background-repeat:repeat;overflow:hidden;padding:0;cursor:pointer;box-sizing:content-box\"><svg width=\"100%\" height=\"100%\" style=\"display:block;border-radius:999px;\" focusable=\"false\" aria-hidden=\"true\" xmlns=\"http:\/\/www.w3.org\/2000\/svg\" viewBox=\"0 0 32 32\"><path fill=\"#fff\" d=\"M21.751 7h3.067l-6.7 7.658L26 25.078h-6.172l-4.833-6.32-5.531 6.32h-3.07l7.167-8.19L6 7h6.328l4.37 5.777L21.75 7Zm-1.076 16.242h1.7L11.404 8.74H9.58l11.094 14.503Z\"><\/path><\/svg><\/span><\/a><a aria-label=\"Linkedin\" class=\"heateor_sss_button_linkedin\" href=\"https:\/\/www.linkedin.com\/sharing\/share-offsite\/?url=https%3A%2F%2Fwww.kolibrifestivaali.org%2Fes%2Fwp-json%2Fwp%2Fv2%2Fposts%2F325719\" title=\"Linkedin\" rel=\"nofollow noopener\" target=\"_blank\" style=\"font-size:32px!important;box-shadow:none;display:inline-block;vertical-align:middle\"><span class=\"heateor_sss_svg heateor_sss_s__default heateor_sss_s_linkedin\" style=\"background-color:#0077b5;width:30px;height:30px;border-radius:999px;display:inline-block;opacity:1;float:left;font-size:32px;box-shadow:none;display:inline-block;font-size:16px;padding:0 4px;vertical-align:middle;background-repeat:repeat;overflow:hidden;padding:0;cursor:pointer;box-sizing:content-box\"><svg style=\"display:block;border-radius:999px;\" focusable=\"false\" aria-hidden=\"true\" xmlns=\"http:\/\/www.w3.org\/2000\/svg\" width=\"100%\" height=\"100%\" viewBox=\"0 0 32 32\"><path d=\"M6.227 12.61h4.19v13.48h-4.19V12.61zm2.095-6.7a2.43 2.43 0 0 1 0 4.86c-1.344 0-2.428-1.09-2.428-2.43s1.084-2.43 2.428-2.43m4.72 6.7h4.02v1.84h.058c.56-1.058 1.927-2.176 3.965-2.176 4.238 0 5.02 2.792 5.02 6.42v7.395h-4.183v-6.56c0-1.564-.03-3.574-2.178-3.574-2.18 0-2.514 1.7-2.514 3.46v6.668h-4.187V12.61z\" fill=\"#fff\"><\/path><\/svg><\/span><\/a><a aria-label=\"Instagram\" class=\"heateor_sss_button_instagram\" href=\"https:\/\/www.instagram.com\/\" title=\"Instagram\" rel=\"nofollow noopener\" target=\"_blank\" style=\"font-size:32px!important;box-shadow:none;display:inline-block;vertical-align:middle\"><span class=\"heateor_sss_svg\" style=\"background-color:#53beee;width:30px;height:30px;border-radius:999px;display:inline-block;opacity:1;float:left;font-size:32px;box-shadow:none;display:inline-block;font-size:16px;padding:0 4px;vertical-align:middle;background-repeat:repeat;overflow:hidden;padding:0;cursor:pointer;box-sizing:content-box\"><svg style=\"display:block;border-radius:999px;\" version=\"1.1\" viewBox=\"-10 -10 148 148\" width=\"100%\" height=\"100%\" xml:space=\"preserve\" xmlns=\"http:\/\/www.w3.org\/2000\/svg\" xmlns:xlink=\"http:\/\/www.w3.org\/1999\/xlink\"><g><g><path d=\"M86,112H42c-14.336,0-26-11.663-26-26V42c0-14.337,11.664-26,26-26h44c14.337,0,26,11.663,26,26v44 C112,100.337,100.337,112,86,112z M42,24c-9.925,0-18,8.074-18,18v44c0,9.925,8.075,18,18,18h44c9.926,0,18-8.075,18-18V42 c0-9.926-8.074-18-18-18H42z\" fill=\"#fff\"><\/path><\/g><g><path d=\"M64,88c-13.234,0-24-10.767-24-24c0-13.234,10.766-24,24-24s24,10.766,24,24C88,77.233,77.234,88,64,88z M64,48c-8.822,0-16,7.178-16,16s7.178,16,16,16c8.822,0,16-7.178,16-16S72.822,48,64,48z\" fill=\"#fff\"><\/path><\/g><g><circle cx=\"89.5\" cy=\"38.5\" fill=\"#fff\" r=\"5.5\"><\/circle><\/g><\/g><\/svg><\/span><\/a><\/div><div class=\"heateorSssClear\"><\/div><\/div>","protected":false},"author":13,"featured_media":325713,"comment_status":"closed","ping_status":"closed","sticky":false,"template":"","format":"standard","meta":{"_acf_changed":false,"footnotes":""},"categories":[22],"tags":[871,850,851],"class_list":["post-325719","post","type-post","status-publish","format-standard","has-post-thumbnail","hentry","category-news-archive-es","tag-kolibri-2024-es","tag-kolibri-2024-2","tag-open-call-2"],"acf":[],"yoast_head":"<!-- This site is optimized with the Yoast SEO plugin v27.5 - https:\/\/yoast.com\/product\/yoast-seo-wordpress\/ -->\n<title>Convocatoria para la selecci\u00f3n de propuestas para Kolibr\u00ed Festivaali 2024<\/title>\n<meta name=\"description\" content=\"Submit your artistic proposal to Kolibr\u00ed Festivaali! Get to know the festival&#039;s theme for 2024 and the criteria. Join Kolibr\u00ed family!\" \/>\n<meta name=\"robots\" content=\"noindex, follow\" \/>\n<meta property=\"og:locale\" content=\"es_ES\" \/>\n<meta property=\"og:type\" content=\"article\" \/>\n<meta property=\"og:title\" content=\"Convocatoria para la selecci\u00f3n de propuestas para Kolibr\u00ed Festivaali 2024\" \/>\n<meta property=\"og:description\" content=\"Submit your artistic proposal to Kolibr\u00ed Festivaali! Get to know the festival&#039;s theme for 2024 and the criteria. Join Kolibr\u00ed family!\" \/>\n<meta property=\"og:url\" content=\"https:\/\/www.kolibrifestivaali.org\/es\/convocatoria-seleccion-kolibri-festivaali-2024\/\" \/>\n<meta property=\"og:site_name\" content=\"Kolibri Festivaali\" \/>\n<meta property=\"article:published_time\" content=\"2024-02-09T09:21:34+00:00\" \/>\n<meta property=\"article:modified_time\" content=\"2024-08-20T11:59:23+00:00\" \/>\n<meta property=\"og:image\" content=\"https:\/\/www.kolibrifestivaali.org\/wp-content\/uploads\/2024\/02\/kolibri-festivaali-open-call-2024.jpg\" \/>\n\t<meta property=\"og:image:width\" content=\"2048\" \/>\n\t<meta property=\"og:image:height\" content=\"1165\" \/>\n\t<meta property=\"og:image:type\" content=\"image\/jpeg\" \/>\n<meta name=\"author\" content=\"Marta Berm\u00fadez\" \/>\n<meta name=\"twitter:card\" content=\"summary_large_image\" \/>\n<meta name=\"twitter:label1\" content=\"Escrito por\" \/>\n\t<meta name=\"twitter:data1\" content=\"Marta Berm\u00fadez\" \/>\n\t<meta name=\"twitter:label2\" content=\"Tiempo de lectura\" \/>\n\t<meta name=\"twitter:data2\" content=\"6 minutos\" \/>\n<script type=\"application\/ld+json\" class=\"yoast-schema-graph\">{\"@context\":\"https:\\\/\\\/schema.org\",\"@graph\":[{\"@type\":\"Article\",\"@id\":\"https:\\\/\\\/www.kolibrifestivaali.org\\\/es\\\/convocatoria-seleccion-kolibri-festivaali-2024\\\/#article\",\"isPartOf\":{\"@id\":\"https:\\\/\\\/www.kolibrifestivaali.org\\\/es\\\/convocatoria-seleccion-kolibri-festivaali-2024\\\/\"},\"author\":{\"name\":\"Marta Berm\u00fadez\",\"@id\":\"https:\\\/\\\/www.kolibrifestivaali.org\\\/es\\\/#\\\/schema\\\/person\\\/a4d882046c0f7b03960be07d8b5713ba\"},\"headline\":\"Convocatoria para la selecci\u00f3n de propuestas para Kolibr\u00ed Festivaali 2024\",\"datePublished\":\"2024-02-09T09:21:34+00:00\",\"dateModified\":\"2024-08-20T11:59:23+00:00\",\"mainEntityOfPage\":{\"@id\":\"https:\\\/\\\/www.kolibrifestivaali.org\\\/es\\\/convocatoria-seleccion-kolibri-festivaali-2024\\\/\"},\"wordCount\":1352,\"image\":{\"@id\":\"https:\\\/\\\/www.kolibrifestivaali.org\\\/es\\\/convocatoria-seleccion-kolibri-festivaali-2024\\\/#primaryimage\"},\"thumbnailUrl\":\"https:\\\/\\\/www.kolibrifestivaali.org\\\/wp-content\\\/uploads\\\/2024\\\/02\\\/kolibri-festivaali-open-call-2024.jpg\",\"keywords\":[\"kolibri 2024\",\"kolibri 2024\",\"open call\"],\"articleSection\":[\"News\"],\"inLanguage\":\"es\"},{\"@type\":\"WebPage\",\"@id\":\"https:\\\/\\\/www.kolibrifestivaali.org\\\/es\\\/convocatoria-seleccion-kolibri-festivaali-2024\\\/\",\"url\":\"https:\\\/\\\/www.kolibrifestivaali.org\\\/es\\\/convocatoria-seleccion-kolibri-festivaali-2024\\\/\",\"name\":\"Convocatoria para la selecci\u00f3n de propuestas para Kolibr\u00ed Festivaali 2024\",\"isPartOf\":{\"@id\":\"https:\\\/\\\/www.kolibrifestivaali.org\\\/es\\\/#website\"},\"primaryImageOfPage\":{\"@id\":\"https:\\\/\\\/www.kolibrifestivaali.org\\\/es\\\/convocatoria-seleccion-kolibri-festivaali-2024\\\/#primaryimage\"},\"image\":{\"@id\":\"https:\\\/\\\/www.kolibrifestivaali.org\\\/es\\\/convocatoria-seleccion-kolibri-festivaali-2024\\\/#primaryimage\"},\"thumbnailUrl\":\"https:\\\/\\\/www.kolibrifestivaali.org\\\/wp-content\\\/uploads\\\/2024\\\/02\\\/kolibri-festivaali-open-call-2024.jpg\",\"datePublished\":\"2024-02-09T09:21:34+00:00\",\"dateModified\":\"2024-08-20T11:59:23+00:00\",\"author\":{\"@id\":\"https:\\\/\\\/www.kolibrifestivaali.org\\\/es\\\/#\\\/schema\\\/person\\\/a4d882046c0f7b03960be07d8b5713ba\"},\"description\":\"Submit your artistic proposal to Kolibr\u00ed Festivaali! Get to know the festival's theme for 2024 and the criteria. Join Kolibr\u00ed family!\",\"breadcrumb\":{\"@id\":\"https:\\\/\\\/www.kolibrifestivaali.org\\\/es\\\/convocatoria-seleccion-kolibri-festivaali-2024\\\/#breadcrumb\"},\"inLanguage\":\"es\",\"potentialAction\":[{\"@type\":\"ReadAction\",\"target\":[\"https:\\\/\\\/www.kolibrifestivaali.org\\\/es\\\/convocatoria-seleccion-kolibri-festivaali-2024\\\/\"]}]},{\"@type\":\"ImageObject\",\"inLanguage\":\"es\",\"@id\":\"https:\\\/\\\/www.kolibrifestivaali.org\\\/es\\\/convocatoria-seleccion-kolibri-festivaali-2024\\\/#primaryimage\",\"url\":\"https:\\\/\\\/www.kolibrifestivaali.org\\\/wp-content\\\/uploads\\\/2024\\\/02\\\/kolibri-festivaali-open-call-2024.jpg\",\"contentUrl\":\"https:\\\/\\\/www.kolibrifestivaali.org\\\/wp-content\\\/uploads\\\/2024\\\/02\\\/kolibri-festivaali-open-call-2024.jpg\",\"width\":2048,\"height\":1165},{\"@type\":\"BreadcrumbList\",\"@id\":\"https:\\\/\\\/www.kolibrifestivaali.org\\\/es\\\/convocatoria-seleccion-kolibri-festivaali-2024\\\/#breadcrumb\",\"itemListElement\":[{\"@type\":\"ListItem\",\"position\":1,\"name\":\"Home\",\"item\":\"https:\\\/\\\/www.kolibrifestivaali.org\\\/es\\\/\"},{\"@type\":\"ListItem\",\"position\":2,\"name\":\"Convocatoria para la selecci\u00f3n de propuestas para Kolibr\u00ed Festivaali 2024\"}]},{\"@type\":\"WebSite\",\"@id\":\"https:\\\/\\\/www.kolibrifestivaali.org\\\/es\\\/#website\",\"url\":\"https:\\\/\\\/www.kolibrifestivaali.org\\\/es\\\/\",\"name\":\"Kolibri Festivaali\",\"description\":\"Kolibri\u0301 is a unique multicultural, free and open art festival for children and their families.\",\"inLanguage\":\"es\"},{\"@type\":\"Person\",\"@id\":\"https:\\\/\\\/www.kolibrifestivaali.org\\\/es\\\/#\\\/schema\\\/person\\\/a4d882046c0f7b03960be07d8b5713ba\",\"name\":\"Marta Berm\u00fadez\",\"image\":{\"@type\":\"ImageObject\",\"inLanguage\":\"es\",\"@id\":\"https:\\\/\\\/secure.gravatar.com\\\/avatar\\\/35700c2014d565cf72e89c0e712b6bc70303de9d0796b72a069bbd235e79a7b5?s=96&d=mm&r=g\",\"url\":\"https:\\\/\\\/secure.gravatar.com\\\/avatar\\\/35700c2014d565cf72e89c0e712b6bc70303de9d0796b72a069bbd235e79a7b5?s=96&d=mm&r=g\",\"contentUrl\":\"https:\\\/\\\/secure.gravatar.com\\\/avatar\\\/35700c2014d565cf72e89c0e712b6bc70303de9d0796b72a069bbd235e79a7b5?s=96&d=mm&r=g\",\"caption\":\"Marta Berm\u00fadez\"}}]}<\/script>\n<!-- \/ Yoast SEO plugin. -->","yoast_head_json":{"title":"Convocatoria para la selecci\u00f3n de propuestas para Kolibr\u00ed Festivaali 2024","description":"Submit your artistic proposal to Kolibr\u00ed Festivaali! Get to know the festival's theme for 2024 and the criteria. Join Kolibr\u00ed family!","robots":{"index":"noindex","follow":"follow"},"og_locale":"es_ES","og_type":"article","og_title":"Convocatoria para la selecci\u00f3n de propuestas para Kolibr\u00ed Festivaali 2024","og_description":"Submit your artistic proposal to Kolibr\u00ed Festivaali! Get to know the festival's theme for 2024 and the criteria. Join Kolibr\u00ed family!","og_url":"https:\/\/www.kolibrifestivaali.org\/es\/convocatoria-seleccion-kolibri-festivaali-2024\/","og_site_name":"Kolibri Festivaali","article_published_time":"2024-02-09T09:21:34+00:00","article_modified_time":"2024-08-20T11:59:23+00:00","og_image":[{"width":2048,"height":1165,"url":"https:\/\/www.kolibrifestivaali.org\/wp-content\/uploads\/2024\/02\/kolibri-festivaali-open-call-2024.jpg","type":"image\/jpeg"}],"author":"Marta Berm\u00fadez","twitter_card":"summary_large_image","twitter_misc":{"Escrito por":"Marta Berm\u00fadez","Tiempo de lectura":"6 minutos"},"schema":{"@context":"https:\/\/schema.org","@graph":[{"@type":"Article","@id":"https:\/\/www.kolibrifestivaali.org\/es\/convocatoria-seleccion-kolibri-festivaali-2024\/#article","isPartOf":{"@id":"https:\/\/www.kolibrifestivaali.org\/es\/convocatoria-seleccion-kolibri-festivaali-2024\/"},"author":{"name":"Marta Berm\u00fadez","@id":"https:\/\/www.kolibrifestivaali.org\/es\/#\/schema\/person\/a4d882046c0f7b03960be07d8b5713ba"},"headline":"Convocatoria para la selecci\u00f3n de propuestas para Kolibr\u00ed Festivaali 2024","datePublished":"2024-02-09T09:21:34+00:00","dateModified":"2024-08-20T11:59:23+00:00","mainEntityOfPage":{"@id":"https:\/\/www.kolibrifestivaali.org\/es\/convocatoria-seleccion-kolibri-festivaali-2024\/"},"wordCount":1352,"image":{"@id":"https:\/\/www.kolibrifestivaali.org\/es\/convocatoria-seleccion-kolibri-festivaali-2024\/#primaryimage"},"thumbnailUrl":"https:\/\/www.kolibrifestivaali.org\/wp-content\/uploads\/2024\/02\/kolibri-festivaali-open-call-2024.jpg","keywords":["kolibri 2024","kolibri 2024","open call"],"articleSection":["News"],"inLanguage":"es"},{"@type":"WebPage","@id":"https:\/\/www.kolibrifestivaali.org\/es\/convocatoria-seleccion-kolibri-festivaali-2024\/","url":"https:\/\/www.kolibrifestivaali.org\/es\/convocatoria-seleccion-kolibri-festivaali-2024\/","name":"Convocatoria para la selecci\u00f3n de propuestas para Kolibr\u00ed Festivaali 2024","isPartOf":{"@id":"https:\/\/www.kolibrifestivaali.org\/es\/#website"},"primaryImageOfPage":{"@id":"https:\/\/www.kolibrifestivaali.org\/es\/convocatoria-seleccion-kolibri-festivaali-2024\/#primaryimage"},"image":{"@id":"https:\/\/www.kolibrifestivaali.org\/es\/convocatoria-seleccion-kolibri-festivaali-2024\/#primaryimage"},"thumbnailUrl":"https:\/\/www.kolibrifestivaali.org\/wp-content\/uploads\/2024\/02\/kolibri-festivaali-open-call-2024.jpg","datePublished":"2024-02-09T09:21:34+00:00","dateModified":"2024-08-20T11:59:23+00:00","author":{"@id":"https:\/\/www.kolibrifestivaali.org\/es\/#\/schema\/person\/a4d882046c0f7b03960be07d8b5713ba"},"description":"Submit your artistic proposal to Kolibr\u00ed Festivaali! Get to know the festival's theme for 2024 and the criteria. Join Kolibr\u00ed family!","breadcrumb":{"@id":"https:\/\/www.kolibrifestivaali.org\/es\/convocatoria-seleccion-kolibri-festivaali-2024\/#breadcrumb"},"inLanguage":"es","potentialAction":[{"@type":"ReadAction","target":["https:\/\/www.kolibrifestivaali.org\/es\/convocatoria-seleccion-kolibri-festivaali-2024\/"]}]},{"@type":"ImageObject","inLanguage":"es","@id":"https:\/\/www.kolibrifestivaali.org\/es\/convocatoria-seleccion-kolibri-festivaali-2024\/#primaryimage","url":"https:\/\/www.kolibrifestivaali.org\/wp-content\/uploads\/2024\/02\/kolibri-festivaali-open-call-2024.jpg","contentUrl":"https:\/\/www.kolibrifestivaali.org\/wp-content\/uploads\/2024\/02\/kolibri-festivaali-open-call-2024.jpg","width":2048,"height":1165},{"@type":"BreadcrumbList","@id":"https:\/\/www.kolibrifestivaali.org\/es\/convocatoria-seleccion-kolibri-festivaali-2024\/#breadcrumb","itemListElement":[{"@type":"ListItem","position":1,"name":"Home","item":"https:\/\/www.kolibrifestivaali.org\/es\/"},{"@type":"ListItem","position":2,"name":"Convocatoria para la selecci\u00f3n de propuestas para Kolibr\u00ed Festivaali 2024"}]},{"@type":"WebSite","@id":"https:\/\/www.kolibrifestivaali.org\/es\/#website","url":"https:\/\/www.kolibrifestivaali.org\/es\/","name":"Kolibri Festivaali","description":"Kolibri\u0301 is a unique multicultural, free and open art festival for children and their families.","inLanguage":"es"},{"@type":"Person","@id":"https:\/\/www.kolibrifestivaali.org\/es\/#\/schema\/person\/a4d882046c0f7b03960be07d8b5713ba","name":"Marta Berm\u00fadez","image":{"@type":"ImageObject","inLanguage":"es","@id":"https:\/\/secure.gravatar.com\/avatar\/35700c2014d565cf72e89c0e712b6bc70303de9d0796b72a069bbd235e79a7b5?s=96&d=mm&r=g","url":"https:\/\/secure.gravatar.com\/avatar\/35700c2014d565cf72e89c0e712b6bc70303de9d0796b72a069bbd235e79a7b5?s=96&d=mm&r=g","contentUrl":"https:\/\/secure.gravatar.com\/avatar\/35700c2014d565cf72e89c0e712b6bc70303de9d0796b72a069bbd235e79a7b5?s=96&d=mm&r=g","caption":"Marta Berm\u00fadez"}}]}},"_links":{"self":[{"href":"https:\/\/www.kolibrifestivaali.org\/es\/wp-json\/wp\/v2\/posts\/325719","targetHints":{"allow":["GET"]}}],"collection":[{"href":"https:\/\/www.kolibrifestivaali.org\/es\/wp-json\/wp\/v2\/posts"}],"about":[{"href":"https:\/\/www.kolibrifestivaali.org\/es\/wp-json\/wp\/v2\/types\/post"}],"author":[{"embeddable":true,"href":"https:\/\/www.kolibrifestivaali.org\/es\/wp-json\/wp\/v2\/users\/13"}],"replies":[{"embeddable":true,"href":"https:\/\/www.kolibrifestivaali.org\/es\/wp-json\/wp\/v2\/comments?post=325719"}],"version-history":[{"count":2,"href":"https:\/\/www.kolibrifestivaali.org\/es\/wp-json\/wp\/v2\/posts\/325719\/revisions"}],"predecessor-version":[{"id":325721,"href":"https:\/\/www.kolibrifestivaali.org\/es\/wp-json\/wp\/v2\/posts\/325719\/revisions\/325721"}],"wp:featuredmedia":[{"embeddable":true,"href":"https:\/\/www.kolibrifestivaali.org\/es\/wp-json\/wp\/v2\/media\/325713"}],"wp:attachment":[{"href":"https:\/\/www.kolibrifestivaali.org\/es\/wp-json\/wp\/v2\/media?parent=325719"}],"wp:term":[{"taxonomy":"category","embeddable":true,"href":"https:\/\/www.kolibrifestivaali.org\/es\/wp-json\/wp\/v2\/categories?post=325719"},{"taxonomy":"post_tag","embeddable":true,"href":"https:\/\/www.kolibrifestivaali.org\/es\/wp-json\/wp\/v2\/tags?post=325719"}],"curies":[{"name":"wp","href":"https:\/\/api.w.org\/{rel}","templated":true}]}}